{"id":2050,"date":"2012-03-20T08:30:32","date_gmt":"2012-03-20T08:30:32","guid":{"rendered":"https:\/\/francois-pelletant.fr\/blog\/?p=2050"},"modified":"2012-03-20T08:30:32","modified_gmt":"2012-03-20T08:30:32","slug":"preparez-votre-mariage-en-toute-serenite","status":"publish","type":"post","link":"https:\/\/francois-pelletant.fr\/blog\/preparez-votre-mariage-en-toute-serenite\/","title":{"rendered":"Pr\u00e9parez votre mariage en toute s\u00e9r\u00e9nit\u00e9"},"content":{"rendered":"<p><a href=\"https:\/\/francois-pelletant.fr\/blog\/wp-content\/uploads\/2012\/03\/mariage-web.jpg\"><img loading=\"lazy\" decoding=\"async\" class=\"alignleft size-medium wp-image-2051\" title=\"mariage web\" src=\"https:\/\/francois-pelletant.fr\/blog\/wp-content\/uploads\/2012\/03\/mariage-web-300x199.jpg\" alt=\"\" width=\"300\" height=\"199\" srcset=\"https:\/\/francois-pelletant.fr\/blog\/wp-content\/uploads\/2012\/03\/mariage-web-300x199.jpg 300w, https:\/\/francois-pelletant.fr\/blog\/wp-content\/uploads\/2012\/03\/mariage-web.jpg 340w\" sizes=\"auto, (max-width: 300px) 100vw, 300px\" \/><\/a>Afin que cet \u00e9v\u00e9nement soit r\u00e9ussi, demandez votre dossier de mariage \u00e0 la Mairie de Linas qui vous pr\u00e9sentera les d\u00e9marches \u00e0 suivre et les documents \u00e0 fournir.\u00a0Fixer la date de la c\u00e9r\u00e9monie sauf les samedis pr\u00e9c\u00e9dant les \u00e9lections (21 avril, 5 mai, 9 et 16 juin) et pr\u00e9venez votre famille du grand jour.\u00a0Il sera temps, par la suite, d\u2019organiser les festivit\u00e9s et de lancer les invitations.<\/p>\n","protected":false},"excerpt":{"rendered":"<p>Afin que cet \u00e9v\u00e9nement soit r\u00e9ussi, demandez votre dossier de mariage \u00e0 la Mairie de Linas qui vous pr\u00e9sentera les d\u00e9marches \u00e0 suivre et les documents \u00e0 fournir.\u00a0Fixer la date de la c\u00e9r\u00e9monie sauf les samedis pr\u00e9c\u00e9dant les \u00e9lections (21 avril, 5 mai, 9 et 16 juin) et pr\u00e9venez votre famille du grand jour.\u00a0Il sera [&hellip;]<\/p>\n","protected":false},"author":1,"featured_media":2051,"comment_status":"open","ping_status":"open","sticky":false,"template":"","format":"standard","meta":{"footnotes":""},"categories":[10],"tags":[],"class_list":["post-2050","post","type-post","status-publish","format-standard","has-post-thumbnail","hentry","category-1pelletant"],"yoast_head":"<!-- This site is optimized with the Yoast SEO plugin v25.6 - https:\/\/yoast.com\/wordpress\/plugins\/seo\/ -->\n<title>Pr\u00e9parez votre mariage en toute s\u00e9r\u00e9nit\u00e9 - Fran\u00e7ois Pelletant<\/title>\n<meta name=\"robots\" content=\"index, follow, max-snippet:-1, max-image-preview:large, max-video-preview:-1\" \/>\n<link rel=\"canonical\" href=\"https:\/\/francois-pelletant.fr\/blog\/preparez-votre-mariage-en-toute-serenite\/\" \/>\n<meta property=\"og:locale\" content=\"fr_FR\" \/>\n<meta property=\"og:type\" content=\"article\" \/>\n<meta property=\"og:title\" content=\"Pr\u00e9parez votre mariage en toute s\u00e9r\u00e9nit\u00e9 - Fran\u00e7ois Pelletant\" \/>\n<meta property=\"og:description\" content=\"Afin que cet \u00e9v\u00e9nement soit r\u00e9ussi, demandez votre dossier de mariage \u00e0 la Mairie de Linas qui vous pr\u00e9sentera les d\u00e9marches \u00e0 suivre et les documents \u00e0 fournir.\u00a0Fixer la date de la c\u00e9r\u00e9monie sauf les samedis pr\u00e9c\u00e9dant les \u00e9lections (21 avril, 5 mai, 9 et 16 juin) et pr\u00e9venez votre famille du grand jour.\u00a0Il sera [&hellip;]\" \/>\n<meta property=\"og:url\" content=\"https:\/\/francois-pelletant.fr\/blog\/preparez-votre-mariage-en-toute-serenite\/\" \/>\n<meta property=\"og:site_name\" content=\"Fran\u00e7ois Pelletant\" \/>\n<meta property=\"article:publisher\" content=\"https:\/\/www.facebook.com\/francois.pelletant.7\" \/>\n<meta property=\"article:published_time\" content=\"2012-03-20T08:30:32+00:00\" \/>\n<meta property=\"og:image\" content=\"https:\/\/francois-pelletant.fr\/blog\/wp-content\/uploads\/2012\/03\/mariage-web.jpg\" \/>\n\t<meta property=\"og:image:width\" content=\"340\" \/>\n\t<meta property=\"og:image:height\" content=\"226\" \/>\n\t<meta property=\"og:image:type\" content=\"image\/jpeg\" \/>\n<meta name=\"author\" content=\"Francois\" \/>\n<meta name=\"twitter:card\" content=\"summary_large_image\" \/>\n<meta name=\"twitter:creator\" content=\"@pelletant\" \/>\n<meta name=\"twitter:site\" content=\"@pelletant\" \/>\n<meta name=\"twitter:label1\" content=\"\u00c9crit par\" \/>\n\t<meta name=\"twitter:data1\" content=\"Francois\" \/>\n<script type=\"application\/ld+json\" class=\"yoast-schema-graph\">{\"@context\":\"https:\/\/schema.org\",\"@graph\":[{\"@type\":\"Article\",\"@id\":\"https:\/\/francois-pelletant.fr\/blog\/preparez-votre-mariage-en-toute-serenite\/#article\",\"isPartOf\":{\"@id\":\"https:\/\/francois-pelletant.fr\/blog\/preparez-votre-mariage-en-toute-serenite\/\"},\"author\":{\"name\":\"Francois\",\"@id\":\"https:\/\/francois-pelletant.fr\/blog\/#\/schema\/person\/2be41acb171dff8f31aaed1f40cee9f3\"},\"headline\":\"Pr\u00e9parez votre mariage en toute s\u00e9r\u00e9nit\u00e9\",\"datePublished\":\"2012-03-20T08:30:32+00:00\",\"mainEntityOfPage\":{\"@id\":\"https:\/\/francois-pelletant.fr\/blog\/preparez-votre-mariage-en-toute-serenite\/\"},\"wordCount\":82,\"commentCount\":0,\"publisher\":{\"@id\":\"https:\/\/francois-pelletant.fr\/blog\/#organization\"},\"image\":{\"@id\":\"https:\/\/francois-pelletant.fr\/blog\/preparez-votre-mariage-en-toute-serenite\/#primaryimage\"},\"thumbnailUrl\":\"https:\/\/francois-pelletant.fr\/blog\/wp-content\/uploads\/2012\/03\/mariage-web.jpg\",\"articleSection\":[\"Infos\"],\"inLanguage\":\"fr-FR\",\"potentialAction\":[{\"@type\":\"CommentAction\",\"name\":\"Comment\",\"target\":[\"https:\/\/francois-pelletant.fr\/blog\/preparez-votre-mariage-en-toute-serenite\/#respond\"]}]},{\"@type\":\"WebPage\",\"@id\":\"https:\/\/francois-pelletant.fr\/blog\/preparez-votre-mariage-en-toute-serenite\/\",\"url\":\"https:\/\/francois-pelletant.fr\/blog\/preparez-votre-mariage-en-toute-serenite\/\",\"name\":\"Pr\u00e9parez votre mariage en toute s\u00e9r\u00e9nit\u00e9 - Fran\u00e7ois Pelletant\",\"isPartOf\":{\"@id\":\"https:\/\/francois-pelletant.fr\/blog\/#website\"},\"primaryImageOfPage\":{\"@id\":\"https:\/\/francois-pelletant.fr\/blog\/preparez-votre-mariage-en-toute-serenite\/#primaryimage\"},\"image\":{\"@id\":\"https:\/\/francois-pelletant.fr\/blog\/preparez-votre-mariage-en-toute-serenite\/#primaryimage\"},\"thumbnailUrl\":\"https:\/\/francois-pelletant.fr\/blog\/wp-content\/uploads\/2012\/03\/mariage-web.jpg\",\"datePublished\":\"2012-03-20T08:30:32+00:00\",\"breadcrumb\":{\"@id\":\"https:\/\/francois-pelletant.fr\/blog\/preparez-votre-mariage-en-toute-serenite\/#breadcrumb\"},\"inLanguage\":\"fr-FR\",\"potentialAction\":[{\"@type\":\"ReadAction\",\"target\":[\"https:\/\/francois-pelletant.fr\/blog\/preparez-votre-mariage-en-toute-serenite\/\"]}]},{\"@type\":\"ImageObject\",\"inLanguage\":\"fr-FR\",\"@id\":\"https:\/\/francois-pelletant.fr\/blog\/preparez-votre-mariage-en-toute-serenite\/#primaryimage\",\"url\":\"https:\/\/francois-pelletant.fr\/blog\/wp-content\/uploads\/2012\/03\/mariage-web.jpg\",\"contentUrl\":\"https:\/\/francois-pelletant.fr\/blog\/wp-content\/uploads\/2012\/03\/mariage-web.jpg\",\"width\":340,\"height\":226},{\"@type\":\"BreadcrumbList\",\"@id\":\"https:\/\/francois-pelletant.fr\/blog\/preparez-votre-mariage-en-toute-serenite\/#breadcrumb\",\"itemListElement\":[{\"@type\":\"ListItem\",\"position\":1,\"name\":\"Accueil\",\"item\":\"https:\/\/francois-pelletant.fr\/blog\/\"},{\"@type\":\"ListItem\",\"position\":2,\"name\":\"Pr\u00e9parez votre mariage en toute s\u00e9r\u00e9nit\u00e9\"}]},{\"@type\":\"WebSite\",\"@id\":\"https:\/\/francois-pelletant.fr\/blog\/#website\",\"url\":\"https:\/\/francois-pelletant.fr\/blog\/\",\"name\":\"Fran\u00e7ois Pelletant\",\"description\":\"Maire de Linas, pour toujours.\",\"publisher\":{\"@id\":\"https:\/\/francois-pelletant.fr\/blog\/#organization\"},\"potentialAction\":[{\"@type\":\"SearchAction\",\"target\":{\"@type\":\"EntryPoint\",\"urlTemplate\":\"https:\/\/francois-pelletant.fr\/blog\/?s={search_term_string}\"},\"query-input\":{\"@type\":\"PropertyValueSpecification\",\"valueRequired\":true,\"valueName\":\"search_term_string\"}}],\"inLanguage\":\"fr-FR\"},{\"@type\":\"Organization\",\"@id\":\"https:\/\/francois-pelletant.fr\/blog\/#organization\",\"name\":\"Fran\u00e7ois Pelletant\",\"url\":\"https:\/\/francois-pelletant.fr\/blog\/\",\"logo\":{\"@type\":\"ImageObject\",\"inLanguage\":\"fr-FR\",\"@id\":\"https:\/\/francois-pelletant.fr\/blog\/#\/schema\/logo\/image\/\",\"url\":\"https:\/\/francois-pelletant.fr\/blog\/wp-content\/uploads\/2024\/07\/icone-francois-centre-500p.png\",\"contentUrl\":\"https:\/\/francois-pelletant.fr\/blog\/wp-content\/uploads\/2024\/07\/icone-francois-centre-500p.png\",\"width\":559,\"height\":447,\"caption\":\"Fran\u00e7ois Pelletant\"},\"image\":{\"@id\":\"https:\/\/francois-pelletant.fr\/blog\/#\/schema\/logo\/image\/\"},\"sameAs\":[\"https:\/\/www.facebook.com\/francois.pelletant.7\",\"https:\/\/x.com\/pelletant\"]},{\"@type\":\"Person\",\"@id\":\"https:\/\/francois-pelletant.fr\/blog\/#\/schema\/person\/2be41acb171dff8f31aaed1f40cee9f3\",\"name\":\"Francois\"}]}<\/script>\n<!-- \/ Yoast SEO plugin. -->","yoast_head_json":{"title":"Pr\u00e9parez votre mariage en toute s\u00e9r\u00e9nit\u00e9 - Fran\u00e7ois Pelletant","robots":{"index":"index","follow":"follow","max-snippet":"max-snippet:-1","max-image-preview":"max-image-preview:large","max-video-preview":"max-video-preview:-1"},"canonical":"https:\/\/francois-pelletant.fr\/blog\/preparez-votre-mariage-en-toute-serenite\/","og_locale":"fr_FR","og_type":"article","og_title":"Pr\u00e9parez votre mariage en toute s\u00e9r\u00e9nit\u00e9 - Fran\u00e7ois Pelletant","og_description":"Afin que cet \u00e9v\u00e9nement soit r\u00e9ussi, demandez votre dossier de mariage \u00e0 la Mairie de Linas qui vous pr\u00e9sentera les d\u00e9marches \u00e0 suivre et les documents \u00e0 fournir.\u00a0Fixer la date de la c\u00e9r\u00e9monie sauf les samedis pr\u00e9c\u00e9dant les \u00e9lections (21 avril, 5 mai, 9 et 16 juin) et pr\u00e9venez votre famille du grand jour.\u00a0Il sera [&hellip;]","og_url":"https:\/\/francois-pelletant.fr\/blog\/preparez-votre-mariage-en-toute-serenite\/","og_site_name":"Fran\u00e7ois Pelletant","article_publisher":"https:\/\/www.facebook.com\/francois.pelletant.7","article_published_time":"2012-03-20T08:30:32+00:00","og_image":[{"width":340,"height":226,"url":"https:\/\/francois-pelletant.fr\/blog\/wp-content\/uploads\/2012\/03\/mariage-web.jpg","type":"image\/jpeg"}],"author":"Francois","twitter_card":"summary_large_image","twitter_creator":"@pelletant","twitter_site":"@pelletant","twitter_misc":{"\u00c9crit par":"Francois"},"schema":{"@context":"https:\/\/schema.org","@graph":[{"@type":"Article","@id":"https:\/\/francois-pelletant.fr\/blog\/preparez-votre-mariage-en-toute-serenite\/#article","isPartOf":{"@id":"https:\/\/francois-pelletant.fr\/blog\/preparez-votre-mariage-en-toute-serenite\/"},"author":{"name":"Francois","@id":"https:\/\/francois-pelletant.fr\/blog\/#\/schema\/person\/2be41acb171dff8f31aaed1f40cee9f3"},"headline":"Pr\u00e9parez votre mariage en toute s\u00e9r\u00e9nit\u00e9","datePublished":"2012-03-20T08:30:32+00:00","mainEntityOfPage":{"@id":"https:\/\/francois-pelletant.fr\/blog\/preparez-votre-mariage-en-toute-serenite\/"},"wordCount":82,"commentCount":0,"publisher":{"@id":"https:\/\/francois-pelletant.fr\/blog\/#organization"},"image":{"@id":"https:\/\/francois-pelletant.fr\/blog\/preparez-votre-mariage-en-toute-serenite\/#primaryimage"},"thumbnailUrl":"https:\/\/francois-pelletant.fr\/blog\/wp-content\/uploads\/2012\/03\/mariage-web.jpg","articleSection":["Infos"],"inLanguage":"fr-FR","potentialAction":[{"@type":"CommentAction","name":"Comment","target":["https:\/\/francois-pelletant.fr\/blog\/preparez-votre-mariage-en-toute-serenite\/#respond"]}]},{"@type":"WebPage","@id":"https:\/\/francois-pelletant.fr\/blog\/preparez-votre-mariage-en-toute-serenite\/","url":"https:\/\/francois-pelletant.fr\/blog\/preparez-votre-mariage-en-toute-serenite\/","name":"Pr\u00e9parez votre mariage en toute s\u00e9r\u00e9nit\u00e9 - Fran\u00e7ois Pelletant","isPartOf":{"@id":"https:\/\/francois-pelletant.fr\/blog\/#website"},"primaryImageOfPage":{"@id":"https:\/\/francois-pelletant.fr\/blog\/preparez-votre-mariage-en-toute-serenite\/#primaryimage"},"image":{"@id":"https:\/\/francois-pelletant.fr\/blog\/preparez-votre-mariage-en-toute-serenite\/#primaryimage"},"thumbnailUrl":"https:\/\/francois-pelletant.fr\/blog\/wp-content\/uploads\/2012\/03\/mariage-web.jpg","datePublished":"2012-03-20T08:30:32+00:00","breadcrumb":{"@id":"https:\/\/francois-pelletant.fr\/blog\/preparez-votre-mariage-en-toute-serenite\/#breadcrumb"},"inLanguage":"fr-FR","potentialAction":[{"@type":"ReadAction","target":["https:\/\/francois-pelletant.fr\/blog\/preparez-votre-mariage-en-toute-serenite\/"]}]},{"@type":"ImageObject","inLanguage":"fr-FR","@id":"https:\/\/francois-pelletant.fr\/blog\/preparez-votre-mariage-en-toute-serenite\/#primaryimage","url":"https:\/\/francois-pelletant.fr\/blog\/wp-content\/uploads\/2012\/03\/mariage-web.jpg","contentUrl":"https:\/\/francois-pelletant.fr\/blog\/wp-content\/uploads\/2012\/03\/mariage-web.jpg","width":340,"height":226},{"@type":"BreadcrumbList","@id":"https:\/\/francois-pelletant.fr\/blog\/preparez-votre-mariage-en-toute-serenite\/#breadcrumb","itemListElement":[{"@type":"ListItem","position":1,"name":"Accueil","item":"https:\/\/francois-pelletant.fr\/blog\/"},{"@type":"ListItem","position":2,"name":"Pr\u00e9parez votre mariage en toute s\u00e9r\u00e9nit\u00e9"}]},{"@type":"WebSite","@id":"https:\/\/francois-pelletant.fr\/blog\/#website","url":"https:\/\/francois-pelletant.fr\/blog\/","name":"Fran\u00e7ois Pelletant","description":"Maire de Linas, pour toujours.","publisher":{"@id":"https:\/\/francois-pelletant.fr\/blog\/#organization"},"potentialAction":[{"@type":"SearchAction","target":{"@type":"EntryPoint","urlTemplate":"https:\/\/francois-pelletant.fr\/blog\/?s={search_term_string}"},"query-input":{"@type":"PropertyValueSpecification","valueRequired":true,"valueName":"search_term_string"}}],"inLanguage":"fr-FR"},{"@type":"Organization","@id":"https:\/\/francois-pelletant.fr\/blog\/#organization","name":"Fran\u00e7ois Pelletant","url":"https:\/\/francois-pelletant.fr\/blog\/","logo":{"@type":"ImageObject","inLanguage":"fr-FR","@id":"https:\/\/francois-pelletant.fr\/blog\/#\/schema\/logo\/image\/","url":"https:\/\/francois-pelletant.fr\/blog\/wp-content\/uploads\/2024\/07\/icone-francois-centre-500p.png","contentUrl":"https:\/\/francois-pelletant.fr\/blog\/wp-content\/uploads\/2024\/07\/icone-francois-centre-500p.png","width":559,"height":447,"caption":"Fran\u00e7ois Pelletant"},"image":{"@id":"https:\/\/francois-pelletant.fr\/blog\/#\/schema\/logo\/image\/"},"sameAs":["https:\/\/www.facebook.com\/francois.pelletant.7","https:\/\/x.com\/pelletant"]},{"@type":"Person","@id":"https:\/\/francois-pelletant.fr\/blog\/#\/schema\/person\/2be41acb171dff8f31aaed1f40cee9f3","name":"Francois"}]}},"_links":{"self":[{"href":"https:\/\/francois-pelletant.fr\/blog\/wp-json\/wp\/v2\/posts\/2050","targetHints":{"allow":["GET"]}}],"collection":[{"href":"https:\/\/francois-pelletant.fr\/blog\/wp-json\/wp\/v2\/posts"}],"about":[{"href":"https:\/\/francois-pelletant.fr\/blog\/wp-json\/wp\/v2\/types\/post"}],"author":[{"embeddable":true,"href":"https:\/\/francois-pelletant.fr\/blog\/wp-json\/wp\/v2\/users\/1"}],"replies":[{"embeddable":true,"href":"https:\/\/francois-pelletant.fr\/blog\/wp-json\/wp\/v2\/comments?post=2050"}],"version-history":[{"count":0,"href":"https:\/\/francois-pelletant.fr\/blog\/wp-json\/wp\/v2\/posts\/2050\/revisions"}],"wp:featuredmedia":[{"embeddable":true,"href":"https:\/\/francois-pelletant.fr\/blog\/wp-json\/wp\/v2\/media\/2051"}],"wp:attachment":[{"href":"https:\/\/francois-pelletant.fr\/blog\/wp-json\/wp\/v2\/media?parent=2050"}],"wp:term":[{"taxonomy":"category","embeddable":true,"href":"https:\/\/francois-pelletant.fr\/blog\/wp-json\/wp\/v2\/categories?post=2050"},{"taxonomy":"post_tag","embeddable":true,"href":"https:\/\/francois-pelletant.fr\/blog\/wp-json\/wp\/v2\/tags?post=2050"}],"curies":[{"name":"wp","href":"https:\/\/api.w.org\/{rel}","templated":true}]}}