{"id":2061,"date":"2012-03-22T08:39:42","date_gmt":"2012-03-22T08:39:42","guid":{"rendered":"https:\/\/francois-pelletant.fr\/blog\/?p=2061"},"modified":"2017-03-27T13:25:59","modified_gmt":"2017-03-27T13:25:59","slug":"vote-par-procuration-mode-demploi","status":"publish","type":"post","link":"https:\/\/francois-pelletant.fr\/blog\/vote-par-procuration-mode-demploi\/","title":{"rendered":"Vote par procuration : mode d\u2019emploi"},"content":{"rendered":"<p><a href=\"https:\/\/francois-pelletant.fr\/blog\/wp-content\/uploads\/2012\/03\/images.jpg\"><img loading=\"lazy\" decoding=\"async\" class=\"alignleft wp-image-2062 size-full\" title=\"images\" src=\"https:\/\/francois-pelletant.fr\/blog\/wp-content\/uploads\/2012\/03\/images.jpg\" alt=\"image-vote-par-procuration\" width=\"264\" height=\"191\" \/><\/a><\/p>\n<p>D\u00e8s le printemps d\u00e9bute une p\u00e9riode \u00e9lectorale charg\u00e9e\u00a0: le 22 avril et le 6 mai auront lieu les 1<sup>er<\/sup> et 2<sup>\u00e8me<\/sup> tours de l\u2019\u00e9lection pr\u00e9sidentielle, puis les 10 et 17 juin se tiendront les l\u00e9gislatives. Si vous ne pouvez \u00eatre pr\u00e9sent \u00e0 tous ces scrutins, pensez \u00e0 pr\u00e9parer d\u00e8s maintenant votre procuration. Pour ce faire, il vous suffit de vous rendre au commissariat d\u2019Arpajon muni de votre pi\u00e8ce d\u2019identit\u00e9, si possible de votre carte d\u2019\u00e9lecteur et de l\u2019\u00e9tat civil complet de votre mandataire, adresse comprise. Ce dernier devra \u00eatre inscrit sur la m\u00eame liste \u00e9lectorale que vous et ne pourra porter qu\u2019une seule procuration.<\/p>\n","protected":false},"excerpt":{"rendered":"<p>D\u00e8s le printemps d\u00e9bute une p\u00e9riode \u00e9lectorale charg\u00e9e\u00a0: le 22 avril et le 6 mai auront lieu les 1er et 2\u00e8me tours de l\u2019\u00e9lection pr\u00e9sidentielle, puis les 10 et 17 juin se tiendront les l\u00e9gislatives. Si vous ne pouvez \u00eatre pr\u00e9sent \u00e0 tous ces scrutins, pensez \u00e0 pr\u00e9parer d\u00e8s maintenant votre procuration. Pour ce faire, [&hellip;]<\/p>\n","protected":false},"author":1,"featured_media":2062,"comment_status":"open","ping_status":"open","sticky":false,"template":"","format":"standard","meta":{"footnotes":""},"categories":[10],"tags":[],"class_list":["post-2061","post","type-post","status-publish","format-standard","has-post-thumbnail","hentry","category-1pelletant"],"yoast_head":"<!-- This site is optimized with the Yoast SEO plugin v25.6 - https:\/\/yoast.com\/wordpress\/plugins\/seo\/ -->\n<title>Vote par procuration : mode d\u2019emploi - Fran\u00e7ois Pelletant<\/title>\n<meta name=\"robots\" content=\"index, follow, max-snippet:-1, max-image-preview:large, max-video-preview:-1\" \/>\n<link rel=\"canonical\" href=\"https:\/\/francois-pelletant.fr\/blog\/vote-par-procuration-mode-demploi\/\" \/>\n<meta property=\"og:locale\" content=\"fr_FR\" \/>\n<meta property=\"og:type\" content=\"article\" \/>\n<meta property=\"og:title\" content=\"Vote par procuration : mode d\u2019emploi - Fran\u00e7ois Pelletant\" \/>\n<meta property=\"og:description\" content=\"D\u00e8s le printemps d\u00e9bute une p\u00e9riode \u00e9lectorale charg\u00e9e\u00a0: le 22 avril et le 6 mai auront lieu les 1er et 2\u00e8me tours de l\u2019\u00e9lection pr\u00e9sidentielle, puis les 10 et 17 juin se tiendront les l\u00e9gislatives. Si vous ne pouvez \u00eatre pr\u00e9sent \u00e0 tous ces scrutins, pensez \u00e0 pr\u00e9parer d\u00e8s maintenant votre procuration. Pour ce faire, [&hellip;]\" \/>\n<meta property=\"og:url\" content=\"https:\/\/francois-pelletant.fr\/blog\/vote-par-procuration-mode-demploi\/\" \/>\n<meta property=\"og:site_name\" content=\"Fran\u00e7ois Pelletant\" \/>\n<meta property=\"article:publisher\" content=\"https:\/\/www.facebook.com\/francois.pelletant.7\" \/>\n<meta property=\"article:published_time\" content=\"2012-03-22T08:39:42+00:00\" \/>\n<meta property=\"article:modified_time\" content=\"2017-03-27T13:25:59+00:00\" \/>\n<meta property=\"og:image\" content=\"https:\/\/francois-pelletant.fr\/blog\/wp-content\/uploads\/2012\/03\/images.jpg\" \/>\n\t<meta property=\"og:image:width\" content=\"264\" \/>\n\t<meta property=\"og:image:height\" content=\"191\" \/>\n\t<meta property=\"og:image:type\" content=\"image\/jpeg\" \/>\n<meta name=\"author\" content=\"Francois\" \/>\n<meta name=\"twitter:card\" content=\"summary_large_image\" \/>\n<meta name=\"twitter:creator\" content=\"@pelletant\" \/>\n<meta name=\"twitter:site\" content=\"@pelletant\" \/>\n<meta name=\"twitter:label1\" content=\"\u00c9crit par\" \/>\n\t<meta name=\"twitter:data1\" content=\"Francois\" \/>\n\t<meta name=\"twitter:label2\" content=\"Dur\u00e9e de lecture estim\u00e9e\" \/>\n\t<meta name=\"twitter:data2\" content=\"1 minute\" \/>\n<script type=\"application\/ld+json\" class=\"yoast-schema-graph\">{\"@context\":\"https:\/\/schema.org\",\"@graph\":[{\"@type\":\"Article\",\"@id\":\"https:\/\/francois-pelletant.fr\/blog\/vote-par-procuration-mode-demploi\/#article\",\"isPartOf\":{\"@id\":\"https:\/\/francois-pelletant.fr\/blog\/vote-par-procuration-mode-demploi\/\"},\"author\":{\"name\":\"Francois\",\"@id\":\"https:\/\/francois-pelletant.fr\/blog\/#\/schema\/person\/2be41acb171dff8f31aaed1f40cee9f3\"},\"headline\":\"Vote par procuration : mode d\u2019emploi\",\"datePublished\":\"2012-03-22T08:39:42+00:00\",\"dateModified\":\"2017-03-27T13:25:59+00:00\",\"mainEntityOfPage\":{\"@id\":\"https:\/\/francois-pelletant.fr\/blog\/vote-par-procuration-mode-demploi\/\"},\"wordCount\":121,\"commentCount\":0,\"publisher\":{\"@id\":\"https:\/\/francois-pelletant.fr\/blog\/#organization\"},\"image\":{\"@id\":\"https:\/\/francois-pelletant.fr\/blog\/vote-par-procuration-mode-demploi\/#primaryimage\"},\"thumbnailUrl\":\"https:\/\/francois-pelletant.fr\/blog\/wp-content\/uploads\/2012\/03\/images.jpg\",\"articleSection\":[\"Infos\"],\"inLanguage\":\"fr-FR\",\"potentialAction\":[{\"@type\":\"CommentAction\",\"name\":\"Comment\",\"target\":[\"https:\/\/francois-pelletant.fr\/blog\/vote-par-procuration-mode-demploi\/#respond\"]}]},{\"@type\":\"WebPage\",\"@id\":\"https:\/\/francois-pelletant.fr\/blog\/vote-par-procuration-mode-demploi\/\",\"url\":\"https:\/\/francois-pelletant.fr\/blog\/vote-par-procuration-mode-demploi\/\",\"name\":\"Vote par procuration : mode d\u2019emploi - Fran\u00e7ois Pelletant\",\"isPartOf\":{\"@id\":\"https:\/\/francois-pelletant.fr\/blog\/#website\"},\"primaryImageOfPage\":{\"@id\":\"https:\/\/francois-pelletant.fr\/blog\/vote-par-procuration-mode-demploi\/#primaryimage\"},\"image\":{\"@id\":\"https:\/\/francois-pelletant.fr\/blog\/vote-par-procuration-mode-demploi\/#primaryimage\"},\"thumbnailUrl\":\"https:\/\/francois-pelletant.fr\/blog\/wp-content\/uploads\/2012\/03\/images.jpg\",\"datePublished\":\"2012-03-22T08:39:42+00:00\",\"dateModified\":\"2017-03-27T13:25:59+00:00\",\"breadcrumb\":{\"@id\":\"https:\/\/francois-pelletant.fr\/blog\/vote-par-procuration-mode-demploi\/#breadcrumb\"},\"inLanguage\":\"fr-FR\",\"potentialAction\":[{\"@type\":\"ReadAction\",\"target\":[\"https:\/\/francois-pelletant.fr\/blog\/vote-par-procuration-mode-demploi\/\"]}]},{\"@type\":\"ImageObject\",\"inLanguage\":\"fr-FR\",\"@id\":\"https:\/\/francois-pelletant.fr\/blog\/vote-par-procuration-mode-demploi\/#primaryimage\",\"url\":\"https:\/\/francois-pelletant.fr\/blog\/wp-content\/uploads\/2012\/03\/images.jpg\",\"contentUrl\":\"https:\/\/francois-pelletant.fr\/blog\/wp-content\/uploads\/2012\/03\/images.jpg\",\"width\":264,\"height\":191},{\"@type\":\"BreadcrumbList\",\"@id\":\"https:\/\/francois-pelletant.fr\/blog\/vote-par-procuration-mode-demploi\/#breadcrumb\",\"itemListElement\":[{\"@type\":\"ListItem\",\"position\":1,\"name\":\"Accueil\",\"item\":\"https:\/\/francois-pelletant.fr\/blog\/\"},{\"@type\":\"ListItem\",\"position\":2,\"name\":\"Vote par procuration : mode d\u2019emploi\"}]},{\"@type\":\"WebSite\",\"@id\":\"https:\/\/francois-pelletant.fr\/blog\/#website\",\"url\":\"https:\/\/francois-pelletant.fr\/blog\/\",\"name\":\"Fran\u00e7ois Pelletant\",\"description\":\"Maire de Linas, pour toujours.\",\"publisher\":{\"@id\":\"https:\/\/francois-pelletant.fr\/blog\/#organization\"},\"potentialAction\":[{\"@type\":\"SearchAction\",\"target\":{\"@type\":\"EntryPoint\",\"urlTemplate\":\"https:\/\/francois-pelletant.fr\/blog\/?s={search_term_string}\"},\"query-input\":{\"@type\":\"PropertyValueSpecification\",\"valueRequired\":true,\"valueName\":\"search_term_string\"}}],\"inLanguage\":\"fr-FR\"},{\"@type\":\"Organization\",\"@id\":\"https:\/\/francois-pelletant.fr\/blog\/#organization\",\"name\":\"Fran\u00e7ois Pelletant\",\"url\":\"https:\/\/francois-pelletant.fr\/blog\/\",\"logo\":{\"@type\":\"ImageObject\",\"inLanguage\":\"fr-FR\",\"@id\":\"https:\/\/francois-pelletant.fr\/blog\/#\/schema\/logo\/image\/\",\"url\":\"https:\/\/francois-pelletant.fr\/blog\/wp-content\/uploads\/2024\/07\/icone-francois-centre-500p.png\",\"contentUrl\":\"https:\/\/francois-pelletant.fr\/blog\/wp-content\/uploads\/2024\/07\/icone-francois-centre-500p.png\",\"width\":559,\"height\":447,\"caption\":\"Fran\u00e7ois Pelletant\"},\"image\":{\"@id\":\"https:\/\/francois-pelletant.fr\/blog\/#\/schema\/logo\/image\/\"},\"sameAs\":[\"https:\/\/www.facebook.com\/francois.pelletant.7\",\"https:\/\/x.com\/pelletant\"]},{\"@type\":\"Person\",\"@id\":\"https:\/\/francois-pelletant.fr\/blog\/#\/schema\/person\/2be41acb171dff8f31aaed1f40cee9f3\",\"name\":\"Francois\"}]}<\/script>\n<!-- \/ Yoast SEO plugin. -->","yoast_head_json":{"title":"Vote par procuration : mode d\u2019emploi - Fran\u00e7ois Pelletant","robots":{"index":"index","follow":"follow","max-snippet":"max-snippet:-1","max-image-preview":"max-image-preview:large","max-video-preview":"max-video-preview:-1"},"canonical":"https:\/\/francois-pelletant.fr\/blog\/vote-par-procuration-mode-demploi\/","og_locale":"fr_FR","og_type":"article","og_title":"Vote par procuration : mode d\u2019emploi - Fran\u00e7ois Pelletant","og_description":"D\u00e8s le printemps d\u00e9bute une p\u00e9riode \u00e9lectorale charg\u00e9e\u00a0: le 22 avril et le 6 mai auront lieu les 1er et 2\u00e8me tours de l\u2019\u00e9lection pr\u00e9sidentielle, puis les 10 et 17 juin se tiendront les l\u00e9gislatives. Si vous ne pouvez \u00eatre pr\u00e9sent \u00e0 tous ces scrutins, pensez \u00e0 pr\u00e9parer d\u00e8s maintenant votre procuration. Pour ce faire, [&hellip;]","og_url":"https:\/\/francois-pelletant.fr\/blog\/vote-par-procuration-mode-demploi\/","og_site_name":"Fran\u00e7ois Pelletant","article_publisher":"https:\/\/www.facebook.com\/francois.pelletant.7","article_published_time":"2012-03-22T08:39:42+00:00","article_modified_time":"2017-03-27T13:25:59+00:00","og_image":[{"width":264,"height":191,"url":"https:\/\/francois-pelletant.fr\/blog\/wp-content\/uploads\/2012\/03\/images.jpg","type":"image\/jpeg"}],"author":"Francois","twitter_card":"summary_large_image","twitter_creator":"@pelletant","twitter_site":"@pelletant","twitter_misc":{"\u00c9crit par":"Francois","Dur\u00e9e de lecture estim\u00e9e":"1 minute"},"schema":{"@context":"https:\/\/schema.org","@graph":[{"@type":"Article","@id":"https:\/\/francois-pelletant.fr\/blog\/vote-par-procuration-mode-demploi\/#article","isPartOf":{"@id":"https:\/\/francois-pelletant.fr\/blog\/vote-par-procuration-mode-demploi\/"},"author":{"name":"Francois","@id":"https:\/\/francois-pelletant.fr\/blog\/#\/schema\/person\/2be41acb171dff8f31aaed1f40cee9f3"},"headline":"Vote par procuration : mode d\u2019emploi","datePublished":"2012-03-22T08:39:42+00:00","dateModified":"2017-03-27T13:25:59+00:00","mainEntityOfPage":{"@id":"https:\/\/francois-pelletant.fr\/blog\/vote-par-procuration-mode-demploi\/"},"wordCount":121,"commentCount":0,"publisher":{"@id":"https:\/\/francois-pelletant.fr\/blog\/#organization"},"image":{"@id":"https:\/\/francois-pelletant.fr\/blog\/vote-par-procuration-mode-demploi\/#primaryimage"},"thumbnailUrl":"https:\/\/francois-pelletant.fr\/blog\/wp-content\/uploads\/2012\/03\/images.jpg","articleSection":["Infos"],"inLanguage":"fr-FR","potentialAction":[{"@type":"CommentAction","name":"Comment","target":["https:\/\/francois-pelletant.fr\/blog\/vote-par-procuration-mode-demploi\/#respond"]}]},{"@type":"WebPage","@id":"https:\/\/francois-pelletant.fr\/blog\/vote-par-procuration-mode-demploi\/","url":"https:\/\/francois-pelletant.fr\/blog\/vote-par-procuration-mode-demploi\/","name":"Vote par procuration : mode d\u2019emploi - Fran\u00e7ois Pelletant","isPartOf":{"@id":"https:\/\/francois-pelletant.fr\/blog\/#website"},"primaryImageOfPage":{"@id":"https:\/\/francois-pelletant.fr\/blog\/vote-par-procuration-mode-demploi\/#primaryimage"},"image":{"@id":"https:\/\/francois-pelletant.fr\/blog\/vote-par-procuration-mode-demploi\/#primaryimage"},"thumbnailUrl":"https:\/\/francois-pelletant.fr\/blog\/wp-content\/uploads\/2012\/03\/images.jpg","datePublished":"2012-03-22T08:39:42+00:00","dateModified":"2017-03-27T13:25:59+00:00","breadcrumb":{"@id":"https:\/\/francois-pelletant.fr\/blog\/vote-par-procuration-mode-demploi\/#breadcrumb"},"inLanguage":"fr-FR","potentialAction":[{"@type":"ReadAction","target":["https:\/\/francois-pelletant.fr\/blog\/vote-par-procuration-mode-demploi\/"]}]},{"@type":"ImageObject","inLanguage":"fr-FR","@id":"https:\/\/francois-pelletant.fr\/blog\/vote-par-procuration-mode-demploi\/#primaryimage","url":"https:\/\/francois-pelletant.fr\/blog\/wp-content\/uploads\/2012\/03\/images.jpg","contentUrl":"https:\/\/francois-pelletant.fr\/blog\/wp-content\/uploads\/2012\/03\/images.jpg","width":264,"height":191},{"@type":"BreadcrumbList","@id":"https:\/\/francois-pelletant.fr\/blog\/vote-par-procuration-mode-demploi\/#breadcrumb","itemListElement":[{"@type":"ListItem","position":1,"name":"Accueil","item":"https:\/\/francois-pelletant.fr\/blog\/"},{"@type":"ListItem","position":2,"name":"Vote par procuration : mode d\u2019emploi"}]},{"@type":"WebSite","@id":"https:\/\/francois-pelletant.fr\/blog\/#website","url":"https:\/\/francois-pelletant.fr\/blog\/","name":"Fran\u00e7ois Pelletant","description":"Maire de Linas, pour toujours.","publisher":{"@id":"https:\/\/francois-pelletant.fr\/blog\/#organization"},"potentialAction":[{"@type":"SearchAction","target":{"@type":"EntryPoint","urlTemplate":"https:\/\/francois-pelletant.fr\/blog\/?s={search_term_string}"},"query-input":{"@type":"PropertyValueSpecification","valueRequired":true,"valueName":"search_term_string"}}],"inLanguage":"fr-FR"},{"@type":"Organization","@id":"https:\/\/francois-pelletant.fr\/blog\/#organization","name":"Fran\u00e7ois Pelletant","url":"https:\/\/francois-pelletant.fr\/blog\/","logo":{"@type":"ImageObject","inLanguage":"fr-FR","@id":"https:\/\/francois-pelletant.fr\/blog\/#\/schema\/logo\/image\/","url":"https:\/\/francois-pelletant.fr\/blog\/wp-content\/uploads\/2024\/07\/icone-francois-centre-500p.png","contentUrl":"https:\/\/francois-pelletant.fr\/blog\/wp-content\/uploads\/2024\/07\/icone-francois-centre-500p.png","width":559,"height":447,"caption":"Fran\u00e7ois Pelletant"},"image":{"@id":"https:\/\/francois-pelletant.fr\/blog\/#\/schema\/logo\/image\/"},"sameAs":["https:\/\/www.facebook.com\/francois.pelletant.7","https:\/\/x.com\/pelletant"]},{"@type":"Person","@id":"https:\/\/francois-pelletant.fr\/blog\/#\/schema\/person\/2be41acb171dff8f31aaed1f40cee9f3","name":"Francois"}]}},"_links":{"self":[{"href":"https:\/\/francois-pelletant.fr\/blog\/wp-json\/wp\/v2\/posts\/2061","targetHints":{"allow":["GET"]}}],"collection":[{"href":"https:\/\/francois-pelletant.fr\/blog\/wp-json\/wp\/v2\/posts"}],"about":[{"href":"https:\/\/francois-pelletant.fr\/blog\/wp-json\/wp\/v2\/types\/post"}],"author":[{"embeddable":true,"href":"https:\/\/francois-pelletant.fr\/blog\/wp-json\/wp\/v2\/users\/1"}],"replies":[{"embeddable":true,"href":"https:\/\/francois-pelletant.fr\/blog\/wp-json\/wp\/v2\/comments?post=2061"}],"version-history":[{"count":0,"href":"https:\/\/francois-pelletant.fr\/blog\/wp-json\/wp\/v2\/posts\/2061\/revisions"}],"wp:featuredmedia":[{"embeddable":true,"href":"https:\/\/francois-pelletant.fr\/blog\/wp-json\/wp\/v2\/media\/2062"}],"wp:attachment":[{"href":"https:\/\/francois-pelletant.fr\/blog\/wp-json\/wp\/v2\/media?parent=2061"}],"wp:term":[{"taxonomy":"category","embeddable":true,"href":"https:\/\/francois-pelletant.fr\/blog\/wp-json\/wp\/v2\/categories?post=2061"},{"taxonomy":"post_tag","embeddable":true,"href":"https:\/\/francois-pelletant.fr\/blog\/wp-json\/wp\/v2\/tags?post=2061"}],"curies":[{"name":"wp","href":"https:\/\/api.w.org\/{rel}","templated":true}]}}