{"id":2072,"date":"2012-03-27T07:25:44","date_gmt":"2012-03-27T07:25:44","guid":{"rendered":"https:\/\/francois-pelletant.fr\/blog\/?p=2072"},"modified":"2012-03-27T07:25:44","modified_gmt":"2012-03-27T07:25:44","slug":"le-centre-ville-a-eu-sa-reunion","status":"publish","type":"post","link":"https:\/\/francois-pelletant.fr\/blog\/le-centre-ville-a-eu-sa-reunion\/","title":{"rendered":"Le centre-ville a eu sa r\u00e9union"},"content":{"rendered":"<p><a href=\"https:\/\/francois-pelletant.fr\/blog\/wp-content\/uploads\/2012\/03\/P1040217web.jpg\"><img loading=\"lazy\" decoding=\"async\" class=\"alignleft size-medium wp-image-2070\" title=\"P1040217web\" src=\"https:\/\/francois-pelletant.fr\/blog\/wp-content\/uploads\/2012\/03\/P1040217web-300x197.jpg\" alt=\"\" width=\"300\" height=\"197\" srcset=\"https:\/\/francois-pelletant.fr\/blog\/wp-content\/uploads\/2012\/03\/P1040217web-300x197.jpg 300w, https:\/\/francois-pelletant.fr\/blog\/wp-content\/uploads\/2012\/03\/P1040217web-1024x674.jpg 1024w, https:\/\/francois-pelletant.fr\/blog\/wp-content\/uploads\/2012\/03\/P1040217web-768x505.jpg 768w, https:\/\/francois-pelletant.fr\/blog\/wp-content\/uploads\/2012\/03\/P1040217web-600x395.jpg 600w, https:\/\/francois-pelletant.fr\/blog\/wp-content\/uploads\/2012\/03\/P1040217web.jpg 1245w\" sizes=\"auto, (max-width: 300px) 100vw, 300px\" \/><\/a>Vitesse excessive des v\u00e9hicules circulant en centre-ville et probl\u00e8mes de stationnement aux heures de sorties et entr\u00e9es scolaires\u00a0: ce sont l\u00e0 les principales inqui\u00e9tudes des Linois des rues Montvinet,\u00a0 Pasteur, des Ecoles et autres quartiers du centre-ville. R\u00e9gis Desgats, \u00e9lu en charge de la s\u00e9curit\u00e9 y a r\u00e9pondu ce 14 mars en pr\u00e9cisant que le programme en cours de construction \u00e0 c\u00f4t\u00e9 de la mairie ne devrait pas aggraver ces probl\u00e8mes. Enfin, le Maire et ses \u00e9lus ont pr\u00e9cis\u00e9 que des travaux seront faits Impasse des Jardins pour offrir aux habitants un trottoir plus s\u00e9curisant.<\/p>\n","protected":false},"excerpt":{"rendered":"<p>Vitesse excessive des v\u00e9hicules circulant en centre-ville et probl\u00e8mes de stationnement aux heures de sorties et entr\u00e9es scolaires\u00a0: ce sont l\u00e0 les principales inqui\u00e9tudes des Linois des rues Montvinet,\u00a0 Pasteur, des Ecoles et autres quartiers du centre-ville. R\u00e9gis Desgats, \u00e9lu en charge de la s\u00e9curit\u00e9 y a r\u00e9pondu ce 14 mars en pr\u00e9cisant que le [&hellip;]<\/p>\n","protected":false},"author":1,"featured_media":2070,"comment_status":"open","ping_status":"open","sticky":false,"template":"","format":"standard","meta":{"footnotes":""},"categories":[10],"tags":[],"class_list":["post-2072","post","type-post","status-publish","format-standard","has-post-thumbnail","hentry","category-1pelletant"],"yoast_head":"<!-- This site is optimized with the Yoast SEO plugin v25.6 - https:\/\/yoast.com\/wordpress\/plugins\/seo\/ -->\n<title>Le centre-ville a eu sa r\u00e9union - Fran\u00e7ois Pelletant<\/title>\n<meta name=\"robots\" content=\"index, follow, max-snippet:-1, max-image-preview:large, max-video-preview:-1\" \/>\n<link rel=\"canonical\" href=\"https:\/\/francois-pelletant.fr\/blog\/le-centre-ville-a-eu-sa-reunion\/\" \/>\n<meta property=\"og:locale\" content=\"fr_FR\" \/>\n<meta property=\"og:type\" content=\"article\" \/>\n<meta property=\"og:title\" content=\"Le centre-ville a eu sa r\u00e9union - Fran\u00e7ois Pelletant\" \/>\n<meta property=\"og:description\" content=\"Vitesse excessive des v\u00e9hicules circulant en centre-ville et probl\u00e8mes de stationnement aux heures de sorties et entr\u00e9es scolaires\u00a0: ce sont l\u00e0 les principales inqui\u00e9tudes des Linois des rues Montvinet,\u00a0 Pasteur, des Ecoles et autres quartiers du centre-ville. R\u00e9gis Desgats, \u00e9lu en charge de la s\u00e9curit\u00e9 y a r\u00e9pondu ce 14 mars en pr\u00e9cisant que le [&hellip;]\" \/>\n<meta property=\"og:url\" content=\"https:\/\/francois-pelletant.fr\/blog\/le-centre-ville-a-eu-sa-reunion\/\" \/>\n<meta property=\"og:site_name\" content=\"Fran\u00e7ois Pelletant\" \/>\n<meta property=\"article:publisher\" content=\"https:\/\/www.facebook.com\/francois.pelletant.7\" \/>\n<meta property=\"article:published_time\" content=\"2012-03-27T07:25:44+00:00\" \/>\n<meta property=\"og:image\" content=\"https:\/\/francois-pelletant.fr\/blog\/wp-content\/uploads\/2012\/03\/P1040217web.jpg\" \/>\n\t<meta property=\"og:image:width\" content=\"1245\" \/>\n\t<meta property=\"og:image:height\" content=\"819\" \/>\n\t<meta property=\"og:image:type\" content=\"image\/jpeg\" \/>\n<meta name=\"author\" content=\"Francois\" \/>\n<meta name=\"twitter:card\" content=\"summary_large_image\" \/>\n<meta name=\"twitter:creator\" content=\"@pelletant\" \/>\n<meta name=\"twitter:site\" content=\"@pelletant\" \/>\n<meta name=\"twitter:label1\" content=\"\u00c9crit par\" \/>\n\t<meta name=\"twitter:data1\" content=\"Francois\" \/>\n\t<meta name=\"twitter:label2\" content=\"Dur\u00e9e de lecture estim\u00e9e\" \/>\n\t<meta name=\"twitter:data2\" content=\"1 minute\" \/>\n<script type=\"application\/ld+json\" class=\"yoast-schema-graph\">{\"@context\":\"https:\/\/schema.org\",\"@graph\":[{\"@type\":\"Article\",\"@id\":\"https:\/\/francois-pelletant.fr\/blog\/le-centre-ville-a-eu-sa-reunion\/#article\",\"isPartOf\":{\"@id\":\"https:\/\/francois-pelletant.fr\/blog\/le-centre-ville-a-eu-sa-reunion\/\"},\"author\":{\"name\":\"Francois\",\"@id\":\"https:\/\/francois-pelletant.fr\/blog\/#\/schema\/person\/2be41acb171dff8f31aaed1f40cee9f3\"},\"headline\":\"Le centre-ville a eu sa r\u00e9union\",\"datePublished\":\"2012-03-27T07:25:44+00:00\",\"mainEntityOfPage\":{\"@id\":\"https:\/\/francois-pelletant.fr\/blog\/le-centre-ville-a-eu-sa-reunion\/\"},\"wordCount\":112,\"commentCount\":0,\"publisher\":{\"@id\":\"https:\/\/francois-pelletant.fr\/blog\/#organization\"},\"image\":{\"@id\":\"https:\/\/francois-pelletant.fr\/blog\/le-centre-ville-a-eu-sa-reunion\/#primaryimage\"},\"thumbnailUrl\":\"https:\/\/francois-pelletant.fr\/blog\/wp-content\/uploads\/2012\/03\/P1040217web.jpg\",\"articleSection\":[\"Infos\"],\"inLanguage\":\"fr-FR\",\"potentialAction\":[{\"@type\":\"CommentAction\",\"name\":\"Comment\",\"target\":[\"https:\/\/francois-pelletant.fr\/blog\/le-centre-ville-a-eu-sa-reunion\/#respond\"]}]},{\"@type\":\"WebPage\",\"@id\":\"https:\/\/francois-pelletant.fr\/blog\/le-centre-ville-a-eu-sa-reunion\/\",\"url\":\"https:\/\/francois-pelletant.fr\/blog\/le-centre-ville-a-eu-sa-reunion\/\",\"name\":\"Le centre-ville a eu sa r\u00e9union - Fran\u00e7ois Pelletant\",\"isPartOf\":{\"@id\":\"https:\/\/francois-pelletant.fr\/blog\/#website\"},\"primaryImageOfPage\":{\"@id\":\"https:\/\/francois-pelletant.fr\/blog\/le-centre-ville-a-eu-sa-reunion\/#primaryimage\"},\"image\":{\"@id\":\"https:\/\/francois-pelletant.fr\/blog\/le-centre-ville-a-eu-sa-reunion\/#primaryimage\"},\"thumbnailUrl\":\"https:\/\/francois-pelletant.fr\/blog\/wp-content\/uploads\/2012\/03\/P1040217web.jpg\",\"datePublished\":\"2012-03-27T07:25:44+00:00\",\"breadcrumb\":{\"@id\":\"https:\/\/francois-pelletant.fr\/blog\/le-centre-ville-a-eu-sa-reunion\/#breadcrumb\"},\"inLanguage\":\"fr-FR\",\"potentialAction\":[{\"@type\":\"ReadAction\",\"target\":[\"https:\/\/francois-pelletant.fr\/blog\/le-centre-ville-a-eu-sa-reunion\/\"]}]},{\"@type\":\"ImageObject\",\"inLanguage\":\"fr-FR\",\"@id\":\"https:\/\/francois-pelletant.fr\/blog\/le-centre-ville-a-eu-sa-reunion\/#primaryimage\",\"url\":\"https:\/\/francois-pelletant.fr\/blog\/wp-content\/uploads\/2012\/03\/P1040217web.jpg\",\"contentUrl\":\"https:\/\/francois-pelletant.fr\/blog\/wp-content\/uploads\/2012\/03\/P1040217web.jpg\",\"width\":1245,\"height\":819},{\"@type\":\"BreadcrumbList\",\"@id\":\"https:\/\/francois-pelletant.fr\/blog\/le-centre-ville-a-eu-sa-reunion\/#breadcrumb\",\"itemListElement\":[{\"@type\":\"ListItem\",\"position\":1,\"name\":\"Accueil\",\"item\":\"https:\/\/francois-pelletant.fr\/blog\/\"},{\"@type\":\"ListItem\",\"position\":2,\"name\":\"Le centre-ville a eu sa r\u00e9union\"}]},{\"@type\":\"WebSite\",\"@id\":\"https:\/\/francois-pelletant.fr\/blog\/#website\",\"url\":\"https:\/\/francois-pelletant.fr\/blog\/\",\"name\":\"Fran\u00e7ois Pelletant\",\"description\":\"Maire de Linas, pour toujours.\",\"publisher\":{\"@id\":\"https:\/\/francois-pelletant.fr\/blog\/#organization\"},\"potentialAction\":[{\"@type\":\"SearchAction\",\"target\":{\"@type\":\"EntryPoint\",\"urlTemplate\":\"https:\/\/francois-pelletant.fr\/blog\/?s={search_term_string}\"},\"query-input\":{\"@type\":\"PropertyValueSpecification\",\"valueRequired\":true,\"valueName\":\"search_term_string\"}}],\"inLanguage\":\"fr-FR\"},{\"@type\":\"Organization\",\"@id\":\"https:\/\/francois-pelletant.fr\/blog\/#organization\",\"name\":\"Fran\u00e7ois Pelletant\",\"url\":\"https:\/\/francois-pelletant.fr\/blog\/\",\"logo\":{\"@type\":\"ImageObject\",\"inLanguage\":\"fr-FR\",\"@id\":\"https:\/\/francois-pelletant.fr\/blog\/#\/schema\/logo\/image\/\",\"url\":\"https:\/\/francois-pelletant.fr\/blog\/wp-content\/uploads\/2024\/07\/icone-francois-centre-500p.png\",\"contentUrl\":\"https:\/\/francois-pelletant.fr\/blog\/wp-content\/uploads\/2024\/07\/icone-francois-centre-500p.png\",\"width\":559,\"height\":447,\"caption\":\"Fran\u00e7ois Pelletant\"},\"image\":{\"@id\":\"https:\/\/francois-pelletant.fr\/blog\/#\/schema\/logo\/image\/\"},\"sameAs\":[\"https:\/\/www.facebook.com\/francois.pelletant.7\",\"https:\/\/x.com\/pelletant\"]},{\"@type\":\"Person\",\"@id\":\"https:\/\/francois-pelletant.fr\/blog\/#\/schema\/person\/2be41acb171dff8f31aaed1f40cee9f3\",\"name\":\"Francois\"}]}<\/script>\n<!-- \/ Yoast SEO plugin. -->","yoast_head_json":{"title":"Le centre-ville a eu sa r\u00e9union - Fran\u00e7ois Pelletant","robots":{"index":"index","follow":"follow","max-snippet":"max-snippet:-1","max-image-preview":"max-image-preview:large","max-video-preview":"max-video-preview:-1"},"canonical":"https:\/\/francois-pelletant.fr\/blog\/le-centre-ville-a-eu-sa-reunion\/","og_locale":"fr_FR","og_type":"article","og_title":"Le centre-ville a eu sa r\u00e9union - Fran\u00e7ois Pelletant","og_description":"Vitesse excessive des v\u00e9hicules circulant en centre-ville et probl\u00e8mes de stationnement aux heures de sorties et entr\u00e9es scolaires\u00a0: ce sont l\u00e0 les principales inqui\u00e9tudes des Linois des rues Montvinet,\u00a0 Pasteur, des Ecoles et autres quartiers du centre-ville. R\u00e9gis Desgats, \u00e9lu en charge de la s\u00e9curit\u00e9 y a r\u00e9pondu ce 14 mars en pr\u00e9cisant que le [&hellip;]","og_url":"https:\/\/francois-pelletant.fr\/blog\/le-centre-ville-a-eu-sa-reunion\/","og_site_name":"Fran\u00e7ois Pelletant","article_publisher":"https:\/\/www.facebook.com\/francois.pelletant.7","article_published_time":"2012-03-27T07:25:44+00:00","og_image":[{"width":1245,"height":819,"url":"https:\/\/francois-pelletant.fr\/blog\/wp-content\/uploads\/2012\/03\/P1040217web.jpg","type":"image\/jpeg"}],"author":"Francois","twitter_card":"summary_large_image","twitter_creator":"@pelletant","twitter_site":"@pelletant","twitter_misc":{"\u00c9crit par":"Francois","Dur\u00e9e de lecture estim\u00e9e":"1 minute"},"schema":{"@context":"https:\/\/schema.org","@graph":[{"@type":"Article","@id":"https:\/\/francois-pelletant.fr\/blog\/le-centre-ville-a-eu-sa-reunion\/#article","isPartOf":{"@id":"https:\/\/francois-pelletant.fr\/blog\/le-centre-ville-a-eu-sa-reunion\/"},"author":{"name":"Francois","@id":"https:\/\/francois-pelletant.fr\/blog\/#\/schema\/person\/2be41acb171dff8f31aaed1f40cee9f3"},"headline":"Le centre-ville a eu sa r\u00e9union","datePublished":"2012-03-27T07:25:44+00:00","mainEntityOfPage":{"@id":"https:\/\/francois-pelletant.fr\/blog\/le-centre-ville-a-eu-sa-reunion\/"},"wordCount":112,"commentCount":0,"publisher":{"@id":"https:\/\/francois-pelletant.fr\/blog\/#organization"},"image":{"@id":"https:\/\/francois-pelletant.fr\/blog\/le-centre-ville-a-eu-sa-reunion\/#primaryimage"},"thumbnailUrl":"https:\/\/francois-pelletant.fr\/blog\/wp-content\/uploads\/2012\/03\/P1040217web.jpg","articleSection":["Infos"],"inLanguage":"fr-FR","potentialAction":[{"@type":"CommentAction","name":"Comment","target":["https:\/\/francois-pelletant.fr\/blog\/le-centre-ville-a-eu-sa-reunion\/#respond"]}]},{"@type":"WebPage","@id":"https:\/\/francois-pelletant.fr\/blog\/le-centre-ville-a-eu-sa-reunion\/","url":"https:\/\/francois-pelletant.fr\/blog\/le-centre-ville-a-eu-sa-reunion\/","name":"Le centre-ville a eu sa r\u00e9union - Fran\u00e7ois Pelletant","isPartOf":{"@id":"https:\/\/francois-pelletant.fr\/blog\/#website"},"primaryImageOfPage":{"@id":"https:\/\/francois-pelletant.fr\/blog\/le-centre-ville-a-eu-sa-reunion\/#primaryimage"},"image":{"@id":"https:\/\/francois-pelletant.fr\/blog\/le-centre-ville-a-eu-sa-reunion\/#primaryimage"},"thumbnailUrl":"https:\/\/francois-pelletant.fr\/blog\/wp-content\/uploads\/2012\/03\/P1040217web.jpg","datePublished":"2012-03-27T07:25:44+00:00","breadcrumb":{"@id":"https:\/\/francois-pelletant.fr\/blog\/le-centre-ville-a-eu-sa-reunion\/#breadcrumb"},"inLanguage":"fr-FR","potentialAction":[{"@type":"ReadAction","target":["https:\/\/francois-pelletant.fr\/blog\/le-centre-ville-a-eu-sa-reunion\/"]}]},{"@type":"ImageObject","inLanguage":"fr-FR","@id":"https:\/\/francois-pelletant.fr\/blog\/le-centre-ville-a-eu-sa-reunion\/#primaryimage","url":"https:\/\/francois-pelletant.fr\/blog\/wp-content\/uploads\/2012\/03\/P1040217web.jpg","contentUrl":"https:\/\/francois-pelletant.fr\/blog\/wp-content\/uploads\/2012\/03\/P1040217web.jpg","width":1245,"height":819},{"@type":"BreadcrumbList","@id":"https:\/\/francois-pelletant.fr\/blog\/le-centre-ville-a-eu-sa-reunion\/#breadcrumb","itemListElement":[{"@type":"ListItem","position":1,"name":"Accueil","item":"https:\/\/francois-pelletant.fr\/blog\/"},{"@type":"ListItem","position":2,"name":"Le centre-ville a eu sa r\u00e9union"}]},{"@type":"WebSite","@id":"https:\/\/francois-pelletant.fr\/blog\/#website","url":"https:\/\/francois-pelletant.fr\/blog\/","name":"Fran\u00e7ois Pelletant","description":"Maire de Linas, pour toujours.","publisher":{"@id":"https:\/\/francois-pelletant.fr\/blog\/#organization"},"potentialAction":[{"@type":"SearchAction","target":{"@type":"EntryPoint","urlTemplate":"https:\/\/francois-pelletant.fr\/blog\/?s={search_term_string}"},"query-input":{"@type":"PropertyValueSpecification","valueRequired":true,"valueName":"search_term_string"}}],"inLanguage":"fr-FR"},{"@type":"Organization","@id":"https:\/\/francois-pelletant.fr\/blog\/#organization","name":"Fran\u00e7ois Pelletant","url":"https:\/\/francois-pelletant.fr\/blog\/","logo":{"@type":"ImageObject","inLanguage":"fr-FR","@id":"https:\/\/francois-pelletant.fr\/blog\/#\/schema\/logo\/image\/","url":"https:\/\/francois-pelletant.fr\/blog\/wp-content\/uploads\/2024\/07\/icone-francois-centre-500p.png","contentUrl":"https:\/\/francois-pelletant.fr\/blog\/wp-content\/uploads\/2024\/07\/icone-francois-centre-500p.png","width":559,"height":447,"caption":"Fran\u00e7ois Pelletant"},"image":{"@id":"https:\/\/francois-pelletant.fr\/blog\/#\/schema\/logo\/image\/"},"sameAs":["https:\/\/www.facebook.com\/francois.pelletant.7","https:\/\/x.com\/pelletant"]},{"@type":"Person","@id":"https:\/\/francois-pelletant.fr\/blog\/#\/schema\/person\/2be41acb171dff8f31aaed1f40cee9f3","name":"Francois"}]}},"_links":{"self":[{"href":"https:\/\/francois-pelletant.fr\/blog\/wp-json\/wp\/v2\/posts\/2072","targetHints":{"allow":["GET"]}}],"collection":[{"href":"https:\/\/francois-pelletant.fr\/blog\/wp-json\/wp\/v2\/posts"}],"about":[{"href":"https:\/\/francois-pelletant.fr\/blog\/wp-json\/wp\/v2\/types\/post"}],"author":[{"embeddable":true,"href":"https:\/\/francois-pelletant.fr\/blog\/wp-json\/wp\/v2\/users\/1"}],"replies":[{"embeddable":true,"href":"https:\/\/francois-pelletant.fr\/blog\/wp-json\/wp\/v2\/comments?post=2072"}],"version-history":[{"count":0,"href":"https:\/\/francois-pelletant.fr\/blog\/wp-json\/wp\/v2\/posts\/2072\/revisions"}],"wp:featuredmedia":[{"embeddable":true,"href":"https:\/\/francois-pelletant.fr\/blog\/wp-json\/wp\/v2\/media\/2070"}],"wp:attachment":[{"href":"https:\/\/francois-pelletant.fr\/blog\/wp-json\/wp\/v2\/media?parent=2072"}],"wp:term":[{"taxonomy":"category","embeddable":true,"href":"https:\/\/francois-pelletant.fr\/blog\/wp-json\/wp\/v2\/categories?post=2072"},{"taxonomy":"post_tag","embeddable":true,"href":"https:\/\/francois-pelletant.fr\/blog\/wp-json\/wp\/v2\/tags?post=2072"}],"curies":[{"name":"wp","href":"https:\/\/api.w.org\/{rel}","templated":true}]}}