{"id":2111,"date":"2012-04-04T07:20:25","date_gmt":"2012-04-04T07:20:25","guid":{"rendered":"https:\/\/francois-pelletant.fr\/blog\/?p=2111"},"modified":"2012-04-04T07:20:25","modified_gmt":"2012-04-04T07:20:25","slug":"stop-au-bas-debit-a-linas","status":"publish","type":"post","link":"https:\/\/francois-pelletant.fr\/blog\/stop-au-bas-debit-a-linas\/","title":{"rendered":"Stop au Bas d\u00e9bit \u00e0 Linas !"},"content":{"rendered":"<p><a href=\"https:\/\/francois-pelletant.fr\/blog\/wp-content\/uploads\/2012\/04\/internet-haut-debit.jpg\"><img loading=\"lazy\" decoding=\"async\" class=\"alignleft size-medium wp-image-2112\" title=\"internet haut debit\" src=\"https:\/\/francois-pelletant.fr\/blog\/wp-content\/uploads\/2012\/04\/internet-haut-debit-300x230.jpg\" alt=\"\" width=\"300\" height=\"230\" srcset=\"https:\/\/francois-pelletant.fr\/blog\/wp-content\/uploads\/2012\/04\/internet-haut-debit-300x230.jpg 300w, https:\/\/francois-pelletant.fr\/blog\/wp-content\/uploads\/2012\/04\/internet-haut-debit-1024x786.jpg 1024w, https:\/\/francois-pelletant.fr\/blog\/wp-content\/uploads\/2012\/04\/internet-haut-debit-768x590.jpg 768w, https:\/\/francois-pelletant.fr\/blog\/wp-content\/uploads\/2012\/04\/internet-haut-debit-600x461.jpg 600w, https:\/\/francois-pelletant.fr\/blog\/wp-content\/uploads\/2012\/04\/internet-haut-debit.jpg 1181w\" sizes=\"auto, (max-width: 300px) 100vw, 300px\" \/><\/a>Le Conseil G\u00e9n\u00e9ral de l\u2019Essonne a beau annoncer que la fibre optique sera install\u00e9e un jour dans (presque) tout le d\u00e9partement, en attendant, de nombreux essonniens, dont les habitants de ma commune, souffrent de la fracture num\u00e9rique\u00a0!<\/p>\n<p>Ainsi, 261 signataires ont r\u00e9pondu \u00e0 l\u2019appel de la Mairie de Linas qui avait lanc\u00e9 une p\u00e9tition pour demander l\u2019am\u00e9lioration du d\u00e9bit Internet dans la ville. Pour certains quartiers de la commune (notamment dans le sud de la ville), le central t\u00e9l\u00e9phonique est trop \u00e9loign\u00e9 du lieu de d\u00e9serte, ce qui engendre des lenteurs excessives, de nombreuses coupures et un d\u00e9bit ADSL n\u2019exc\u00e9dant pas les 5 Mo(le d\u00e9bit moyen en Ile-de-France est de 20 Mo), ce qui est insuffisant par exemple\u00a0 pour recevoir la t\u00e9l\u00e9vision sur son ordinateur et cela quel que soit l\u2019op\u00e9rateur (Orange, Free, SFR, Bouygues\u2026). Le bilan de la p\u00e9tition va \u00eatre pr\u00e9sent\u00e9 \u00e0 France Telecom lorsd\u2019une rencontre ainsi qu\u2019au Minist\u00e8re de la Culture et de la Communication. J\u2019ai propos\u00e9 d\u2019\u00e9largir cette p\u00e9tition aux communes voisines.<\/p>\n","protected":false},"excerpt":{"rendered":"<p>Le Conseil G\u00e9n\u00e9ral de l\u2019Essonne a beau annoncer que la fibre optique sera install\u00e9e un jour dans (presque) tout le d\u00e9partement, en attendant, de nombreux essonniens, dont les habitants de ma commune, souffrent de la fracture num\u00e9rique\u00a0! Ainsi, 261 signataires ont r\u00e9pondu \u00e0 l\u2019appel de la Mairie de Linas qui avait lanc\u00e9 une p\u00e9tition pour [&hellip;]<\/p>\n","protected":false},"author":1,"featured_media":2112,"comment_status":"open","ping_status":"open","sticky":false,"template":"","format":"standard","meta":{"footnotes":""},"categories":[10],"tags":[],"class_list":["post-2111","post","type-post","status-publish","format-standard","has-post-thumbnail","hentry","category-1pelletant"],"yoast_head":"<!-- This site is optimized with the Yoast SEO plugin v25.6 - https:\/\/yoast.com\/wordpress\/plugins\/seo\/ -->\n<title>Stop au Bas d\u00e9bit \u00e0 Linas ! - Fran\u00e7ois Pelletant<\/title>\n<meta name=\"robots\" content=\"index, follow, max-snippet:-1, max-image-preview:large, max-video-preview:-1\" \/>\n<link rel=\"canonical\" href=\"https:\/\/francois-pelletant.fr\/blog\/stop-au-bas-debit-a-linas\/\" \/>\n<meta property=\"og:locale\" content=\"fr_FR\" \/>\n<meta property=\"og:type\" content=\"article\" \/>\n<meta property=\"og:title\" content=\"Stop au Bas d\u00e9bit \u00e0 Linas ! - Fran\u00e7ois Pelletant\" \/>\n<meta property=\"og:description\" content=\"Le Conseil G\u00e9n\u00e9ral de l\u2019Essonne a beau annoncer que la fibre optique sera install\u00e9e un jour dans (presque) tout le d\u00e9partement, en attendant, de nombreux essonniens, dont les habitants de ma commune, souffrent de la fracture num\u00e9rique\u00a0! Ainsi, 261 signataires ont r\u00e9pondu \u00e0 l\u2019appel de la Mairie de Linas qui avait lanc\u00e9 une p\u00e9tition pour [&hellip;]\" \/>\n<meta property=\"og:url\" content=\"https:\/\/francois-pelletant.fr\/blog\/stop-au-bas-debit-a-linas\/\" \/>\n<meta property=\"og:site_name\" content=\"Fran\u00e7ois Pelletant\" \/>\n<meta property=\"article:publisher\" content=\"https:\/\/www.facebook.com\/francois.pelletant.7\" \/>\n<meta property=\"article:published_time\" content=\"2012-04-04T07:20:25+00:00\" \/>\n<meta property=\"og:image\" content=\"https:\/\/francois-pelletant.fr\/blog\/wp-content\/uploads\/2012\/04\/internet-haut-debit.jpg\" \/>\n\t<meta property=\"og:image:width\" content=\"1181\" \/>\n\t<meta property=\"og:image:height\" content=\"907\" \/>\n\t<meta property=\"og:image:type\" content=\"image\/jpeg\" \/>\n<meta name=\"author\" content=\"Francois\" \/>\n<meta name=\"twitter:card\" content=\"summary_large_image\" \/>\n<meta name=\"twitter:creator\" content=\"@pelletant\" \/>\n<meta name=\"twitter:site\" content=\"@pelletant\" \/>\n<meta name=\"twitter:label1\" content=\"\u00c9crit par\" \/>\n\t<meta name=\"twitter:data1\" content=\"Francois\" \/>\n\t<meta name=\"twitter:label2\" content=\"Dur\u00e9e de lecture estim\u00e9e\" \/>\n\t<meta name=\"twitter:data2\" content=\"1 minute\" \/>\n<script type=\"application\/ld+json\" class=\"yoast-schema-graph\">{\"@context\":\"https:\/\/schema.org\",\"@graph\":[{\"@type\":\"Article\",\"@id\":\"https:\/\/francois-pelletant.fr\/blog\/stop-au-bas-debit-a-linas\/#article\",\"isPartOf\":{\"@id\":\"https:\/\/francois-pelletant.fr\/blog\/stop-au-bas-debit-a-linas\/\"},\"author\":{\"name\":\"Francois\",\"@id\":\"https:\/\/francois-pelletant.fr\/blog\/#\/schema\/person\/2be41acb171dff8f31aaed1f40cee9f3\"},\"headline\":\"Stop au Bas d\u00e9bit \u00e0 Linas !\",\"datePublished\":\"2012-04-04T07:20:25+00:00\",\"mainEntityOfPage\":{\"@id\":\"https:\/\/francois-pelletant.fr\/blog\/stop-au-bas-debit-a-linas\/\"},\"wordCount\":199,\"commentCount\":6,\"publisher\":{\"@id\":\"https:\/\/francois-pelletant.fr\/blog\/#organization\"},\"image\":{\"@id\":\"https:\/\/francois-pelletant.fr\/blog\/stop-au-bas-debit-a-linas\/#primaryimage\"},\"thumbnailUrl\":\"https:\/\/francois-pelletant.fr\/blog\/wp-content\/uploads\/2012\/04\/internet-haut-debit.jpg\",\"articleSection\":[\"Infos\"],\"inLanguage\":\"fr-FR\",\"potentialAction\":[{\"@type\":\"CommentAction\",\"name\":\"Comment\",\"target\":[\"https:\/\/francois-pelletant.fr\/blog\/stop-au-bas-debit-a-linas\/#respond\"]}]},{\"@type\":\"WebPage\",\"@id\":\"https:\/\/francois-pelletant.fr\/blog\/stop-au-bas-debit-a-linas\/\",\"url\":\"https:\/\/francois-pelletant.fr\/blog\/stop-au-bas-debit-a-linas\/\",\"name\":\"Stop au Bas d\u00e9bit \u00e0 Linas ! - Fran\u00e7ois Pelletant\",\"isPartOf\":{\"@id\":\"https:\/\/francois-pelletant.fr\/blog\/#website\"},\"primaryImageOfPage\":{\"@id\":\"https:\/\/francois-pelletant.fr\/blog\/stop-au-bas-debit-a-linas\/#primaryimage\"},\"image\":{\"@id\":\"https:\/\/francois-pelletant.fr\/blog\/stop-au-bas-debit-a-linas\/#primaryimage\"},\"thumbnailUrl\":\"https:\/\/francois-pelletant.fr\/blog\/wp-content\/uploads\/2012\/04\/internet-haut-debit.jpg\",\"datePublished\":\"2012-04-04T07:20:25+00:00\",\"breadcrumb\":{\"@id\":\"https:\/\/francois-pelletant.fr\/blog\/stop-au-bas-debit-a-linas\/#breadcrumb\"},\"inLanguage\":\"fr-FR\",\"potentialAction\":[{\"@type\":\"ReadAction\",\"target\":[\"https:\/\/francois-pelletant.fr\/blog\/stop-au-bas-debit-a-linas\/\"]}]},{\"@type\":\"ImageObject\",\"inLanguage\":\"fr-FR\",\"@id\":\"https:\/\/francois-pelletant.fr\/blog\/stop-au-bas-debit-a-linas\/#primaryimage\",\"url\":\"https:\/\/francois-pelletant.fr\/blog\/wp-content\/uploads\/2012\/04\/internet-haut-debit.jpg\",\"contentUrl\":\"https:\/\/francois-pelletant.fr\/blog\/wp-content\/uploads\/2012\/04\/internet-haut-debit.jpg\",\"width\":1181,\"height\":907},{\"@type\":\"BreadcrumbList\",\"@id\":\"https:\/\/francois-pelletant.fr\/blog\/stop-au-bas-debit-a-linas\/#breadcrumb\",\"itemListElement\":[{\"@type\":\"ListItem\",\"position\":1,\"name\":\"Accueil\",\"item\":\"https:\/\/francois-pelletant.fr\/blog\/\"},{\"@type\":\"ListItem\",\"position\":2,\"name\":\"Stop au Bas d\u00e9bit \u00e0 Linas !\"}]},{\"@type\":\"WebSite\",\"@id\":\"https:\/\/francois-pelletant.fr\/blog\/#website\",\"url\":\"https:\/\/francois-pelletant.fr\/blog\/\",\"name\":\"Fran\u00e7ois Pelletant\",\"description\":\"Maire de Linas, pour toujours.\",\"publisher\":{\"@id\":\"https:\/\/francois-pelletant.fr\/blog\/#organization\"},\"potentialAction\":[{\"@type\":\"SearchAction\",\"target\":{\"@type\":\"EntryPoint\",\"urlTemplate\":\"https:\/\/francois-pelletant.fr\/blog\/?s={search_term_string}\"},\"query-input\":{\"@type\":\"PropertyValueSpecification\",\"valueRequired\":true,\"valueName\":\"search_term_string\"}}],\"inLanguage\":\"fr-FR\"},{\"@type\":\"Organization\",\"@id\":\"https:\/\/francois-pelletant.fr\/blog\/#organization\",\"name\":\"Fran\u00e7ois Pelletant\",\"url\":\"https:\/\/francois-pelletant.fr\/blog\/\",\"logo\":{\"@type\":\"ImageObject\",\"inLanguage\":\"fr-FR\",\"@id\":\"https:\/\/francois-pelletant.fr\/blog\/#\/schema\/logo\/image\/\",\"url\":\"https:\/\/francois-pelletant.fr\/blog\/wp-content\/uploads\/2024\/07\/icone-francois-centre-500p.png\",\"contentUrl\":\"https:\/\/francois-pelletant.fr\/blog\/wp-content\/uploads\/2024\/07\/icone-francois-centre-500p.png\",\"width\":559,\"height\":447,\"caption\":\"Fran\u00e7ois Pelletant\"},\"image\":{\"@id\":\"https:\/\/francois-pelletant.fr\/blog\/#\/schema\/logo\/image\/\"},\"sameAs\":[\"https:\/\/www.facebook.com\/francois.pelletant.7\",\"https:\/\/x.com\/pelletant\"]},{\"@type\":\"Person\",\"@id\":\"https:\/\/francois-pelletant.fr\/blog\/#\/schema\/person\/2be41acb171dff8f31aaed1f40cee9f3\",\"name\":\"Francois\"}]}<\/script>\n<!-- \/ Yoast SEO plugin. -->","yoast_head_json":{"title":"Stop au Bas d\u00e9bit \u00e0 Linas ! - Fran\u00e7ois Pelletant","robots":{"index":"index","follow":"follow","max-snippet":"max-snippet:-1","max-image-preview":"max-image-preview:large","max-video-preview":"max-video-preview:-1"},"canonical":"https:\/\/francois-pelletant.fr\/blog\/stop-au-bas-debit-a-linas\/","og_locale":"fr_FR","og_type":"article","og_title":"Stop au Bas d\u00e9bit \u00e0 Linas ! - Fran\u00e7ois Pelletant","og_description":"Le Conseil G\u00e9n\u00e9ral de l\u2019Essonne a beau annoncer que la fibre optique sera install\u00e9e un jour dans (presque) tout le d\u00e9partement, en attendant, de nombreux essonniens, dont les habitants de ma commune, souffrent de la fracture num\u00e9rique\u00a0! Ainsi, 261 signataires ont r\u00e9pondu \u00e0 l\u2019appel de la Mairie de Linas qui avait lanc\u00e9 une p\u00e9tition pour [&hellip;]","og_url":"https:\/\/francois-pelletant.fr\/blog\/stop-au-bas-debit-a-linas\/","og_site_name":"Fran\u00e7ois Pelletant","article_publisher":"https:\/\/www.facebook.com\/francois.pelletant.7","article_published_time":"2012-04-04T07:20:25+00:00","og_image":[{"width":1181,"height":907,"url":"https:\/\/francois-pelletant.fr\/blog\/wp-content\/uploads\/2012\/04\/internet-haut-debit.jpg","type":"image\/jpeg"}],"author":"Francois","twitter_card":"summary_large_image","twitter_creator":"@pelletant","twitter_site":"@pelletant","twitter_misc":{"\u00c9crit par":"Francois","Dur\u00e9e de lecture estim\u00e9e":"1 minute"},"schema":{"@context":"https:\/\/schema.org","@graph":[{"@type":"Article","@id":"https:\/\/francois-pelletant.fr\/blog\/stop-au-bas-debit-a-linas\/#article","isPartOf":{"@id":"https:\/\/francois-pelletant.fr\/blog\/stop-au-bas-debit-a-linas\/"},"author":{"name":"Francois","@id":"https:\/\/francois-pelletant.fr\/blog\/#\/schema\/person\/2be41acb171dff8f31aaed1f40cee9f3"},"headline":"Stop au Bas d\u00e9bit \u00e0 Linas !","datePublished":"2012-04-04T07:20:25+00:00","mainEntityOfPage":{"@id":"https:\/\/francois-pelletant.fr\/blog\/stop-au-bas-debit-a-linas\/"},"wordCount":199,"commentCount":6,"publisher":{"@id":"https:\/\/francois-pelletant.fr\/blog\/#organization"},"image":{"@id":"https:\/\/francois-pelletant.fr\/blog\/stop-au-bas-debit-a-linas\/#primaryimage"},"thumbnailUrl":"https:\/\/francois-pelletant.fr\/blog\/wp-content\/uploads\/2012\/04\/internet-haut-debit.jpg","articleSection":["Infos"],"inLanguage":"fr-FR","potentialAction":[{"@type":"CommentAction","name":"Comment","target":["https:\/\/francois-pelletant.fr\/blog\/stop-au-bas-debit-a-linas\/#respond"]}]},{"@type":"WebPage","@id":"https:\/\/francois-pelletant.fr\/blog\/stop-au-bas-debit-a-linas\/","url":"https:\/\/francois-pelletant.fr\/blog\/stop-au-bas-debit-a-linas\/","name":"Stop au Bas d\u00e9bit \u00e0 Linas ! - Fran\u00e7ois Pelletant","isPartOf":{"@id":"https:\/\/francois-pelletant.fr\/blog\/#website"},"primaryImageOfPage":{"@id":"https:\/\/francois-pelletant.fr\/blog\/stop-au-bas-debit-a-linas\/#primaryimage"},"image":{"@id":"https:\/\/francois-pelletant.fr\/blog\/stop-au-bas-debit-a-linas\/#primaryimage"},"thumbnailUrl":"https:\/\/francois-pelletant.fr\/blog\/wp-content\/uploads\/2012\/04\/internet-haut-debit.jpg","datePublished":"2012-04-04T07:20:25+00:00","breadcrumb":{"@id":"https:\/\/francois-pelletant.fr\/blog\/stop-au-bas-debit-a-linas\/#breadcrumb"},"inLanguage":"fr-FR","potentialAction":[{"@type":"ReadAction","target":["https:\/\/francois-pelletant.fr\/blog\/stop-au-bas-debit-a-linas\/"]}]},{"@type":"ImageObject","inLanguage":"fr-FR","@id":"https:\/\/francois-pelletant.fr\/blog\/stop-au-bas-debit-a-linas\/#primaryimage","url":"https:\/\/francois-pelletant.fr\/blog\/wp-content\/uploads\/2012\/04\/internet-haut-debit.jpg","contentUrl":"https:\/\/francois-pelletant.fr\/blog\/wp-content\/uploads\/2012\/04\/internet-haut-debit.jpg","width":1181,"height":907},{"@type":"BreadcrumbList","@id":"https:\/\/francois-pelletant.fr\/blog\/stop-au-bas-debit-a-linas\/#breadcrumb","itemListElement":[{"@type":"ListItem","position":1,"name":"Accueil","item":"https:\/\/francois-pelletant.fr\/blog\/"},{"@type":"ListItem","position":2,"name":"Stop au Bas d\u00e9bit \u00e0 Linas !"}]},{"@type":"WebSite","@id":"https:\/\/francois-pelletant.fr\/blog\/#website","url":"https:\/\/francois-pelletant.fr\/blog\/","name":"Fran\u00e7ois Pelletant","description":"Maire de Linas, pour toujours.","publisher":{"@id":"https:\/\/francois-pelletant.fr\/blog\/#organization"},"potentialAction":[{"@type":"SearchAction","target":{"@type":"EntryPoint","urlTemplate":"https:\/\/francois-pelletant.fr\/blog\/?s={search_term_string}"},"query-input":{"@type":"PropertyValueSpecification","valueRequired":true,"valueName":"search_term_string"}}],"inLanguage":"fr-FR"},{"@type":"Organization","@id":"https:\/\/francois-pelletant.fr\/blog\/#organization","name":"Fran\u00e7ois Pelletant","url":"https:\/\/francois-pelletant.fr\/blog\/","logo":{"@type":"ImageObject","inLanguage":"fr-FR","@id":"https:\/\/francois-pelletant.fr\/blog\/#\/schema\/logo\/image\/","url":"https:\/\/francois-pelletant.fr\/blog\/wp-content\/uploads\/2024\/07\/icone-francois-centre-500p.png","contentUrl":"https:\/\/francois-pelletant.fr\/blog\/wp-content\/uploads\/2024\/07\/icone-francois-centre-500p.png","width":559,"height":447,"caption":"Fran\u00e7ois Pelletant"},"image":{"@id":"https:\/\/francois-pelletant.fr\/blog\/#\/schema\/logo\/image\/"},"sameAs":["https:\/\/www.facebook.com\/francois.pelletant.7","https:\/\/x.com\/pelletant"]},{"@type":"Person","@id":"https:\/\/francois-pelletant.fr\/blog\/#\/schema\/person\/2be41acb171dff8f31aaed1f40cee9f3","name":"Francois"}]}},"_links":{"self":[{"href":"https:\/\/francois-pelletant.fr\/blog\/wp-json\/wp\/v2\/posts\/2111","targetHints":{"allow":["GET"]}}],"collection":[{"href":"https:\/\/francois-pelletant.fr\/blog\/wp-json\/wp\/v2\/posts"}],"about":[{"href":"https:\/\/francois-pelletant.fr\/blog\/wp-json\/wp\/v2\/types\/post"}],"author":[{"embeddable":true,"href":"https:\/\/francois-pelletant.fr\/blog\/wp-json\/wp\/v2\/users\/1"}],"replies":[{"embeddable":true,"href":"https:\/\/francois-pelletant.fr\/blog\/wp-json\/wp\/v2\/comments?post=2111"}],"version-history":[{"count":0,"href":"https:\/\/francois-pelletant.fr\/blog\/wp-json\/wp\/v2\/posts\/2111\/revisions"}],"wp:featuredmedia":[{"embeddable":true,"href":"https:\/\/francois-pelletant.fr\/blog\/wp-json\/wp\/v2\/media\/2112"}],"wp:attachment":[{"href":"https:\/\/francois-pelletant.fr\/blog\/wp-json\/wp\/v2\/media?parent=2111"}],"wp:term":[{"taxonomy":"category","embeddable":true,"href":"https:\/\/francois-pelletant.fr\/blog\/wp-json\/wp\/v2\/categories?post=2111"},{"taxonomy":"post_tag","embeddable":true,"href":"https:\/\/francois-pelletant.fr\/blog\/wp-json\/wp\/v2\/tags?post=2111"}],"curies":[{"name":"wp","href":"https:\/\/api.w.org\/{rel}","templated":true}]}}