{"id":2144,"date":"2012-04-14T08:14:23","date_gmt":"2012-04-14T08:14:23","guid":{"rendered":"https:\/\/francois-pelletant.fr\/blog\/?p=2144"},"modified":"2012-04-14T08:14:23","modified_gmt":"2012-04-14T08:14:23","slug":"un-label-pour-lesalm","status":"publish","type":"post","link":"https:\/\/francois-pelletant.fr\/blog\/un-label-pour-lesalm\/","title":{"rendered":"Un label pour l\u2019ESALM"},"content":{"rendered":"<figure id=\"attachment_2145\" aria-describedby=\"caption-attachment-2145\" style=\"width: 300px\" class=\"wp-caption alignleft\"><a href=\"https:\/\/francois-pelletant.fr\/blog\/wp-content\/uploads\/2012\/04\/P1040762web.jpg\"><img loading=\"lazy\" decoding=\"async\" class=\"size-medium wp-image-2145\" title=\"P1040762web\" src=\"https:\/\/francois-pelletant.fr\/blog\/wp-content\/uploads\/2012\/04\/P1040762web-300x246.jpg\" alt=\"\" width=\"300\" height=\"246\" srcset=\"https:\/\/francois-pelletant.fr\/blog\/wp-content\/uploads\/2012\/04\/P1040762web-300x246.jpg 300w, https:\/\/francois-pelletant.fr\/blog\/wp-content\/uploads\/2012\/04\/P1040762web-1024x840.jpg 1024w, https:\/\/francois-pelletant.fr\/blog\/wp-content\/uploads\/2012\/04\/P1040762web-768x630.jpg 768w, https:\/\/francois-pelletant.fr\/blog\/wp-content\/uploads\/2012\/04\/P1040762web-600x492.jpg 600w, https:\/\/francois-pelletant.fr\/blog\/wp-content\/uploads\/2012\/04\/P1040762web.jpg 1471w\" sizes=\"auto, (max-width: 300px) 100vw, 300px\" \/><\/a><figcaption id=\"caption-attachment-2145\" class=\"wp-caption-text\">de gauche \u00e0 droite : Pierre Pareux, vice-pr\u00e9sident d\u00e9l\u00e9gu\u00e9 du District de l&#39;Essonne, Patrick Poiret, secr\u00e9taire de l&#39;ESALM et Andr\u00e9 Brillant, le Pr\u00e9sident du District de l&#39;Essonne<\/figcaption><\/figure>\n<p>Ce 11 avril, \u00a0l \u2019ESALM recevait des mains des repr\u00e9sentants de la Ligue de football de l\u2019Essonne, le<strong>\u00a0<\/strong><strong>Label Qualit\u00e9 Ecole de Football de la F.F.F<\/strong>.\u00a0Une r\u00e9compense pour l\u2019am\u00e9lioration du fonctionnement de son Ecole de Football, pour les qualit\u00e9s d\u2019accueil, d\u2019encadrement, d\u2019\u00e9ducation et d\u2019enseignement, pour sa participation \u00e0 la fid\u00e9lisation des effectifs, pour la valorisation de ses \u00e9ducateurs et ses dirigeants et pour la promotion de l\u2019esprit sportif, du fair-play et le respect des lois du jeu. Le club de Linas-Montlh\u00e9ry est ainsi f\u00e9licit\u00e9 au travers de son Pr\u00e9sident et de tout le staff technique pour les efforts\u00a0r\u00e9alis\u00e9s dans tous les domaines d\u2019encadrement, d\u2019\u00e9ducation, d\u2019enseignement et d\u2019esprit sportif. L\u2019occasion \u00e9galement de f\u00e9liciter le club pour les efforts accomplis durant ces derni\u00e8res ann\u00e9es par les \u00e9ducateurs et les b\u00e9n\u00e9voles, en faveur de la jeunesse et de l\u2019esprit qui r\u00e8gne au sein de l\u2019ESALM.<\/p>\n","protected":false},"excerpt":{"rendered":"<p>Ce 11 avril, \u00a0l \u2019ESALM recevait des mains des repr\u00e9sentants de la Ligue de football de l\u2019Essonne, le\u00a0Label Qualit\u00e9 Ecole de Football de la F.F.F.\u00a0Une r\u00e9compense pour l\u2019am\u00e9lioration du fonctionnement de son Ecole de Football, pour les qualit\u00e9s d\u2019accueil, d\u2019encadrement, d\u2019\u00e9ducation et d\u2019enseignement, pour sa participation \u00e0 la fid\u00e9lisation des effectifs, pour la valorisation de [&hellip;]<\/p>\n","protected":false},"author":1,"featured_media":2145,"comment_status":"open","ping_status":"open","sticky":false,"template":"","format":"standard","meta":{"footnotes":""},"categories":[10],"tags":[],"class_list":["post-2144","post","type-post","status-publish","format-standard","has-post-thumbnail","hentry","category-1pelletant"],"yoast_head":"<!-- This site is optimized with the Yoast SEO plugin v25.6 - https:\/\/yoast.com\/wordpress\/plugins\/seo\/ -->\n<title>Un label pour l\u2019ESALM - Fran\u00e7ois Pelletant<\/title>\n<meta name=\"robots\" content=\"index, follow, max-snippet:-1, max-image-preview:large, max-video-preview:-1\" \/>\n<link rel=\"canonical\" href=\"https:\/\/francois-pelletant.fr\/blog\/un-label-pour-lesalm\/\" \/>\n<meta property=\"og:locale\" content=\"fr_FR\" \/>\n<meta property=\"og:type\" content=\"article\" \/>\n<meta property=\"og:title\" content=\"Un label pour l\u2019ESALM - Fran\u00e7ois Pelletant\" \/>\n<meta property=\"og:description\" content=\"Ce 11 avril, \u00a0l \u2019ESALM recevait des mains des repr\u00e9sentants de la Ligue de football de l\u2019Essonne, le\u00a0Label Qualit\u00e9 Ecole de Football de la F.F.F.\u00a0Une r\u00e9compense pour l\u2019am\u00e9lioration du fonctionnement de son Ecole de Football, pour les qualit\u00e9s d\u2019accueil, d\u2019encadrement, d\u2019\u00e9ducation et d\u2019enseignement, pour sa participation \u00e0 la fid\u00e9lisation des effectifs, pour la valorisation de [&hellip;]\" \/>\n<meta property=\"og:url\" content=\"https:\/\/francois-pelletant.fr\/blog\/un-label-pour-lesalm\/\" \/>\n<meta property=\"og:site_name\" content=\"Fran\u00e7ois Pelletant\" \/>\n<meta property=\"article:publisher\" content=\"https:\/\/www.facebook.com\/francois.pelletant.7\" \/>\n<meta property=\"article:published_time\" content=\"2012-04-14T08:14:23+00:00\" \/>\n<meta property=\"og:image\" content=\"https:\/\/francois-pelletant.fr\/blog\/wp-content\/uploads\/2012\/04\/P1040762web.jpg\" \/>\n\t<meta property=\"og:image:width\" content=\"1471\" \/>\n\t<meta property=\"og:image:height\" content=\"1207\" \/>\n\t<meta property=\"og:image:type\" content=\"image\/jpeg\" \/>\n<meta name=\"author\" content=\"Francois\" \/>\n<meta name=\"twitter:card\" content=\"summary_large_image\" \/>\n<meta name=\"twitter:creator\" content=\"@pelletant\" \/>\n<meta name=\"twitter:site\" content=\"@pelletant\" \/>\n<meta name=\"twitter:label1\" content=\"\u00c9crit par\" \/>\n\t<meta name=\"twitter:data1\" content=\"Francois\" \/>\n\t<meta name=\"twitter:label2\" content=\"Dur\u00e9e de lecture estim\u00e9e\" \/>\n\t<meta name=\"twitter:data2\" content=\"1 minute\" \/>\n<script type=\"application\/ld+json\" class=\"yoast-schema-graph\">{\"@context\":\"https:\/\/schema.org\",\"@graph\":[{\"@type\":\"Article\",\"@id\":\"https:\/\/francois-pelletant.fr\/blog\/un-label-pour-lesalm\/#article\",\"isPartOf\":{\"@id\":\"https:\/\/francois-pelletant.fr\/blog\/un-label-pour-lesalm\/\"},\"author\":{\"name\":\"Francois\",\"@id\":\"https:\/\/francois-pelletant.fr\/blog\/#\/schema\/person\/2be41acb171dff8f31aaed1f40cee9f3\"},\"headline\":\"Un label pour l\u2019ESALM\",\"datePublished\":\"2012-04-14T08:14:23+00:00\",\"mainEntityOfPage\":{\"@id\":\"https:\/\/francois-pelletant.fr\/blog\/un-label-pour-lesalm\/\"},\"wordCount\":220,\"commentCount\":0,\"publisher\":{\"@id\":\"https:\/\/francois-pelletant.fr\/blog\/#organization\"},\"image\":{\"@id\":\"https:\/\/francois-pelletant.fr\/blog\/un-label-pour-lesalm\/#primaryimage\"},\"thumbnailUrl\":\"https:\/\/francois-pelletant.fr\/blog\/wp-content\/uploads\/2012\/04\/P1040762web.jpg\",\"articleSection\":[\"Infos\"],\"inLanguage\":\"fr-FR\",\"potentialAction\":[{\"@type\":\"CommentAction\",\"name\":\"Comment\",\"target\":[\"https:\/\/francois-pelletant.fr\/blog\/un-label-pour-lesalm\/#respond\"]}]},{\"@type\":\"WebPage\",\"@id\":\"https:\/\/francois-pelletant.fr\/blog\/un-label-pour-lesalm\/\",\"url\":\"https:\/\/francois-pelletant.fr\/blog\/un-label-pour-lesalm\/\",\"name\":\"Un label pour l\u2019ESALM - Fran\u00e7ois Pelletant\",\"isPartOf\":{\"@id\":\"https:\/\/francois-pelletant.fr\/blog\/#website\"},\"primaryImageOfPage\":{\"@id\":\"https:\/\/francois-pelletant.fr\/blog\/un-label-pour-lesalm\/#primaryimage\"},\"image\":{\"@id\":\"https:\/\/francois-pelletant.fr\/blog\/un-label-pour-lesalm\/#primaryimage\"},\"thumbnailUrl\":\"https:\/\/francois-pelletant.fr\/blog\/wp-content\/uploads\/2012\/04\/P1040762web.jpg\",\"datePublished\":\"2012-04-14T08:14:23+00:00\",\"breadcrumb\":{\"@id\":\"https:\/\/francois-pelletant.fr\/blog\/un-label-pour-lesalm\/#breadcrumb\"},\"inLanguage\":\"fr-FR\",\"potentialAction\":[{\"@type\":\"ReadAction\",\"target\":[\"https:\/\/francois-pelletant.fr\/blog\/un-label-pour-lesalm\/\"]}]},{\"@type\":\"ImageObject\",\"inLanguage\":\"fr-FR\",\"@id\":\"https:\/\/francois-pelletant.fr\/blog\/un-label-pour-lesalm\/#primaryimage\",\"url\":\"https:\/\/francois-pelletant.fr\/blog\/wp-content\/uploads\/2012\/04\/P1040762web.jpg\",\"contentUrl\":\"https:\/\/francois-pelletant.fr\/blog\/wp-content\/uploads\/2012\/04\/P1040762web.jpg\",\"width\":1471,\"height\":1207,\"caption\":\"de gauche \u00e0 droite : Pierre Pareux, vice-pr\u00e9sident d\u00e9l\u00e9gu\u00e9 du District de l'Essonne, Patrick Poiret, secr\u00e9taire de l'ESALM et Andr\u00e9 Brillant, le Pr\u00e9sident du District de l'Essonne\"},{\"@type\":\"BreadcrumbList\",\"@id\":\"https:\/\/francois-pelletant.fr\/blog\/un-label-pour-lesalm\/#breadcrumb\",\"itemListElement\":[{\"@type\":\"ListItem\",\"position\":1,\"name\":\"Accueil\",\"item\":\"https:\/\/francois-pelletant.fr\/blog\/\"},{\"@type\":\"ListItem\",\"position\":2,\"name\":\"Un label pour l\u2019ESALM\"}]},{\"@type\":\"WebSite\",\"@id\":\"https:\/\/francois-pelletant.fr\/blog\/#website\",\"url\":\"https:\/\/francois-pelletant.fr\/blog\/\",\"name\":\"Fran\u00e7ois Pelletant\",\"description\":\"Maire de Linas, pour toujours.\",\"publisher\":{\"@id\":\"https:\/\/francois-pelletant.fr\/blog\/#organization\"},\"potentialAction\":[{\"@type\":\"SearchAction\",\"target\":{\"@type\":\"EntryPoint\",\"urlTemplate\":\"https:\/\/francois-pelletant.fr\/blog\/?s={search_term_string}\"},\"query-input\":{\"@type\":\"PropertyValueSpecification\",\"valueRequired\":true,\"valueName\":\"search_term_string\"}}],\"inLanguage\":\"fr-FR\"},{\"@type\":\"Organization\",\"@id\":\"https:\/\/francois-pelletant.fr\/blog\/#organization\",\"name\":\"Fran\u00e7ois Pelletant\",\"url\":\"https:\/\/francois-pelletant.fr\/blog\/\",\"logo\":{\"@type\":\"ImageObject\",\"inLanguage\":\"fr-FR\",\"@id\":\"https:\/\/francois-pelletant.fr\/blog\/#\/schema\/logo\/image\/\",\"url\":\"https:\/\/francois-pelletant.fr\/blog\/wp-content\/uploads\/2024\/07\/icone-francois-centre-500p.png\",\"contentUrl\":\"https:\/\/francois-pelletant.fr\/blog\/wp-content\/uploads\/2024\/07\/icone-francois-centre-500p.png\",\"width\":559,\"height\":447,\"caption\":\"Fran\u00e7ois Pelletant\"},\"image\":{\"@id\":\"https:\/\/francois-pelletant.fr\/blog\/#\/schema\/logo\/image\/\"},\"sameAs\":[\"https:\/\/www.facebook.com\/francois.pelletant.7\",\"https:\/\/x.com\/pelletant\"]},{\"@type\":\"Person\",\"@id\":\"https:\/\/francois-pelletant.fr\/blog\/#\/schema\/person\/2be41acb171dff8f31aaed1f40cee9f3\",\"name\":\"Francois\"}]}<\/script>\n<!-- \/ Yoast SEO plugin. -->","yoast_head_json":{"title":"Un label pour l\u2019ESALM - Fran\u00e7ois Pelletant","robots":{"index":"index","follow":"follow","max-snippet":"max-snippet:-1","max-image-preview":"max-image-preview:large","max-video-preview":"max-video-preview:-1"},"canonical":"https:\/\/francois-pelletant.fr\/blog\/un-label-pour-lesalm\/","og_locale":"fr_FR","og_type":"article","og_title":"Un label pour l\u2019ESALM - Fran\u00e7ois Pelletant","og_description":"Ce 11 avril, \u00a0l \u2019ESALM recevait des mains des repr\u00e9sentants de la Ligue de football de l\u2019Essonne, le\u00a0Label Qualit\u00e9 Ecole de Football de la F.F.F.\u00a0Une r\u00e9compense pour l\u2019am\u00e9lioration du fonctionnement de son Ecole de Football, pour les qualit\u00e9s d\u2019accueil, d\u2019encadrement, d\u2019\u00e9ducation et d\u2019enseignement, pour sa participation \u00e0 la fid\u00e9lisation des effectifs, pour la valorisation de [&hellip;]","og_url":"https:\/\/francois-pelletant.fr\/blog\/un-label-pour-lesalm\/","og_site_name":"Fran\u00e7ois Pelletant","article_publisher":"https:\/\/www.facebook.com\/francois.pelletant.7","article_published_time":"2012-04-14T08:14:23+00:00","og_image":[{"width":1471,"height":1207,"url":"https:\/\/francois-pelletant.fr\/blog\/wp-content\/uploads\/2012\/04\/P1040762web.jpg","type":"image\/jpeg"}],"author":"Francois","twitter_card":"summary_large_image","twitter_creator":"@pelletant","twitter_site":"@pelletant","twitter_misc":{"\u00c9crit par":"Francois","Dur\u00e9e de lecture estim\u00e9e":"1 minute"},"schema":{"@context":"https:\/\/schema.org","@graph":[{"@type":"Article","@id":"https:\/\/francois-pelletant.fr\/blog\/un-label-pour-lesalm\/#article","isPartOf":{"@id":"https:\/\/francois-pelletant.fr\/blog\/un-label-pour-lesalm\/"},"author":{"name":"Francois","@id":"https:\/\/francois-pelletant.fr\/blog\/#\/schema\/person\/2be41acb171dff8f31aaed1f40cee9f3"},"headline":"Un label pour l\u2019ESALM","datePublished":"2012-04-14T08:14:23+00:00","mainEntityOfPage":{"@id":"https:\/\/francois-pelletant.fr\/blog\/un-label-pour-lesalm\/"},"wordCount":220,"commentCount":0,"publisher":{"@id":"https:\/\/francois-pelletant.fr\/blog\/#organization"},"image":{"@id":"https:\/\/francois-pelletant.fr\/blog\/un-label-pour-lesalm\/#primaryimage"},"thumbnailUrl":"https:\/\/francois-pelletant.fr\/blog\/wp-content\/uploads\/2012\/04\/P1040762web.jpg","articleSection":["Infos"],"inLanguage":"fr-FR","potentialAction":[{"@type":"CommentAction","name":"Comment","target":["https:\/\/francois-pelletant.fr\/blog\/un-label-pour-lesalm\/#respond"]}]},{"@type":"WebPage","@id":"https:\/\/francois-pelletant.fr\/blog\/un-label-pour-lesalm\/","url":"https:\/\/francois-pelletant.fr\/blog\/un-label-pour-lesalm\/","name":"Un label pour l\u2019ESALM - Fran\u00e7ois Pelletant","isPartOf":{"@id":"https:\/\/francois-pelletant.fr\/blog\/#website"},"primaryImageOfPage":{"@id":"https:\/\/francois-pelletant.fr\/blog\/un-label-pour-lesalm\/#primaryimage"},"image":{"@id":"https:\/\/francois-pelletant.fr\/blog\/un-label-pour-lesalm\/#primaryimage"},"thumbnailUrl":"https:\/\/francois-pelletant.fr\/blog\/wp-content\/uploads\/2012\/04\/P1040762web.jpg","datePublished":"2012-04-14T08:14:23+00:00","breadcrumb":{"@id":"https:\/\/francois-pelletant.fr\/blog\/un-label-pour-lesalm\/#breadcrumb"},"inLanguage":"fr-FR","potentialAction":[{"@type":"ReadAction","target":["https:\/\/francois-pelletant.fr\/blog\/un-label-pour-lesalm\/"]}]},{"@type":"ImageObject","inLanguage":"fr-FR","@id":"https:\/\/francois-pelletant.fr\/blog\/un-label-pour-lesalm\/#primaryimage","url":"https:\/\/francois-pelletant.fr\/blog\/wp-content\/uploads\/2012\/04\/P1040762web.jpg","contentUrl":"https:\/\/francois-pelletant.fr\/blog\/wp-content\/uploads\/2012\/04\/P1040762web.jpg","width":1471,"height":1207,"caption":"de gauche \u00e0 droite : Pierre Pareux, vice-pr\u00e9sident d\u00e9l\u00e9gu\u00e9 du District de l'Essonne, Patrick Poiret, secr\u00e9taire de l'ESALM et Andr\u00e9 Brillant, le Pr\u00e9sident du District de l'Essonne"},{"@type":"BreadcrumbList","@id":"https:\/\/francois-pelletant.fr\/blog\/un-label-pour-lesalm\/#breadcrumb","itemListElement":[{"@type":"ListItem","position":1,"name":"Accueil","item":"https:\/\/francois-pelletant.fr\/blog\/"},{"@type":"ListItem","position":2,"name":"Un label pour l\u2019ESALM"}]},{"@type":"WebSite","@id":"https:\/\/francois-pelletant.fr\/blog\/#website","url":"https:\/\/francois-pelletant.fr\/blog\/","name":"Fran\u00e7ois Pelletant","description":"Maire de Linas, pour toujours.","publisher":{"@id":"https:\/\/francois-pelletant.fr\/blog\/#organization"},"potentialAction":[{"@type":"SearchAction","target":{"@type":"EntryPoint","urlTemplate":"https:\/\/francois-pelletant.fr\/blog\/?s={search_term_string}"},"query-input":{"@type":"PropertyValueSpecification","valueRequired":true,"valueName":"search_term_string"}}],"inLanguage":"fr-FR"},{"@type":"Organization","@id":"https:\/\/francois-pelletant.fr\/blog\/#organization","name":"Fran\u00e7ois Pelletant","url":"https:\/\/francois-pelletant.fr\/blog\/","logo":{"@type":"ImageObject","inLanguage":"fr-FR","@id":"https:\/\/francois-pelletant.fr\/blog\/#\/schema\/logo\/image\/","url":"https:\/\/francois-pelletant.fr\/blog\/wp-content\/uploads\/2024\/07\/icone-francois-centre-500p.png","contentUrl":"https:\/\/francois-pelletant.fr\/blog\/wp-content\/uploads\/2024\/07\/icone-francois-centre-500p.png","width":559,"height":447,"caption":"Fran\u00e7ois Pelletant"},"image":{"@id":"https:\/\/francois-pelletant.fr\/blog\/#\/schema\/logo\/image\/"},"sameAs":["https:\/\/www.facebook.com\/francois.pelletant.7","https:\/\/x.com\/pelletant"]},{"@type":"Person","@id":"https:\/\/francois-pelletant.fr\/blog\/#\/schema\/person\/2be41acb171dff8f31aaed1f40cee9f3","name":"Francois"}]}},"_links":{"self":[{"href":"https:\/\/francois-pelletant.fr\/blog\/wp-json\/wp\/v2\/posts\/2144","targetHints":{"allow":["GET"]}}],"collection":[{"href":"https:\/\/francois-pelletant.fr\/blog\/wp-json\/wp\/v2\/posts"}],"about":[{"href":"https:\/\/francois-pelletant.fr\/blog\/wp-json\/wp\/v2\/types\/post"}],"author":[{"embeddable":true,"href":"https:\/\/francois-pelletant.fr\/blog\/wp-json\/wp\/v2\/users\/1"}],"replies":[{"embeddable":true,"href":"https:\/\/francois-pelletant.fr\/blog\/wp-json\/wp\/v2\/comments?post=2144"}],"version-history":[{"count":0,"href":"https:\/\/francois-pelletant.fr\/blog\/wp-json\/wp\/v2\/posts\/2144\/revisions"}],"wp:featuredmedia":[{"embeddable":true,"href":"https:\/\/francois-pelletant.fr\/blog\/wp-json\/wp\/v2\/media\/2145"}],"wp:attachment":[{"href":"https:\/\/francois-pelletant.fr\/blog\/wp-json\/wp\/v2\/media?parent=2144"}],"wp:term":[{"taxonomy":"category","embeddable":true,"href":"https:\/\/francois-pelletant.fr\/blog\/wp-json\/wp\/v2\/categories?post=2144"},{"taxonomy":"post_tag","embeddable":true,"href":"https:\/\/francois-pelletant.fr\/blog\/wp-json\/wp\/v2\/tags?post=2144"}],"curies":[{"name":"wp","href":"https:\/\/api.w.org\/{rel}","templated":true}]}}