{"id":2346,"date":"2012-06-21T10:07:05","date_gmt":"2012-06-21T08:07:05","guid":{"rendered":"https:\/\/francois-pelletant.fr\/blog\/?p=2346"},"modified":"2012-06-21T10:07:05","modified_gmt":"2012-06-21T08:07:05","slug":"une-subvention-pour-lecole","status":"publish","type":"post","link":"https:\/\/francois-pelletant.fr\/blog\/une-subvention-pour-lecole\/","title":{"rendered":"Une subvention pour l&#039;\u00e9cole"},"content":{"rendered":"<p><a href=\"https:\/\/francois-pelletant.fr\/blog\/wp-content\/uploads\/2012\/06\/subventio-ademe.jpg\"><img loading=\"lazy\" decoding=\"async\" class=\"alignleft size-medium wp-image-2347\" title=\"subventio ademe\" src=\"https:\/\/francois-pelletant.fr\/blog\/wp-content\/uploads\/2012\/06\/subventio-ademe-300x170.jpg\" alt=\"\" width=\"300\" height=\"170\" srcset=\"https:\/\/francois-pelletant.fr\/blog\/wp-content\/uploads\/2012\/06\/subventio-ademe-300x170.jpg 300w, https:\/\/francois-pelletant.fr\/blog\/wp-content\/uploads\/2012\/06\/subventio-ademe-1024x581.jpg 1024w, https:\/\/francois-pelletant.fr\/blog\/wp-content\/uploads\/2012\/06\/subventio-ademe-768x436.jpg 768w, https:\/\/francois-pelletant.fr\/blog\/wp-content\/uploads\/2012\/06\/subventio-ademe-600x340.jpg 600w, https:\/\/francois-pelletant.fr\/blog\/wp-content\/uploads\/2012\/06\/subventio-ademe-150x85.jpg 150w, https:\/\/francois-pelletant.fr\/blog\/wp-content\/uploads\/2012\/06\/subventio-ademe.jpg 1181w\" sizes=\"auto, (max-width: 300px) 100vw, 300px\" \/><\/a>La municipalit\u00e9 de Linas a \u00e9t\u00e9 re\u00e7ue par l&#8217;Agence de l&#8217;Environnement et de la Ma\u00eetrise de l&#8217;Energie (Ademe) le 22 mai dernier et le dossier de subvention de la commune pour la future \u00e9cole devrait \u00eatre \u00e9tudi\u00e9 d\u00e8s septembre 2012. Il restera ensuite la subvention du Conseil R\u00e9gional et celle du Conseil G\u00e9n\u00e9ral actuellement en cours d&#8217;\u00e9tude. \u00a0Le financement de l&#8217;\u00e9cole pourra ensuite \u00eatre boucl\u00e9 en r\u00e9unissant un maximum de subventions possible.<\/p>\n","protected":false},"excerpt":{"rendered":"<p>La municipalit\u00e9 de Linas a \u00e9t\u00e9 re\u00e7ue par l&#8217;Agence de l&#8217;Environnement et de la Ma\u00eetrise de l&#8217;Energie (Ademe) le 22 mai dernier et le dossier de subvention de la commune pour la future \u00e9cole devrait \u00eatre \u00e9tudi\u00e9 d\u00e8s septembre 2012. Il restera ensuite la subvention du Conseil R\u00e9gional et celle du Conseil G\u00e9n\u00e9ral actuellement en [&hellip;]<\/p>\n","protected":false},"author":1,"featured_media":2347,"comment_status":"open","ping_status":"open","sticky":false,"template":"","format":"standard","meta":{"footnotes":""},"categories":[10],"tags":[],"class_list":["post-2346","post","type-post","status-publish","format-standard","has-post-thumbnail","hentry","category-1pelletant"],"yoast_head":"<!-- This site is optimized with the Yoast SEO plugin v25.6 - https:\/\/yoast.com\/wordpress\/plugins\/seo\/ -->\n<title>Une subvention pour l&#039;\u00e9cole - Fran\u00e7ois Pelletant<\/title>\n<meta name=\"robots\" content=\"index, follow, max-snippet:-1, max-image-preview:large, max-video-preview:-1\" \/>\n<link rel=\"canonical\" href=\"https:\/\/francois-pelletant.fr\/blog\/une-subvention-pour-lecole\/\" \/>\n<meta property=\"og:locale\" content=\"fr_FR\" \/>\n<meta property=\"og:type\" content=\"article\" \/>\n<meta property=\"og:title\" content=\"Une subvention pour l&#039;\u00e9cole - Fran\u00e7ois Pelletant\" \/>\n<meta property=\"og:description\" content=\"La municipalit\u00e9 de Linas a \u00e9t\u00e9 re\u00e7ue par l&#8217;Agence de l&#8217;Environnement et de la Ma\u00eetrise de l&#8217;Energie (Ademe) le 22 mai dernier et le dossier de subvention de la commune pour la future \u00e9cole devrait \u00eatre \u00e9tudi\u00e9 d\u00e8s septembre 2012. Il restera ensuite la subvention du Conseil R\u00e9gional et celle du Conseil G\u00e9n\u00e9ral actuellement en [&hellip;]\" \/>\n<meta property=\"og:url\" content=\"https:\/\/francois-pelletant.fr\/blog\/une-subvention-pour-lecole\/\" \/>\n<meta property=\"og:site_name\" content=\"Fran\u00e7ois Pelletant\" \/>\n<meta property=\"article:publisher\" content=\"https:\/\/www.facebook.com\/francois.pelletant.7\" \/>\n<meta property=\"article:published_time\" content=\"2012-06-21T08:07:05+00:00\" \/>\n<meta property=\"og:image\" content=\"https:\/\/francois-pelletant.fr\/blog\/wp-content\/uploads\/2012\/06\/subventio-ademe.jpg\" \/>\n\t<meta property=\"og:image:width\" content=\"1181\" \/>\n\t<meta property=\"og:image:height\" content=\"670\" \/>\n\t<meta property=\"og:image:type\" content=\"image\/jpeg\" \/>\n<meta name=\"author\" content=\"Francois\" \/>\n<meta name=\"twitter:card\" content=\"summary_large_image\" \/>\n<meta name=\"twitter:creator\" content=\"@pelletant\" \/>\n<meta name=\"twitter:site\" content=\"@pelletant\" \/>\n<meta name=\"twitter:label1\" content=\"\u00c9crit par\" \/>\n\t<meta name=\"twitter:data1\" content=\"Francois\" \/>\n<script type=\"application\/ld+json\" class=\"yoast-schema-graph\">{\"@context\":\"https:\/\/schema.org\",\"@graph\":[{\"@type\":\"Article\",\"@id\":\"https:\/\/francois-pelletant.fr\/blog\/une-subvention-pour-lecole\/#article\",\"isPartOf\":{\"@id\":\"https:\/\/francois-pelletant.fr\/blog\/une-subvention-pour-lecole\/\"},\"author\":{\"name\":\"Francois\",\"@id\":\"https:\/\/francois-pelletant.fr\/blog\/#\/schema\/person\/2be41acb171dff8f31aaed1f40cee9f3\"},\"headline\":\"Une subvention pour l&#039;\u00e9cole\",\"datePublished\":\"2012-06-21T08:07:05+00:00\",\"mainEntityOfPage\":{\"@id\":\"https:\/\/francois-pelletant.fr\/blog\/une-subvention-pour-lecole\/\"},\"wordCount\":87,\"commentCount\":0,\"publisher\":{\"@id\":\"https:\/\/francois-pelletant.fr\/blog\/#organization\"},\"image\":{\"@id\":\"https:\/\/francois-pelletant.fr\/blog\/une-subvention-pour-lecole\/#primaryimage\"},\"thumbnailUrl\":\"https:\/\/francois-pelletant.fr\/blog\/wp-content\/uploads\/2012\/06\/subventio-ademe.jpg\",\"articleSection\":[\"Infos\"],\"inLanguage\":\"fr-FR\",\"potentialAction\":[{\"@type\":\"CommentAction\",\"name\":\"Comment\",\"target\":[\"https:\/\/francois-pelletant.fr\/blog\/une-subvention-pour-lecole\/#respond\"]}]},{\"@type\":\"WebPage\",\"@id\":\"https:\/\/francois-pelletant.fr\/blog\/une-subvention-pour-lecole\/\",\"url\":\"https:\/\/francois-pelletant.fr\/blog\/une-subvention-pour-lecole\/\",\"name\":\"Une subvention pour l&#039;\u00e9cole - Fran\u00e7ois Pelletant\",\"isPartOf\":{\"@id\":\"https:\/\/francois-pelletant.fr\/blog\/#website\"},\"primaryImageOfPage\":{\"@id\":\"https:\/\/francois-pelletant.fr\/blog\/une-subvention-pour-lecole\/#primaryimage\"},\"image\":{\"@id\":\"https:\/\/francois-pelletant.fr\/blog\/une-subvention-pour-lecole\/#primaryimage\"},\"thumbnailUrl\":\"https:\/\/francois-pelletant.fr\/blog\/wp-content\/uploads\/2012\/06\/subventio-ademe.jpg\",\"datePublished\":\"2012-06-21T08:07:05+00:00\",\"breadcrumb\":{\"@id\":\"https:\/\/francois-pelletant.fr\/blog\/une-subvention-pour-lecole\/#breadcrumb\"},\"inLanguage\":\"fr-FR\",\"potentialAction\":[{\"@type\":\"ReadAction\",\"target\":[\"https:\/\/francois-pelletant.fr\/blog\/une-subvention-pour-lecole\/\"]}]},{\"@type\":\"ImageObject\",\"inLanguage\":\"fr-FR\",\"@id\":\"https:\/\/francois-pelletant.fr\/blog\/une-subvention-pour-lecole\/#primaryimage\",\"url\":\"https:\/\/francois-pelletant.fr\/blog\/wp-content\/uploads\/2012\/06\/subventio-ademe.jpg\",\"contentUrl\":\"https:\/\/francois-pelletant.fr\/blog\/wp-content\/uploads\/2012\/06\/subventio-ademe.jpg\",\"width\":1181,\"height\":670},{\"@type\":\"BreadcrumbList\",\"@id\":\"https:\/\/francois-pelletant.fr\/blog\/une-subvention-pour-lecole\/#breadcrumb\",\"itemListElement\":[{\"@type\":\"ListItem\",\"position\":1,\"name\":\"Accueil\",\"item\":\"https:\/\/francois-pelletant.fr\/blog\/\"},{\"@type\":\"ListItem\",\"position\":2,\"name\":\"Une subvention pour l&#039;\u00e9cole\"}]},{\"@type\":\"WebSite\",\"@id\":\"https:\/\/francois-pelletant.fr\/blog\/#website\",\"url\":\"https:\/\/francois-pelletant.fr\/blog\/\",\"name\":\"Fran\u00e7ois Pelletant\",\"description\":\"Maire de Linas, pour toujours.\",\"publisher\":{\"@id\":\"https:\/\/francois-pelletant.fr\/blog\/#organization\"},\"potentialAction\":[{\"@type\":\"SearchAction\",\"target\":{\"@type\":\"EntryPoint\",\"urlTemplate\":\"https:\/\/francois-pelletant.fr\/blog\/?s={search_term_string}\"},\"query-input\":{\"@type\":\"PropertyValueSpecification\",\"valueRequired\":true,\"valueName\":\"search_term_string\"}}],\"inLanguage\":\"fr-FR\"},{\"@type\":\"Organization\",\"@id\":\"https:\/\/francois-pelletant.fr\/blog\/#organization\",\"name\":\"Fran\u00e7ois Pelletant\",\"url\":\"https:\/\/francois-pelletant.fr\/blog\/\",\"logo\":{\"@type\":\"ImageObject\",\"inLanguage\":\"fr-FR\",\"@id\":\"https:\/\/francois-pelletant.fr\/blog\/#\/schema\/logo\/image\/\",\"url\":\"https:\/\/francois-pelletant.fr\/blog\/wp-content\/uploads\/2024\/07\/icone-francois-centre-500p.png\",\"contentUrl\":\"https:\/\/francois-pelletant.fr\/blog\/wp-content\/uploads\/2024\/07\/icone-francois-centre-500p.png\",\"width\":559,\"height\":447,\"caption\":\"Fran\u00e7ois Pelletant\"},\"image\":{\"@id\":\"https:\/\/francois-pelletant.fr\/blog\/#\/schema\/logo\/image\/\"},\"sameAs\":[\"https:\/\/www.facebook.com\/francois.pelletant.7\",\"https:\/\/x.com\/pelletant\"]},{\"@type\":\"Person\",\"@id\":\"https:\/\/francois-pelletant.fr\/blog\/#\/schema\/person\/2be41acb171dff8f31aaed1f40cee9f3\",\"name\":\"Francois\"}]}<\/script>\n<!-- \/ Yoast SEO plugin. -->","yoast_head_json":{"title":"Une subvention pour l&#039;\u00e9cole - Fran\u00e7ois Pelletant","robots":{"index":"index","follow":"follow","max-snippet":"max-snippet:-1","max-image-preview":"max-image-preview:large","max-video-preview":"max-video-preview:-1"},"canonical":"https:\/\/francois-pelletant.fr\/blog\/une-subvention-pour-lecole\/","og_locale":"fr_FR","og_type":"article","og_title":"Une subvention pour l&#039;\u00e9cole - Fran\u00e7ois Pelletant","og_description":"La municipalit\u00e9 de Linas a \u00e9t\u00e9 re\u00e7ue par l&#8217;Agence de l&#8217;Environnement et de la Ma\u00eetrise de l&#8217;Energie (Ademe) le 22 mai dernier et le dossier de subvention de la commune pour la future \u00e9cole devrait \u00eatre \u00e9tudi\u00e9 d\u00e8s septembre 2012. Il restera ensuite la subvention du Conseil R\u00e9gional et celle du Conseil G\u00e9n\u00e9ral actuellement en [&hellip;]","og_url":"https:\/\/francois-pelletant.fr\/blog\/une-subvention-pour-lecole\/","og_site_name":"Fran\u00e7ois Pelletant","article_publisher":"https:\/\/www.facebook.com\/francois.pelletant.7","article_published_time":"2012-06-21T08:07:05+00:00","og_image":[{"width":1181,"height":670,"url":"https:\/\/francois-pelletant.fr\/blog\/wp-content\/uploads\/2012\/06\/subventio-ademe.jpg","type":"image\/jpeg"}],"author":"Francois","twitter_card":"summary_large_image","twitter_creator":"@pelletant","twitter_site":"@pelletant","twitter_misc":{"\u00c9crit par":"Francois"},"schema":{"@context":"https:\/\/schema.org","@graph":[{"@type":"Article","@id":"https:\/\/francois-pelletant.fr\/blog\/une-subvention-pour-lecole\/#article","isPartOf":{"@id":"https:\/\/francois-pelletant.fr\/blog\/une-subvention-pour-lecole\/"},"author":{"name":"Francois","@id":"https:\/\/francois-pelletant.fr\/blog\/#\/schema\/person\/2be41acb171dff8f31aaed1f40cee9f3"},"headline":"Une subvention pour l&#039;\u00e9cole","datePublished":"2012-06-21T08:07:05+00:00","mainEntityOfPage":{"@id":"https:\/\/francois-pelletant.fr\/blog\/une-subvention-pour-lecole\/"},"wordCount":87,"commentCount":0,"publisher":{"@id":"https:\/\/francois-pelletant.fr\/blog\/#organization"},"image":{"@id":"https:\/\/francois-pelletant.fr\/blog\/une-subvention-pour-lecole\/#primaryimage"},"thumbnailUrl":"https:\/\/francois-pelletant.fr\/blog\/wp-content\/uploads\/2012\/06\/subventio-ademe.jpg","articleSection":["Infos"],"inLanguage":"fr-FR","potentialAction":[{"@type":"CommentAction","name":"Comment","target":["https:\/\/francois-pelletant.fr\/blog\/une-subvention-pour-lecole\/#respond"]}]},{"@type":"WebPage","@id":"https:\/\/francois-pelletant.fr\/blog\/une-subvention-pour-lecole\/","url":"https:\/\/francois-pelletant.fr\/blog\/une-subvention-pour-lecole\/","name":"Une subvention pour l&#039;\u00e9cole - Fran\u00e7ois Pelletant","isPartOf":{"@id":"https:\/\/francois-pelletant.fr\/blog\/#website"},"primaryImageOfPage":{"@id":"https:\/\/francois-pelletant.fr\/blog\/une-subvention-pour-lecole\/#primaryimage"},"image":{"@id":"https:\/\/francois-pelletant.fr\/blog\/une-subvention-pour-lecole\/#primaryimage"},"thumbnailUrl":"https:\/\/francois-pelletant.fr\/blog\/wp-content\/uploads\/2012\/06\/subventio-ademe.jpg","datePublished":"2012-06-21T08:07:05+00:00","breadcrumb":{"@id":"https:\/\/francois-pelletant.fr\/blog\/une-subvention-pour-lecole\/#breadcrumb"},"inLanguage":"fr-FR","potentialAction":[{"@type":"ReadAction","target":["https:\/\/francois-pelletant.fr\/blog\/une-subvention-pour-lecole\/"]}]},{"@type":"ImageObject","inLanguage":"fr-FR","@id":"https:\/\/francois-pelletant.fr\/blog\/une-subvention-pour-lecole\/#primaryimage","url":"https:\/\/francois-pelletant.fr\/blog\/wp-content\/uploads\/2012\/06\/subventio-ademe.jpg","contentUrl":"https:\/\/francois-pelletant.fr\/blog\/wp-content\/uploads\/2012\/06\/subventio-ademe.jpg","width":1181,"height":670},{"@type":"BreadcrumbList","@id":"https:\/\/francois-pelletant.fr\/blog\/une-subvention-pour-lecole\/#breadcrumb","itemListElement":[{"@type":"ListItem","position":1,"name":"Accueil","item":"https:\/\/francois-pelletant.fr\/blog\/"},{"@type":"ListItem","position":2,"name":"Une subvention pour l&#039;\u00e9cole"}]},{"@type":"WebSite","@id":"https:\/\/francois-pelletant.fr\/blog\/#website","url":"https:\/\/francois-pelletant.fr\/blog\/","name":"Fran\u00e7ois Pelletant","description":"Maire de Linas, pour toujours.","publisher":{"@id":"https:\/\/francois-pelletant.fr\/blog\/#organization"},"potentialAction":[{"@type":"SearchAction","target":{"@type":"EntryPoint","urlTemplate":"https:\/\/francois-pelletant.fr\/blog\/?s={search_term_string}"},"query-input":{"@type":"PropertyValueSpecification","valueRequired":true,"valueName":"search_term_string"}}],"inLanguage":"fr-FR"},{"@type":"Organization","@id":"https:\/\/francois-pelletant.fr\/blog\/#organization","name":"Fran\u00e7ois Pelletant","url":"https:\/\/francois-pelletant.fr\/blog\/","logo":{"@type":"ImageObject","inLanguage":"fr-FR","@id":"https:\/\/francois-pelletant.fr\/blog\/#\/schema\/logo\/image\/","url":"https:\/\/francois-pelletant.fr\/blog\/wp-content\/uploads\/2024\/07\/icone-francois-centre-500p.png","contentUrl":"https:\/\/francois-pelletant.fr\/blog\/wp-content\/uploads\/2024\/07\/icone-francois-centre-500p.png","width":559,"height":447,"caption":"Fran\u00e7ois Pelletant"},"image":{"@id":"https:\/\/francois-pelletant.fr\/blog\/#\/schema\/logo\/image\/"},"sameAs":["https:\/\/www.facebook.com\/francois.pelletant.7","https:\/\/x.com\/pelletant"]},{"@type":"Person","@id":"https:\/\/francois-pelletant.fr\/blog\/#\/schema\/person\/2be41acb171dff8f31aaed1f40cee9f3","name":"Francois"}]}},"_links":{"self":[{"href":"https:\/\/francois-pelletant.fr\/blog\/wp-json\/wp\/v2\/posts\/2346","targetHints":{"allow":["GET"]}}],"collection":[{"href":"https:\/\/francois-pelletant.fr\/blog\/wp-json\/wp\/v2\/posts"}],"about":[{"href":"https:\/\/francois-pelletant.fr\/blog\/wp-json\/wp\/v2\/types\/post"}],"author":[{"embeddable":true,"href":"https:\/\/francois-pelletant.fr\/blog\/wp-json\/wp\/v2\/users\/1"}],"replies":[{"embeddable":true,"href":"https:\/\/francois-pelletant.fr\/blog\/wp-json\/wp\/v2\/comments?post=2346"}],"version-history":[{"count":0,"href":"https:\/\/francois-pelletant.fr\/blog\/wp-json\/wp\/v2\/posts\/2346\/revisions"}],"wp:featuredmedia":[{"embeddable":true,"href":"https:\/\/francois-pelletant.fr\/blog\/wp-json\/wp\/v2\/media\/2347"}],"wp:attachment":[{"href":"https:\/\/francois-pelletant.fr\/blog\/wp-json\/wp\/v2\/media?parent=2346"}],"wp:term":[{"taxonomy":"category","embeddable":true,"href":"https:\/\/francois-pelletant.fr\/blog\/wp-json\/wp\/v2\/categories?post=2346"},{"taxonomy":"post_tag","embeddable":true,"href":"https:\/\/francois-pelletant.fr\/blog\/wp-json\/wp\/v2\/tags?post=2346"}],"curies":[{"name":"wp","href":"https:\/\/api.w.org\/{rel}","templated":true}]}}