{"id":2406,"date":"2012-07-22T08:40:44","date_gmt":"2012-07-22T06:40:44","guid":{"rendered":"https:\/\/francois-pelletant.fr\/blog\/?p=2406"},"modified":"2012-07-22T08:40:44","modified_gmt":"2012-07-22T06:40:44","slug":"la-mariee-accouche-dans-la-marie","status":"publish","type":"post","link":"https:\/\/francois-pelletant.fr\/blog\/la-mariee-accouche-dans-la-marie\/","title":{"rendered":"La mari\u00e9e accouche dans la mairie !"},"content":{"rendered":"<p><a href=\"https:\/\/francois-pelletant.fr\/blog\/wp-content\/uploads\/2012\/07\/enceinte.jpg\"><img loading=\"lazy\" decoding=\"async\" class=\"alignleft size-medium wp-image-2407\" title=\"enceinte\" src=\"https:\/\/francois-pelletant.fr\/blog\/wp-content\/uploads\/2012\/07\/enceinte-199x300.jpg\" alt=\"\" width=\"199\" height=\"300\" \/><\/a>Histoire insolite que celle qui s&#8217;est pass\u00e9e le 7 juillet dernier en Maine et Loire. Alors que la c\u00e9r\u00e9monie de mariage bat son plein en mairie, la mari\u00e9e est prise de contractions, et ce qui devait arriver arriva&#8230; Une petite histoire de clochemaires pour passer de bonnes vacances !<\/p>\n<p>La commune de Jallais (Maine-et-Loire) a v\u00e9cu un \u00e9v\u00e9nement rarissime samedi avec l\u2019accouchement de la mari\u00e9e dans la mairie quelques minutes seulement apr\u00e8s son mariage, selon le maire de Jallais, Jean-Robert Gachet.<\/p>\n<p>Le mariage, pr\u00e9vu samedi \u00e0 11H00 \u00e0 la mairie, avait failli \u00eatre report\u00e9 en raison de quelques alertes lors de la grossesse de la mari\u00e9e, qui devait accoucher pour le 14 juillet.<\/p>\n<p>Samedi la mari\u00e9e \u00e9tait certes\u00a0<strong>\u00ab\u00a0un peu fatigu\u00e9e, mais on mettait \u00e7a sous le signe du stress du mariage, j\u2019ai essay\u00e9 d\u2019acc\u00e9l\u00e9rer un peu la lecture pour ne pas trop la fatiguer\u00a0\u00bb<\/strong>, explique le maire Gachet.<\/p>\n<p>Les mari\u00e9s ont prononc\u00e9 leurs voeux, mais une fois arriv\u00e9s sur le perron de la mairie pour les traditionnelles photos de mariage, et alors que la plupart des invit\u00e9s \u00e9taient partis dans une commune voisine pour le vin d\u2019honneur, \u00ab\u00a0la mari\u00e9e ne se sentait pas bien\u00a0\u00bb, raconte-t-il.<\/p>\n<p>Les pompiers sont appel\u00e9s, mais la mari\u00e9e a d\u00e9j\u00e0 perdu les eaux et va finalement accoucher sur place, \u00e0 12H15, d\u2019un petit gar\u00e7on.<\/p>\n<p>\u00ab\u00a0<strong>Le premier cri du nouveau n\u00e9 dans la mairie, c\u2019est un peu d\u2019\u00e9motion ! C\u2019\u00e9tait une grande premi\u00e8re pour nous, et pour les pompiers aussi<\/strong>\u00a0!\u00a0\u00bb, a comment\u00e9 le maire.<\/p>\n<p>AFP<\/p>\n","protected":false},"excerpt":{"rendered":"<p>Histoire insolite que celle qui s&#8217;est pass\u00e9e le 7 juillet dernier en Maine et Loire. Alors que la c\u00e9r\u00e9monie de mariage bat son plein en mairie, la mari\u00e9e est prise de contractions, et ce qui devait arriver arriva&#8230; Une petite histoire de clochemaires pour passer de bonnes vacances ! La commune de Jallais (Maine-et-Loire) a [&hellip;]<\/p>\n","protected":false},"author":1,"featured_media":2407,"comment_status":"open","ping_status":"open","sticky":false,"template":"","format":"standard","meta":{"footnotes":""},"categories":[8,10],"tags":[],"class_list":["post-2406","post","type-post","status-publish","format-standard","has-post-thumbnail","hentry","category-histoire-cloche-maire","category-1pelletant"],"yoast_head":"<!-- This site is optimized with the Yoast SEO plugin v25.6 - https:\/\/yoast.com\/wordpress\/plugins\/seo\/ -->\n<title>La mari\u00e9e accouche dans la mairie ! - Fran\u00e7ois Pelletant<\/title>\n<meta name=\"robots\" content=\"index, follow, max-snippet:-1, max-image-preview:large, max-video-preview:-1\" \/>\n<link rel=\"canonical\" href=\"https:\/\/francois-pelletant.fr\/blog\/la-mariee-accouche-dans-la-marie\/\" \/>\n<meta property=\"og:locale\" content=\"fr_FR\" \/>\n<meta property=\"og:type\" content=\"article\" \/>\n<meta property=\"og:title\" content=\"La mari\u00e9e accouche dans la mairie ! - Fran\u00e7ois Pelletant\" \/>\n<meta property=\"og:description\" content=\"Histoire insolite que celle qui s&#8217;est pass\u00e9e le 7 juillet dernier en Maine et Loire. Alors que la c\u00e9r\u00e9monie de mariage bat son plein en mairie, la mari\u00e9e est prise de contractions, et ce qui devait arriver arriva&#8230; Une petite histoire de clochemaires pour passer de bonnes vacances ! La commune de Jallais (Maine-et-Loire) a [&hellip;]\" \/>\n<meta property=\"og:url\" content=\"https:\/\/francois-pelletant.fr\/blog\/la-mariee-accouche-dans-la-marie\/\" \/>\n<meta property=\"og:site_name\" content=\"Fran\u00e7ois Pelletant\" \/>\n<meta property=\"article:publisher\" content=\"https:\/\/www.facebook.com\/francois.pelletant.7\" \/>\n<meta property=\"article:published_time\" content=\"2012-07-22T06:40:44+00:00\" \/>\n<meta property=\"og:image\" content=\"https:\/\/francois-pelletant.fr\/blog\/wp-content\/uploads\/2012\/07\/enceinte.jpg\" \/>\n\t<meta property=\"og:image:width\" content=\"283\" \/>\n\t<meta property=\"og:image:height\" content=\"425\" \/>\n\t<meta property=\"og:image:type\" content=\"image\/jpeg\" \/>\n<meta name=\"author\" content=\"Francois\" \/>\n<meta name=\"twitter:card\" content=\"summary_large_image\" \/>\n<meta name=\"twitter:creator\" content=\"@pelletant\" \/>\n<meta name=\"twitter:site\" content=\"@pelletant\" \/>\n<meta name=\"twitter:label1\" content=\"\u00c9crit par\" \/>\n\t<meta name=\"twitter:data1\" content=\"Francois\" \/>\n\t<meta name=\"twitter:label2\" content=\"Dur\u00e9e de lecture estim\u00e9e\" \/>\n\t<meta name=\"twitter:data2\" content=\"1 minute\" \/>\n<script type=\"application\/ld+json\" class=\"yoast-schema-graph\">{\"@context\":\"https:\/\/schema.org\",\"@graph\":[{\"@type\":\"Article\",\"@id\":\"https:\/\/francois-pelletant.fr\/blog\/la-mariee-accouche-dans-la-marie\/#article\",\"isPartOf\":{\"@id\":\"https:\/\/francois-pelletant.fr\/blog\/la-mariee-accouche-dans-la-marie\/\"},\"author\":{\"name\":\"Francois\",\"@id\":\"https:\/\/francois-pelletant.fr\/blog\/#\/schema\/person\/2be41acb171dff8f31aaed1f40cee9f3\"},\"headline\":\"La mari\u00e9e accouche dans la mairie !\",\"datePublished\":\"2012-07-22T06:40:44+00:00\",\"mainEntityOfPage\":{\"@id\":\"https:\/\/francois-pelletant.fr\/blog\/la-mariee-accouche-dans-la-marie\/\"},\"wordCount\":281,\"commentCount\":0,\"publisher\":{\"@id\":\"https:\/\/francois-pelletant.fr\/blog\/#organization\"},\"image\":{\"@id\":\"https:\/\/francois-pelletant.fr\/blog\/la-mariee-accouche-dans-la-marie\/#primaryimage\"},\"thumbnailUrl\":\"https:\/\/francois-pelletant.fr\/blog\/wp-content\/uploads\/2012\/07\/enceinte.jpg\",\"articleSection\":[\"Histoire Cloche Maire\",\"Infos\"],\"inLanguage\":\"fr-FR\",\"potentialAction\":[{\"@type\":\"CommentAction\",\"name\":\"Comment\",\"target\":[\"https:\/\/francois-pelletant.fr\/blog\/la-mariee-accouche-dans-la-marie\/#respond\"]}]},{\"@type\":\"WebPage\",\"@id\":\"https:\/\/francois-pelletant.fr\/blog\/la-mariee-accouche-dans-la-marie\/\",\"url\":\"https:\/\/francois-pelletant.fr\/blog\/la-mariee-accouche-dans-la-marie\/\",\"name\":\"La mari\u00e9e accouche dans la mairie ! - Fran\u00e7ois Pelletant\",\"isPartOf\":{\"@id\":\"https:\/\/francois-pelletant.fr\/blog\/#website\"},\"primaryImageOfPage\":{\"@id\":\"https:\/\/francois-pelletant.fr\/blog\/la-mariee-accouche-dans-la-marie\/#primaryimage\"},\"image\":{\"@id\":\"https:\/\/francois-pelletant.fr\/blog\/la-mariee-accouche-dans-la-marie\/#primaryimage\"},\"thumbnailUrl\":\"https:\/\/francois-pelletant.fr\/blog\/wp-content\/uploads\/2012\/07\/enceinte.jpg\",\"datePublished\":\"2012-07-22T06:40:44+00:00\",\"breadcrumb\":{\"@id\":\"https:\/\/francois-pelletant.fr\/blog\/la-mariee-accouche-dans-la-marie\/#breadcrumb\"},\"inLanguage\":\"fr-FR\",\"potentialAction\":[{\"@type\":\"ReadAction\",\"target\":[\"https:\/\/francois-pelletant.fr\/blog\/la-mariee-accouche-dans-la-marie\/\"]}]},{\"@type\":\"ImageObject\",\"inLanguage\":\"fr-FR\",\"@id\":\"https:\/\/francois-pelletant.fr\/blog\/la-mariee-accouche-dans-la-marie\/#primaryimage\",\"url\":\"https:\/\/francois-pelletant.fr\/blog\/wp-content\/uploads\/2012\/07\/enceinte.jpg\",\"contentUrl\":\"https:\/\/francois-pelletant.fr\/blog\/wp-content\/uploads\/2012\/07\/enceinte.jpg\",\"width\":283,\"height\":425},{\"@type\":\"BreadcrumbList\",\"@id\":\"https:\/\/francois-pelletant.fr\/blog\/la-mariee-accouche-dans-la-marie\/#breadcrumb\",\"itemListElement\":[{\"@type\":\"ListItem\",\"position\":1,\"name\":\"Accueil\",\"item\":\"https:\/\/francois-pelletant.fr\/blog\/\"},{\"@type\":\"ListItem\",\"position\":2,\"name\":\"La mari\u00e9e accouche dans la mairie !\"}]},{\"@type\":\"WebSite\",\"@id\":\"https:\/\/francois-pelletant.fr\/blog\/#website\",\"url\":\"https:\/\/francois-pelletant.fr\/blog\/\",\"name\":\"Fran\u00e7ois Pelletant\",\"description\":\"Maire de Linas, pour toujours.\",\"publisher\":{\"@id\":\"https:\/\/francois-pelletant.fr\/blog\/#organization\"},\"potentialAction\":[{\"@type\":\"SearchAction\",\"target\":{\"@type\":\"EntryPoint\",\"urlTemplate\":\"https:\/\/francois-pelletant.fr\/blog\/?s={search_term_string}\"},\"query-input\":{\"@type\":\"PropertyValueSpecification\",\"valueRequired\":true,\"valueName\":\"search_term_string\"}}],\"inLanguage\":\"fr-FR\"},{\"@type\":\"Organization\",\"@id\":\"https:\/\/francois-pelletant.fr\/blog\/#organization\",\"name\":\"Fran\u00e7ois Pelletant\",\"url\":\"https:\/\/francois-pelletant.fr\/blog\/\",\"logo\":{\"@type\":\"ImageObject\",\"inLanguage\":\"fr-FR\",\"@id\":\"https:\/\/francois-pelletant.fr\/blog\/#\/schema\/logo\/image\/\",\"url\":\"https:\/\/francois-pelletant.fr\/blog\/wp-content\/uploads\/2024\/07\/icone-francois-centre-500p.png\",\"contentUrl\":\"https:\/\/francois-pelletant.fr\/blog\/wp-content\/uploads\/2024\/07\/icone-francois-centre-500p.png\",\"width\":559,\"height\":447,\"caption\":\"Fran\u00e7ois Pelletant\"},\"image\":{\"@id\":\"https:\/\/francois-pelletant.fr\/blog\/#\/schema\/logo\/image\/\"},\"sameAs\":[\"https:\/\/www.facebook.com\/francois.pelletant.7\",\"https:\/\/x.com\/pelletant\"]},{\"@type\":\"Person\",\"@id\":\"https:\/\/francois-pelletant.fr\/blog\/#\/schema\/person\/2be41acb171dff8f31aaed1f40cee9f3\",\"name\":\"Francois\"}]}<\/script>\n<!-- \/ Yoast SEO plugin. -->","yoast_head_json":{"title":"La mari\u00e9e accouche dans la mairie ! - Fran\u00e7ois Pelletant","robots":{"index":"index","follow":"follow","max-snippet":"max-snippet:-1","max-image-preview":"max-image-preview:large","max-video-preview":"max-video-preview:-1"},"canonical":"https:\/\/francois-pelletant.fr\/blog\/la-mariee-accouche-dans-la-marie\/","og_locale":"fr_FR","og_type":"article","og_title":"La mari\u00e9e accouche dans la mairie ! - Fran\u00e7ois Pelletant","og_description":"Histoire insolite que celle qui s&#8217;est pass\u00e9e le 7 juillet dernier en Maine et Loire. Alors que la c\u00e9r\u00e9monie de mariage bat son plein en mairie, la mari\u00e9e est prise de contractions, et ce qui devait arriver arriva&#8230; Une petite histoire de clochemaires pour passer de bonnes vacances ! La commune de Jallais (Maine-et-Loire) a [&hellip;]","og_url":"https:\/\/francois-pelletant.fr\/blog\/la-mariee-accouche-dans-la-marie\/","og_site_name":"Fran\u00e7ois Pelletant","article_publisher":"https:\/\/www.facebook.com\/francois.pelletant.7","article_published_time":"2012-07-22T06:40:44+00:00","og_image":[{"width":283,"height":425,"url":"https:\/\/francois-pelletant.fr\/blog\/wp-content\/uploads\/2012\/07\/enceinte.jpg","type":"image\/jpeg"}],"author":"Francois","twitter_card":"summary_large_image","twitter_creator":"@pelletant","twitter_site":"@pelletant","twitter_misc":{"\u00c9crit par":"Francois","Dur\u00e9e de lecture estim\u00e9e":"1 minute"},"schema":{"@context":"https:\/\/schema.org","@graph":[{"@type":"Article","@id":"https:\/\/francois-pelletant.fr\/blog\/la-mariee-accouche-dans-la-marie\/#article","isPartOf":{"@id":"https:\/\/francois-pelletant.fr\/blog\/la-mariee-accouche-dans-la-marie\/"},"author":{"name":"Francois","@id":"https:\/\/francois-pelletant.fr\/blog\/#\/schema\/person\/2be41acb171dff8f31aaed1f40cee9f3"},"headline":"La mari\u00e9e accouche dans la mairie !","datePublished":"2012-07-22T06:40:44+00:00","mainEntityOfPage":{"@id":"https:\/\/francois-pelletant.fr\/blog\/la-mariee-accouche-dans-la-marie\/"},"wordCount":281,"commentCount":0,"publisher":{"@id":"https:\/\/francois-pelletant.fr\/blog\/#organization"},"image":{"@id":"https:\/\/francois-pelletant.fr\/blog\/la-mariee-accouche-dans-la-marie\/#primaryimage"},"thumbnailUrl":"https:\/\/francois-pelletant.fr\/blog\/wp-content\/uploads\/2012\/07\/enceinte.jpg","articleSection":["Histoire Cloche Maire","Infos"],"inLanguage":"fr-FR","potentialAction":[{"@type":"CommentAction","name":"Comment","target":["https:\/\/francois-pelletant.fr\/blog\/la-mariee-accouche-dans-la-marie\/#respond"]}]},{"@type":"WebPage","@id":"https:\/\/francois-pelletant.fr\/blog\/la-mariee-accouche-dans-la-marie\/","url":"https:\/\/francois-pelletant.fr\/blog\/la-mariee-accouche-dans-la-marie\/","name":"La mari\u00e9e accouche dans la mairie ! - Fran\u00e7ois Pelletant","isPartOf":{"@id":"https:\/\/francois-pelletant.fr\/blog\/#website"},"primaryImageOfPage":{"@id":"https:\/\/francois-pelletant.fr\/blog\/la-mariee-accouche-dans-la-marie\/#primaryimage"},"image":{"@id":"https:\/\/francois-pelletant.fr\/blog\/la-mariee-accouche-dans-la-marie\/#primaryimage"},"thumbnailUrl":"https:\/\/francois-pelletant.fr\/blog\/wp-content\/uploads\/2012\/07\/enceinte.jpg","datePublished":"2012-07-22T06:40:44+00:00","breadcrumb":{"@id":"https:\/\/francois-pelletant.fr\/blog\/la-mariee-accouche-dans-la-marie\/#breadcrumb"},"inLanguage":"fr-FR","potentialAction":[{"@type":"ReadAction","target":["https:\/\/francois-pelletant.fr\/blog\/la-mariee-accouche-dans-la-marie\/"]}]},{"@type":"ImageObject","inLanguage":"fr-FR","@id":"https:\/\/francois-pelletant.fr\/blog\/la-mariee-accouche-dans-la-marie\/#primaryimage","url":"https:\/\/francois-pelletant.fr\/blog\/wp-content\/uploads\/2012\/07\/enceinte.jpg","contentUrl":"https:\/\/francois-pelletant.fr\/blog\/wp-content\/uploads\/2012\/07\/enceinte.jpg","width":283,"height":425},{"@type":"BreadcrumbList","@id":"https:\/\/francois-pelletant.fr\/blog\/la-mariee-accouche-dans-la-marie\/#breadcrumb","itemListElement":[{"@type":"ListItem","position":1,"name":"Accueil","item":"https:\/\/francois-pelletant.fr\/blog\/"},{"@type":"ListItem","position":2,"name":"La mari\u00e9e accouche dans la mairie !"}]},{"@type":"WebSite","@id":"https:\/\/francois-pelletant.fr\/blog\/#website","url":"https:\/\/francois-pelletant.fr\/blog\/","name":"Fran\u00e7ois Pelletant","description":"Maire de Linas, pour toujours.","publisher":{"@id":"https:\/\/francois-pelletant.fr\/blog\/#organization"},"potentialAction":[{"@type":"SearchAction","target":{"@type":"EntryPoint","urlTemplate":"https:\/\/francois-pelletant.fr\/blog\/?s={search_term_string}"},"query-input":{"@type":"PropertyValueSpecification","valueRequired":true,"valueName":"search_term_string"}}],"inLanguage":"fr-FR"},{"@type":"Organization","@id":"https:\/\/francois-pelletant.fr\/blog\/#organization","name":"Fran\u00e7ois Pelletant","url":"https:\/\/francois-pelletant.fr\/blog\/","logo":{"@type":"ImageObject","inLanguage":"fr-FR","@id":"https:\/\/francois-pelletant.fr\/blog\/#\/schema\/logo\/image\/","url":"https:\/\/francois-pelletant.fr\/blog\/wp-content\/uploads\/2024\/07\/icone-francois-centre-500p.png","contentUrl":"https:\/\/francois-pelletant.fr\/blog\/wp-content\/uploads\/2024\/07\/icone-francois-centre-500p.png","width":559,"height":447,"caption":"Fran\u00e7ois Pelletant"},"image":{"@id":"https:\/\/francois-pelletant.fr\/blog\/#\/schema\/logo\/image\/"},"sameAs":["https:\/\/www.facebook.com\/francois.pelletant.7","https:\/\/x.com\/pelletant"]},{"@type":"Person","@id":"https:\/\/francois-pelletant.fr\/blog\/#\/schema\/person\/2be41acb171dff8f31aaed1f40cee9f3","name":"Francois"}]}},"_links":{"self":[{"href":"https:\/\/francois-pelletant.fr\/blog\/wp-json\/wp\/v2\/posts\/2406","targetHints":{"allow":["GET"]}}],"collection":[{"href":"https:\/\/francois-pelletant.fr\/blog\/wp-json\/wp\/v2\/posts"}],"about":[{"href":"https:\/\/francois-pelletant.fr\/blog\/wp-json\/wp\/v2\/types\/post"}],"author":[{"embeddable":true,"href":"https:\/\/francois-pelletant.fr\/blog\/wp-json\/wp\/v2\/users\/1"}],"replies":[{"embeddable":true,"href":"https:\/\/francois-pelletant.fr\/blog\/wp-json\/wp\/v2\/comments?post=2406"}],"version-history":[{"count":0,"href":"https:\/\/francois-pelletant.fr\/blog\/wp-json\/wp\/v2\/posts\/2406\/revisions"}],"wp:featuredmedia":[{"embeddable":true,"href":"https:\/\/francois-pelletant.fr\/blog\/wp-json\/wp\/v2\/media\/2407"}],"wp:attachment":[{"href":"https:\/\/francois-pelletant.fr\/blog\/wp-json\/wp\/v2\/media?parent=2406"}],"wp:term":[{"taxonomy":"category","embeddable":true,"href":"https:\/\/francois-pelletant.fr\/blog\/wp-json\/wp\/v2\/categories?post=2406"},{"taxonomy":"post_tag","embeddable":true,"href":"https:\/\/francois-pelletant.fr\/blog\/wp-json\/wp\/v2\/tags?post=2406"}],"curies":[{"name":"wp","href":"https:\/\/api.w.org\/{rel}","templated":true}]}}