{"id":2409,"date":"2012-07-11T08:48:23","date_gmt":"2012-07-11T06:48:23","guid":{"rendered":"https:\/\/francois-pelletant.fr\/blog\/?p=2409"},"modified":"2012-07-11T08:48:23","modified_gmt":"2012-07-11T06:48:23","slug":"remise-des-prix-aux-ecoliers-linois","status":"publish","type":"post","link":"https:\/\/francois-pelletant.fr\/blog\/remise-des-prix-aux-ecoliers-linois\/","title":{"rendered":"Remise des prix aux \u00e9coliers linois"},"content":{"rendered":"<p><a href=\"https:\/\/francois-pelletant.fr\/blog\/wp-content\/uploads\/2012\/07\/web2.jpg\"><img loading=\"lazy\" decoding=\"async\" class=\"alignleft size-medium wp-image-2410\" title=\"web2\" src=\"https:\/\/francois-pelletant.fr\/blog\/wp-content\/uploads\/2012\/07\/web2-300x204.jpg\" alt=\"\" width=\"300\" height=\"204\" \/><\/a>Le 30 juin dernier, les futurs CP et coll\u00e9giens \u00e9taient \u00e0 l\u2019honneur \u00e0 l&#8217;Espace Carzou de Linas. Accompagn\u00e9 de mon adjoint Jacques Bussi\u00e8re, \u00e9lu en charge des affaires scolaires, j&#8217;ai remis aux jeunes \u00e9coliers de l&#8217;\u00e9cole des Sources de Linas un dictionnaire en souvenir de leur passage sur les bancs de l\u2019\u00e9cole linoise.\u00a0Chaque enfant a re\u00e7u son prix devant un parterre de parents fiers de leurs petits devenus grands.<\/p>\n","protected":false},"excerpt":{"rendered":"<p>Le 30 juin dernier, les futurs CP et coll\u00e9giens \u00e9taient \u00e0 l\u2019honneur \u00e0 l&#8217;Espace Carzou de Linas. Accompagn\u00e9 de mon adjoint Jacques Bussi\u00e8re, \u00e9lu en charge des affaires scolaires, j&#8217;ai remis aux jeunes \u00e9coliers de l&#8217;\u00e9cole des Sources de Linas un dictionnaire en souvenir de leur passage sur les bancs de l\u2019\u00e9cole linoise.\u00a0Chaque enfant a [&hellip;]<\/p>\n","protected":false},"author":1,"featured_media":2410,"comment_status":"open","ping_status":"open","sticky":false,"template":"","format":"standard","meta":{"footnotes":""},"categories":[10],"tags":[],"class_list":["post-2409","post","type-post","status-publish","format-standard","has-post-thumbnail","hentry","category-1pelletant"],"yoast_head":"<!-- This site is optimized with the Yoast SEO plugin v25.6 - https:\/\/yoast.com\/wordpress\/plugins\/seo\/ -->\n<title>Remise des prix aux \u00e9coliers linois - Fran\u00e7ois Pelletant<\/title>\n<meta name=\"robots\" content=\"index, follow, max-snippet:-1, max-image-preview:large, max-video-preview:-1\" \/>\n<link rel=\"canonical\" href=\"https:\/\/francois-pelletant.fr\/blog\/remise-des-prix-aux-ecoliers-linois\/\" \/>\n<meta property=\"og:locale\" content=\"fr_FR\" \/>\n<meta property=\"og:type\" content=\"article\" \/>\n<meta property=\"og:title\" content=\"Remise des prix aux \u00e9coliers linois - Fran\u00e7ois Pelletant\" \/>\n<meta property=\"og:description\" content=\"Le 30 juin dernier, les futurs CP et coll\u00e9giens \u00e9taient \u00e0 l\u2019honneur \u00e0 l&#8217;Espace Carzou de Linas. Accompagn\u00e9 de mon adjoint Jacques Bussi\u00e8re, \u00e9lu en charge des affaires scolaires, j&#8217;ai remis aux jeunes \u00e9coliers de l&#8217;\u00e9cole des Sources de Linas un dictionnaire en souvenir de leur passage sur les bancs de l\u2019\u00e9cole linoise.\u00a0Chaque enfant a [&hellip;]\" \/>\n<meta property=\"og:url\" content=\"https:\/\/francois-pelletant.fr\/blog\/remise-des-prix-aux-ecoliers-linois\/\" \/>\n<meta property=\"og:site_name\" content=\"Fran\u00e7ois Pelletant\" \/>\n<meta property=\"article:publisher\" content=\"https:\/\/www.facebook.com\/francois.pelletant.7\" \/>\n<meta property=\"article:published_time\" content=\"2012-07-11T06:48:23+00:00\" \/>\n<meta property=\"og:image\" content=\"https:\/\/francois-pelletant.fr\/blog\/wp-content\/uploads\/2012\/07\/web2.jpg\" \/>\n\t<meta property=\"og:image:width\" content=\"886\" \/>\n\t<meta property=\"og:image:height\" content=\"604\" \/>\n\t<meta property=\"og:image:type\" content=\"image\/jpeg\" \/>\n<meta name=\"author\" content=\"Francois\" \/>\n<meta name=\"twitter:card\" content=\"summary_large_image\" \/>\n<meta name=\"twitter:creator\" content=\"@pelletant\" \/>\n<meta name=\"twitter:site\" content=\"@pelletant\" \/>\n<meta name=\"twitter:label1\" content=\"\u00c9crit par\" \/>\n\t<meta name=\"twitter:data1\" content=\"Francois\" \/>\n<script type=\"application\/ld+json\" class=\"yoast-schema-graph\">{\"@context\":\"https:\/\/schema.org\",\"@graph\":[{\"@type\":\"Article\",\"@id\":\"https:\/\/francois-pelletant.fr\/blog\/remise-des-prix-aux-ecoliers-linois\/#article\",\"isPartOf\":{\"@id\":\"https:\/\/francois-pelletant.fr\/blog\/remise-des-prix-aux-ecoliers-linois\/\"},\"author\":{\"name\":\"Francois\",\"@id\":\"https:\/\/francois-pelletant.fr\/blog\/#\/schema\/person\/2be41acb171dff8f31aaed1f40cee9f3\"},\"headline\":\"Remise des prix aux \u00e9coliers linois\",\"datePublished\":\"2012-07-11T06:48:23+00:00\",\"mainEntityOfPage\":{\"@id\":\"https:\/\/francois-pelletant.fr\/blog\/remise-des-prix-aux-ecoliers-linois\/\"},\"wordCount\":81,\"commentCount\":0,\"publisher\":{\"@id\":\"https:\/\/francois-pelletant.fr\/blog\/#organization\"},\"image\":{\"@id\":\"https:\/\/francois-pelletant.fr\/blog\/remise-des-prix-aux-ecoliers-linois\/#primaryimage\"},\"thumbnailUrl\":\"https:\/\/francois-pelletant.fr\/blog\/wp-content\/uploads\/2012\/07\/web2.jpg\",\"articleSection\":[\"Infos\"],\"inLanguage\":\"fr-FR\",\"potentialAction\":[{\"@type\":\"CommentAction\",\"name\":\"Comment\",\"target\":[\"https:\/\/francois-pelletant.fr\/blog\/remise-des-prix-aux-ecoliers-linois\/#respond\"]}]},{\"@type\":\"WebPage\",\"@id\":\"https:\/\/francois-pelletant.fr\/blog\/remise-des-prix-aux-ecoliers-linois\/\",\"url\":\"https:\/\/francois-pelletant.fr\/blog\/remise-des-prix-aux-ecoliers-linois\/\",\"name\":\"Remise des prix aux \u00e9coliers linois - Fran\u00e7ois Pelletant\",\"isPartOf\":{\"@id\":\"https:\/\/francois-pelletant.fr\/blog\/#website\"},\"primaryImageOfPage\":{\"@id\":\"https:\/\/francois-pelletant.fr\/blog\/remise-des-prix-aux-ecoliers-linois\/#primaryimage\"},\"image\":{\"@id\":\"https:\/\/francois-pelletant.fr\/blog\/remise-des-prix-aux-ecoliers-linois\/#primaryimage\"},\"thumbnailUrl\":\"https:\/\/francois-pelletant.fr\/blog\/wp-content\/uploads\/2012\/07\/web2.jpg\",\"datePublished\":\"2012-07-11T06:48:23+00:00\",\"breadcrumb\":{\"@id\":\"https:\/\/francois-pelletant.fr\/blog\/remise-des-prix-aux-ecoliers-linois\/#breadcrumb\"},\"inLanguage\":\"fr-FR\",\"potentialAction\":[{\"@type\":\"ReadAction\",\"target\":[\"https:\/\/francois-pelletant.fr\/blog\/remise-des-prix-aux-ecoliers-linois\/\"]}]},{\"@type\":\"ImageObject\",\"inLanguage\":\"fr-FR\",\"@id\":\"https:\/\/francois-pelletant.fr\/blog\/remise-des-prix-aux-ecoliers-linois\/#primaryimage\",\"url\":\"https:\/\/francois-pelletant.fr\/blog\/wp-content\/uploads\/2012\/07\/web2.jpg\",\"contentUrl\":\"https:\/\/francois-pelletant.fr\/blog\/wp-content\/uploads\/2012\/07\/web2.jpg\",\"width\":886,\"height\":604},{\"@type\":\"BreadcrumbList\",\"@id\":\"https:\/\/francois-pelletant.fr\/blog\/remise-des-prix-aux-ecoliers-linois\/#breadcrumb\",\"itemListElement\":[{\"@type\":\"ListItem\",\"position\":1,\"name\":\"Accueil\",\"item\":\"https:\/\/francois-pelletant.fr\/blog\/\"},{\"@type\":\"ListItem\",\"position\":2,\"name\":\"Remise des prix aux \u00e9coliers linois\"}]},{\"@type\":\"WebSite\",\"@id\":\"https:\/\/francois-pelletant.fr\/blog\/#website\",\"url\":\"https:\/\/francois-pelletant.fr\/blog\/\",\"name\":\"Fran\u00e7ois Pelletant\",\"description\":\"Maire de Linas, pour toujours.\",\"publisher\":{\"@id\":\"https:\/\/francois-pelletant.fr\/blog\/#organization\"},\"potentialAction\":[{\"@type\":\"SearchAction\",\"target\":{\"@type\":\"EntryPoint\",\"urlTemplate\":\"https:\/\/francois-pelletant.fr\/blog\/?s={search_term_string}\"},\"query-input\":{\"@type\":\"PropertyValueSpecification\",\"valueRequired\":true,\"valueName\":\"search_term_string\"}}],\"inLanguage\":\"fr-FR\"},{\"@type\":\"Organization\",\"@id\":\"https:\/\/francois-pelletant.fr\/blog\/#organization\",\"name\":\"Fran\u00e7ois Pelletant\",\"url\":\"https:\/\/francois-pelletant.fr\/blog\/\",\"logo\":{\"@type\":\"ImageObject\",\"inLanguage\":\"fr-FR\",\"@id\":\"https:\/\/francois-pelletant.fr\/blog\/#\/schema\/logo\/image\/\",\"url\":\"https:\/\/francois-pelletant.fr\/blog\/wp-content\/uploads\/2024\/07\/icone-francois-centre-500p.png\",\"contentUrl\":\"https:\/\/francois-pelletant.fr\/blog\/wp-content\/uploads\/2024\/07\/icone-francois-centre-500p.png\",\"width\":559,\"height\":447,\"caption\":\"Fran\u00e7ois Pelletant\"},\"image\":{\"@id\":\"https:\/\/francois-pelletant.fr\/blog\/#\/schema\/logo\/image\/\"},\"sameAs\":[\"https:\/\/www.facebook.com\/francois.pelletant.7\",\"https:\/\/x.com\/pelletant\"]},{\"@type\":\"Person\",\"@id\":\"https:\/\/francois-pelletant.fr\/blog\/#\/schema\/person\/2be41acb171dff8f31aaed1f40cee9f3\",\"name\":\"Francois\"}]}<\/script>\n<!-- \/ Yoast SEO plugin. -->","yoast_head_json":{"title":"Remise des prix aux \u00e9coliers linois - Fran\u00e7ois Pelletant","robots":{"index":"index","follow":"follow","max-snippet":"max-snippet:-1","max-image-preview":"max-image-preview:large","max-video-preview":"max-video-preview:-1"},"canonical":"https:\/\/francois-pelletant.fr\/blog\/remise-des-prix-aux-ecoliers-linois\/","og_locale":"fr_FR","og_type":"article","og_title":"Remise des prix aux \u00e9coliers linois - Fran\u00e7ois Pelletant","og_description":"Le 30 juin dernier, les futurs CP et coll\u00e9giens \u00e9taient \u00e0 l\u2019honneur \u00e0 l&#8217;Espace Carzou de Linas. Accompagn\u00e9 de mon adjoint Jacques Bussi\u00e8re, \u00e9lu en charge des affaires scolaires, j&#8217;ai remis aux jeunes \u00e9coliers de l&#8217;\u00e9cole des Sources de Linas un dictionnaire en souvenir de leur passage sur les bancs de l\u2019\u00e9cole linoise.\u00a0Chaque enfant a [&hellip;]","og_url":"https:\/\/francois-pelletant.fr\/blog\/remise-des-prix-aux-ecoliers-linois\/","og_site_name":"Fran\u00e7ois Pelletant","article_publisher":"https:\/\/www.facebook.com\/francois.pelletant.7","article_published_time":"2012-07-11T06:48:23+00:00","og_image":[{"width":886,"height":604,"url":"https:\/\/francois-pelletant.fr\/blog\/wp-content\/uploads\/2012\/07\/web2.jpg","type":"image\/jpeg"}],"author":"Francois","twitter_card":"summary_large_image","twitter_creator":"@pelletant","twitter_site":"@pelletant","twitter_misc":{"\u00c9crit par":"Francois"},"schema":{"@context":"https:\/\/schema.org","@graph":[{"@type":"Article","@id":"https:\/\/francois-pelletant.fr\/blog\/remise-des-prix-aux-ecoliers-linois\/#article","isPartOf":{"@id":"https:\/\/francois-pelletant.fr\/blog\/remise-des-prix-aux-ecoliers-linois\/"},"author":{"name":"Francois","@id":"https:\/\/francois-pelletant.fr\/blog\/#\/schema\/person\/2be41acb171dff8f31aaed1f40cee9f3"},"headline":"Remise des prix aux \u00e9coliers linois","datePublished":"2012-07-11T06:48:23+00:00","mainEntityOfPage":{"@id":"https:\/\/francois-pelletant.fr\/blog\/remise-des-prix-aux-ecoliers-linois\/"},"wordCount":81,"commentCount":0,"publisher":{"@id":"https:\/\/francois-pelletant.fr\/blog\/#organization"},"image":{"@id":"https:\/\/francois-pelletant.fr\/blog\/remise-des-prix-aux-ecoliers-linois\/#primaryimage"},"thumbnailUrl":"https:\/\/francois-pelletant.fr\/blog\/wp-content\/uploads\/2012\/07\/web2.jpg","articleSection":["Infos"],"inLanguage":"fr-FR","potentialAction":[{"@type":"CommentAction","name":"Comment","target":["https:\/\/francois-pelletant.fr\/blog\/remise-des-prix-aux-ecoliers-linois\/#respond"]}]},{"@type":"WebPage","@id":"https:\/\/francois-pelletant.fr\/blog\/remise-des-prix-aux-ecoliers-linois\/","url":"https:\/\/francois-pelletant.fr\/blog\/remise-des-prix-aux-ecoliers-linois\/","name":"Remise des prix aux \u00e9coliers linois - Fran\u00e7ois Pelletant","isPartOf":{"@id":"https:\/\/francois-pelletant.fr\/blog\/#website"},"primaryImageOfPage":{"@id":"https:\/\/francois-pelletant.fr\/blog\/remise-des-prix-aux-ecoliers-linois\/#primaryimage"},"image":{"@id":"https:\/\/francois-pelletant.fr\/blog\/remise-des-prix-aux-ecoliers-linois\/#primaryimage"},"thumbnailUrl":"https:\/\/francois-pelletant.fr\/blog\/wp-content\/uploads\/2012\/07\/web2.jpg","datePublished":"2012-07-11T06:48:23+00:00","breadcrumb":{"@id":"https:\/\/francois-pelletant.fr\/blog\/remise-des-prix-aux-ecoliers-linois\/#breadcrumb"},"inLanguage":"fr-FR","potentialAction":[{"@type":"ReadAction","target":["https:\/\/francois-pelletant.fr\/blog\/remise-des-prix-aux-ecoliers-linois\/"]}]},{"@type":"ImageObject","inLanguage":"fr-FR","@id":"https:\/\/francois-pelletant.fr\/blog\/remise-des-prix-aux-ecoliers-linois\/#primaryimage","url":"https:\/\/francois-pelletant.fr\/blog\/wp-content\/uploads\/2012\/07\/web2.jpg","contentUrl":"https:\/\/francois-pelletant.fr\/blog\/wp-content\/uploads\/2012\/07\/web2.jpg","width":886,"height":604},{"@type":"BreadcrumbList","@id":"https:\/\/francois-pelletant.fr\/blog\/remise-des-prix-aux-ecoliers-linois\/#breadcrumb","itemListElement":[{"@type":"ListItem","position":1,"name":"Accueil","item":"https:\/\/francois-pelletant.fr\/blog\/"},{"@type":"ListItem","position":2,"name":"Remise des prix aux \u00e9coliers linois"}]},{"@type":"WebSite","@id":"https:\/\/francois-pelletant.fr\/blog\/#website","url":"https:\/\/francois-pelletant.fr\/blog\/","name":"Fran\u00e7ois Pelletant","description":"Maire de Linas, pour toujours.","publisher":{"@id":"https:\/\/francois-pelletant.fr\/blog\/#organization"},"potentialAction":[{"@type":"SearchAction","target":{"@type":"EntryPoint","urlTemplate":"https:\/\/francois-pelletant.fr\/blog\/?s={search_term_string}"},"query-input":{"@type":"PropertyValueSpecification","valueRequired":true,"valueName":"search_term_string"}}],"inLanguage":"fr-FR"},{"@type":"Organization","@id":"https:\/\/francois-pelletant.fr\/blog\/#organization","name":"Fran\u00e7ois Pelletant","url":"https:\/\/francois-pelletant.fr\/blog\/","logo":{"@type":"ImageObject","inLanguage":"fr-FR","@id":"https:\/\/francois-pelletant.fr\/blog\/#\/schema\/logo\/image\/","url":"https:\/\/francois-pelletant.fr\/blog\/wp-content\/uploads\/2024\/07\/icone-francois-centre-500p.png","contentUrl":"https:\/\/francois-pelletant.fr\/blog\/wp-content\/uploads\/2024\/07\/icone-francois-centre-500p.png","width":559,"height":447,"caption":"Fran\u00e7ois Pelletant"},"image":{"@id":"https:\/\/francois-pelletant.fr\/blog\/#\/schema\/logo\/image\/"},"sameAs":["https:\/\/www.facebook.com\/francois.pelletant.7","https:\/\/x.com\/pelletant"]},{"@type":"Person","@id":"https:\/\/francois-pelletant.fr\/blog\/#\/schema\/person\/2be41acb171dff8f31aaed1f40cee9f3","name":"Francois"}]}},"_links":{"self":[{"href":"https:\/\/francois-pelletant.fr\/blog\/wp-json\/wp\/v2\/posts\/2409","targetHints":{"allow":["GET"]}}],"collection":[{"href":"https:\/\/francois-pelletant.fr\/blog\/wp-json\/wp\/v2\/posts"}],"about":[{"href":"https:\/\/francois-pelletant.fr\/blog\/wp-json\/wp\/v2\/types\/post"}],"author":[{"embeddable":true,"href":"https:\/\/francois-pelletant.fr\/blog\/wp-json\/wp\/v2\/users\/1"}],"replies":[{"embeddable":true,"href":"https:\/\/francois-pelletant.fr\/blog\/wp-json\/wp\/v2\/comments?post=2409"}],"version-history":[{"count":0,"href":"https:\/\/francois-pelletant.fr\/blog\/wp-json\/wp\/v2\/posts\/2409\/revisions"}],"wp:featuredmedia":[{"embeddable":true,"href":"https:\/\/francois-pelletant.fr\/blog\/wp-json\/wp\/v2\/media\/2410"}],"wp:attachment":[{"href":"https:\/\/francois-pelletant.fr\/blog\/wp-json\/wp\/v2\/media?parent=2409"}],"wp:term":[{"taxonomy":"category","embeddable":true,"href":"https:\/\/francois-pelletant.fr\/blog\/wp-json\/wp\/v2\/categories?post=2409"},{"taxonomy":"post_tag","embeddable":true,"href":"https:\/\/francois-pelletant.fr\/blog\/wp-json\/wp\/v2\/tags?post=2409"}],"curies":[{"name":"wp","href":"https:\/\/api.w.org\/{rel}","templated":true}]}}