{"id":2416,"date":"2012-07-16T08:57:50","date_gmt":"2012-07-16T06:57:50","guid":{"rendered":"https:\/\/francois-pelletant.fr\/blog\/?p=2416"},"modified":"2012-07-16T08:57:50","modified_gmt":"2012-07-16T06:57:50","slug":"premier-spectacle-pour-la-creche-les-petits-bolides","status":"publish","type":"post","link":"https:\/\/francois-pelletant.fr\/blog\/premier-spectacle-pour-la-creche-les-petits-bolides\/","title":{"rendered":"Premier spectacle pour la cr\u00e8che les Petits Bolides !"},"content":{"rendered":"<p><a href=\"https:\/\/francois-pelletant.fr\/blog\/wp-content\/uploads\/2012\/07\/creche1_044.jpg\"><img loading=\"lazy\" decoding=\"async\" class=\"size-medium wp-image-2417 alignleft\" title=\"creche1_044\" src=\"https:\/\/francois-pelletant.fr\/blog\/wp-content\/uploads\/2012\/07\/creche1_044-300x225.jpg\" alt=\"\" width=\"300\" height=\"225\" srcset=\"https:\/\/francois-pelletant.fr\/blog\/wp-content\/uploads\/2012\/07\/creche1_044-300x225.jpg 300w, https:\/\/francois-pelletant.fr\/blog\/wp-content\/uploads\/2012\/07\/creche1_044-1024x768.jpg 1024w, https:\/\/francois-pelletant.fr\/blog\/wp-content\/uploads\/2012\/07\/creche1_044-768x576.jpg 768w, https:\/\/francois-pelletant.fr\/blog\/wp-content\/uploads\/2012\/07\/creche1_044-600x450.jpg 600w, https:\/\/francois-pelletant.fr\/blog\/wp-content\/uploads\/2012\/07\/creche1_044-1536x1152.jpg 1536w, https:\/\/francois-pelletant.fr\/blog\/wp-content\/uploads\/2012\/07\/creche1_044-2048x1536.jpg 2048w\" sizes=\"auto, (max-width: 300px) 100vw, 300px\" \/><\/a>Le vendredi 29 juin dernier les petits et grands de la cr\u00e8che de Linas ont assist\u00e9 \u00e0 leur premier spectacle. La compagnie \u00ab\u00a0le Chat Perch\u00e9\u00a0\u00bb leur avait concoct\u00e9 une histoire de doudous, faisant ainsi appel \u00e0 leur quotidien. Destin\u00e9 aux enfants de 1 \u00e0 3 ans ce spectacle a aussi captiv\u00e9 les plus petits. Un temps fort important pour les enfants et l\u2019\u00e9quipe encadrante\u00a0!<\/p>\n","protected":false},"excerpt":{"rendered":"<p>Le vendredi 29 juin dernier les petits et grands de la cr\u00e8che de Linas ont assist\u00e9 \u00e0 leur premier spectacle. La compagnie \u00ab\u00a0le Chat Perch\u00e9\u00a0\u00bb leur avait concoct\u00e9 une histoire de doudous, faisant ainsi appel \u00e0 leur quotidien. Destin\u00e9 aux enfants de 1 \u00e0 3 ans ce spectacle a aussi captiv\u00e9 les plus petits. Un [&hellip;]<\/p>\n","protected":false},"author":1,"featured_media":2417,"comment_status":"open","ping_status":"open","sticky":false,"template":"","format":"standard","meta":{"footnotes":""},"categories":[10],"tags":[],"class_list":["post-2416","post","type-post","status-publish","format-standard","has-post-thumbnail","hentry","category-1pelletant"],"yoast_head":"<!-- This site is optimized with the Yoast SEO plugin v25.6 - https:\/\/yoast.com\/wordpress\/plugins\/seo\/ -->\n<title>Premier spectacle pour la cr\u00e8che les Petits Bolides ! - Fran\u00e7ois Pelletant<\/title>\n<meta name=\"robots\" content=\"index, follow, max-snippet:-1, max-image-preview:large, max-video-preview:-1\" \/>\n<link rel=\"canonical\" href=\"https:\/\/francois-pelletant.fr\/blog\/premier-spectacle-pour-la-creche-les-petits-bolides\/\" \/>\n<meta property=\"og:locale\" content=\"fr_FR\" \/>\n<meta property=\"og:type\" content=\"article\" \/>\n<meta property=\"og:title\" content=\"Premier spectacle pour la cr\u00e8che les Petits Bolides ! - Fran\u00e7ois Pelletant\" \/>\n<meta property=\"og:description\" content=\"Le vendredi 29 juin dernier les petits et grands de la cr\u00e8che de Linas ont assist\u00e9 \u00e0 leur premier spectacle. La compagnie \u00ab\u00a0le Chat Perch\u00e9\u00a0\u00bb leur avait concoct\u00e9 une histoire de doudous, faisant ainsi appel \u00e0 leur quotidien. Destin\u00e9 aux enfants de 1 \u00e0 3 ans ce spectacle a aussi captiv\u00e9 les plus petits. Un [&hellip;]\" \/>\n<meta property=\"og:url\" content=\"https:\/\/francois-pelletant.fr\/blog\/premier-spectacle-pour-la-creche-les-petits-bolides\/\" \/>\n<meta property=\"og:site_name\" content=\"Fran\u00e7ois Pelletant\" \/>\n<meta property=\"article:publisher\" content=\"https:\/\/www.facebook.com\/francois.pelletant.7\" \/>\n<meta property=\"article:published_time\" content=\"2012-07-16T06:57:50+00:00\" \/>\n<meta property=\"og:image\" content=\"https:\/\/francois-pelletant.fr\/blog\/wp-content\/uploads\/2012\/07\/creche1_044-scaled.jpg\" \/>\n\t<meta property=\"og:image:width\" content=\"2560\" \/>\n\t<meta property=\"og:image:height\" content=\"1920\" \/>\n\t<meta property=\"og:image:type\" content=\"image\/jpeg\" \/>\n<meta name=\"author\" content=\"Francois\" \/>\n<meta name=\"twitter:card\" content=\"summary_large_image\" \/>\n<meta name=\"twitter:creator\" content=\"@pelletant\" \/>\n<meta name=\"twitter:site\" content=\"@pelletant\" \/>\n<meta name=\"twitter:label1\" content=\"\u00c9crit par\" \/>\n\t<meta name=\"twitter:data1\" content=\"Francois\" \/>\n<script type=\"application\/ld+json\" class=\"yoast-schema-graph\">{\"@context\":\"https:\/\/schema.org\",\"@graph\":[{\"@type\":\"Article\",\"@id\":\"https:\/\/francois-pelletant.fr\/blog\/premier-spectacle-pour-la-creche-les-petits-bolides\/#article\",\"isPartOf\":{\"@id\":\"https:\/\/francois-pelletant.fr\/blog\/premier-spectacle-pour-la-creche-les-petits-bolides\/\"},\"author\":{\"name\":\"Francois\",\"@id\":\"https:\/\/francois-pelletant.fr\/blog\/#\/schema\/person\/2be41acb171dff8f31aaed1f40cee9f3\"},\"headline\":\"Premier spectacle pour la cr\u00e8che les Petits Bolides !\",\"datePublished\":\"2012-07-16T06:57:50+00:00\",\"mainEntityOfPage\":{\"@id\":\"https:\/\/francois-pelletant.fr\/blog\/premier-spectacle-pour-la-creche-les-petits-bolides\/\"},\"wordCount\":69,\"commentCount\":0,\"publisher\":{\"@id\":\"https:\/\/francois-pelletant.fr\/blog\/#organization\"},\"image\":{\"@id\":\"https:\/\/francois-pelletant.fr\/blog\/premier-spectacle-pour-la-creche-les-petits-bolides\/#primaryimage\"},\"thumbnailUrl\":\"https:\/\/francois-pelletant.fr\/blog\/wp-content\/uploads\/2012\/07\/creche1_044-scaled.jpg\",\"articleSection\":[\"Infos\"],\"inLanguage\":\"fr-FR\",\"potentialAction\":[{\"@type\":\"CommentAction\",\"name\":\"Comment\",\"target\":[\"https:\/\/francois-pelletant.fr\/blog\/premier-spectacle-pour-la-creche-les-petits-bolides\/#respond\"]}]},{\"@type\":\"WebPage\",\"@id\":\"https:\/\/francois-pelletant.fr\/blog\/premier-spectacle-pour-la-creche-les-petits-bolides\/\",\"url\":\"https:\/\/francois-pelletant.fr\/blog\/premier-spectacle-pour-la-creche-les-petits-bolides\/\",\"name\":\"Premier spectacle pour la cr\u00e8che les Petits Bolides ! - Fran\u00e7ois Pelletant\",\"isPartOf\":{\"@id\":\"https:\/\/francois-pelletant.fr\/blog\/#website\"},\"primaryImageOfPage\":{\"@id\":\"https:\/\/francois-pelletant.fr\/blog\/premier-spectacle-pour-la-creche-les-petits-bolides\/#primaryimage\"},\"image\":{\"@id\":\"https:\/\/francois-pelletant.fr\/blog\/premier-spectacle-pour-la-creche-les-petits-bolides\/#primaryimage\"},\"thumbnailUrl\":\"https:\/\/francois-pelletant.fr\/blog\/wp-content\/uploads\/2012\/07\/creche1_044-scaled.jpg\",\"datePublished\":\"2012-07-16T06:57:50+00:00\",\"breadcrumb\":{\"@id\":\"https:\/\/francois-pelletant.fr\/blog\/premier-spectacle-pour-la-creche-les-petits-bolides\/#breadcrumb\"},\"inLanguage\":\"fr-FR\",\"potentialAction\":[{\"@type\":\"ReadAction\",\"target\":[\"https:\/\/francois-pelletant.fr\/blog\/premier-spectacle-pour-la-creche-les-petits-bolides\/\"]}]},{\"@type\":\"ImageObject\",\"inLanguage\":\"fr-FR\",\"@id\":\"https:\/\/francois-pelletant.fr\/blog\/premier-spectacle-pour-la-creche-les-petits-bolides\/#primaryimage\",\"url\":\"https:\/\/francois-pelletant.fr\/blog\/wp-content\/uploads\/2012\/07\/creche1_044-scaled.jpg\",\"contentUrl\":\"https:\/\/francois-pelletant.fr\/blog\/wp-content\/uploads\/2012\/07\/creche1_044-scaled.jpg\",\"width\":2560,\"height\":1920},{\"@type\":\"BreadcrumbList\",\"@id\":\"https:\/\/francois-pelletant.fr\/blog\/premier-spectacle-pour-la-creche-les-petits-bolides\/#breadcrumb\",\"itemListElement\":[{\"@type\":\"ListItem\",\"position\":1,\"name\":\"Accueil\",\"item\":\"https:\/\/francois-pelletant.fr\/blog\/\"},{\"@type\":\"ListItem\",\"position\":2,\"name\":\"Premier spectacle pour la cr\u00e8che les Petits Bolides !\"}]},{\"@type\":\"WebSite\",\"@id\":\"https:\/\/francois-pelletant.fr\/blog\/#website\",\"url\":\"https:\/\/francois-pelletant.fr\/blog\/\",\"name\":\"Fran\u00e7ois Pelletant\",\"description\":\"Maire de Linas, pour toujours.\",\"publisher\":{\"@id\":\"https:\/\/francois-pelletant.fr\/blog\/#organization\"},\"potentialAction\":[{\"@type\":\"SearchAction\",\"target\":{\"@type\":\"EntryPoint\",\"urlTemplate\":\"https:\/\/francois-pelletant.fr\/blog\/?s={search_term_string}\"},\"query-input\":{\"@type\":\"PropertyValueSpecification\",\"valueRequired\":true,\"valueName\":\"search_term_string\"}}],\"inLanguage\":\"fr-FR\"},{\"@type\":\"Organization\",\"@id\":\"https:\/\/francois-pelletant.fr\/blog\/#organization\",\"name\":\"Fran\u00e7ois Pelletant\",\"url\":\"https:\/\/francois-pelletant.fr\/blog\/\",\"logo\":{\"@type\":\"ImageObject\",\"inLanguage\":\"fr-FR\",\"@id\":\"https:\/\/francois-pelletant.fr\/blog\/#\/schema\/logo\/image\/\",\"url\":\"https:\/\/francois-pelletant.fr\/blog\/wp-content\/uploads\/2024\/07\/icone-francois-centre-500p.png\",\"contentUrl\":\"https:\/\/francois-pelletant.fr\/blog\/wp-content\/uploads\/2024\/07\/icone-francois-centre-500p.png\",\"width\":559,\"height\":447,\"caption\":\"Fran\u00e7ois Pelletant\"},\"image\":{\"@id\":\"https:\/\/francois-pelletant.fr\/blog\/#\/schema\/logo\/image\/\"},\"sameAs\":[\"https:\/\/www.facebook.com\/francois.pelletant.7\",\"https:\/\/x.com\/pelletant\"]},{\"@type\":\"Person\",\"@id\":\"https:\/\/francois-pelletant.fr\/blog\/#\/schema\/person\/2be41acb171dff8f31aaed1f40cee9f3\",\"name\":\"Francois\"}]}<\/script>\n<!-- \/ Yoast SEO plugin. -->","yoast_head_json":{"title":"Premier spectacle pour la cr\u00e8che les Petits Bolides ! - Fran\u00e7ois Pelletant","robots":{"index":"index","follow":"follow","max-snippet":"max-snippet:-1","max-image-preview":"max-image-preview:large","max-video-preview":"max-video-preview:-1"},"canonical":"https:\/\/francois-pelletant.fr\/blog\/premier-spectacle-pour-la-creche-les-petits-bolides\/","og_locale":"fr_FR","og_type":"article","og_title":"Premier spectacle pour la cr\u00e8che les Petits Bolides ! - Fran\u00e7ois Pelletant","og_description":"Le vendredi 29 juin dernier les petits et grands de la cr\u00e8che de Linas ont assist\u00e9 \u00e0 leur premier spectacle. La compagnie \u00ab\u00a0le Chat Perch\u00e9\u00a0\u00bb leur avait concoct\u00e9 une histoire de doudous, faisant ainsi appel \u00e0 leur quotidien. Destin\u00e9 aux enfants de 1 \u00e0 3 ans ce spectacle a aussi captiv\u00e9 les plus petits. Un [&hellip;]","og_url":"https:\/\/francois-pelletant.fr\/blog\/premier-spectacle-pour-la-creche-les-petits-bolides\/","og_site_name":"Fran\u00e7ois Pelletant","article_publisher":"https:\/\/www.facebook.com\/francois.pelletant.7","article_published_time":"2012-07-16T06:57:50+00:00","og_image":[{"width":2560,"height":1920,"url":"https:\/\/francois-pelletant.fr\/blog\/wp-content\/uploads\/2012\/07\/creche1_044-scaled.jpg","type":"image\/jpeg"}],"author":"Francois","twitter_card":"summary_large_image","twitter_creator":"@pelletant","twitter_site":"@pelletant","twitter_misc":{"\u00c9crit par":"Francois"},"schema":{"@context":"https:\/\/schema.org","@graph":[{"@type":"Article","@id":"https:\/\/francois-pelletant.fr\/blog\/premier-spectacle-pour-la-creche-les-petits-bolides\/#article","isPartOf":{"@id":"https:\/\/francois-pelletant.fr\/blog\/premier-spectacle-pour-la-creche-les-petits-bolides\/"},"author":{"name":"Francois","@id":"https:\/\/francois-pelletant.fr\/blog\/#\/schema\/person\/2be41acb171dff8f31aaed1f40cee9f3"},"headline":"Premier spectacle pour la cr\u00e8che les Petits Bolides !","datePublished":"2012-07-16T06:57:50+00:00","mainEntityOfPage":{"@id":"https:\/\/francois-pelletant.fr\/blog\/premier-spectacle-pour-la-creche-les-petits-bolides\/"},"wordCount":69,"commentCount":0,"publisher":{"@id":"https:\/\/francois-pelletant.fr\/blog\/#organization"},"image":{"@id":"https:\/\/francois-pelletant.fr\/blog\/premier-spectacle-pour-la-creche-les-petits-bolides\/#primaryimage"},"thumbnailUrl":"https:\/\/francois-pelletant.fr\/blog\/wp-content\/uploads\/2012\/07\/creche1_044-scaled.jpg","articleSection":["Infos"],"inLanguage":"fr-FR","potentialAction":[{"@type":"CommentAction","name":"Comment","target":["https:\/\/francois-pelletant.fr\/blog\/premier-spectacle-pour-la-creche-les-petits-bolides\/#respond"]}]},{"@type":"WebPage","@id":"https:\/\/francois-pelletant.fr\/blog\/premier-spectacle-pour-la-creche-les-petits-bolides\/","url":"https:\/\/francois-pelletant.fr\/blog\/premier-spectacle-pour-la-creche-les-petits-bolides\/","name":"Premier spectacle pour la cr\u00e8che les Petits Bolides ! - Fran\u00e7ois Pelletant","isPartOf":{"@id":"https:\/\/francois-pelletant.fr\/blog\/#website"},"primaryImageOfPage":{"@id":"https:\/\/francois-pelletant.fr\/blog\/premier-spectacle-pour-la-creche-les-petits-bolides\/#primaryimage"},"image":{"@id":"https:\/\/francois-pelletant.fr\/blog\/premier-spectacle-pour-la-creche-les-petits-bolides\/#primaryimage"},"thumbnailUrl":"https:\/\/francois-pelletant.fr\/blog\/wp-content\/uploads\/2012\/07\/creche1_044-scaled.jpg","datePublished":"2012-07-16T06:57:50+00:00","breadcrumb":{"@id":"https:\/\/francois-pelletant.fr\/blog\/premier-spectacle-pour-la-creche-les-petits-bolides\/#breadcrumb"},"inLanguage":"fr-FR","potentialAction":[{"@type":"ReadAction","target":["https:\/\/francois-pelletant.fr\/blog\/premier-spectacle-pour-la-creche-les-petits-bolides\/"]}]},{"@type":"ImageObject","inLanguage":"fr-FR","@id":"https:\/\/francois-pelletant.fr\/blog\/premier-spectacle-pour-la-creche-les-petits-bolides\/#primaryimage","url":"https:\/\/francois-pelletant.fr\/blog\/wp-content\/uploads\/2012\/07\/creche1_044-scaled.jpg","contentUrl":"https:\/\/francois-pelletant.fr\/blog\/wp-content\/uploads\/2012\/07\/creche1_044-scaled.jpg","width":2560,"height":1920},{"@type":"BreadcrumbList","@id":"https:\/\/francois-pelletant.fr\/blog\/premier-spectacle-pour-la-creche-les-petits-bolides\/#breadcrumb","itemListElement":[{"@type":"ListItem","position":1,"name":"Accueil","item":"https:\/\/francois-pelletant.fr\/blog\/"},{"@type":"ListItem","position":2,"name":"Premier spectacle pour la cr\u00e8che les Petits Bolides !"}]},{"@type":"WebSite","@id":"https:\/\/francois-pelletant.fr\/blog\/#website","url":"https:\/\/francois-pelletant.fr\/blog\/","name":"Fran\u00e7ois Pelletant","description":"Maire de Linas, pour toujours.","publisher":{"@id":"https:\/\/francois-pelletant.fr\/blog\/#organization"},"potentialAction":[{"@type":"SearchAction","target":{"@type":"EntryPoint","urlTemplate":"https:\/\/francois-pelletant.fr\/blog\/?s={search_term_string}"},"query-input":{"@type":"PropertyValueSpecification","valueRequired":true,"valueName":"search_term_string"}}],"inLanguage":"fr-FR"},{"@type":"Organization","@id":"https:\/\/francois-pelletant.fr\/blog\/#organization","name":"Fran\u00e7ois Pelletant","url":"https:\/\/francois-pelletant.fr\/blog\/","logo":{"@type":"ImageObject","inLanguage":"fr-FR","@id":"https:\/\/francois-pelletant.fr\/blog\/#\/schema\/logo\/image\/","url":"https:\/\/francois-pelletant.fr\/blog\/wp-content\/uploads\/2024\/07\/icone-francois-centre-500p.png","contentUrl":"https:\/\/francois-pelletant.fr\/blog\/wp-content\/uploads\/2024\/07\/icone-francois-centre-500p.png","width":559,"height":447,"caption":"Fran\u00e7ois Pelletant"},"image":{"@id":"https:\/\/francois-pelletant.fr\/blog\/#\/schema\/logo\/image\/"},"sameAs":["https:\/\/www.facebook.com\/francois.pelletant.7","https:\/\/x.com\/pelletant"]},{"@type":"Person","@id":"https:\/\/francois-pelletant.fr\/blog\/#\/schema\/person\/2be41acb171dff8f31aaed1f40cee9f3","name":"Francois"}]}},"_links":{"self":[{"href":"https:\/\/francois-pelletant.fr\/blog\/wp-json\/wp\/v2\/posts\/2416","targetHints":{"allow":["GET"]}}],"collection":[{"href":"https:\/\/francois-pelletant.fr\/blog\/wp-json\/wp\/v2\/posts"}],"about":[{"href":"https:\/\/francois-pelletant.fr\/blog\/wp-json\/wp\/v2\/types\/post"}],"author":[{"embeddable":true,"href":"https:\/\/francois-pelletant.fr\/blog\/wp-json\/wp\/v2\/users\/1"}],"replies":[{"embeddable":true,"href":"https:\/\/francois-pelletant.fr\/blog\/wp-json\/wp\/v2\/comments?post=2416"}],"version-history":[{"count":0,"href":"https:\/\/francois-pelletant.fr\/blog\/wp-json\/wp\/v2\/posts\/2416\/revisions"}],"wp:featuredmedia":[{"embeddable":true,"href":"https:\/\/francois-pelletant.fr\/blog\/wp-json\/wp\/v2\/media\/2417"}],"wp:attachment":[{"href":"https:\/\/francois-pelletant.fr\/blog\/wp-json\/wp\/v2\/media?parent=2416"}],"wp:term":[{"taxonomy":"category","embeddable":true,"href":"https:\/\/francois-pelletant.fr\/blog\/wp-json\/wp\/v2\/categories?post=2416"},{"taxonomy":"post_tag","embeddable":true,"href":"https:\/\/francois-pelletant.fr\/blog\/wp-json\/wp\/v2\/tags?post=2416"}],"curies":[{"name":"wp","href":"https:\/\/api.w.org\/{rel}","templated":true}]}}