{"id":2431,"date":"2012-07-13T08:58:41","date_gmt":"2012-07-13T06:58:41","guid":{"rendered":"https:\/\/francois-pelletant.fr\/blog\/?p=2431"},"modified":"2012-07-13T08:58:41","modified_gmt":"2012-07-13T06:58:41","slug":"adieu-a-claude-gabet","status":"publish","type":"post","link":"https:\/\/francois-pelletant.fr\/blog\/adieu-a-claude-gabet\/","title":{"rendered":"Adieu \u00e0 Claude Gabet"},"content":{"rendered":"<p><a href=\"https:\/\/francois-pelletant.fr\/blog\/wp-content\/uploads\/2012\/07\/claude-gabet.jpg\"><img loading=\"lazy\" decoding=\"async\" class=\"alignleft size-medium wp-image-2432\" title=\"claude gabet\" src=\"https:\/\/francois-pelletant.fr\/blog\/wp-content\/uploads\/2012\/07\/claude-gabet-282x300.jpg\" alt=\"\" width=\"282\" height=\"300\" \/><\/a>Il fut pendant des ann\u00e9es le \u00ab\u00a0Monsieur P\u00e9tanque\u00a0\u00bb \u00e0 Linas-Montlh\u00e9ry, celui qui porta la section de l\u2019Esalm consacr\u00e9e au jeu de boules \u00e0 un niveau d\u2019excellence. Malheureusement, Claude Gabet, l\u2019embl\u00e9matique ex-pr\u00e9sident du club de p\u00e9tanque de la ville nous a quitt\u00e9 le 3 juillet 2012 \u00e0 l\u2019\u00e2ge de 81 ans. Au nom de la municipalit\u00e9 j\u2019adresse mes sinc\u00e8res condol\u00e9ances \u00e0 sa familles, ses proches et au club.<\/p>\n","protected":false},"excerpt":{"rendered":"<p>Il fut pendant des ann\u00e9es le \u00ab\u00a0Monsieur P\u00e9tanque\u00a0\u00bb \u00e0 Linas-Montlh\u00e9ry, celui qui porta la section de l\u2019Esalm consacr\u00e9e au jeu de boules \u00e0 un niveau d\u2019excellence. Malheureusement, Claude Gabet, l\u2019embl\u00e9matique ex-pr\u00e9sident du club de p\u00e9tanque de la ville nous a quitt\u00e9 le 3 juillet 2012 \u00e0 l\u2019\u00e2ge de 81 ans. Au nom de la municipalit\u00e9 [&hellip;]<\/p>\n","protected":false},"author":1,"featured_media":2432,"comment_status":"open","ping_status":"open","sticky":false,"template":"","format":"standard","meta":{"footnotes":""},"categories":[10],"tags":[],"class_list":["post-2431","post","type-post","status-publish","format-standard","has-post-thumbnail","hentry","category-1pelletant"],"yoast_head":"<!-- This site is optimized with the Yoast SEO plugin v25.6 - https:\/\/yoast.com\/wordpress\/plugins\/seo\/ -->\n<title>Adieu \u00e0 Claude Gabet - Fran\u00e7ois Pelletant<\/title>\n<meta name=\"robots\" content=\"index, follow, max-snippet:-1, max-image-preview:large, max-video-preview:-1\" \/>\n<link rel=\"canonical\" href=\"https:\/\/francois-pelletant.fr\/blog\/adieu-a-claude-gabet\/\" \/>\n<meta property=\"og:locale\" content=\"fr_FR\" \/>\n<meta property=\"og:type\" content=\"article\" \/>\n<meta property=\"og:title\" content=\"Adieu \u00e0 Claude Gabet - Fran\u00e7ois Pelletant\" \/>\n<meta property=\"og:description\" content=\"Il fut pendant des ann\u00e9es le \u00ab\u00a0Monsieur P\u00e9tanque\u00a0\u00bb \u00e0 Linas-Montlh\u00e9ry, celui qui porta la section de l\u2019Esalm consacr\u00e9e au jeu de boules \u00e0 un niveau d\u2019excellence. Malheureusement, Claude Gabet, l\u2019embl\u00e9matique ex-pr\u00e9sident du club de p\u00e9tanque de la ville nous a quitt\u00e9 le 3 juillet 2012 \u00e0 l\u2019\u00e2ge de 81 ans. Au nom de la municipalit\u00e9 [&hellip;]\" \/>\n<meta property=\"og:url\" content=\"https:\/\/francois-pelletant.fr\/blog\/adieu-a-claude-gabet\/\" \/>\n<meta property=\"og:site_name\" content=\"Fran\u00e7ois Pelletant\" \/>\n<meta property=\"article:publisher\" content=\"https:\/\/www.facebook.com\/francois.pelletant.7\" \/>\n<meta property=\"article:published_time\" content=\"2012-07-13T06:58:41+00:00\" \/>\n<meta property=\"og:image\" content=\"https:\/\/francois-pelletant.fr\/blog\/wp-content\/uploads\/2012\/07\/claude-gabet.jpg\" \/>\n\t<meta property=\"og:image:width\" content=\"797\" \/>\n\t<meta property=\"og:image:height\" content=\"845\" \/>\n\t<meta property=\"og:image:type\" content=\"image\/jpeg\" \/>\n<meta name=\"author\" content=\"Francois\" \/>\n<meta name=\"twitter:card\" content=\"summary_large_image\" \/>\n<meta name=\"twitter:creator\" content=\"@pelletant\" \/>\n<meta name=\"twitter:site\" content=\"@pelletant\" \/>\n<meta name=\"twitter:label1\" content=\"\u00c9crit par\" \/>\n\t<meta name=\"twitter:data1\" content=\"Francois\" \/>\n<script type=\"application\/ld+json\" class=\"yoast-schema-graph\">{\"@context\":\"https:\/\/schema.org\",\"@graph\":[{\"@type\":\"Article\",\"@id\":\"https:\/\/francois-pelletant.fr\/blog\/adieu-a-claude-gabet\/#article\",\"isPartOf\":{\"@id\":\"https:\/\/francois-pelletant.fr\/blog\/adieu-a-claude-gabet\/\"},\"author\":{\"name\":\"Francois\",\"@id\":\"https:\/\/francois-pelletant.fr\/blog\/#\/schema\/person\/2be41acb171dff8f31aaed1f40cee9f3\"},\"headline\":\"Adieu \u00e0 Claude Gabet\",\"datePublished\":\"2012-07-13T06:58:41+00:00\",\"mainEntityOfPage\":{\"@id\":\"https:\/\/francois-pelletant.fr\/blog\/adieu-a-claude-gabet\/\"},\"wordCount\":77,\"commentCount\":0,\"publisher\":{\"@id\":\"https:\/\/francois-pelletant.fr\/blog\/#organization\"},\"image\":{\"@id\":\"https:\/\/francois-pelletant.fr\/blog\/adieu-a-claude-gabet\/#primaryimage\"},\"thumbnailUrl\":\"https:\/\/francois-pelletant.fr\/blog\/wp-content\/uploads\/2012\/07\/claude-gabet.jpg\",\"articleSection\":[\"Infos\"],\"inLanguage\":\"fr-FR\",\"potentialAction\":[{\"@type\":\"CommentAction\",\"name\":\"Comment\",\"target\":[\"https:\/\/francois-pelletant.fr\/blog\/adieu-a-claude-gabet\/#respond\"]}]},{\"@type\":\"WebPage\",\"@id\":\"https:\/\/francois-pelletant.fr\/blog\/adieu-a-claude-gabet\/\",\"url\":\"https:\/\/francois-pelletant.fr\/blog\/adieu-a-claude-gabet\/\",\"name\":\"Adieu \u00e0 Claude Gabet - Fran\u00e7ois Pelletant\",\"isPartOf\":{\"@id\":\"https:\/\/francois-pelletant.fr\/blog\/#website\"},\"primaryImageOfPage\":{\"@id\":\"https:\/\/francois-pelletant.fr\/blog\/adieu-a-claude-gabet\/#primaryimage\"},\"image\":{\"@id\":\"https:\/\/francois-pelletant.fr\/blog\/adieu-a-claude-gabet\/#primaryimage\"},\"thumbnailUrl\":\"https:\/\/francois-pelletant.fr\/blog\/wp-content\/uploads\/2012\/07\/claude-gabet.jpg\",\"datePublished\":\"2012-07-13T06:58:41+00:00\",\"breadcrumb\":{\"@id\":\"https:\/\/francois-pelletant.fr\/blog\/adieu-a-claude-gabet\/#breadcrumb\"},\"inLanguage\":\"fr-FR\",\"potentialAction\":[{\"@type\":\"ReadAction\",\"target\":[\"https:\/\/francois-pelletant.fr\/blog\/adieu-a-claude-gabet\/\"]}]},{\"@type\":\"ImageObject\",\"inLanguage\":\"fr-FR\",\"@id\":\"https:\/\/francois-pelletant.fr\/blog\/adieu-a-claude-gabet\/#primaryimage\",\"url\":\"https:\/\/francois-pelletant.fr\/blog\/wp-content\/uploads\/2012\/07\/claude-gabet.jpg\",\"contentUrl\":\"https:\/\/francois-pelletant.fr\/blog\/wp-content\/uploads\/2012\/07\/claude-gabet.jpg\",\"width\":797,\"height\":845},{\"@type\":\"BreadcrumbList\",\"@id\":\"https:\/\/francois-pelletant.fr\/blog\/adieu-a-claude-gabet\/#breadcrumb\",\"itemListElement\":[{\"@type\":\"ListItem\",\"position\":1,\"name\":\"Accueil\",\"item\":\"https:\/\/francois-pelletant.fr\/blog\/\"},{\"@type\":\"ListItem\",\"position\":2,\"name\":\"Adieu \u00e0 Claude Gabet\"}]},{\"@type\":\"WebSite\",\"@id\":\"https:\/\/francois-pelletant.fr\/blog\/#website\",\"url\":\"https:\/\/francois-pelletant.fr\/blog\/\",\"name\":\"Fran\u00e7ois Pelletant\",\"description\":\"Maire de Linas, pour toujours.\",\"publisher\":{\"@id\":\"https:\/\/francois-pelletant.fr\/blog\/#organization\"},\"potentialAction\":[{\"@type\":\"SearchAction\",\"target\":{\"@type\":\"EntryPoint\",\"urlTemplate\":\"https:\/\/francois-pelletant.fr\/blog\/?s={search_term_string}\"},\"query-input\":{\"@type\":\"PropertyValueSpecification\",\"valueRequired\":true,\"valueName\":\"search_term_string\"}}],\"inLanguage\":\"fr-FR\"},{\"@type\":\"Organization\",\"@id\":\"https:\/\/francois-pelletant.fr\/blog\/#organization\",\"name\":\"Fran\u00e7ois Pelletant\",\"url\":\"https:\/\/francois-pelletant.fr\/blog\/\",\"logo\":{\"@type\":\"ImageObject\",\"inLanguage\":\"fr-FR\",\"@id\":\"https:\/\/francois-pelletant.fr\/blog\/#\/schema\/logo\/image\/\",\"url\":\"https:\/\/francois-pelletant.fr\/blog\/wp-content\/uploads\/2024\/07\/icone-francois-centre-500p.png\",\"contentUrl\":\"https:\/\/francois-pelletant.fr\/blog\/wp-content\/uploads\/2024\/07\/icone-francois-centre-500p.png\",\"width\":559,\"height\":447,\"caption\":\"Fran\u00e7ois Pelletant\"},\"image\":{\"@id\":\"https:\/\/francois-pelletant.fr\/blog\/#\/schema\/logo\/image\/\"},\"sameAs\":[\"https:\/\/www.facebook.com\/francois.pelletant.7\",\"https:\/\/x.com\/pelletant\"]},{\"@type\":\"Person\",\"@id\":\"https:\/\/francois-pelletant.fr\/blog\/#\/schema\/person\/2be41acb171dff8f31aaed1f40cee9f3\",\"name\":\"Francois\"}]}<\/script>\n<!-- \/ Yoast SEO plugin. -->","yoast_head_json":{"title":"Adieu \u00e0 Claude Gabet - Fran\u00e7ois Pelletant","robots":{"index":"index","follow":"follow","max-snippet":"max-snippet:-1","max-image-preview":"max-image-preview:large","max-video-preview":"max-video-preview:-1"},"canonical":"https:\/\/francois-pelletant.fr\/blog\/adieu-a-claude-gabet\/","og_locale":"fr_FR","og_type":"article","og_title":"Adieu \u00e0 Claude Gabet - Fran\u00e7ois Pelletant","og_description":"Il fut pendant des ann\u00e9es le \u00ab\u00a0Monsieur P\u00e9tanque\u00a0\u00bb \u00e0 Linas-Montlh\u00e9ry, celui qui porta la section de l\u2019Esalm consacr\u00e9e au jeu de boules \u00e0 un niveau d\u2019excellence. Malheureusement, Claude Gabet, l\u2019embl\u00e9matique ex-pr\u00e9sident du club de p\u00e9tanque de la ville nous a quitt\u00e9 le 3 juillet 2012 \u00e0 l\u2019\u00e2ge de 81 ans. Au nom de la municipalit\u00e9 [&hellip;]","og_url":"https:\/\/francois-pelletant.fr\/blog\/adieu-a-claude-gabet\/","og_site_name":"Fran\u00e7ois Pelletant","article_publisher":"https:\/\/www.facebook.com\/francois.pelletant.7","article_published_time":"2012-07-13T06:58:41+00:00","og_image":[{"width":797,"height":845,"url":"https:\/\/francois-pelletant.fr\/blog\/wp-content\/uploads\/2012\/07\/claude-gabet.jpg","type":"image\/jpeg"}],"author":"Francois","twitter_card":"summary_large_image","twitter_creator":"@pelletant","twitter_site":"@pelletant","twitter_misc":{"\u00c9crit par":"Francois"},"schema":{"@context":"https:\/\/schema.org","@graph":[{"@type":"Article","@id":"https:\/\/francois-pelletant.fr\/blog\/adieu-a-claude-gabet\/#article","isPartOf":{"@id":"https:\/\/francois-pelletant.fr\/blog\/adieu-a-claude-gabet\/"},"author":{"name":"Francois","@id":"https:\/\/francois-pelletant.fr\/blog\/#\/schema\/person\/2be41acb171dff8f31aaed1f40cee9f3"},"headline":"Adieu \u00e0 Claude Gabet","datePublished":"2012-07-13T06:58:41+00:00","mainEntityOfPage":{"@id":"https:\/\/francois-pelletant.fr\/blog\/adieu-a-claude-gabet\/"},"wordCount":77,"commentCount":0,"publisher":{"@id":"https:\/\/francois-pelletant.fr\/blog\/#organization"},"image":{"@id":"https:\/\/francois-pelletant.fr\/blog\/adieu-a-claude-gabet\/#primaryimage"},"thumbnailUrl":"https:\/\/francois-pelletant.fr\/blog\/wp-content\/uploads\/2012\/07\/claude-gabet.jpg","articleSection":["Infos"],"inLanguage":"fr-FR","potentialAction":[{"@type":"CommentAction","name":"Comment","target":["https:\/\/francois-pelletant.fr\/blog\/adieu-a-claude-gabet\/#respond"]}]},{"@type":"WebPage","@id":"https:\/\/francois-pelletant.fr\/blog\/adieu-a-claude-gabet\/","url":"https:\/\/francois-pelletant.fr\/blog\/adieu-a-claude-gabet\/","name":"Adieu \u00e0 Claude Gabet - Fran\u00e7ois Pelletant","isPartOf":{"@id":"https:\/\/francois-pelletant.fr\/blog\/#website"},"primaryImageOfPage":{"@id":"https:\/\/francois-pelletant.fr\/blog\/adieu-a-claude-gabet\/#primaryimage"},"image":{"@id":"https:\/\/francois-pelletant.fr\/blog\/adieu-a-claude-gabet\/#primaryimage"},"thumbnailUrl":"https:\/\/francois-pelletant.fr\/blog\/wp-content\/uploads\/2012\/07\/claude-gabet.jpg","datePublished":"2012-07-13T06:58:41+00:00","breadcrumb":{"@id":"https:\/\/francois-pelletant.fr\/blog\/adieu-a-claude-gabet\/#breadcrumb"},"inLanguage":"fr-FR","potentialAction":[{"@type":"ReadAction","target":["https:\/\/francois-pelletant.fr\/blog\/adieu-a-claude-gabet\/"]}]},{"@type":"ImageObject","inLanguage":"fr-FR","@id":"https:\/\/francois-pelletant.fr\/blog\/adieu-a-claude-gabet\/#primaryimage","url":"https:\/\/francois-pelletant.fr\/blog\/wp-content\/uploads\/2012\/07\/claude-gabet.jpg","contentUrl":"https:\/\/francois-pelletant.fr\/blog\/wp-content\/uploads\/2012\/07\/claude-gabet.jpg","width":797,"height":845},{"@type":"BreadcrumbList","@id":"https:\/\/francois-pelletant.fr\/blog\/adieu-a-claude-gabet\/#breadcrumb","itemListElement":[{"@type":"ListItem","position":1,"name":"Accueil","item":"https:\/\/francois-pelletant.fr\/blog\/"},{"@type":"ListItem","position":2,"name":"Adieu \u00e0 Claude Gabet"}]},{"@type":"WebSite","@id":"https:\/\/francois-pelletant.fr\/blog\/#website","url":"https:\/\/francois-pelletant.fr\/blog\/","name":"Fran\u00e7ois Pelletant","description":"Maire de Linas, pour toujours.","publisher":{"@id":"https:\/\/francois-pelletant.fr\/blog\/#organization"},"potentialAction":[{"@type":"SearchAction","target":{"@type":"EntryPoint","urlTemplate":"https:\/\/francois-pelletant.fr\/blog\/?s={search_term_string}"},"query-input":{"@type":"PropertyValueSpecification","valueRequired":true,"valueName":"search_term_string"}}],"inLanguage":"fr-FR"},{"@type":"Organization","@id":"https:\/\/francois-pelletant.fr\/blog\/#organization","name":"Fran\u00e7ois Pelletant","url":"https:\/\/francois-pelletant.fr\/blog\/","logo":{"@type":"ImageObject","inLanguage":"fr-FR","@id":"https:\/\/francois-pelletant.fr\/blog\/#\/schema\/logo\/image\/","url":"https:\/\/francois-pelletant.fr\/blog\/wp-content\/uploads\/2024\/07\/icone-francois-centre-500p.png","contentUrl":"https:\/\/francois-pelletant.fr\/blog\/wp-content\/uploads\/2024\/07\/icone-francois-centre-500p.png","width":559,"height":447,"caption":"Fran\u00e7ois Pelletant"},"image":{"@id":"https:\/\/francois-pelletant.fr\/blog\/#\/schema\/logo\/image\/"},"sameAs":["https:\/\/www.facebook.com\/francois.pelletant.7","https:\/\/x.com\/pelletant"]},{"@type":"Person","@id":"https:\/\/francois-pelletant.fr\/blog\/#\/schema\/person\/2be41acb171dff8f31aaed1f40cee9f3","name":"Francois"}]}},"_links":{"self":[{"href":"https:\/\/francois-pelletant.fr\/blog\/wp-json\/wp\/v2\/posts\/2431","targetHints":{"allow":["GET"]}}],"collection":[{"href":"https:\/\/francois-pelletant.fr\/blog\/wp-json\/wp\/v2\/posts"}],"about":[{"href":"https:\/\/francois-pelletant.fr\/blog\/wp-json\/wp\/v2\/types\/post"}],"author":[{"embeddable":true,"href":"https:\/\/francois-pelletant.fr\/blog\/wp-json\/wp\/v2\/users\/1"}],"replies":[{"embeddable":true,"href":"https:\/\/francois-pelletant.fr\/blog\/wp-json\/wp\/v2\/comments?post=2431"}],"version-history":[{"count":0,"href":"https:\/\/francois-pelletant.fr\/blog\/wp-json\/wp\/v2\/posts\/2431\/revisions"}],"wp:featuredmedia":[{"embeddable":true,"href":"https:\/\/francois-pelletant.fr\/blog\/wp-json\/wp\/v2\/media\/2432"}],"wp:attachment":[{"href":"https:\/\/francois-pelletant.fr\/blog\/wp-json\/wp\/v2\/media?parent=2431"}],"wp:term":[{"taxonomy":"category","embeddable":true,"href":"https:\/\/francois-pelletant.fr\/blog\/wp-json\/wp\/v2\/categories?post=2431"},{"taxonomy":"post_tag","embeddable":true,"href":"https:\/\/francois-pelletant.fr\/blog\/wp-json\/wp\/v2\/tags?post=2431"}],"curies":[{"name":"wp","href":"https:\/\/api.w.org\/{rel}","templated":true}]}}