{"id":2434,"date":"2012-07-20T09:03:02","date_gmt":"2012-07-20T07:03:02","guid":{"rendered":"https:\/\/francois-pelletant.fr\/blog\/?p=2434"},"modified":"2012-07-20T09:03:02","modified_gmt":"2012-07-20T07:03:02","slug":"la-voirie-de-linas-en-travaux","status":"publish","type":"post","link":"https:\/\/francois-pelletant.fr\/blog\/la-voirie-de-linas-en-travaux\/","title":{"rendered":"La voirie de Linas en travaux"},"content":{"rendered":"<p><a href=\"https:\/\/francois-pelletant.fr\/blog\/wp-content\/uploads\/2012\/07\/travaux-\u00e9t\u00e9-2012.jpg\"><img loading=\"lazy\" decoding=\"async\" class=\"alignleft size-medium wp-image-2435\" title=\"travaux \u00e9t\u00e9 2012\" src=\"https:\/\/francois-pelletant.fr\/blog\/wp-content\/uploads\/2012\/07\/travaux-\u00e9t\u00e9-2012-300x199.jpg\" alt=\"\" width=\"300\" height=\"199\" srcset=\"https:\/\/francois-pelletant.fr\/blog\/wp-content\/uploads\/2012\/07\/travaux-\u00e9t\u00e9-2012-300x199.jpg 300w, https:\/\/francois-pelletant.fr\/blog\/wp-content\/uploads\/2012\/07\/travaux-\u00e9t\u00e9-2012.jpg 425w\" sizes=\"auto, (max-width: 300px) 100vw, 300px\" \/><\/a>Jusqu\u2019au 12 septembre 2012, plusieurs rues de Linas vont \u00eatre l\u2019objet de travaux afin de renouveler des branchements en plomb.\u00a0Une d\u00e9viation pour contourner la rue St Merry va \u00eatre install\u00e9e et des circulations altern\u00e9es par des feux tricolores seront mises en place dans plusieurs endroits de la ville. Soyez prudents\u00a0!<\/p>\n","protected":false},"excerpt":{"rendered":"<p>Jusqu\u2019au 12 septembre 2012, plusieurs rues de Linas vont \u00eatre l\u2019objet de travaux afin de renouveler des branchements en plomb.\u00a0Une d\u00e9viation pour contourner la rue St Merry va \u00eatre install\u00e9e et des circulations altern\u00e9es par des feux tricolores seront mises en place dans plusieurs endroits de la ville. Soyez prudents\u00a0!<\/p>\n","protected":false},"author":1,"featured_media":2435,"comment_status":"open","ping_status":"open","sticky":false,"template":"","format":"standard","meta":{"footnotes":""},"categories":[10],"tags":[],"class_list":["post-2434","post","type-post","status-publish","format-standard","has-post-thumbnail","hentry","category-1pelletant"],"yoast_head":"<!-- This site is optimized with the Yoast SEO plugin v25.6 - https:\/\/yoast.com\/wordpress\/plugins\/seo\/ -->\n<title>La voirie de Linas en travaux - Fran\u00e7ois Pelletant<\/title>\n<meta name=\"robots\" content=\"index, follow, max-snippet:-1, max-image-preview:large, max-video-preview:-1\" \/>\n<link rel=\"canonical\" href=\"https:\/\/francois-pelletant.fr\/blog\/la-voirie-de-linas-en-travaux\/\" \/>\n<meta property=\"og:locale\" content=\"fr_FR\" \/>\n<meta property=\"og:type\" content=\"article\" \/>\n<meta property=\"og:title\" content=\"La voirie de Linas en travaux - Fran\u00e7ois Pelletant\" \/>\n<meta property=\"og:description\" content=\"Jusqu\u2019au 12 septembre 2012, plusieurs rues de Linas vont \u00eatre l\u2019objet de travaux afin de renouveler des branchements en plomb.\u00a0Une d\u00e9viation pour contourner la rue St Merry va \u00eatre install\u00e9e et des circulations altern\u00e9es par des feux tricolores seront mises en place dans plusieurs endroits de la ville. Soyez prudents\u00a0!\" \/>\n<meta property=\"og:url\" content=\"https:\/\/francois-pelletant.fr\/blog\/la-voirie-de-linas-en-travaux\/\" \/>\n<meta property=\"og:site_name\" content=\"Fran\u00e7ois Pelletant\" \/>\n<meta property=\"article:publisher\" content=\"https:\/\/www.facebook.com\/francois.pelletant.7\" \/>\n<meta property=\"article:published_time\" content=\"2012-07-20T07:03:02+00:00\" \/>\n<meta property=\"og:image\" content=\"https:\/\/francois-pelletant.fr\/blog\/wp-content\/uploads\/2012\/07\/travaux-\u00e9t\u00e9-2012.jpg\" \/>\n\t<meta property=\"og:image:width\" content=\"425\" \/>\n\t<meta property=\"og:image:height\" content=\"282\" \/>\n\t<meta property=\"og:image:type\" content=\"image\/jpeg\" \/>\n<meta name=\"author\" content=\"Francois\" \/>\n<meta name=\"twitter:card\" content=\"summary_large_image\" \/>\n<meta name=\"twitter:creator\" content=\"@pelletant\" \/>\n<meta name=\"twitter:site\" content=\"@pelletant\" \/>\n<meta name=\"twitter:label1\" content=\"\u00c9crit par\" \/>\n\t<meta name=\"twitter:data1\" content=\"Francois\" \/>\n<script type=\"application\/ld+json\" class=\"yoast-schema-graph\">{\"@context\":\"https:\/\/schema.org\",\"@graph\":[{\"@type\":\"Article\",\"@id\":\"https:\/\/francois-pelletant.fr\/blog\/la-voirie-de-linas-en-travaux\/#article\",\"isPartOf\":{\"@id\":\"https:\/\/francois-pelletant.fr\/blog\/la-voirie-de-linas-en-travaux\/\"},\"author\":{\"name\":\"Francois\",\"@id\":\"https:\/\/francois-pelletant.fr\/blog\/#\/schema\/person\/2be41acb171dff8f31aaed1f40cee9f3\"},\"headline\":\"La voirie de Linas en travaux\",\"datePublished\":\"2012-07-20T07:03:02+00:00\",\"mainEntityOfPage\":{\"@id\":\"https:\/\/francois-pelletant.fr\/blog\/la-voirie-de-linas-en-travaux\/\"},\"wordCount\":60,\"commentCount\":0,\"publisher\":{\"@id\":\"https:\/\/francois-pelletant.fr\/blog\/#organization\"},\"image\":{\"@id\":\"https:\/\/francois-pelletant.fr\/blog\/la-voirie-de-linas-en-travaux\/#primaryimage\"},\"thumbnailUrl\":\"https:\/\/francois-pelletant.fr\/blog\/wp-content\/uploads\/2012\/07\/travaux-\u00e9t\u00e9-2012.jpg\",\"articleSection\":[\"Infos\"],\"inLanguage\":\"fr-FR\",\"potentialAction\":[{\"@type\":\"CommentAction\",\"name\":\"Comment\",\"target\":[\"https:\/\/francois-pelletant.fr\/blog\/la-voirie-de-linas-en-travaux\/#respond\"]}]},{\"@type\":\"WebPage\",\"@id\":\"https:\/\/francois-pelletant.fr\/blog\/la-voirie-de-linas-en-travaux\/\",\"url\":\"https:\/\/francois-pelletant.fr\/blog\/la-voirie-de-linas-en-travaux\/\",\"name\":\"La voirie de Linas en travaux - Fran\u00e7ois Pelletant\",\"isPartOf\":{\"@id\":\"https:\/\/francois-pelletant.fr\/blog\/#website\"},\"primaryImageOfPage\":{\"@id\":\"https:\/\/francois-pelletant.fr\/blog\/la-voirie-de-linas-en-travaux\/#primaryimage\"},\"image\":{\"@id\":\"https:\/\/francois-pelletant.fr\/blog\/la-voirie-de-linas-en-travaux\/#primaryimage\"},\"thumbnailUrl\":\"https:\/\/francois-pelletant.fr\/blog\/wp-content\/uploads\/2012\/07\/travaux-\u00e9t\u00e9-2012.jpg\",\"datePublished\":\"2012-07-20T07:03:02+00:00\",\"breadcrumb\":{\"@id\":\"https:\/\/francois-pelletant.fr\/blog\/la-voirie-de-linas-en-travaux\/#breadcrumb\"},\"inLanguage\":\"fr-FR\",\"potentialAction\":[{\"@type\":\"ReadAction\",\"target\":[\"https:\/\/francois-pelletant.fr\/blog\/la-voirie-de-linas-en-travaux\/\"]}]},{\"@type\":\"ImageObject\",\"inLanguage\":\"fr-FR\",\"@id\":\"https:\/\/francois-pelletant.fr\/blog\/la-voirie-de-linas-en-travaux\/#primaryimage\",\"url\":\"https:\/\/francois-pelletant.fr\/blog\/wp-content\/uploads\/2012\/07\/travaux-\u00e9t\u00e9-2012.jpg\",\"contentUrl\":\"https:\/\/francois-pelletant.fr\/blog\/wp-content\/uploads\/2012\/07\/travaux-\u00e9t\u00e9-2012.jpg\",\"width\":425,\"height\":282},{\"@type\":\"BreadcrumbList\",\"@id\":\"https:\/\/francois-pelletant.fr\/blog\/la-voirie-de-linas-en-travaux\/#breadcrumb\",\"itemListElement\":[{\"@type\":\"ListItem\",\"position\":1,\"name\":\"Accueil\",\"item\":\"https:\/\/francois-pelletant.fr\/blog\/\"},{\"@type\":\"ListItem\",\"position\":2,\"name\":\"La voirie de Linas en travaux\"}]},{\"@type\":\"WebSite\",\"@id\":\"https:\/\/francois-pelletant.fr\/blog\/#website\",\"url\":\"https:\/\/francois-pelletant.fr\/blog\/\",\"name\":\"Fran\u00e7ois Pelletant\",\"description\":\"Maire de Linas, pour toujours.\",\"publisher\":{\"@id\":\"https:\/\/francois-pelletant.fr\/blog\/#organization\"},\"potentialAction\":[{\"@type\":\"SearchAction\",\"target\":{\"@type\":\"EntryPoint\",\"urlTemplate\":\"https:\/\/francois-pelletant.fr\/blog\/?s={search_term_string}\"},\"query-input\":{\"@type\":\"PropertyValueSpecification\",\"valueRequired\":true,\"valueName\":\"search_term_string\"}}],\"inLanguage\":\"fr-FR\"},{\"@type\":\"Organization\",\"@id\":\"https:\/\/francois-pelletant.fr\/blog\/#organization\",\"name\":\"Fran\u00e7ois Pelletant\",\"url\":\"https:\/\/francois-pelletant.fr\/blog\/\",\"logo\":{\"@type\":\"ImageObject\",\"inLanguage\":\"fr-FR\",\"@id\":\"https:\/\/francois-pelletant.fr\/blog\/#\/schema\/logo\/image\/\",\"url\":\"https:\/\/francois-pelletant.fr\/blog\/wp-content\/uploads\/2024\/07\/icone-francois-centre-500p.png\",\"contentUrl\":\"https:\/\/francois-pelletant.fr\/blog\/wp-content\/uploads\/2024\/07\/icone-francois-centre-500p.png\",\"width\":559,\"height\":447,\"caption\":\"Fran\u00e7ois Pelletant\"},\"image\":{\"@id\":\"https:\/\/francois-pelletant.fr\/blog\/#\/schema\/logo\/image\/\"},\"sameAs\":[\"https:\/\/www.facebook.com\/francois.pelletant.7\",\"https:\/\/x.com\/pelletant\"]},{\"@type\":\"Person\",\"@id\":\"https:\/\/francois-pelletant.fr\/blog\/#\/schema\/person\/2be41acb171dff8f31aaed1f40cee9f3\",\"name\":\"Francois\"}]}<\/script>\n<!-- \/ Yoast SEO plugin. -->","yoast_head_json":{"title":"La voirie de Linas en travaux - Fran\u00e7ois Pelletant","robots":{"index":"index","follow":"follow","max-snippet":"max-snippet:-1","max-image-preview":"max-image-preview:large","max-video-preview":"max-video-preview:-1"},"canonical":"https:\/\/francois-pelletant.fr\/blog\/la-voirie-de-linas-en-travaux\/","og_locale":"fr_FR","og_type":"article","og_title":"La voirie de Linas en travaux - Fran\u00e7ois Pelletant","og_description":"Jusqu\u2019au 12 septembre 2012, plusieurs rues de Linas vont \u00eatre l\u2019objet de travaux afin de renouveler des branchements en plomb.\u00a0Une d\u00e9viation pour contourner la rue St Merry va \u00eatre install\u00e9e et des circulations altern\u00e9es par des feux tricolores seront mises en place dans plusieurs endroits de la ville. Soyez prudents\u00a0!","og_url":"https:\/\/francois-pelletant.fr\/blog\/la-voirie-de-linas-en-travaux\/","og_site_name":"Fran\u00e7ois Pelletant","article_publisher":"https:\/\/www.facebook.com\/francois.pelletant.7","article_published_time":"2012-07-20T07:03:02+00:00","og_image":[{"width":425,"height":282,"url":"https:\/\/francois-pelletant.fr\/blog\/wp-content\/uploads\/2012\/07\/travaux-\u00e9t\u00e9-2012.jpg","type":"image\/jpeg"}],"author":"Francois","twitter_card":"summary_large_image","twitter_creator":"@pelletant","twitter_site":"@pelletant","twitter_misc":{"\u00c9crit par":"Francois"},"schema":{"@context":"https:\/\/schema.org","@graph":[{"@type":"Article","@id":"https:\/\/francois-pelletant.fr\/blog\/la-voirie-de-linas-en-travaux\/#article","isPartOf":{"@id":"https:\/\/francois-pelletant.fr\/blog\/la-voirie-de-linas-en-travaux\/"},"author":{"name":"Francois","@id":"https:\/\/francois-pelletant.fr\/blog\/#\/schema\/person\/2be41acb171dff8f31aaed1f40cee9f3"},"headline":"La voirie de Linas en travaux","datePublished":"2012-07-20T07:03:02+00:00","mainEntityOfPage":{"@id":"https:\/\/francois-pelletant.fr\/blog\/la-voirie-de-linas-en-travaux\/"},"wordCount":60,"commentCount":0,"publisher":{"@id":"https:\/\/francois-pelletant.fr\/blog\/#organization"},"image":{"@id":"https:\/\/francois-pelletant.fr\/blog\/la-voirie-de-linas-en-travaux\/#primaryimage"},"thumbnailUrl":"https:\/\/francois-pelletant.fr\/blog\/wp-content\/uploads\/2012\/07\/travaux-\u00e9t\u00e9-2012.jpg","articleSection":["Infos"],"inLanguage":"fr-FR","potentialAction":[{"@type":"CommentAction","name":"Comment","target":["https:\/\/francois-pelletant.fr\/blog\/la-voirie-de-linas-en-travaux\/#respond"]}]},{"@type":"WebPage","@id":"https:\/\/francois-pelletant.fr\/blog\/la-voirie-de-linas-en-travaux\/","url":"https:\/\/francois-pelletant.fr\/blog\/la-voirie-de-linas-en-travaux\/","name":"La voirie de Linas en travaux - Fran\u00e7ois Pelletant","isPartOf":{"@id":"https:\/\/francois-pelletant.fr\/blog\/#website"},"primaryImageOfPage":{"@id":"https:\/\/francois-pelletant.fr\/blog\/la-voirie-de-linas-en-travaux\/#primaryimage"},"image":{"@id":"https:\/\/francois-pelletant.fr\/blog\/la-voirie-de-linas-en-travaux\/#primaryimage"},"thumbnailUrl":"https:\/\/francois-pelletant.fr\/blog\/wp-content\/uploads\/2012\/07\/travaux-\u00e9t\u00e9-2012.jpg","datePublished":"2012-07-20T07:03:02+00:00","breadcrumb":{"@id":"https:\/\/francois-pelletant.fr\/blog\/la-voirie-de-linas-en-travaux\/#breadcrumb"},"inLanguage":"fr-FR","potentialAction":[{"@type":"ReadAction","target":["https:\/\/francois-pelletant.fr\/blog\/la-voirie-de-linas-en-travaux\/"]}]},{"@type":"ImageObject","inLanguage":"fr-FR","@id":"https:\/\/francois-pelletant.fr\/blog\/la-voirie-de-linas-en-travaux\/#primaryimage","url":"https:\/\/francois-pelletant.fr\/blog\/wp-content\/uploads\/2012\/07\/travaux-\u00e9t\u00e9-2012.jpg","contentUrl":"https:\/\/francois-pelletant.fr\/blog\/wp-content\/uploads\/2012\/07\/travaux-\u00e9t\u00e9-2012.jpg","width":425,"height":282},{"@type":"BreadcrumbList","@id":"https:\/\/francois-pelletant.fr\/blog\/la-voirie-de-linas-en-travaux\/#breadcrumb","itemListElement":[{"@type":"ListItem","position":1,"name":"Accueil","item":"https:\/\/francois-pelletant.fr\/blog\/"},{"@type":"ListItem","position":2,"name":"La voirie de Linas en travaux"}]},{"@type":"WebSite","@id":"https:\/\/francois-pelletant.fr\/blog\/#website","url":"https:\/\/francois-pelletant.fr\/blog\/","name":"Fran\u00e7ois Pelletant","description":"Maire de Linas, pour toujours.","publisher":{"@id":"https:\/\/francois-pelletant.fr\/blog\/#organization"},"potentialAction":[{"@type":"SearchAction","target":{"@type":"EntryPoint","urlTemplate":"https:\/\/francois-pelletant.fr\/blog\/?s={search_term_string}"},"query-input":{"@type":"PropertyValueSpecification","valueRequired":true,"valueName":"search_term_string"}}],"inLanguage":"fr-FR"},{"@type":"Organization","@id":"https:\/\/francois-pelletant.fr\/blog\/#organization","name":"Fran\u00e7ois Pelletant","url":"https:\/\/francois-pelletant.fr\/blog\/","logo":{"@type":"ImageObject","inLanguage":"fr-FR","@id":"https:\/\/francois-pelletant.fr\/blog\/#\/schema\/logo\/image\/","url":"https:\/\/francois-pelletant.fr\/blog\/wp-content\/uploads\/2024\/07\/icone-francois-centre-500p.png","contentUrl":"https:\/\/francois-pelletant.fr\/blog\/wp-content\/uploads\/2024\/07\/icone-francois-centre-500p.png","width":559,"height":447,"caption":"Fran\u00e7ois Pelletant"},"image":{"@id":"https:\/\/francois-pelletant.fr\/blog\/#\/schema\/logo\/image\/"},"sameAs":["https:\/\/www.facebook.com\/francois.pelletant.7","https:\/\/x.com\/pelletant"]},{"@type":"Person","@id":"https:\/\/francois-pelletant.fr\/blog\/#\/schema\/person\/2be41acb171dff8f31aaed1f40cee9f3","name":"Francois"}]}},"_links":{"self":[{"href":"https:\/\/francois-pelletant.fr\/blog\/wp-json\/wp\/v2\/posts\/2434","targetHints":{"allow":["GET"]}}],"collection":[{"href":"https:\/\/francois-pelletant.fr\/blog\/wp-json\/wp\/v2\/posts"}],"about":[{"href":"https:\/\/francois-pelletant.fr\/blog\/wp-json\/wp\/v2\/types\/post"}],"author":[{"embeddable":true,"href":"https:\/\/francois-pelletant.fr\/blog\/wp-json\/wp\/v2\/users\/1"}],"replies":[{"embeddable":true,"href":"https:\/\/francois-pelletant.fr\/blog\/wp-json\/wp\/v2\/comments?post=2434"}],"version-history":[{"count":0,"href":"https:\/\/francois-pelletant.fr\/blog\/wp-json\/wp\/v2\/posts\/2434\/revisions"}],"wp:featuredmedia":[{"embeddable":true,"href":"https:\/\/francois-pelletant.fr\/blog\/wp-json\/wp\/v2\/media\/2435"}],"wp:attachment":[{"href":"https:\/\/francois-pelletant.fr\/blog\/wp-json\/wp\/v2\/media?parent=2434"}],"wp:term":[{"taxonomy":"category","embeddable":true,"href":"https:\/\/francois-pelletant.fr\/blog\/wp-json\/wp\/v2\/categories?post=2434"},{"taxonomy":"post_tag","embeddable":true,"href":"https:\/\/francois-pelletant.fr\/blog\/wp-json\/wp\/v2\/tags?post=2434"}],"curies":[{"name":"wp","href":"https:\/\/api.w.org\/{rel}","templated":true}]}}