{"id":2437,"date":"2012-07-15T08:40:36","date_gmt":"2012-07-15T06:40:36","guid":{"rendered":"https:\/\/francois-pelletant.fr\/blog\/?p=2437"},"modified":"2012-07-15T08:40:36","modified_gmt":"2012-07-15T06:40:36","slug":"les-dessins-de-presse-de-la-semaine-6","status":"publish","type":"post","link":"https:\/\/francois-pelletant.fr\/blog\/les-dessins-de-presse-de-la-semaine-6\/","title":{"rendered":"Les dessins de presse de la semaine"},"content":{"rendered":"<figure id=\"attachment_2438\" aria-describedby=\"caption-attachment-2438\" style=\"width: 300px\" class=\"wp-caption alignleft\"><a href=\"https:\/\/francois-pelletant.fr\/blog\/wp-content\/uploads\/2012\/07\/le-parisien-9-juillet-2012.jpg\"><img loading=\"lazy\" decoding=\"async\" class=\"size-medium wp-image-2438\" title=\"le parisien 9 juillet 2012\" src=\"https:\/\/francois-pelletant.fr\/blog\/wp-content\/uploads\/2012\/07\/le-parisien-9-juillet-2012-300x274.jpg\" alt=\"\" width=\"300\" height=\"274\" srcset=\"https:\/\/francois-pelletant.fr\/blog\/wp-content\/uploads\/2012\/07\/le-parisien-9-juillet-2012-300x274.jpg 300w, https:\/\/francois-pelletant.fr\/blog\/wp-content\/uploads\/2012\/07\/le-parisien-9-juillet-2012.jpg 450w\" sizes=\"auto, (max-width: 300px) 100vw, 300px\" \/><\/a><figcaption id=\"caption-attachment-2438\" class=\"wp-caption-text\">le parisien 9 juillet 2012<\/figcaption><\/figure>\n<p>Sommet social, panne chez Orange, 14 juillet, mauvais temps, \u00e9thylotests et Tour de France&#8230; L&#8217;actualit\u00e9 ne ch\u00f4me jamais, m\u00eame pendant les vacances d&#8217;\u00e9t\u00e9. Retour en image avec une s\u00e9lection des dessins parus dans la presse.<\/p>\n<p>&nbsp;<\/p>\n<figure id=\"attachment_2439\" aria-describedby=\"caption-attachment-2439\" style=\"width: 300px\" class=\"wp-caption aligncenter\"><a href=\"https:\/\/francois-pelletant.fr\/blog\/wp-content\/uploads\/2012\/07\/Le-courrier-Picard-6-juillet-2012.jpg\"><img loading=\"lazy\" decoding=\"async\" class=\"size-medium wp-image-2439\" title=\"\" src=\"https:\/\/francois-pelletant.fr\/blog\/wp-content\/uploads\/2012\/07\/Le-courrier-Picard-6-juillet-2012-300x237.jpg\" alt=\"\" width=\"300\" height=\"237\" \/><\/a><figcaption id=\"caption-attachment-2439\" class=\"wp-caption-text\">Le courrier picard 6 juillet 2012<\/figcaption><\/figure>\n<p>&nbsp;<\/p>\n<figure id=\"attachment_2440\" aria-describedby=\"caption-attachment-2440\" style=\"width: 300px\" class=\"wp-caption aligncenter\"><a href=\"https:\/\/francois-pelletant.fr\/blog\/wp-content\/uploads\/2012\/07\/bakchich-11-juillet-2012.jpg\"><img loading=\"lazy\" decoding=\"async\" class=\"size-medium wp-image-2440\" title=\"bakchich 11 juillet 2012\" src=\"https:\/\/francois-pelletant.fr\/blog\/wp-content\/uploads\/2012\/07\/bakchich-11-juillet-2012-300x294.jpg\" alt=\"\" width=\"300\" height=\"294\" \/><\/a><figcaption id=\"caption-attachment-2440\" class=\"wp-caption-text\">bakchich 11 juillet 2012<\/figcaption><\/figure>\n<p>&nbsp;<\/p>\n<figure id=\"attachment_2441\" aria-describedby=\"caption-attachment-2441\" style=\"width: 220px\" class=\"wp-caption aligncenter\"><a href=\"https:\/\/francois-pelletant.fr\/blog\/wp-content\/uploads\/2012\/07\/Marianne-7-juillet-2012.jpg\"><img loading=\"lazy\" decoding=\"async\" class=\"size-medium wp-image-2441\" title=\"Marianne 7 juillet 2012\" src=\"https:\/\/francois-pelletant.fr\/blog\/wp-content\/uploads\/2012\/07\/Marianne-7-juillet-2012-220x300.jpg\" alt=\"\" width=\"220\" height=\"300\" srcset=\"https:\/\/francois-pelletant.fr\/blog\/wp-content\/uploads\/2012\/07\/Marianne-7-juillet-2012-220x300.jpg 220w, https:\/\/francois-pelletant.fr\/blog\/wp-content\/uploads\/2012\/07\/Marianne-7-juillet-2012.jpg 305w\" sizes=\"auto, (max-width: 220px) 100vw, 220px\" \/><\/a><figcaption id=\"caption-attachment-2441\" class=\"wp-caption-text\">Marianne 7 juillet 2012<\/figcaption><\/figure>\n<p>&nbsp;<\/p>\n<figure id=\"attachment_2442\" aria-describedby=\"caption-attachment-2442\" style=\"width: 234px\" class=\"wp-caption aligncenter\"><a href=\"https:\/\/francois-pelletant.fr\/blog\/wp-content\/uploads\/2012\/07\/Marianne-7-juillet-2012b.jpg\"><img loading=\"lazy\" decoding=\"async\" class=\"size-medium wp-image-2442\" title=\"Marianne 7 juillet 2012b\" src=\"https:\/\/francois-pelletant.fr\/blog\/wp-content\/uploads\/2012\/07\/Marianne-7-juillet-2012b-234x300.jpg\" alt=\"\" width=\"234\" height=\"300\" srcset=\"https:\/\/francois-pelletant.fr\/blog\/wp-content\/uploads\/2012\/07\/Marianne-7-juillet-2012b-234x300.jpg 234w, https:\/\/francois-pelletant.fr\/blog\/wp-content\/uploads\/2012\/07\/Marianne-7-juillet-2012b.jpg 309w\" sizes=\"auto, (max-width: 234px) 100vw, 234px\" \/><\/a><figcaption id=\"caption-attachment-2442\" class=\"wp-caption-text\">Marianne 7 juillet 2012<\/figcaption><\/figure>\n<p>&nbsp;<\/p>\n<figure id=\"attachment_2443\" aria-describedby=\"caption-attachment-2443\" style=\"width: 300px\" class=\"wp-caption aligncenter\"><a href=\"https:\/\/francois-pelletant.fr\/blog\/wp-content\/uploads\/2012\/07\/Le-courrier-Picard-12-juillet-2012.jpg\"><img loading=\"lazy\" decoding=\"async\" class=\"size-medium wp-image-2443\" title=\"Le courrier Picard 12 juillet 2012\" src=\"https:\/\/francois-pelletant.fr\/blog\/wp-content\/uploads\/2012\/07\/Le-courrier-Picard-12-juillet-2012-300x234.jpg\" alt=\"\" width=\"300\" height=\"234\" srcset=\"https:\/\/francois-pelletant.fr\/blog\/wp-content\/uploads\/2012\/07\/Le-courrier-Picard-12-juillet-2012-300x234.jpg 300w, https:\/\/francois-pelletant.fr\/blog\/wp-content\/uploads\/2012\/07\/Le-courrier-Picard-12-juillet-2012.jpg 500w\" sizes=\"auto, (max-width: 300px) 100vw, 300px\" \/><\/a><figcaption id=\"caption-attachment-2443\" class=\"wp-caption-text\">Le courrier Picard 12 juillet 2012<\/figcaption><\/figure>\n<p>&nbsp;<\/p>\n<figure id=\"attachment_2444\" aria-describedby=\"caption-attachment-2444\" style=\"width: 300px\" class=\"wp-caption aligncenter\"><a href=\"https:\/\/francois-pelletant.fr\/blog\/wp-content\/uploads\/2012\/07\/Le-canard-enchain\u00e9-12-juillet-2012.jpg\"><img loading=\"lazy\" decoding=\"async\" class=\"size-medium wp-image-2444\" title=\"Le canard enchain\u00e9 12 juillet 2012\" src=\"https:\/\/francois-pelletant.fr\/blog\/wp-content\/uploads\/2012\/07\/Le-canard-enchain\u00e9-12-juillet-2012-300x293.jpg\" alt=\"\" width=\"300\" height=\"293\" \/><\/a><figcaption id=\"caption-attachment-2444\" class=\"wp-caption-text\">Le canard enchain\u00e9 12 juillet 2012<\/figcaption><\/figure>\n<p>&nbsp;<\/p>\n<p>Sources :\u00a0http:\/\/www.bakchich.info\/;\u00a0<a href=\"http:\/\/www.lecanardenchaine.fr\/\" target=\"_blank\" rel=\"nofollow\">http:\/\/www.lecanardenchaine.fr\/<\/a>;\u00a0<a href=\"http:\/\/www.courrier-picard.fr\/\" target=\"_blank\" rel=\"nofollow\">http:\/\/www.courrier-picard.fr\/<\/a>;\u00a0<a href=\"http:\/\/www.leparisien.fr\/\" target=\"_blank\" rel=\"nofollow\">http:\/\/www.leparisien.fr\/<\/a>;\u00a0<a href=\"http:\/\/www.marianne2.fr\/\" target=\"_blank\" rel=\"nofollow\">http:\/\/www.marianne2.fr\/<\/a><\/p>\n","protected":false},"excerpt":{"rendered":"<p>Sommet social, panne chez Orange, 14 juillet, mauvais temps, \u00e9thylotests et Tour de France&#8230; L&#8217;actualit\u00e9 ne ch\u00f4me jamais, m\u00eame pendant les vacances d&#8217;\u00e9t\u00e9. Retour en image avec une s\u00e9lection des dessins parus dans la presse. &nbsp; &nbsp; &nbsp; &nbsp; &nbsp; &nbsp; &nbsp; Sources :\u00a0http:\/\/www.bakchich.info\/;\u00a0http:\/\/www.lecanardenchaine.fr\/;\u00a0http:\/\/www.courrier-picard.fr\/;\u00a0http:\/\/www.leparisien.fr\/;\u00a0http:\/\/www.marianne2.fr\/<\/p>\n","protected":false},"author":1,"featured_media":2438,"comment_status":"open","ping_status":"open","sticky":false,"template":"","format":"standard","meta":{"footnotes":""},"categories":[10,17],"tags":[],"class_list":["post-2437","post","type-post","status-publish","format-standard","has-post-thumbnail","hentry","category-1pelletant","category-prix-du-meilleur-dessin-de-presse"],"yoast_head":"<!-- This site is optimized with the Yoast SEO plugin v25.6 - https:\/\/yoast.com\/wordpress\/plugins\/seo\/ -->\n<title>Les dessins de presse de la semaine - Fran\u00e7ois Pelletant<\/title>\n<meta name=\"robots\" content=\"index, follow, max-snippet:-1, max-image-preview:large, max-video-preview:-1\" \/>\n<link rel=\"canonical\" href=\"https:\/\/francois-pelletant.fr\/blog\/les-dessins-de-presse-de-la-semaine-6\/\" \/>\n<meta property=\"og:locale\" content=\"fr_FR\" \/>\n<meta property=\"og:type\" content=\"article\" \/>\n<meta property=\"og:title\" content=\"Les dessins de presse de la semaine - Fran\u00e7ois Pelletant\" \/>\n<meta property=\"og:description\" content=\"Sommet social, panne chez Orange, 14 juillet, mauvais temps, \u00e9thylotests et Tour de France&#8230; L&#8217;actualit\u00e9 ne ch\u00f4me jamais, m\u00eame pendant les vacances d&#8217;\u00e9t\u00e9. Retour en image avec une s\u00e9lection des dessins parus dans la presse. &nbsp; &nbsp; &nbsp; &nbsp; &nbsp; &nbsp; &nbsp; Sources :\u00a0http:\/\/www.bakchich.info\/;\u00a0http:\/\/www.lecanardenchaine.fr\/;\u00a0http:\/\/www.courrier-picard.fr\/;\u00a0http:\/\/www.leparisien.fr\/;\u00a0http:\/\/www.marianne2.fr\/\" \/>\n<meta property=\"og:url\" content=\"https:\/\/francois-pelletant.fr\/blog\/les-dessins-de-presse-de-la-semaine-6\/\" \/>\n<meta property=\"og:site_name\" content=\"Fran\u00e7ois Pelletant\" \/>\n<meta property=\"article:publisher\" content=\"https:\/\/www.facebook.com\/francois.pelletant.7\" \/>\n<meta property=\"article:published_time\" content=\"2012-07-15T06:40:36+00:00\" \/>\n<meta property=\"og:image\" content=\"https:\/\/francois-pelletant.fr\/blog\/wp-content\/uploads\/2012\/07\/le-parisien-9-juillet-2012.jpg\" \/>\n\t<meta property=\"og:image:width\" content=\"450\" \/>\n\t<meta property=\"og:image:height\" content=\"411\" \/>\n\t<meta property=\"og:image:type\" content=\"image\/jpeg\" \/>\n<meta name=\"author\" content=\"Francois\" \/>\n<meta name=\"twitter:card\" content=\"summary_large_image\" \/>\n<meta name=\"twitter:creator\" content=\"@pelletant\" \/>\n<meta name=\"twitter:site\" content=\"@pelletant\" \/>\n<meta name=\"twitter:label1\" content=\"\u00c9crit par\" \/>\n\t<meta name=\"twitter:data1\" content=\"Francois\" \/>\n\t<meta name=\"twitter:label2\" content=\"Dur\u00e9e de lecture estim\u00e9e\" \/>\n\t<meta name=\"twitter:data2\" content=\"1 minute\" \/>\n<script type=\"application\/ld+json\" class=\"yoast-schema-graph\">{\"@context\":\"https:\/\/schema.org\",\"@graph\":[{\"@type\":\"Article\",\"@id\":\"https:\/\/francois-pelletant.fr\/blog\/les-dessins-de-presse-de-la-semaine-6\/#article\",\"isPartOf\":{\"@id\":\"https:\/\/francois-pelletant.fr\/blog\/les-dessins-de-presse-de-la-semaine-6\/\"},\"author\":{\"name\":\"Francois\",\"@id\":\"https:\/\/francois-pelletant.fr\/blog\/#\/schema\/person\/2be41acb171dff8f31aaed1f40cee9f3\"},\"headline\":\"Les dessins de presse de la semaine\",\"datePublished\":\"2012-07-15T06:40:36+00:00\",\"mainEntityOfPage\":{\"@id\":\"https:\/\/francois-pelletant.fr\/blog\/les-dessins-de-presse-de-la-semaine-6\/\"},\"wordCount\":151,\"commentCount\":0,\"publisher\":{\"@id\":\"https:\/\/francois-pelletant.fr\/blog\/#organization\"},\"image\":{\"@id\":\"https:\/\/francois-pelletant.fr\/blog\/les-dessins-de-presse-de-la-semaine-6\/#primaryimage\"},\"thumbnailUrl\":\"https:\/\/francois-pelletant.fr\/blog\/wp-content\/uploads\/2012\/07\/le-parisien-9-juillet-2012.jpg\",\"articleSection\":[\"Infos\",\"Prix du meilleur dessin de presse\"],\"inLanguage\":\"fr-FR\",\"potentialAction\":[{\"@type\":\"CommentAction\",\"name\":\"Comment\",\"target\":[\"https:\/\/francois-pelletant.fr\/blog\/les-dessins-de-presse-de-la-semaine-6\/#respond\"]}]},{\"@type\":\"WebPage\",\"@id\":\"https:\/\/francois-pelletant.fr\/blog\/les-dessins-de-presse-de-la-semaine-6\/\",\"url\":\"https:\/\/francois-pelletant.fr\/blog\/les-dessins-de-presse-de-la-semaine-6\/\",\"name\":\"Les dessins de presse de la semaine - Fran\u00e7ois Pelletant\",\"isPartOf\":{\"@id\":\"https:\/\/francois-pelletant.fr\/blog\/#website\"},\"primaryImageOfPage\":{\"@id\":\"https:\/\/francois-pelletant.fr\/blog\/les-dessins-de-presse-de-la-semaine-6\/#primaryimage\"},\"image\":{\"@id\":\"https:\/\/francois-pelletant.fr\/blog\/les-dessins-de-presse-de-la-semaine-6\/#primaryimage\"},\"thumbnailUrl\":\"https:\/\/francois-pelletant.fr\/blog\/wp-content\/uploads\/2012\/07\/le-parisien-9-juillet-2012.jpg\",\"datePublished\":\"2012-07-15T06:40:36+00:00\",\"breadcrumb\":{\"@id\":\"https:\/\/francois-pelletant.fr\/blog\/les-dessins-de-presse-de-la-semaine-6\/#breadcrumb\"},\"inLanguage\":\"fr-FR\",\"potentialAction\":[{\"@type\":\"ReadAction\",\"target\":[\"https:\/\/francois-pelletant.fr\/blog\/les-dessins-de-presse-de-la-semaine-6\/\"]}]},{\"@type\":\"ImageObject\",\"inLanguage\":\"fr-FR\",\"@id\":\"https:\/\/francois-pelletant.fr\/blog\/les-dessins-de-presse-de-la-semaine-6\/#primaryimage\",\"url\":\"https:\/\/francois-pelletant.fr\/blog\/wp-content\/uploads\/2012\/07\/le-parisien-9-juillet-2012.jpg\",\"contentUrl\":\"https:\/\/francois-pelletant.fr\/blog\/wp-content\/uploads\/2012\/07\/le-parisien-9-juillet-2012.jpg\",\"width\":450,\"height\":411,\"caption\":\"le parisien 9 juillet 2012\"},{\"@type\":\"BreadcrumbList\",\"@id\":\"https:\/\/francois-pelletant.fr\/blog\/les-dessins-de-presse-de-la-semaine-6\/#breadcrumb\",\"itemListElement\":[{\"@type\":\"ListItem\",\"position\":1,\"name\":\"Accueil\",\"item\":\"https:\/\/francois-pelletant.fr\/blog\/\"},{\"@type\":\"ListItem\",\"position\":2,\"name\":\"Les dessins de presse de la semaine\"}]},{\"@type\":\"WebSite\",\"@id\":\"https:\/\/francois-pelletant.fr\/blog\/#website\",\"url\":\"https:\/\/francois-pelletant.fr\/blog\/\",\"name\":\"Fran\u00e7ois Pelletant\",\"description\":\"Maire de Linas, pour toujours.\",\"publisher\":{\"@id\":\"https:\/\/francois-pelletant.fr\/blog\/#organization\"},\"potentialAction\":[{\"@type\":\"SearchAction\",\"target\":{\"@type\":\"EntryPoint\",\"urlTemplate\":\"https:\/\/francois-pelletant.fr\/blog\/?s={search_term_string}\"},\"query-input\":{\"@type\":\"PropertyValueSpecification\",\"valueRequired\":true,\"valueName\":\"search_term_string\"}}],\"inLanguage\":\"fr-FR\"},{\"@type\":\"Organization\",\"@id\":\"https:\/\/francois-pelletant.fr\/blog\/#organization\",\"name\":\"Fran\u00e7ois Pelletant\",\"url\":\"https:\/\/francois-pelletant.fr\/blog\/\",\"logo\":{\"@type\":\"ImageObject\",\"inLanguage\":\"fr-FR\",\"@id\":\"https:\/\/francois-pelletant.fr\/blog\/#\/schema\/logo\/image\/\",\"url\":\"https:\/\/francois-pelletant.fr\/blog\/wp-content\/uploads\/2024\/07\/icone-francois-centre-500p.png\",\"contentUrl\":\"https:\/\/francois-pelletant.fr\/blog\/wp-content\/uploads\/2024\/07\/icone-francois-centre-500p.png\",\"width\":559,\"height\":447,\"caption\":\"Fran\u00e7ois Pelletant\"},\"image\":{\"@id\":\"https:\/\/francois-pelletant.fr\/blog\/#\/schema\/logo\/image\/\"},\"sameAs\":[\"https:\/\/www.facebook.com\/francois.pelletant.7\",\"https:\/\/x.com\/pelletant\"]},{\"@type\":\"Person\",\"@id\":\"https:\/\/francois-pelletant.fr\/blog\/#\/schema\/person\/2be41acb171dff8f31aaed1f40cee9f3\",\"name\":\"Francois\"}]}<\/script>\n<!-- \/ Yoast SEO plugin. -->","yoast_head_json":{"title":"Les dessins de presse de la semaine - Fran\u00e7ois Pelletant","robots":{"index":"index","follow":"follow","max-snippet":"max-snippet:-1","max-image-preview":"max-image-preview:large","max-video-preview":"max-video-preview:-1"},"canonical":"https:\/\/francois-pelletant.fr\/blog\/les-dessins-de-presse-de-la-semaine-6\/","og_locale":"fr_FR","og_type":"article","og_title":"Les dessins de presse de la semaine - Fran\u00e7ois Pelletant","og_description":"Sommet social, panne chez Orange, 14 juillet, mauvais temps, \u00e9thylotests et Tour de France&#8230; L&#8217;actualit\u00e9 ne ch\u00f4me jamais, m\u00eame pendant les vacances d&#8217;\u00e9t\u00e9. Retour en image avec une s\u00e9lection des dessins parus dans la presse. &nbsp; &nbsp; &nbsp; &nbsp; &nbsp; &nbsp; &nbsp; Sources :\u00a0http:\/\/www.bakchich.info\/;\u00a0http:\/\/www.lecanardenchaine.fr\/;\u00a0http:\/\/www.courrier-picard.fr\/;\u00a0http:\/\/www.leparisien.fr\/;\u00a0http:\/\/www.marianne2.fr\/","og_url":"https:\/\/francois-pelletant.fr\/blog\/les-dessins-de-presse-de-la-semaine-6\/","og_site_name":"Fran\u00e7ois Pelletant","article_publisher":"https:\/\/www.facebook.com\/francois.pelletant.7","article_published_time":"2012-07-15T06:40:36+00:00","og_image":[{"width":450,"height":411,"url":"https:\/\/francois-pelletant.fr\/blog\/wp-content\/uploads\/2012\/07\/le-parisien-9-juillet-2012.jpg","type":"image\/jpeg"}],"author":"Francois","twitter_card":"summary_large_image","twitter_creator":"@pelletant","twitter_site":"@pelletant","twitter_misc":{"\u00c9crit par":"Francois","Dur\u00e9e de lecture estim\u00e9e":"1 minute"},"schema":{"@context":"https:\/\/schema.org","@graph":[{"@type":"Article","@id":"https:\/\/francois-pelletant.fr\/blog\/les-dessins-de-presse-de-la-semaine-6\/#article","isPartOf":{"@id":"https:\/\/francois-pelletant.fr\/blog\/les-dessins-de-presse-de-la-semaine-6\/"},"author":{"name":"Francois","@id":"https:\/\/francois-pelletant.fr\/blog\/#\/schema\/person\/2be41acb171dff8f31aaed1f40cee9f3"},"headline":"Les dessins de presse de la semaine","datePublished":"2012-07-15T06:40:36+00:00","mainEntityOfPage":{"@id":"https:\/\/francois-pelletant.fr\/blog\/les-dessins-de-presse-de-la-semaine-6\/"},"wordCount":151,"commentCount":0,"publisher":{"@id":"https:\/\/francois-pelletant.fr\/blog\/#organization"},"image":{"@id":"https:\/\/francois-pelletant.fr\/blog\/les-dessins-de-presse-de-la-semaine-6\/#primaryimage"},"thumbnailUrl":"https:\/\/francois-pelletant.fr\/blog\/wp-content\/uploads\/2012\/07\/le-parisien-9-juillet-2012.jpg","articleSection":["Infos","Prix du meilleur dessin de presse"],"inLanguage":"fr-FR","potentialAction":[{"@type":"CommentAction","name":"Comment","target":["https:\/\/francois-pelletant.fr\/blog\/les-dessins-de-presse-de-la-semaine-6\/#respond"]}]},{"@type":"WebPage","@id":"https:\/\/francois-pelletant.fr\/blog\/les-dessins-de-presse-de-la-semaine-6\/","url":"https:\/\/francois-pelletant.fr\/blog\/les-dessins-de-presse-de-la-semaine-6\/","name":"Les dessins de presse de la semaine - Fran\u00e7ois Pelletant","isPartOf":{"@id":"https:\/\/francois-pelletant.fr\/blog\/#website"},"primaryImageOfPage":{"@id":"https:\/\/francois-pelletant.fr\/blog\/les-dessins-de-presse-de-la-semaine-6\/#primaryimage"},"image":{"@id":"https:\/\/francois-pelletant.fr\/blog\/les-dessins-de-presse-de-la-semaine-6\/#primaryimage"},"thumbnailUrl":"https:\/\/francois-pelletant.fr\/blog\/wp-content\/uploads\/2012\/07\/le-parisien-9-juillet-2012.jpg","datePublished":"2012-07-15T06:40:36+00:00","breadcrumb":{"@id":"https:\/\/francois-pelletant.fr\/blog\/les-dessins-de-presse-de-la-semaine-6\/#breadcrumb"},"inLanguage":"fr-FR","potentialAction":[{"@type":"ReadAction","target":["https:\/\/francois-pelletant.fr\/blog\/les-dessins-de-presse-de-la-semaine-6\/"]}]},{"@type":"ImageObject","inLanguage":"fr-FR","@id":"https:\/\/francois-pelletant.fr\/blog\/les-dessins-de-presse-de-la-semaine-6\/#primaryimage","url":"https:\/\/francois-pelletant.fr\/blog\/wp-content\/uploads\/2012\/07\/le-parisien-9-juillet-2012.jpg","contentUrl":"https:\/\/francois-pelletant.fr\/blog\/wp-content\/uploads\/2012\/07\/le-parisien-9-juillet-2012.jpg","width":450,"height":411,"caption":"le parisien 9 juillet 2012"},{"@type":"BreadcrumbList","@id":"https:\/\/francois-pelletant.fr\/blog\/les-dessins-de-presse-de-la-semaine-6\/#breadcrumb","itemListElement":[{"@type":"ListItem","position":1,"name":"Accueil","item":"https:\/\/francois-pelletant.fr\/blog\/"},{"@type":"ListItem","position":2,"name":"Les dessins de presse de la semaine"}]},{"@type":"WebSite","@id":"https:\/\/francois-pelletant.fr\/blog\/#website","url":"https:\/\/francois-pelletant.fr\/blog\/","name":"Fran\u00e7ois Pelletant","description":"Maire de Linas, pour toujours.","publisher":{"@id":"https:\/\/francois-pelletant.fr\/blog\/#organization"},"potentialAction":[{"@type":"SearchAction","target":{"@type":"EntryPoint","urlTemplate":"https:\/\/francois-pelletant.fr\/blog\/?s={search_term_string}"},"query-input":{"@type":"PropertyValueSpecification","valueRequired":true,"valueName":"search_term_string"}}],"inLanguage":"fr-FR"},{"@type":"Organization","@id":"https:\/\/francois-pelletant.fr\/blog\/#organization","name":"Fran\u00e7ois Pelletant","url":"https:\/\/francois-pelletant.fr\/blog\/","logo":{"@type":"ImageObject","inLanguage":"fr-FR","@id":"https:\/\/francois-pelletant.fr\/blog\/#\/schema\/logo\/image\/","url":"https:\/\/francois-pelletant.fr\/blog\/wp-content\/uploads\/2024\/07\/icone-francois-centre-500p.png","contentUrl":"https:\/\/francois-pelletant.fr\/blog\/wp-content\/uploads\/2024\/07\/icone-francois-centre-500p.png","width":559,"height":447,"caption":"Fran\u00e7ois Pelletant"},"image":{"@id":"https:\/\/francois-pelletant.fr\/blog\/#\/schema\/logo\/image\/"},"sameAs":["https:\/\/www.facebook.com\/francois.pelletant.7","https:\/\/x.com\/pelletant"]},{"@type":"Person","@id":"https:\/\/francois-pelletant.fr\/blog\/#\/schema\/person\/2be41acb171dff8f31aaed1f40cee9f3","name":"Francois"}]}},"_links":{"self":[{"href":"https:\/\/francois-pelletant.fr\/blog\/wp-json\/wp\/v2\/posts\/2437","targetHints":{"allow":["GET"]}}],"collection":[{"href":"https:\/\/francois-pelletant.fr\/blog\/wp-json\/wp\/v2\/posts"}],"about":[{"href":"https:\/\/francois-pelletant.fr\/blog\/wp-json\/wp\/v2\/types\/post"}],"author":[{"embeddable":true,"href":"https:\/\/francois-pelletant.fr\/blog\/wp-json\/wp\/v2\/users\/1"}],"replies":[{"embeddable":true,"href":"https:\/\/francois-pelletant.fr\/blog\/wp-json\/wp\/v2\/comments?post=2437"}],"version-history":[{"count":0,"href":"https:\/\/francois-pelletant.fr\/blog\/wp-json\/wp\/v2\/posts\/2437\/revisions"}],"wp:featuredmedia":[{"embeddable":true,"href":"https:\/\/francois-pelletant.fr\/blog\/wp-json\/wp\/v2\/media\/2438"}],"wp:attachment":[{"href":"https:\/\/francois-pelletant.fr\/blog\/wp-json\/wp\/v2\/media?parent=2437"}],"wp:term":[{"taxonomy":"category","embeddable":true,"href":"https:\/\/francois-pelletant.fr\/blog\/wp-json\/wp\/v2\/categories?post=2437"},{"taxonomy":"post_tag","embeddable":true,"href":"https:\/\/francois-pelletant.fr\/blog\/wp-json\/wp\/v2\/tags?post=2437"}],"curies":[{"name":"wp","href":"https:\/\/api.w.org\/{rel}","templated":true}]}}