{"id":2468,"date":"2012-08-27T09:19:19","date_gmt":"2012-08-27T07:19:19","guid":{"rendered":"https:\/\/francois-pelletant.fr\/blog\/?p=2468"},"modified":"2012-08-27T09:19:19","modified_gmt":"2012-08-27T07:19:19","slug":"amenagement-dete-a-lecole-de-linas","status":"publish","type":"post","link":"https:\/\/francois-pelletant.fr\/blog\/amenagement-dete-a-lecole-de-linas\/","title":{"rendered":"Am\u00e9nagement d\u2019\u00e9t\u00e9 \u00e0 l\u2019\u00e9cole de Linas"},"content":{"rendered":"<figure id=\"attachment_2470\" aria-describedby=\"caption-attachment-2470\" style=\"width: 300px\" class=\"wp-caption alignleft\"><a href=\"https:\/\/francois-pelletant.fr\/blog\/wp-content\/uploads\/2012\/08\/jeu-mater-1-web.jpg\"><img loading=\"lazy\" decoding=\"async\" class=\"size-medium wp-image-2470\" title=\"jeu mater 1 web\" src=\"https:\/\/francois-pelletant.fr\/blog\/wp-content\/uploads\/2012\/08\/jeu-mater-1-web-300x200.jpg\" alt=\"\" width=\"300\" height=\"200\" srcset=\"https:\/\/francois-pelletant.fr\/blog\/wp-content\/uploads\/2012\/08\/jeu-mater-1-web-300x200.jpg 300w, https:\/\/francois-pelletant.fr\/blog\/wp-content\/uploads\/2012\/08\/jeu-mater-1-web.jpg 591w\" sizes=\"auto, (max-width: 300px) 100vw, 300px\" \/><\/a><figcaption id=\"caption-attachment-2470\" class=\"wp-caption-text\">vendredi dernier : les nouveaux jeux d&#39;ext\u00e9rieurs en maternelle en cours d&#39;installation<\/figcaption><\/figure>\n<p>Pendant les vacances scolaires, plusieurs am\u00e9nagements ont vu le jour \u00e0 l\u2019Ecole des Sources de Linas.\u00a0En \u00e9l\u00e9mentaire, ce sont le couloir d\u2019acc\u00e8s aux classes, les toilettes filles et gar\u00e7ons et la classe de soutien qui ont \u00e9t\u00e9 repeints.\u00a0Du c\u00f4t\u00e9 des maternelles, cela sent bon \u00e9galement la peinture fra\u00eeche dans les classes de Mmes Girard et Guimas et dans la salle ATSEM. Deux baies vitr\u00e9es sur les fa\u00e7ade d\u2019entr\u00e9e en petite section ont \u00e9galement \u00e9t\u00e9 install\u00e9es. Enfin, le meilleur pour la fin, de nouveaux jeux d\u2019ext\u00e9rieurs sont en cours d\u2019installation, et seront fonctionnels pour la rentr\u00e9e\u00a0!<\/p>\n<p>&nbsp;<\/p>\n","protected":false},"excerpt":{"rendered":"<p>Pendant les vacances scolaires, plusieurs am\u00e9nagements ont vu le jour \u00e0 l\u2019Ecole des Sources de Linas.\u00a0En \u00e9l\u00e9mentaire, ce sont le couloir d\u2019acc\u00e8s aux classes, les toilettes filles et gar\u00e7ons et la classe de soutien qui ont \u00e9t\u00e9 repeints.\u00a0Du c\u00f4t\u00e9 des maternelles, cela sent bon \u00e9galement la peinture fra\u00eeche dans les classes de Mmes Girard et [&hellip;]<\/p>\n","protected":false},"author":1,"featured_media":2470,"comment_status":"open","ping_status":"open","sticky":false,"template":"","format":"standard","meta":{"footnotes":""},"categories":[10],"tags":[],"class_list":["post-2468","post","type-post","status-publish","format-standard","has-post-thumbnail","hentry","category-1pelletant"],"yoast_head":"<!-- This site is optimized with the Yoast SEO plugin v25.6 - https:\/\/yoast.com\/wordpress\/plugins\/seo\/ -->\n<title>Am\u00e9nagement d\u2019\u00e9t\u00e9 \u00e0 l\u2019\u00e9cole de Linas - Fran\u00e7ois Pelletant<\/title>\n<meta name=\"robots\" content=\"index, follow, max-snippet:-1, max-image-preview:large, max-video-preview:-1\" \/>\n<link rel=\"canonical\" href=\"https:\/\/francois-pelletant.fr\/blog\/amenagement-dete-a-lecole-de-linas\/\" \/>\n<meta property=\"og:locale\" content=\"fr_FR\" \/>\n<meta property=\"og:type\" content=\"article\" \/>\n<meta property=\"og:title\" content=\"Am\u00e9nagement d\u2019\u00e9t\u00e9 \u00e0 l\u2019\u00e9cole de Linas - Fran\u00e7ois Pelletant\" \/>\n<meta property=\"og:description\" content=\"Pendant les vacances scolaires, plusieurs am\u00e9nagements ont vu le jour \u00e0 l\u2019Ecole des Sources de Linas.\u00a0En \u00e9l\u00e9mentaire, ce sont le couloir d\u2019acc\u00e8s aux classes, les toilettes filles et gar\u00e7ons et la classe de soutien qui ont \u00e9t\u00e9 repeints.\u00a0Du c\u00f4t\u00e9 des maternelles, cela sent bon \u00e9galement la peinture fra\u00eeche dans les classes de Mmes Girard et [&hellip;]\" \/>\n<meta property=\"og:url\" content=\"https:\/\/francois-pelletant.fr\/blog\/amenagement-dete-a-lecole-de-linas\/\" \/>\n<meta property=\"og:site_name\" content=\"Fran\u00e7ois Pelletant\" \/>\n<meta property=\"article:publisher\" content=\"https:\/\/www.facebook.com\/francois.pelletant.7\" \/>\n<meta property=\"article:published_time\" content=\"2012-08-27T07:19:19+00:00\" \/>\n<meta property=\"og:image\" content=\"https:\/\/francois-pelletant.fr\/blog\/wp-content\/uploads\/2012\/08\/jeu-mater-1-web.jpg\" \/>\n\t<meta property=\"og:image:width\" content=\"591\" \/>\n\t<meta property=\"og:image:height\" content=\"394\" \/>\n\t<meta property=\"og:image:type\" content=\"image\/jpeg\" \/>\n<meta name=\"author\" content=\"Francois\" \/>\n<meta name=\"twitter:card\" content=\"summary_large_image\" \/>\n<meta name=\"twitter:creator\" content=\"@pelletant\" \/>\n<meta name=\"twitter:site\" content=\"@pelletant\" \/>\n<meta name=\"twitter:label1\" content=\"\u00c9crit par\" \/>\n\t<meta name=\"twitter:data1\" content=\"Francois\" \/>\n\t<meta name=\"twitter:label2\" content=\"Dur\u00e9e de lecture estim\u00e9e\" \/>\n\t<meta name=\"twitter:data2\" content=\"1 minute\" \/>\n<script type=\"application\/ld+json\" class=\"yoast-schema-graph\">{\"@context\":\"https:\/\/schema.org\",\"@graph\":[{\"@type\":\"Article\",\"@id\":\"https:\/\/francois-pelletant.fr\/blog\/amenagement-dete-a-lecole-de-linas\/#article\",\"isPartOf\":{\"@id\":\"https:\/\/francois-pelletant.fr\/blog\/amenagement-dete-a-lecole-de-linas\/\"},\"author\":{\"name\":\"Francois\",\"@id\":\"https:\/\/francois-pelletant.fr\/blog\/#\/schema\/person\/2be41acb171dff8f31aaed1f40cee9f3\"},\"headline\":\"Am\u00e9nagement d\u2019\u00e9t\u00e9 \u00e0 l\u2019\u00e9cole de Linas\",\"datePublished\":\"2012-08-27T07:19:19+00:00\",\"mainEntityOfPage\":{\"@id\":\"https:\/\/francois-pelletant.fr\/blog\/amenagement-dete-a-lecole-de-linas\/\"},\"wordCount\":144,\"commentCount\":0,\"publisher\":{\"@id\":\"https:\/\/francois-pelletant.fr\/blog\/#organization\"},\"image\":{\"@id\":\"https:\/\/francois-pelletant.fr\/blog\/amenagement-dete-a-lecole-de-linas\/#primaryimage\"},\"thumbnailUrl\":\"https:\/\/francois-pelletant.fr\/blog\/wp-content\/uploads\/2012\/08\/jeu-mater-1-web.jpg\",\"articleSection\":[\"Infos\"],\"inLanguage\":\"fr-FR\",\"potentialAction\":[{\"@type\":\"CommentAction\",\"name\":\"Comment\",\"target\":[\"https:\/\/francois-pelletant.fr\/blog\/amenagement-dete-a-lecole-de-linas\/#respond\"]}]},{\"@type\":\"WebPage\",\"@id\":\"https:\/\/francois-pelletant.fr\/blog\/amenagement-dete-a-lecole-de-linas\/\",\"url\":\"https:\/\/francois-pelletant.fr\/blog\/amenagement-dete-a-lecole-de-linas\/\",\"name\":\"Am\u00e9nagement d\u2019\u00e9t\u00e9 \u00e0 l\u2019\u00e9cole de Linas - Fran\u00e7ois Pelletant\",\"isPartOf\":{\"@id\":\"https:\/\/francois-pelletant.fr\/blog\/#website\"},\"primaryImageOfPage\":{\"@id\":\"https:\/\/francois-pelletant.fr\/blog\/amenagement-dete-a-lecole-de-linas\/#primaryimage\"},\"image\":{\"@id\":\"https:\/\/francois-pelletant.fr\/blog\/amenagement-dete-a-lecole-de-linas\/#primaryimage\"},\"thumbnailUrl\":\"https:\/\/francois-pelletant.fr\/blog\/wp-content\/uploads\/2012\/08\/jeu-mater-1-web.jpg\",\"datePublished\":\"2012-08-27T07:19:19+00:00\",\"breadcrumb\":{\"@id\":\"https:\/\/francois-pelletant.fr\/blog\/amenagement-dete-a-lecole-de-linas\/#breadcrumb\"},\"inLanguage\":\"fr-FR\",\"potentialAction\":[{\"@type\":\"ReadAction\",\"target\":[\"https:\/\/francois-pelletant.fr\/blog\/amenagement-dete-a-lecole-de-linas\/\"]}]},{\"@type\":\"ImageObject\",\"inLanguage\":\"fr-FR\",\"@id\":\"https:\/\/francois-pelletant.fr\/blog\/amenagement-dete-a-lecole-de-linas\/#primaryimage\",\"url\":\"https:\/\/francois-pelletant.fr\/blog\/wp-content\/uploads\/2012\/08\/jeu-mater-1-web.jpg\",\"contentUrl\":\"https:\/\/francois-pelletant.fr\/blog\/wp-content\/uploads\/2012\/08\/jeu-mater-1-web.jpg\",\"width\":591,\"height\":394},{\"@type\":\"BreadcrumbList\",\"@id\":\"https:\/\/francois-pelletant.fr\/blog\/amenagement-dete-a-lecole-de-linas\/#breadcrumb\",\"itemListElement\":[{\"@type\":\"ListItem\",\"position\":1,\"name\":\"Accueil\",\"item\":\"https:\/\/francois-pelletant.fr\/blog\/\"},{\"@type\":\"ListItem\",\"position\":2,\"name\":\"Am\u00e9nagement d\u2019\u00e9t\u00e9 \u00e0 l\u2019\u00e9cole de Linas\"}]},{\"@type\":\"WebSite\",\"@id\":\"https:\/\/francois-pelletant.fr\/blog\/#website\",\"url\":\"https:\/\/francois-pelletant.fr\/blog\/\",\"name\":\"Fran\u00e7ois Pelletant\",\"description\":\"Maire de Linas, pour toujours.\",\"publisher\":{\"@id\":\"https:\/\/francois-pelletant.fr\/blog\/#organization\"},\"potentialAction\":[{\"@type\":\"SearchAction\",\"target\":{\"@type\":\"EntryPoint\",\"urlTemplate\":\"https:\/\/francois-pelletant.fr\/blog\/?s={search_term_string}\"},\"query-input\":{\"@type\":\"PropertyValueSpecification\",\"valueRequired\":true,\"valueName\":\"search_term_string\"}}],\"inLanguage\":\"fr-FR\"},{\"@type\":\"Organization\",\"@id\":\"https:\/\/francois-pelletant.fr\/blog\/#organization\",\"name\":\"Fran\u00e7ois Pelletant\",\"url\":\"https:\/\/francois-pelletant.fr\/blog\/\",\"logo\":{\"@type\":\"ImageObject\",\"inLanguage\":\"fr-FR\",\"@id\":\"https:\/\/francois-pelletant.fr\/blog\/#\/schema\/logo\/image\/\",\"url\":\"https:\/\/francois-pelletant.fr\/blog\/wp-content\/uploads\/2024\/07\/icone-francois-centre-500p.png\",\"contentUrl\":\"https:\/\/francois-pelletant.fr\/blog\/wp-content\/uploads\/2024\/07\/icone-francois-centre-500p.png\",\"width\":559,\"height\":447,\"caption\":\"Fran\u00e7ois Pelletant\"},\"image\":{\"@id\":\"https:\/\/francois-pelletant.fr\/blog\/#\/schema\/logo\/image\/\"},\"sameAs\":[\"https:\/\/www.facebook.com\/francois.pelletant.7\",\"https:\/\/x.com\/pelletant\"]},{\"@type\":\"Person\",\"@id\":\"https:\/\/francois-pelletant.fr\/blog\/#\/schema\/person\/2be41acb171dff8f31aaed1f40cee9f3\",\"name\":\"Francois\"}]}<\/script>\n<!-- \/ Yoast SEO plugin. -->","yoast_head_json":{"title":"Am\u00e9nagement d\u2019\u00e9t\u00e9 \u00e0 l\u2019\u00e9cole de Linas - Fran\u00e7ois Pelletant","robots":{"index":"index","follow":"follow","max-snippet":"max-snippet:-1","max-image-preview":"max-image-preview:large","max-video-preview":"max-video-preview:-1"},"canonical":"https:\/\/francois-pelletant.fr\/blog\/amenagement-dete-a-lecole-de-linas\/","og_locale":"fr_FR","og_type":"article","og_title":"Am\u00e9nagement d\u2019\u00e9t\u00e9 \u00e0 l\u2019\u00e9cole de Linas - Fran\u00e7ois Pelletant","og_description":"Pendant les vacances scolaires, plusieurs am\u00e9nagements ont vu le jour \u00e0 l\u2019Ecole des Sources de Linas.\u00a0En \u00e9l\u00e9mentaire, ce sont le couloir d\u2019acc\u00e8s aux classes, les toilettes filles et gar\u00e7ons et la classe de soutien qui ont \u00e9t\u00e9 repeints.\u00a0Du c\u00f4t\u00e9 des maternelles, cela sent bon \u00e9galement la peinture fra\u00eeche dans les classes de Mmes Girard et [&hellip;]","og_url":"https:\/\/francois-pelletant.fr\/blog\/amenagement-dete-a-lecole-de-linas\/","og_site_name":"Fran\u00e7ois Pelletant","article_publisher":"https:\/\/www.facebook.com\/francois.pelletant.7","article_published_time":"2012-08-27T07:19:19+00:00","og_image":[{"width":591,"height":394,"url":"https:\/\/francois-pelletant.fr\/blog\/wp-content\/uploads\/2012\/08\/jeu-mater-1-web.jpg","type":"image\/jpeg"}],"author":"Francois","twitter_card":"summary_large_image","twitter_creator":"@pelletant","twitter_site":"@pelletant","twitter_misc":{"\u00c9crit par":"Francois","Dur\u00e9e de lecture estim\u00e9e":"1 minute"},"schema":{"@context":"https:\/\/schema.org","@graph":[{"@type":"Article","@id":"https:\/\/francois-pelletant.fr\/blog\/amenagement-dete-a-lecole-de-linas\/#article","isPartOf":{"@id":"https:\/\/francois-pelletant.fr\/blog\/amenagement-dete-a-lecole-de-linas\/"},"author":{"name":"Francois","@id":"https:\/\/francois-pelletant.fr\/blog\/#\/schema\/person\/2be41acb171dff8f31aaed1f40cee9f3"},"headline":"Am\u00e9nagement d\u2019\u00e9t\u00e9 \u00e0 l\u2019\u00e9cole de Linas","datePublished":"2012-08-27T07:19:19+00:00","mainEntityOfPage":{"@id":"https:\/\/francois-pelletant.fr\/blog\/amenagement-dete-a-lecole-de-linas\/"},"wordCount":144,"commentCount":0,"publisher":{"@id":"https:\/\/francois-pelletant.fr\/blog\/#organization"},"image":{"@id":"https:\/\/francois-pelletant.fr\/blog\/amenagement-dete-a-lecole-de-linas\/#primaryimage"},"thumbnailUrl":"https:\/\/francois-pelletant.fr\/blog\/wp-content\/uploads\/2012\/08\/jeu-mater-1-web.jpg","articleSection":["Infos"],"inLanguage":"fr-FR","potentialAction":[{"@type":"CommentAction","name":"Comment","target":["https:\/\/francois-pelletant.fr\/blog\/amenagement-dete-a-lecole-de-linas\/#respond"]}]},{"@type":"WebPage","@id":"https:\/\/francois-pelletant.fr\/blog\/amenagement-dete-a-lecole-de-linas\/","url":"https:\/\/francois-pelletant.fr\/blog\/amenagement-dete-a-lecole-de-linas\/","name":"Am\u00e9nagement d\u2019\u00e9t\u00e9 \u00e0 l\u2019\u00e9cole de Linas - Fran\u00e7ois Pelletant","isPartOf":{"@id":"https:\/\/francois-pelletant.fr\/blog\/#website"},"primaryImageOfPage":{"@id":"https:\/\/francois-pelletant.fr\/blog\/amenagement-dete-a-lecole-de-linas\/#primaryimage"},"image":{"@id":"https:\/\/francois-pelletant.fr\/blog\/amenagement-dete-a-lecole-de-linas\/#primaryimage"},"thumbnailUrl":"https:\/\/francois-pelletant.fr\/blog\/wp-content\/uploads\/2012\/08\/jeu-mater-1-web.jpg","datePublished":"2012-08-27T07:19:19+00:00","breadcrumb":{"@id":"https:\/\/francois-pelletant.fr\/blog\/amenagement-dete-a-lecole-de-linas\/#breadcrumb"},"inLanguage":"fr-FR","potentialAction":[{"@type":"ReadAction","target":["https:\/\/francois-pelletant.fr\/blog\/amenagement-dete-a-lecole-de-linas\/"]}]},{"@type":"ImageObject","inLanguage":"fr-FR","@id":"https:\/\/francois-pelletant.fr\/blog\/amenagement-dete-a-lecole-de-linas\/#primaryimage","url":"https:\/\/francois-pelletant.fr\/blog\/wp-content\/uploads\/2012\/08\/jeu-mater-1-web.jpg","contentUrl":"https:\/\/francois-pelletant.fr\/blog\/wp-content\/uploads\/2012\/08\/jeu-mater-1-web.jpg","width":591,"height":394},{"@type":"BreadcrumbList","@id":"https:\/\/francois-pelletant.fr\/blog\/amenagement-dete-a-lecole-de-linas\/#breadcrumb","itemListElement":[{"@type":"ListItem","position":1,"name":"Accueil","item":"https:\/\/francois-pelletant.fr\/blog\/"},{"@type":"ListItem","position":2,"name":"Am\u00e9nagement d\u2019\u00e9t\u00e9 \u00e0 l\u2019\u00e9cole de Linas"}]},{"@type":"WebSite","@id":"https:\/\/francois-pelletant.fr\/blog\/#website","url":"https:\/\/francois-pelletant.fr\/blog\/","name":"Fran\u00e7ois Pelletant","description":"Maire de Linas, pour toujours.","publisher":{"@id":"https:\/\/francois-pelletant.fr\/blog\/#organization"},"potentialAction":[{"@type":"SearchAction","target":{"@type":"EntryPoint","urlTemplate":"https:\/\/francois-pelletant.fr\/blog\/?s={search_term_string}"},"query-input":{"@type":"PropertyValueSpecification","valueRequired":true,"valueName":"search_term_string"}}],"inLanguage":"fr-FR"},{"@type":"Organization","@id":"https:\/\/francois-pelletant.fr\/blog\/#organization","name":"Fran\u00e7ois Pelletant","url":"https:\/\/francois-pelletant.fr\/blog\/","logo":{"@type":"ImageObject","inLanguage":"fr-FR","@id":"https:\/\/francois-pelletant.fr\/blog\/#\/schema\/logo\/image\/","url":"https:\/\/francois-pelletant.fr\/blog\/wp-content\/uploads\/2024\/07\/icone-francois-centre-500p.png","contentUrl":"https:\/\/francois-pelletant.fr\/blog\/wp-content\/uploads\/2024\/07\/icone-francois-centre-500p.png","width":559,"height":447,"caption":"Fran\u00e7ois Pelletant"},"image":{"@id":"https:\/\/francois-pelletant.fr\/blog\/#\/schema\/logo\/image\/"},"sameAs":["https:\/\/www.facebook.com\/francois.pelletant.7","https:\/\/x.com\/pelletant"]},{"@type":"Person","@id":"https:\/\/francois-pelletant.fr\/blog\/#\/schema\/person\/2be41acb171dff8f31aaed1f40cee9f3","name":"Francois"}]}},"_links":{"self":[{"href":"https:\/\/francois-pelletant.fr\/blog\/wp-json\/wp\/v2\/posts\/2468","targetHints":{"allow":["GET"]}}],"collection":[{"href":"https:\/\/francois-pelletant.fr\/blog\/wp-json\/wp\/v2\/posts"}],"about":[{"href":"https:\/\/francois-pelletant.fr\/blog\/wp-json\/wp\/v2\/types\/post"}],"author":[{"embeddable":true,"href":"https:\/\/francois-pelletant.fr\/blog\/wp-json\/wp\/v2\/users\/1"}],"replies":[{"embeddable":true,"href":"https:\/\/francois-pelletant.fr\/blog\/wp-json\/wp\/v2\/comments?post=2468"}],"version-history":[{"count":0,"href":"https:\/\/francois-pelletant.fr\/blog\/wp-json\/wp\/v2\/posts\/2468\/revisions"}],"wp:featuredmedia":[{"embeddable":true,"href":"https:\/\/francois-pelletant.fr\/blog\/wp-json\/wp\/v2\/media\/2470"}],"wp:attachment":[{"href":"https:\/\/francois-pelletant.fr\/blog\/wp-json\/wp\/v2\/media?parent=2468"}],"wp:term":[{"taxonomy":"category","embeddable":true,"href":"https:\/\/francois-pelletant.fr\/blog\/wp-json\/wp\/v2\/categories?post=2468"},{"taxonomy":"post_tag","embeddable":true,"href":"https:\/\/francois-pelletant.fr\/blog\/wp-json\/wp\/v2\/tags?post=2468"}],"curies":[{"name":"wp","href":"https:\/\/api.w.org\/{rel}","templated":true}]}}