{"id":2491,"date":"2012-09-05T09:39:26","date_gmt":"2012-09-05T07:39:26","guid":{"rendered":"https:\/\/francois-pelletant.fr\/blog\/?p=2491"},"modified":"2012-09-05T09:39:26","modified_gmt":"2012-09-05T07:39:26","slug":"marche-du-samedi-un-plus-grand-choix-de-produit-dans-un-quartier-renove","status":"publish","type":"post","link":"https:\/\/francois-pelletant.fr\/blog\/marche-du-samedi-un-plus-grand-choix-de-produit-dans-un-quartier-renove\/","title":{"rendered":"March\u00e9 du samedi : un plus grand choix de produit dans un quartier r\u00e9nov\u00e9 !"},"content":{"rendered":"<p><a href=\"https:\/\/francois-pelletant.fr\/blog\/wp-content\/uploads\/2012\/09\/march\u00e9.jpg\"><img loading=\"lazy\" decoding=\"async\" class=\"alignleft size-medium wp-image-2492\" title=\"march\u00e9\" src=\"https:\/\/francois-pelletant.fr\/blog\/wp-content\/uploads\/2012\/09\/march\u00e9-300x218.jpg\" alt=\"\" width=\"300\" height=\"218\" srcset=\"https:\/\/francois-pelletant.fr\/blog\/wp-content\/uploads\/2012\/09\/march\u00e9-300x218.jpg 300w, https:\/\/francois-pelletant.fr\/blog\/wp-content\/uploads\/2012\/09\/march\u00e9-1024x745.jpg 1024w, https:\/\/francois-pelletant.fr\/blog\/wp-content\/uploads\/2012\/09\/march\u00e9-768x559.jpg 768w, https:\/\/francois-pelletant.fr\/blog\/wp-content\/uploads\/2012\/09\/march\u00e9-600x436.jpg 600w, https:\/\/francois-pelletant.fr\/blog\/wp-content\/uploads\/2012\/09\/march\u00e9-1536x1117.jpg 1536w, https:\/\/francois-pelletant.fr\/blog\/wp-content\/uploads\/2012\/09\/march\u00e9-2048x1490.jpg 2048w\" sizes=\"auto, (max-width: 300px) 100vw, 300px\" \/><\/a>Le march\u00e9 de Linas s\u2019agrandit et change de jour\u00a0: d\u00e9sormais, retrouvez les commer\u00e7ants et artisans du march\u00e9 le samedi matin (au lieu du vendredi soir) de 8h00 \u00e0 13h00 sur la place de la Mairie de Linas. Poissonnerie, r\u00f4tisserie, fromages, \u00e9picerie fine, fruits\/l\u00e9gumes, gastronomie italienne\u2026<\/p>\n","protected":false},"excerpt":{"rendered":"<p>Le march\u00e9 de Linas s\u2019agrandit et change de jour\u00a0: d\u00e9sormais, retrouvez les commer\u00e7ants et artisans du march\u00e9 le samedi matin (au lieu du vendredi soir) de 8h00 \u00e0 13h00 sur la place de la Mairie de Linas. Poissonnerie, r\u00f4tisserie, fromages, \u00e9picerie fine, fruits\/l\u00e9gumes, gastronomie italienne\u2026<\/p>\n","protected":false},"author":1,"featured_media":2492,"comment_status":"open","ping_status":"open","sticky":false,"template":"","format":"standard","meta":{"footnotes":""},"categories":[10],"tags":[],"class_list":["post-2491","post","type-post","status-publish","format-standard","has-post-thumbnail","hentry","category-1pelletant"],"yoast_head":"<!-- This site is optimized with the Yoast SEO plugin v25.6 - https:\/\/yoast.com\/wordpress\/plugins\/seo\/ -->\n<title>March\u00e9 du samedi : un plus grand choix de produit dans un quartier r\u00e9nov\u00e9 ! - Fran\u00e7ois Pelletant<\/title>\n<meta name=\"robots\" content=\"index, follow, max-snippet:-1, max-image-preview:large, max-video-preview:-1\" \/>\n<link rel=\"canonical\" href=\"https:\/\/francois-pelletant.fr\/blog\/marche-du-samedi-un-plus-grand-choix-de-produit-dans-un-quartier-renove\/\" \/>\n<meta property=\"og:locale\" content=\"fr_FR\" \/>\n<meta property=\"og:type\" content=\"article\" \/>\n<meta property=\"og:title\" content=\"March\u00e9 du samedi : un plus grand choix de produit dans un quartier r\u00e9nov\u00e9 ! - Fran\u00e7ois Pelletant\" \/>\n<meta property=\"og:description\" content=\"Le march\u00e9 de Linas s\u2019agrandit et change de jour\u00a0: d\u00e9sormais, retrouvez les commer\u00e7ants et artisans du march\u00e9 le samedi matin (au lieu du vendredi soir) de 8h00 \u00e0 13h00 sur la place de la Mairie de Linas. Poissonnerie, r\u00f4tisserie, fromages, \u00e9picerie fine, fruits\/l\u00e9gumes, gastronomie italienne\u2026\" \/>\n<meta property=\"og:url\" content=\"https:\/\/francois-pelletant.fr\/blog\/marche-du-samedi-un-plus-grand-choix-de-produit-dans-un-quartier-renove\/\" \/>\n<meta property=\"og:site_name\" content=\"Fran\u00e7ois Pelletant\" \/>\n<meta property=\"article:publisher\" content=\"https:\/\/www.facebook.com\/francois.pelletant.7\" \/>\n<meta property=\"article:published_time\" content=\"2012-09-05T07:39:26+00:00\" \/>\n<meta property=\"og:image\" content=\"https:\/\/francois-pelletant.fr\/blog\/wp-content\/uploads\/2012\/09\/march\u00e9.jpg\" \/>\n\t<meta property=\"og:image:width\" content=\"2128\" \/>\n\t<meta property=\"og:image:height\" content=\"1548\" \/>\n\t<meta property=\"og:image:type\" content=\"image\/jpeg\" \/>\n<meta name=\"author\" content=\"Francois\" \/>\n<meta name=\"twitter:card\" content=\"summary_large_image\" \/>\n<meta name=\"twitter:creator\" content=\"@pelletant\" \/>\n<meta name=\"twitter:site\" content=\"@pelletant\" \/>\n<meta name=\"twitter:label1\" content=\"\u00c9crit par\" \/>\n\t<meta name=\"twitter:data1\" content=\"Francois\" \/>\n<script type=\"application\/ld+json\" class=\"yoast-schema-graph\">{\"@context\":\"https:\/\/schema.org\",\"@graph\":[{\"@type\":\"Article\",\"@id\":\"https:\/\/francois-pelletant.fr\/blog\/marche-du-samedi-un-plus-grand-choix-de-produit-dans-un-quartier-renove\/#article\",\"isPartOf\":{\"@id\":\"https:\/\/francois-pelletant.fr\/blog\/marche-du-samedi-un-plus-grand-choix-de-produit-dans-un-quartier-renove\/\"},\"author\":{\"name\":\"Francois\",\"@id\":\"https:\/\/francois-pelletant.fr\/blog\/#\/schema\/person\/2be41acb171dff8f31aaed1f40cee9f3\"},\"headline\":\"March\u00e9 du samedi : un plus grand choix de produit dans un quartier r\u00e9nov\u00e9 !\",\"datePublished\":\"2012-09-05T07:39:26+00:00\",\"mainEntityOfPage\":{\"@id\":\"https:\/\/francois-pelletant.fr\/blog\/marche-du-samedi-un-plus-grand-choix-de-produit-dans-un-quartier-renove\/\"},\"wordCount\":64,\"commentCount\":0,\"publisher\":{\"@id\":\"https:\/\/francois-pelletant.fr\/blog\/#organization\"},\"image\":{\"@id\":\"https:\/\/francois-pelletant.fr\/blog\/marche-du-samedi-un-plus-grand-choix-de-produit-dans-un-quartier-renove\/#primaryimage\"},\"thumbnailUrl\":\"https:\/\/francois-pelletant.fr\/blog\/wp-content\/uploads\/2012\/09\/march\u00e9.jpg\",\"articleSection\":[\"Infos\"],\"inLanguage\":\"fr-FR\",\"potentialAction\":[{\"@type\":\"CommentAction\",\"name\":\"Comment\",\"target\":[\"https:\/\/francois-pelletant.fr\/blog\/marche-du-samedi-un-plus-grand-choix-de-produit-dans-un-quartier-renove\/#respond\"]}]},{\"@type\":\"WebPage\",\"@id\":\"https:\/\/francois-pelletant.fr\/blog\/marche-du-samedi-un-plus-grand-choix-de-produit-dans-un-quartier-renove\/\",\"url\":\"https:\/\/francois-pelletant.fr\/blog\/marche-du-samedi-un-plus-grand-choix-de-produit-dans-un-quartier-renove\/\",\"name\":\"March\u00e9 du samedi : un plus grand choix de produit dans un quartier r\u00e9nov\u00e9 ! - Fran\u00e7ois Pelletant\",\"isPartOf\":{\"@id\":\"https:\/\/francois-pelletant.fr\/blog\/#website\"},\"primaryImageOfPage\":{\"@id\":\"https:\/\/francois-pelletant.fr\/blog\/marche-du-samedi-un-plus-grand-choix-de-produit-dans-un-quartier-renove\/#primaryimage\"},\"image\":{\"@id\":\"https:\/\/francois-pelletant.fr\/blog\/marche-du-samedi-un-plus-grand-choix-de-produit-dans-un-quartier-renove\/#primaryimage\"},\"thumbnailUrl\":\"https:\/\/francois-pelletant.fr\/blog\/wp-content\/uploads\/2012\/09\/march\u00e9.jpg\",\"datePublished\":\"2012-09-05T07:39:26+00:00\",\"breadcrumb\":{\"@id\":\"https:\/\/francois-pelletant.fr\/blog\/marche-du-samedi-un-plus-grand-choix-de-produit-dans-un-quartier-renove\/#breadcrumb\"},\"inLanguage\":\"fr-FR\",\"potentialAction\":[{\"@type\":\"ReadAction\",\"target\":[\"https:\/\/francois-pelletant.fr\/blog\/marche-du-samedi-un-plus-grand-choix-de-produit-dans-un-quartier-renove\/\"]}]},{\"@type\":\"ImageObject\",\"inLanguage\":\"fr-FR\",\"@id\":\"https:\/\/francois-pelletant.fr\/blog\/marche-du-samedi-un-plus-grand-choix-de-produit-dans-un-quartier-renove\/#primaryimage\",\"url\":\"https:\/\/francois-pelletant.fr\/blog\/wp-content\/uploads\/2012\/09\/march\u00e9.jpg\",\"contentUrl\":\"https:\/\/francois-pelletant.fr\/blog\/wp-content\/uploads\/2012\/09\/march\u00e9.jpg\",\"width\":2128,\"height\":1548},{\"@type\":\"BreadcrumbList\",\"@id\":\"https:\/\/francois-pelletant.fr\/blog\/marche-du-samedi-un-plus-grand-choix-de-produit-dans-un-quartier-renove\/#breadcrumb\",\"itemListElement\":[{\"@type\":\"ListItem\",\"position\":1,\"name\":\"Accueil\",\"item\":\"https:\/\/francois-pelletant.fr\/blog\/\"},{\"@type\":\"ListItem\",\"position\":2,\"name\":\"March\u00e9 du samedi : un plus grand choix de produit dans un quartier r\u00e9nov\u00e9 !\"}]},{\"@type\":\"WebSite\",\"@id\":\"https:\/\/francois-pelletant.fr\/blog\/#website\",\"url\":\"https:\/\/francois-pelletant.fr\/blog\/\",\"name\":\"Fran\u00e7ois Pelletant\",\"description\":\"Maire de Linas, pour toujours.\",\"publisher\":{\"@id\":\"https:\/\/francois-pelletant.fr\/blog\/#organization\"},\"potentialAction\":[{\"@type\":\"SearchAction\",\"target\":{\"@type\":\"EntryPoint\",\"urlTemplate\":\"https:\/\/francois-pelletant.fr\/blog\/?s={search_term_string}\"},\"query-input\":{\"@type\":\"PropertyValueSpecification\",\"valueRequired\":true,\"valueName\":\"search_term_string\"}}],\"inLanguage\":\"fr-FR\"},{\"@type\":\"Organization\",\"@id\":\"https:\/\/francois-pelletant.fr\/blog\/#organization\",\"name\":\"Fran\u00e7ois Pelletant\",\"url\":\"https:\/\/francois-pelletant.fr\/blog\/\",\"logo\":{\"@type\":\"ImageObject\",\"inLanguage\":\"fr-FR\",\"@id\":\"https:\/\/francois-pelletant.fr\/blog\/#\/schema\/logo\/image\/\",\"url\":\"https:\/\/francois-pelletant.fr\/blog\/wp-content\/uploads\/2024\/07\/icone-francois-centre-500p.png\",\"contentUrl\":\"https:\/\/francois-pelletant.fr\/blog\/wp-content\/uploads\/2024\/07\/icone-francois-centre-500p.png\",\"width\":559,\"height\":447,\"caption\":\"Fran\u00e7ois Pelletant\"},\"image\":{\"@id\":\"https:\/\/francois-pelletant.fr\/blog\/#\/schema\/logo\/image\/\"},\"sameAs\":[\"https:\/\/www.facebook.com\/francois.pelletant.7\",\"https:\/\/x.com\/pelletant\"]},{\"@type\":\"Person\",\"@id\":\"https:\/\/francois-pelletant.fr\/blog\/#\/schema\/person\/2be41acb171dff8f31aaed1f40cee9f3\",\"name\":\"Francois\"}]}<\/script>\n<!-- \/ Yoast SEO plugin. -->","yoast_head_json":{"title":"March\u00e9 du samedi : un plus grand choix de produit dans un quartier r\u00e9nov\u00e9 ! - Fran\u00e7ois Pelletant","robots":{"index":"index","follow":"follow","max-snippet":"max-snippet:-1","max-image-preview":"max-image-preview:large","max-video-preview":"max-video-preview:-1"},"canonical":"https:\/\/francois-pelletant.fr\/blog\/marche-du-samedi-un-plus-grand-choix-de-produit-dans-un-quartier-renove\/","og_locale":"fr_FR","og_type":"article","og_title":"March\u00e9 du samedi : un plus grand choix de produit dans un quartier r\u00e9nov\u00e9 ! - Fran\u00e7ois Pelletant","og_description":"Le march\u00e9 de Linas s\u2019agrandit et change de jour\u00a0: d\u00e9sormais, retrouvez les commer\u00e7ants et artisans du march\u00e9 le samedi matin (au lieu du vendredi soir) de 8h00 \u00e0 13h00 sur la place de la Mairie de Linas. Poissonnerie, r\u00f4tisserie, fromages, \u00e9picerie fine, fruits\/l\u00e9gumes, gastronomie italienne\u2026","og_url":"https:\/\/francois-pelletant.fr\/blog\/marche-du-samedi-un-plus-grand-choix-de-produit-dans-un-quartier-renove\/","og_site_name":"Fran\u00e7ois Pelletant","article_publisher":"https:\/\/www.facebook.com\/francois.pelletant.7","article_published_time":"2012-09-05T07:39:26+00:00","og_image":[{"width":2128,"height":1548,"url":"https:\/\/francois-pelletant.fr\/blog\/wp-content\/uploads\/2012\/09\/march\u00e9.jpg","type":"image\/jpeg"}],"author":"Francois","twitter_card":"summary_large_image","twitter_creator":"@pelletant","twitter_site":"@pelletant","twitter_misc":{"\u00c9crit par":"Francois"},"schema":{"@context":"https:\/\/schema.org","@graph":[{"@type":"Article","@id":"https:\/\/francois-pelletant.fr\/blog\/marche-du-samedi-un-plus-grand-choix-de-produit-dans-un-quartier-renove\/#article","isPartOf":{"@id":"https:\/\/francois-pelletant.fr\/blog\/marche-du-samedi-un-plus-grand-choix-de-produit-dans-un-quartier-renove\/"},"author":{"name":"Francois","@id":"https:\/\/francois-pelletant.fr\/blog\/#\/schema\/person\/2be41acb171dff8f31aaed1f40cee9f3"},"headline":"March\u00e9 du samedi : un plus grand choix de produit dans un quartier r\u00e9nov\u00e9 !","datePublished":"2012-09-05T07:39:26+00:00","mainEntityOfPage":{"@id":"https:\/\/francois-pelletant.fr\/blog\/marche-du-samedi-un-plus-grand-choix-de-produit-dans-un-quartier-renove\/"},"wordCount":64,"commentCount":0,"publisher":{"@id":"https:\/\/francois-pelletant.fr\/blog\/#organization"},"image":{"@id":"https:\/\/francois-pelletant.fr\/blog\/marche-du-samedi-un-plus-grand-choix-de-produit-dans-un-quartier-renove\/#primaryimage"},"thumbnailUrl":"https:\/\/francois-pelletant.fr\/blog\/wp-content\/uploads\/2012\/09\/march\u00e9.jpg","articleSection":["Infos"],"inLanguage":"fr-FR","potentialAction":[{"@type":"CommentAction","name":"Comment","target":["https:\/\/francois-pelletant.fr\/blog\/marche-du-samedi-un-plus-grand-choix-de-produit-dans-un-quartier-renove\/#respond"]}]},{"@type":"WebPage","@id":"https:\/\/francois-pelletant.fr\/blog\/marche-du-samedi-un-plus-grand-choix-de-produit-dans-un-quartier-renove\/","url":"https:\/\/francois-pelletant.fr\/blog\/marche-du-samedi-un-plus-grand-choix-de-produit-dans-un-quartier-renove\/","name":"March\u00e9 du samedi : un plus grand choix de produit dans un quartier r\u00e9nov\u00e9 ! - Fran\u00e7ois Pelletant","isPartOf":{"@id":"https:\/\/francois-pelletant.fr\/blog\/#website"},"primaryImageOfPage":{"@id":"https:\/\/francois-pelletant.fr\/blog\/marche-du-samedi-un-plus-grand-choix-de-produit-dans-un-quartier-renove\/#primaryimage"},"image":{"@id":"https:\/\/francois-pelletant.fr\/blog\/marche-du-samedi-un-plus-grand-choix-de-produit-dans-un-quartier-renove\/#primaryimage"},"thumbnailUrl":"https:\/\/francois-pelletant.fr\/blog\/wp-content\/uploads\/2012\/09\/march\u00e9.jpg","datePublished":"2012-09-05T07:39:26+00:00","breadcrumb":{"@id":"https:\/\/francois-pelletant.fr\/blog\/marche-du-samedi-un-plus-grand-choix-de-produit-dans-un-quartier-renove\/#breadcrumb"},"inLanguage":"fr-FR","potentialAction":[{"@type":"ReadAction","target":["https:\/\/francois-pelletant.fr\/blog\/marche-du-samedi-un-plus-grand-choix-de-produit-dans-un-quartier-renove\/"]}]},{"@type":"ImageObject","inLanguage":"fr-FR","@id":"https:\/\/francois-pelletant.fr\/blog\/marche-du-samedi-un-plus-grand-choix-de-produit-dans-un-quartier-renove\/#primaryimage","url":"https:\/\/francois-pelletant.fr\/blog\/wp-content\/uploads\/2012\/09\/march\u00e9.jpg","contentUrl":"https:\/\/francois-pelletant.fr\/blog\/wp-content\/uploads\/2012\/09\/march\u00e9.jpg","width":2128,"height":1548},{"@type":"BreadcrumbList","@id":"https:\/\/francois-pelletant.fr\/blog\/marche-du-samedi-un-plus-grand-choix-de-produit-dans-un-quartier-renove\/#breadcrumb","itemListElement":[{"@type":"ListItem","position":1,"name":"Accueil","item":"https:\/\/francois-pelletant.fr\/blog\/"},{"@type":"ListItem","position":2,"name":"March\u00e9 du samedi : un plus grand choix de produit dans un quartier r\u00e9nov\u00e9 !"}]},{"@type":"WebSite","@id":"https:\/\/francois-pelletant.fr\/blog\/#website","url":"https:\/\/francois-pelletant.fr\/blog\/","name":"Fran\u00e7ois Pelletant","description":"Maire de Linas, pour toujours.","publisher":{"@id":"https:\/\/francois-pelletant.fr\/blog\/#organization"},"potentialAction":[{"@type":"SearchAction","target":{"@type":"EntryPoint","urlTemplate":"https:\/\/francois-pelletant.fr\/blog\/?s={search_term_string}"},"query-input":{"@type":"PropertyValueSpecification","valueRequired":true,"valueName":"search_term_string"}}],"inLanguage":"fr-FR"},{"@type":"Organization","@id":"https:\/\/francois-pelletant.fr\/blog\/#organization","name":"Fran\u00e7ois Pelletant","url":"https:\/\/francois-pelletant.fr\/blog\/","logo":{"@type":"ImageObject","inLanguage":"fr-FR","@id":"https:\/\/francois-pelletant.fr\/blog\/#\/schema\/logo\/image\/","url":"https:\/\/francois-pelletant.fr\/blog\/wp-content\/uploads\/2024\/07\/icone-francois-centre-500p.png","contentUrl":"https:\/\/francois-pelletant.fr\/blog\/wp-content\/uploads\/2024\/07\/icone-francois-centre-500p.png","width":559,"height":447,"caption":"Fran\u00e7ois Pelletant"},"image":{"@id":"https:\/\/francois-pelletant.fr\/blog\/#\/schema\/logo\/image\/"},"sameAs":["https:\/\/www.facebook.com\/francois.pelletant.7","https:\/\/x.com\/pelletant"]},{"@type":"Person","@id":"https:\/\/francois-pelletant.fr\/blog\/#\/schema\/person\/2be41acb171dff8f31aaed1f40cee9f3","name":"Francois"}]}},"_links":{"self":[{"href":"https:\/\/francois-pelletant.fr\/blog\/wp-json\/wp\/v2\/posts\/2491","targetHints":{"allow":["GET"]}}],"collection":[{"href":"https:\/\/francois-pelletant.fr\/blog\/wp-json\/wp\/v2\/posts"}],"about":[{"href":"https:\/\/francois-pelletant.fr\/blog\/wp-json\/wp\/v2\/types\/post"}],"author":[{"embeddable":true,"href":"https:\/\/francois-pelletant.fr\/blog\/wp-json\/wp\/v2\/users\/1"}],"replies":[{"embeddable":true,"href":"https:\/\/francois-pelletant.fr\/blog\/wp-json\/wp\/v2\/comments?post=2491"}],"version-history":[{"count":0,"href":"https:\/\/francois-pelletant.fr\/blog\/wp-json\/wp\/v2\/posts\/2491\/revisions"}],"wp:featuredmedia":[{"embeddable":true,"href":"https:\/\/francois-pelletant.fr\/blog\/wp-json\/wp\/v2\/media\/2492"}],"wp:attachment":[{"href":"https:\/\/francois-pelletant.fr\/blog\/wp-json\/wp\/v2\/media?parent=2491"}],"wp:term":[{"taxonomy":"category","embeddable":true,"href":"https:\/\/francois-pelletant.fr\/blog\/wp-json\/wp\/v2\/categories?post=2491"},{"taxonomy":"post_tag","embeddable":true,"href":"https:\/\/francois-pelletant.fr\/blog\/wp-json\/wp\/v2\/tags?post=2491"}],"curies":[{"name":"wp","href":"https:\/\/api.w.org\/{rel}","templated":true}]}}