{"id":2508,"date":"2012-09-10T09:54:02","date_gmt":"2012-09-10T07:54:02","guid":{"rendered":"https:\/\/francois-pelletant.fr\/blog\/?p=2508"},"modified":"2012-09-10T09:54:02","modified_gmt":"2012-09-10T07:54:02","slug":"sur-le-chemin-de-lecole","status":"publish","type":"post","link":"https:\/\/francois-pelletant.fr\/blog\/sur-le-chemin-de-lecole\/","title":{"rendered":"Sur le chemin de l\u2019\u00e9cole\u2026"},"content":{"rendered":"<p><a href=\"https:\/\/francois-pelletant.fr\/blog\/wp-content\/uploads\/2012\/09\/transport-scolaire.jpg\"><img loading=\"lazy\" decoding=\"async\" class=\"alignleft size-medium wp-image-2509\" title=\"transport scolaire\" src=\"https:\/\/francois-pelletant.fr\/blog\/wp-content\/uploads\/2012\/09\/transport-scolaire-300x279.jpg\" alt=\"\" width=\"300\" height=\"279\" \/><\/a>L\u2019\u00e9cole a repris pour tous et pour ceux qui en ont besoin, quatre lignes de transports scolaires sont mises \u00e0 disposition des enfants de la premi\u00e8re ann\u00e9e de maternelle \u00e0 la fin du coll\u00e8ge.\u00a0Les enfants de l\u2019\u00e9cole des Sources ont leur propre car et sont encadr\u00e9s durant leur trajet par deux animateurs. Pour les coll\u00e9giens, le trajet se fait seul dans trois autres bus. Enfin les lyc\u00e9ens doivent, eux, emprunter une ligne normale, la carte de transport \u00e9tant \u00e0 acheter dans n\u2019importe quelle gare du d\u00e9partement.\u00a0Plus d\u2019informations au 01 69 80 14 00.<\/p>\n","protected":false},"excerpt":{"rendered":"<p>L\u2019\u00e9cole a repris pour tous et pour ceux qui en ont besoin, quatre lignes de transports scolaires sont mises \u00e0 disposition des enfants de la premi\u00e8re ann\u00e9e de maternelle \u00e0 la fin du coll\u00e8ge.\u00a0Les enfants de l\u2019\u00e9cole des Sources ont leur propre car et sont encadr\u00e9s durant leur trajet par deux animateurs. Pour les coll\u00e9giens, [&hellip;]<\/p>\n","protected":false},"author":1,"featured_media":2509,"comment_status":"open","ping_status":"open","sticky":false,"template":"","format":"standard","meta":{"footnotes":""},"categories":[22],"tags":[],"class_list":["post-2508","post","type-post","status-publish","format-standard","has-post-thumbnail","hentry","category-transports"],"yoast_head":"<!-- This site is optimized with the Yoast SEO plugin v25.6 - https:\/\/yoast.com\/wordpress\/plugins\/seo\/ -->\n<title>Sur le chemin de l\u2019\u00e9cole\u2026 - Fran\u00e7ois Pelletant<\/title>\n<meta name=\"robots\" content=\"index, follow, max-snippet:-1, max-image-preview:large, max-video-preview:-1\" \/>\n<link rel=\"canonical\" href=\"https:\/\/francois-pelletant.fr\/blog\/sur-le-chemin-de-lecole\/\" \/>\n<meta property=\"og:locale\" content=\"fr_FR\" \/>\n<meta property=\"og:type\" content=\"article\" \/>\n<meta property=\"og:title\" content=\"Sur le chemin de l\u2019\u00e9cole\u2026 - Fran\u00e7ois Pelletant\" \/>\n<meta property=\"og:description\" content=\"L\u2019\u00e9cole a repris pour tous et pour ceux qui en ont besoin, quatre lignes de transports scolaires sont mises \u00e0 disposition des enfants de la premi\u00e8re ann\u00e9e de maternelle \u00e0 la fin du coll\u00e8ge.\u00a0Les enfants de l\u2019\u00e9cole des Sources ont leur propre car et sont encadr\u00e9s durant leur trajet par deux animateurs. Pour les coll\u00e9giens, [&hellip;]\" \/>\n<meta property=\"og:url\" content=\"https:\/\/francois-pelletant.fr\/blog\/sur-le-chemin-de-lecole\/\" \/>\n<meta property=\"og:site_name\" content=\"Fran\u00e7ois Pelletant\" \/>\n<meta property=\"article:publisher\" content=\"https:\/\/www.facebook.com\/francois.pelletant.7\" \/>\n<meta property=\"article:published_time\" content=\"2012-09-10T07:54:02+00:00\" \/>\n<meta property=\"og:image\" content=\"https:\/\/francois-pelletant.fr\/blog\/wp-content\/uploads\/2012\/09\/transport-scolaire.jpg\" \/>\n\t<meta property=\"og:image:width\" content=\"591\" \/>\n\t<meta property=\"og:image:height\" content=\"551\" \/>\n\t<meta property=\"og:image:type\" content=\"image\/jpeg\" \/>\n<meta name=\"author\" content=\"Francois\" \/>\n<meta name=\"twitter:card\" content=\"summary_large_image\" \/>\n<meta name=\"twitter:creator\" content=\"@pelletant\" \/>\n<meta name=\"twitter:site\" content=\"@pelletant\" \/>\n<meta name=\"twitter:label1\" content=\"\u00c9crit par\" \/>\n\t<meta name=\"twitter:data1\" content=\"Francois\" \/>\n<script type=\"application\/ld+json\" class=\"yoast-schema-graph\">{\"@context\":\"https:\/\/schema.org\",\"@graph\":[{\"@type\":\"Article\",\"@id\":\"https:\/\/francois-pelletant.fr\/blog\/sur-le-chemin-de-lecole\/#article\",\"isPartOf\":{\"@id\":\"https:\/\/francois-pelletant.fr\/blog\/sur-le-chemin-de-lecole\/\"},\"author\":{\"name\":\"Francois\",\"@id\":\"https:\/\/francois-pelletant.fr\/blog\/#\/schema\/person\/2be41acb171dff8f31aaed1f40cee9f3\"},\"headline\":\"Sur le chemin de l\u2019\u00e9cole\u2026\",\"datePublished\":\"2012-09-10T07:54:02+00:00\",\"mainEntityOfPage\":{\"@id\":\"https:\/\/francois-pelletant.fr\/blog\/sur-le-chemin-de-lecole\/\"},\"wordCount\":104,\"commentCount\":0,\"publisher\":{\"@id\":\"https:\/\/francois-pelletant.fr\/blog\/#organization\"},\"image\":{\"@id\":\"https:\/\/francois-pelletant.fr\/blog\/sur-le-chemin-de-lecole\/#primaryimage\"},\"thumbnailUrl\":\"https:\/\/francois-pelletant.fr\/blog\/wp-content\/uploads\/2012\/09\/transport-scolaire.jpg\",\"articleSection\":[\"Transports\"],\"inLanguage\":\"fr-FR\",\"potentialAction\":[{\"@type\":\"CommentAction\",\"name\":\"Comment\",\"target\":[\"https:\/\/francois-pelletant.fr\/blog\/sur-le-chemin-de-lecole\/#respond\"]}]},{\"@type\":\"WebPage\",\"@id\":\"https:\/\/francois-pelletant.fr\/blog\/sur-le-chemin-de-lecole\/\",\"url\":\"https:\/\/francois-pelletant.fr\/blog\/sur-le-chemin-de-lecole\/\",\"name\":\"Sur le chemin de l\u2019\u00e9cole\u2026 - Fran\u00e7ois Pelletant\",\"isPartOf\":{\"@id\":\"https:\/\/francois-pelletant.fr\/blog\/#website\"},\"primaryImageOfPage\":{\"@id\":\"https:\/\/francois-pelletant.fr\/blog\/sur-le-chemin-de-lecole\/#primaryimage\"},\"image\":{\"@id\":\"https:\/\/francois-pelletant.fr\/blog\/sur-le-chemin-de-lecole\/#primaryimage\"},\"thumbnailUrl\":\"https:\/\/francois-pelletant.fr\/blog\/wp-content\/uploads\/2012\/09\/transport-scolaire.jpg\",\"datePublished\":\"2012-09-10T07:54:02+00:00\",\"breadcrumb\":{\"@id\":\"https:\/\/francois-pelletant.fr\/blog\/sur-le-chemin-de-lecole\/#breadcrumb\"},\"inLanguage\":\"fr-FR\",\"potentialAction\":[{\"@type\":\"ReadAction\",\"target\":[\"https:\/\/francois-pelletant.fr\/blog\/sur-le-chemin-de-lecole\/\"]}]},{\"@type\":\"ImageObject\",\"inLanguage\":\"fr-FR\",\"@id\":\"https:\/\/francois-pelletant.fr\/blog\/sur-le-chemin-de-lecole\/#primaryimage\",\"url\":\"https:\/\/francois-pelletant.fr\/blog\/wp-content\/uploads\/2012\/09\/transport-scolaire.jpg\",\"contentUrl\":\"https:\/\/francois-pelletant.fr\/blog\/wp-content\/uploads\/2012\/09\/transport-scolaire.jpg\",\"width\":591,\"height\":551},{\"@type\":\"BreadcrumbList\",\"@id\":\"https:\/\/francois-pelletant.fr\/blog\/sur-le-chemin-de-lecole\/#breadcrumb\",\"itemListElement\":[{\"@type\":\"ListItem\",\"position\":1,\"name\":\"Accueil\",\"item\":\"https:\/\/francois-pelletant.fr\/blog\/\"},{\"@type\":\"ListItem\",\"position\":2,\"name\":\"Sur le chemin de l\u2019\u00e9cole\u2026\"}]},{\"@type\":\"WebSite\",\"@id\":\"https:\/\/francois-pelletant.fr\/blog\/#website\",\"url\":\"https:\/\/francois-pelletant.fr\/blog\/\",\"name\":\"Fran\u00e7ois Pelletant\",\"description\":\"Maire de Linas, pour toujours.\",\"publisher\":{\"@id\":\"https:\/\/francois-pelletant.fr\/blog\/#organization\"},\"potentialAction\":[{\"@type\":\"SearchAction\",\"target\":{\"@type\":\"EntryPoint\",\"urlTemplate\":\"https:\/\/francois-pelletant.fr\/blog\/?s={search_term_string}\"},\"query-input\":{\"@type\":\"PropertyValueSpecification\",\"valueRequired\":true,\"valueName\":\"search_term_string\"}}],\"inLanguage\":\"fr-FR\"},{\"@type\":\"Organization\",\"@id\":\"https:\/\/francois-pelletant.fr\/blog\/#organization\",\"name\":\"Fran\u00e7ois Pelletant\",\"url\":\"https:\/\/francois-pelletant.fr\/blog\/\",\"logo\":{\"@type\":\"ImageObject\",\"inLanguage\":\"fr-FR\",\"@id\":\"https:\/\/francois-pelletant.fr\/blog\/#\/schema\/logo\/image\/\",\"url\":\"https:\/\/francois-pelletant.fr\/blog\/wp-content\/uploads\/2024\/07\/icone-francois-centre-500p.png\",\"contentUrl\":\"https:\/\/francois-pelletant.fr\/blog\/wp-content\/uploads\/2024\/07\/icone-francois-centre-500p.png\",\"width\":559,\"height\":447,\"caption\":\"Fran\u00e7ois Pelletant\"},\"image\":{\"@id\":\"https:\/\/francois-pelletant.fr\/blog\/#\/schema\/logo\/image\/\"},\"sameAs\":[\"https:\/\/www.facebook.com\/francois.pelletant.7\",\"https:\/\/x.com\/pelletant\"]},{\"@type\":\"Person\",\"@id\":\"https:\/\/francois-pelletant.fr\/blog\/#\/schema\/person\/2be41acb171dff8f31aaed1f40cee9f3\",\"name\":\"Francois\"}]}<\/script>\n<!-- \/ Yoast SEO plugin. -->","yoast_head_json":{"title":"Sur le chemin de l\u2019\u00e9cole\u2026 - Fran\u00e7ois Pelletant","robots":{"index":"index","follow":"follow","max-snippet":"max-snippet:-1","max-image-preview":"max-image-preview:large","max-video-preview":"max-video-preview:-1"},"canonical":"https:\/\/francois-pelletant.fr\/blog\/sur-le-chemin-de-lecole\/","og_locale":"fr_FR","og_type":"article","og_title":"Sur le chemin de l\u2019\u00e9cole\u2026 - Fran\u00e7ois Pelletant","og_description":"L\u2019\u00e9cole a repris pour tous et pour ceux qui en ont besoin, quatre lignes de transports scolaires sont mises \u00e0 disposition des enfants de la premi\u00e8re ann\u00e9e de maternelle \u00e0 la fin du coll\u00e8ge.\u00a0Les enfants de l\u2019\u00e9cole des Sources ont leur propre car et sont encadr\u00e9s durant leur trajet par deux animateurs. Pour les coll\u00e9giens, [&hellip;]","og_url":"https:\/\/francois-pelletant.fr\/blog\/sur-le-chemin-de-lecole\/","og_site_name":"Fran\u00e7ois Pelletant","article_publisher":"https:\/\/www.facebook.com\/francois.pelletant.7","article_published_time":"2012-09-10T07:54:02+00:00","og_image":[{"width":591,"height":551,"url":"https:\/\/francois-pelletant.fr\/blog\/wp-content\/uploads\/2012\/09\/transport-scolaire.jpg","type":"image\/jpeg"}],"author":"Francois","twitter_card":"summary_large_image","twitter_creator":"@pelletant","twitter_site":"@pelletant","twitter_misc":{"\u00c9crit par":"Francois"},"schema":{"@context":"https:\/\/schema.org","@graph":[{"@type":"Article","@id":"https:\/\/francois-pelletant.fr\/blog\/sur-le-chemin-de-lecole\/#article","isPartOf":{"@id":"https:\/\/francois-pelletant.fr\/blog\/sur-le-chemin-de-lecole\/"},"author":{"name":"Francois","@id":"https:\/\/francois-pelletant.fr\/blog\/#\/schema\/person\/2be41acb171dff8f31aaed1f40cee9f3"},"headline":"Sur le chemin de l\u2019\u00e9cole\u2026","datePublished":"2012-09-10T07:54:02+00:00","mainEntityOfPage":{"@id":"https:\/\/francois-pelletant.fr\/blog\/sur-le-chemin-de-lecole\/"},"wordCount":104,"commentCount":0,"publisher":{"@id":"https:\/\/francois-pelletant.fr\/blog\/#organization"},"image":{"@id":"https:\/\/francois-pelletant.fr\/blog\/sur-le-chemin-de-lecole\/#primaryimage"},"thumbnailUrl":"https:\/\/francois-pelletant.fr\/blog\/wp-content\/uploads\/2012\/09\/transport-scolaire.jpg","articleSection":["Transports"],"inLanguage":"fr-FR","potentialAction":[{"@type":"CommentAction","name":"Comment","target":["https:\/\/francois-pelletant.fr\/blog\/sur-le-chemin-de-lecole\/#respond"]}]},{"@type":"WebPage","@id":"https:\/\/francois-pelletant.fr\/blog\/sur-le-chemin-de-lecole\/","url":"https:\/\/francois-pelletant.fr\/blog\/sur-le-chemin-de-lecole\/","name":"Sur le chemin de l\u2019\u00e9cole\u2026 - Fran\u00e7ois Pelletant","isPartOf":{"@id":"https:\/\/francois-pelletant.fr\/blog\/#website"},"primaryImageOfPage":{"@id":"https:\/\/francois-pelletant.fr\/blog\/sur-le-chemin-de-lecole\/#primaryimage"},"image":{"@id":"https:\/\/francois-pelletant.fr\/blog\/sur-le-chemin-de-lecole\/#primaryimage"},"thumbnailUrl":"https:\/\/francois-pelletant.fr\/blog\/wp-content\/uploads\/2012\/09\/transport-scolaire.jpg","datePublished":"2012-09-10T07:54:02+00:00","breadcrumb":{"@id":"https:\/\/francois-pelletant.fr\/blog\/sur-le-chemin-de-lecole\/#breadcrumb"},"inLanguage":"fr-FR","potentialAction":[{"@type":"ReadAction","target":["https:\/\/francois-pelletant.fr\/blog\/sur-le-chemin-de-lecole\/"]}]},{"@type":"ImageObject","inLanguage":"fr-FR","@id":"https:\/\/francois-pelletant.fr\/blog\/sur-le-chemin-de-lecole\/#primaryimage","url":"https:\/\/francois-pelletant.fr\/blog\/wp-content\/uploads\/2012\/09\/transport-scolaire.jpg","contentUrl":"https:\/\/francois-pelletant.fr\/blog\/wp-content\/uploads\/2012\/09\/transport-scolaire.jpg","width":591,"height":551},{"@type":"BreadcrumbList","@id":"https:\/\/francois-pelletant.fr\/blog\/sur-le-chemin-de-lecole\/#breadcrumb","itemListElement":[{"@type":"ListItem","position":1,"name":"Accueil","item":"https:\/\/francois-pelletant.fr\/blog\/"},{"@type":"ListItem","position":2,"name":"Sur le chemin de l\u2019\u00e9cole\u2026"}]},{"@type":"WebSite","@id":"https:\/\/francois-pelletant.fr\/blog\/#website","url":"https:\/\/francois-pelletant.fr\/blog\/","name":"Fran\u00e7ois Pelletant","description":"Maire de Linas, pour toujours.","publisher":{"@id":"https:\/\/francois-pelletant.fr\/blog\/#organization"},"potentialAction":[{"@type":"SearchAction","target":{"@type":"EntryPoint","urlTemplate":"https:\/\/francois-pelletant.fr\/blog\/?s={search_term_string}"},"query-input":{"@type":"PropertyValueSpecification","valueRequired":true,"valueName":"search_term_string"}}],"inLanguage":"fr-FR"},{"@type":"Organization","@id":"https:\/\/francois-pelletant.fr\/blog\/#organization","name":"Fran\u00e7ois Pelletant","url":"https:\/\/francois-pelletant.fr\/blog\/","logo":{"@type":"ImageObject","inLanguage":"fr-FR","@id":"https:\/\/francois-pelletant.fr\/blog\/#\/schema\/logo\/image\/","url":"https:\/\/francois-pelletant.fr\/blog\/wp-content\/uploads\/2024\/07\/icone-francois-centre-500p.png","contentUrl":"https:\/\/francois-pelletant.fr\/blog\/wp-content\/uploads\/2024\/07\/icone-francois-centre-500p.png","width":559,"height":447,"caption":"Fran\u00e7ois Pelletant"},"image":{"@id":"https:\/\/francois-pelletant.fr\/blog\/#\/schema\/logo\/image\/"},"sameAs":["https:\/\/www.facebook.com\/francois.pelletant.7","https:\/\/x.com\/pelletant"]},{"@type":"Person","@id":"https:\/\/francois-pelletant.fr\/blog\/#\/schema\/person\/2be41acb171dff8f31aaed1f40cee9f3","name":"Francois"}]}},"_links":{"self":[{"href":"https:\/\/francois-pelletant.fr\/blog\/wp-json\/wp\/v2\/posts\/2508","targetHints":{"allow":["GET"]}}],"collection":[{"href":"https:\/\/francois-pelletant.fr\/blog\/wp-json\/wp\/v2\/posts"}],"about":[{"href":"https:\/\/francois-pelletant.fr\/blog\/wp-json\/wp\/v2\/types\/post"}],"author":[{"embeddable":true,"href":"https:\/\/francois-pelletant.fr\/blog\/wp-json\/wp\/v2\/users\/1"}],"replies":[{"embeddable":true,"href":"https:\/\/francois-pelletant.fr\/blog\/wp-json\/wp\/v2\/comments?post=2508"}],"version-history":[{"count":0,"href":"https:\/\/francois-pelletant.fr\/blog\/wp-json\/wp\/v2\/posts\/2508\/revisions"}],"wp:featuredmedia":[{"embeddable":true,"href":"https:\/\/francois-pelletant.fr\/blog\/wp-json\/wp\/v2\/media\/2509"}],"wp:attachment":[{"href":"https:\/\/francois-pelletant.fr\/blog\/wp-json\/wp\/v2\/media?parent=2508"}],"wp:term":[{"taxonomy":"category","embeddable":true,"href":"https:\/\/francois-pelletant.fr\/blog\/wp-json\/wp\/v2\/categories?post=2508"},{"taxonomy":"post_tag","embeddable":true,"href":"https:\/\/francois-pelletant.fr\/blog\/wp-json\/wp\/v2\/tags?post=2508"}],"curies":[{"name":"wp","href":"https:\/\/api.w.org\/{rel}","templated":true}]}}