{"id":2574,"date":"2012-09-27T09:40:02","date_gmt":"2012-09-27T07:40:02","guid":{"rendered":"https:\/\/francois-pelletant.fr\/blog\/?p=2574"},"modified":"2012-09-27T09:40:02","modified_gmt":"2012-09-27T07:40:02","slug":"linas-dans-la-plus-grande-interco-de-lessonne","status":"publish","type":"post","link":"https:\/\/francois-pelletant.fr\/blog\/linas-dans-la-plus-grande-interco-de-lessonne\/","title":{"rendered":"Linas dans la plus grande interco de l\u2019Essonne"},"content":{"rendered":"<p><a href=\"https:\/\/francois-pelletant.fr\/blog\/wp-content\/uploads\/2012\/09\/europ-essonne-copie1.jpg\"><img loading=\"lazy\" decoding=\"async\" class=\"alignleft size-medium wp-image-2598\" title=\"europ essonne copie\" src=\"https:\/\/francois-pelletant.fr\/blog\/wp-content\/uploads\/2012\/09\/europ-essonne-copie1-265x300.jpg\" alt=\"\" width=\"265\" height=\"300\" srcset=\"https:\/\/francois-pelletant.fr\/blog\/wp-content\/uploads\/2012\/09\/europ-essonne-copie1-265x300.jpg 265w, https:\/\/francois-pelletant.fr\/blog\/wp-content\/uploads\/2012\/09\/europ-essonne-copie1-905x1024.jpg 905w, https:\/\/francois-pelletant.fr\/blog\/wp-content\/uploads\/2012\/09\/europ-essonne-copie1-768x869.jpg 768w, https:\/\/francois-pelletant.fr\/blog\/wp-content\/uploads\/2012\/09\/europ-essonne-copie1-600x679.jpg 600w, https:\/\/francois-pelletant.fr\/blog\/wp-content\/uploads\/2012\/09\/europ-essonne-copie1-1357x1536.jpg 1357w, https:\/\/francois-pelletant.fr\/blog\/wp-content\/uploads\/2012\/09\/europ-essonne-copie1.jpg 1760w\" sizes=\"auto, (max-width: 265px) 100vw, 265px\" \/><\/a>Le Pr\u00e9fet a arr\u00eat\u00e9 le 4 septembre 2012 la cr\u00e9ation du plus grand EPCI essonnien\u00a0: la nouvelle Communaut\u00e9 d\u2019agglom\u00e9ration Europ\u2019Essonne forte de ses 15 villes adh\u00e9rentes, dont Linas, verra le jour le 1<sup>er<\/sup> janvier prochain. Les comp\u00e9tences d\u00e9volues \u00e0 la structure intercommunale sont nombreuses et parmi elles\u00a0: le d\u00e9veloppement \u00e9conomique, d\u2019organisation des transports urbains, d\u2019habitat social et de politique de la ville\u2026<\/p>\n","protected":false},"excerpt":{"rendered":"<p>Le Pr\u00e9fet a arr\u00eat\u00e9 le 4 septembre 2012 la cr\u00e9ation du plus grand EPCI essonnien\u00a0: la nouvelle Communaut\u00e9 d\u2019agglom\u00e9ration Europ\u2019Essonne forte de ses 15 villes adh\u00e9rentes, dont Linas, verra le jour le 1er janvier prochain. Les comp\u00e9tences d\u00e9volues \u00e0 la structure intercommunale sont nombreuses et parmi elles\u00a0: le d\u00e9veloppement \u00e9conomique, d\u2019organisation des transports urbains, d\u2019habitat [&hellip;]<\/p>\n","protected":false},"author":1,"featured_media":2598,"comment_status":"open","ping_status":"open","sticky":false,"template":"","format":"standard","meta":{"footnotes":""},"categories":[10],"tags":[],"class_list":["post-2574","post","type-post","status-publish","format-standard","has-post-thumbnail","hentry","category-1pelletant"],"yoast_head":"<!-- This site is optimized with the Yoast SEO plugin v25.6 - https:\/\/yoast.com\/wordpress\/plugins\/seo\/ -->\n<title>Linas dans la plus grande interco de l\u2019Essonne - Fran\u00e7ois Pelletant<\/title>\n<meta name=\"robots\" content=\"index, follow, max-snippet:-1, max-image-preview:large, max-video-preview:-1\" \/>\n<link rel=\"canonical\" href=\"https:\/\/francois-pelletant.fr\/blog\/linas-dans-la-plus-grande-interco-de-lessonne\/\" \/>\n<meta property=\"og:locale\" content=\"fr_FR\" \/>\n<meta property=\"og:type\" content=\"article\" \/>\n<meta property=\"og:title\" content=\"Linas dans la plus grande interco de l\u2019Essonne - Fran\u00e7ois Pelletant\" \/>\n<meta property=\"og:description\" content=\"Le Pr\u00e9fet a arr\u00eat\u00e9 le 4 septembre 2012 la cr\u00e9ation du plus grand EPCI essonnien\u00a0: la nouvelle Communaut\u00e9 d\u2019agglom\u00e9ration Europ\u2019Essonne forte de ses 15 villes adh\u00e9rentes, dont Linas, verra le jour le 1er janvier prochain. Les comp\u00e9tences d\u00e9volues \u00e0 la structure intercommunale sont nombreuses et parmi elles\u00a0: le d\u00e9veloppement \u00e9conomique, d\u2019organisation des transports urbains, d\u2019habitat [&hellip;]\" \/>\n<meta property=\"og:url\" content=\"https:\/\/francois-pelletant.fr\/blog\/linas-dans-la-plus-grande-interco-de-lessonne\/\" \/>\n<meta property=\"og:site_name\" content=\"Fran\u00e7ois Pelletant\" \/>\n<meta property=\"article:publisher\" content=\"https:\/\/www.facebook.com\/francois.pelletant.7\" \/>\n<meta property=\"article:published_time\" content=\"2012-09-27T07:40:02+00:00\" \/>\n<meta property=\"og:image\" content=\"https:\/\/francois-pelletant.fr\/blog\/wp-content\/uploads\/2012\/09\/europ-essonne-copie1.jpg\" \/>\n\t<meta property=\"og:image:width\" content=\"1760\" \/>\n\t<meta property=\"og:image:height\" content=\"1992\" \/>\n\t<meta property=\"og:image:type\" content=\"image\/jpeg\" \/>\n<meta name=\"author\" content=\"Francois\" \/>\n<meta name=\"twitter:card\" content=\"summary_large_image\" \/>\n<meta name=\"twitter:creator\" content=\"@pelletant\" \/>\n<meta name=\"twitter:site\" content=\"@pelletant\" \/>\n<meta name=\"twitter:label1\" content=\"\u00c9crit par\" \/>\n\t<meta name=\"twitter:data1\" content=\"Francois\" \/>\n<script type=\"application\/ld+json\" class=\"yoast-schema-graph\">{\"@context\":\"https:\/\/schema.org\",\"@graph\":[{\"@type\":\"Article\",\"@id\":\"https:\/\/francois-pelletant.fr\/blog\/linas-dans-la-plus-grande-interco-de-lessonne\/#article\",\"isPartOf\":{\"@id\":\"https:\/\/francois-pelletant.fr\/blog\/linas-dans-la-plus-grande-interco-de-lessonne\/\"},\"author\":{\"name\":\"Francois\",\"@id\":\"https:\/\/francois-pelletant.fr\/blog\/#\/schema\/person\/2be41acb171dff8f31aaed1f40cee9f3\"},\"headline\":\"Linas dans la plus grande interco de l\u2019Essonne\",\"datePublished\":\"2012-09-27T07:40:02+00:00\",\"mainEntityOfPage\":{\"@id\":\"https:\/\/francois-pelletant.fr\/blog\/linas-dans-la-plus-grande-interco-de-lessonne\/\"},\"wordCount\":79,\"commentCount\":0,\"publisher\":{\"@id\":\"https:\/\/francois-pelletant.fr\/blog\/#organization\"},\"image\":{\"@id\":\"https:\/\/francois-pelletant.fr\/blog\/linas-dans-la-plus-grande-interco-de-lessonne\/#primaryimage\"},\"thumbnailUrl\":\"https:\/\/francois-pelletant.fr\/blog\/wp-content\/uploads\/2012\/09\/europ-essonne-copie1.jpg\",\"articleSection\":[\"Infos\"],\"inLanguage\":\"fr-FR\",\"potentialAction\":[{\"@type\":\"CommentAction\",\"name\":\"Comment\",\"target\":[\"https:\/\/francois-pelletant.fr\/blog\/linas-dans-la-plus-grande-interco-de-lessonne\/#respond\"]}]},{\"@type\":\"WebPage\",\"@id\":\"https:\/\/francois-pelletant.fr\/blog\/linas-dans-la-plus-grande-interco-de-lessonne\/\",\"url\":\"https:\/\/francois-pelletant.fr\/blog\/linas-dans-la-plus-grande-interco-de-lessonne\/\",\"name\":\"Linas dans la plus grande interco de l\u2019Essonne - Fran\u00e7ois Pelletant\",\"isPartOf\":{\"@id\":\"https:\/\/francois-pelletant.fr\/blog\/#website\"},\"primaryImageOfPage\":{\"@id\":\"https:\/\/francois-pelletant.fr\/blog\/linas-dans-la-plus-grande-interco-de-lessonne\/#primaryimage\"},\"image\":{\"@id\":\"https:\/\/francois-pelletant.fr\/blog\/linas-dans-la-plus-grande-interco-de-lessonne\/#primaryimage\"},\"thumbnailUrl\":\"https:\/\/francois-pelletant.fr\/blog\/wp-content\/uploads\/2012\/09\/europ-essonne-copie1.jpg\",\"datePublished\":\"2012-09-27T07:40:02+00:00\",\"breadcrumb\":{\"@id\":\"https:\/\/francois-pelletant.fr\/blog\/linas-dans-la-plus-grande-interco-de-lessonne\/#breadcrumb\"},\"inLanguage\":\"fr-FR\",\"potentialAction\":[{\"@type\":\"ReadAction\",\"target\":[\"https:\/\/francois-pelletant.fr\/blog\/linas-dans-la-plus-grande-interco-de-lessonne\/\"]}]},{\"@type\":\"ImageObject\",\"inLanguage\":\"fr-FR\",\"@id\":\"https:\/\/francois-pelletant.fr\/blog\/linas-dans-la-plus-grande-interco-de-lessonne\/#primaryimage\",\"url\":\"https:\/\/francois-pelletant.fr\/blog\/wp-content\/uploads\/2012\/09\/europ-essonne-copie1.jpg\",\"contentUrl\":\"https:\/\/francois-pelletant.fr\/blog\/wp-content\/uploads\/2012\/09\/europ-essonne-copie1.jpg\",\"width\":1760,\"height\":1992},{\"@type\":\"BreadcrumbList\",\"@id\":\"https:\/\/francois-pelletant.fr\/blog\/linas-dans-la-plus-grande-interco-de-lessonne\/#breadcrumb\",\"itemListElement\":[{\"@type\":\"ListItem\",\"position\":1,\"name\":\"Accueil\",\"item\":\"https:\/\/francois-pelletant.fr\/blog\/\"},{\"@type\":\"ListItem\",\"position\":2,\"name\":\"Linas dans la plus grande interco de l\u2019Essonne\"}]},{\"@type\":\"WebSite\",\"@id\":\"https:\/\/francois-pelletant.fr\/blog\/#website\",\"url\":\"https:\/\/francois-pelletant.fr\/blog\/\",\"name\":\"Fran\u00e7ois Pelletant\",\"description\":\"Maire de Linas, pour toujours.\",\"publisher\":{\"@id\":\"https:\/\/francois-pelletant.fr\/blog\/#organization\"},\"potentialAction\":[{\"@type\":\"SearchAction\",\"target\":{\"@type\":\"EntryPoint\",\"urlTemplate\":\"https:\/\/francois-pelletant.fr\/blog\/?s={search_term_string}\"},\"query-input\":{\"@type\":\"PropertyValueSpecification\",\"valueRequired\":true,\"valueName\":\"search_term_string\"}}],\"inLanguage\":\"fr-FR\"},{\"@type\":\"Organization\",\"@id\":\"https:\/\/francois-pelletant.fr\/blog\/#organization\",\"name\":\"Fran\u00e7ois Pelletant\",\"url\":\"https:\/\/francois-pelletant.fr\/blog\/\",\"logo\":{\"@type\":\"ImageObject\",\"inLanguage\":\"fr-FR\",\"@id\":\"https:\/\/francois-pelletant.fr\/blog\/#\/schema\/logo\/image\/\",\"url\":\"https:\/\/francois-pelletant.fr\/blog\/wp-content\/uploads\/2024\/07\/icone-francois-centre-500p.png\",\"contentUrl\":\"https:\/\/francois-pelletant.fr\/blog\/wp-content\/uploads\/2024\/07\/icone-francois-centre-500p.png\",\"width\":559,\"height\":447,\"caption\":\"Fran\u00e7ois Pelletant\"},\"image\":{\"@id\":\"https:\/\/francois-pelletant.fr\/blog\/#\/schema\/logo\/image\/\"},\"sameAs\":[\"https:\/\/www.facebook.com\/francois.pelletant.7\",\"https:\/\/x.com\/pelletant\"]},{\"@type\":\"Person\",\"@id\":\"https:\/\/francois-pelletant.fr\/blog\/#\/schema\/person\/2be41acb171dff8f31aaed1f40cee9f3\",\"name\":\"Francois\"}]}<\/script>\n<!-- \/ Yoast SEO plugin. -->","yoast_head_json":{"title":"Linas dans la plus grande interco de l\u2019Essonne - Fran\u00e7ois Pelletant","robots":{"index":"index","follow":"follow","max-snippet":"max-snippet:-1","max-image-preview":"max-image-preview:large","max-video-preview":"max-video-preview:-1"},"canonical":"https:\/\/francois-pelletant.fr\/blog\/linas-dans-la-plus-grande-interco-de-lessonne\/","og_locale":"fr_FR","og_type":"article","og_title":"Linas dans la plus grande interco de l\u2019Essonne - Fran\u00e7ois Pelletant","og_description":"Le Pr\u00e9fet a arr\u00eat\u00e9 le 4 septembre 2012 la cr\u00e9ation du plus grand EPCI essonnien\u00a0: la nouvelle Communaut\u00e9 d\u2019agglom\u00e9ration Europ\u2019Essonne forte de ses 15 villes adh\u00e9rentes, dont Linas, verra le jour le 1er janvier prochain. Les comp\u00e9tences d\u00e9volues \u00e0 la structure intercommunale sont nombreuses et parmi elles\u00a0: le d\u00e9veloppement \u00e9conomique, d\u2019organisation des transports urbains, d\u2019habitat [&hellip;]","og_url":"https:\/\/francois-pelletant.fr\/blog\/linas-dans-la-plus-grande-interco-de-lessonne\/","og_site_name":"Fran\u00e7ois Pelletant","article_publisher":"https:\/\/www.facebook.com\/francois.pelletant.7","article_published_time":"2012-09-27T07:40:02+00:00","og_image":[{"width":1760,"height":1992,"url":"https:\/\/francois-pelletant.fr\/blog\/wp-content\/uploads\/2012\/09\/europ-essonne-copie1.jpg","type":"image\/jpeg"}],"author":"Francois","twitter_card":"summary_large_image","twitter_creator":"@pelletant","twitter_site":"@pelletant","twitter_misc":{"\u00c9crit par":"Francois"},"schema":{"@context":"https:\/\/schema.org","@graph":[{"@type":"Article","@id":"https:\/\/francois-pelletant.fr\/blog\/linas-dans-la-plus-grande-interco-de-lessonne\/#article","isPartOf":{"@id":"https:\/\/francois-pelletant.fr\/blog\/linas-dans-la-plus-grande-interco-de-lessonne\/"},"author":{"name":"Francois","@id":"https:\/\/francois-pelletant.fr\/blog\/#\/schema\/person\/2be41acb171dff8f31aaed1f40cee9f3"},"headline":"Linas dans la plus grande interco de l\u2019Essonne","datePublished":"2012-09-27T07:40:02+00:00","mainEntityOfPage":{"@id":"https:\/\/francois-pelletant.fr\/blog\/linas-dans-la-plus-grande-interco-de-lessonne\/"},"wordCount":79,"commentCount":0,"publisher":{"@id":"https:\/\/francois-pelletant.fr\/blog\/#organization"},"image":{"@id":"https:\/\/francois-pelletant.fr\/blog\/linas-dans-la-plus-grande-interco-de-lessonne\/#primaryimage"},"thumbnailUrl":"https:\/\/francois-pelletant.fr\/blog\/wp-content\/uploads\/2012\/09\/europ-essonne-copie1.jpg","articleSection":["Infos"],"inLanguage":"fr-FR","potentialAction":[{"@type":"CommentAction","name":"Comment","target":["https:\/\/francois-pelletant.fr\/blog\/linas-dans-la-plus-grande-interco-de-lessonne\/#respond"]}]},{"@type":"WebPage","@id":"https:\/\/francois-pelletant.fr\/blog\/linas-dans-la-plus-grande-interco-de-lessonne\/","url":"https:\/\/francois-pelletant.fr\/blog\/linas-dans-la-plus-grande-interco-de-lessonne\/","name":"Linas dans la plus grande interco de l\u2019Essonne - Fran\u00e7ois Pelletant","isPartOf":{"@id":"https:\/\/francois-pelletant.fr\/blog\/#website"},"primaryImageOfPage":{"@id":"https:\/\/francois-pelletant.fr\/blog\/linas-dans-la-plus-grande-interco-de-lessonne\/#primaryimage"},"image":{"@id":"https:\/\/francois-pelletant.fr\/blog\/linas-dans-la-plus-grande-interco-de-lessonne\/#primaryimage"},"thumbnailUrl":"https:\/\/francois-pelletant.fr\/blog\/wp-content\/uploads\/2012\/09\/europ-essonne-copie1.jpg","datePublished":"2012-09-27T07:40:02+00:00","breadcrumb":{"@id":"https:\/\/francois-pelletant.fr\/blog\/linas-dans-la-plus-grande-interco-de-lessonne\/#breadcrumb"},"inLanguage":"fr-FR","potentialAction":[{"@type":"ReadAction","target":["https:\/\/francois-pelletant.fr\/blog\/linas-dans-la-plus-grande-interco-de-lessonne\/"]}]},{"@type":"ImageObject","inLanguage":"fr-FR","@id":"https:\/\/francois-pelletant.fr\/blog\/linas-dans-la-plus-grande-interco-de-lessonne\/#primaryimage","url":"https:\/\/francois-pelletant.fr\/blog\/wp-content\/uploads\/2012\/09\/europ-essonne-copie1.jpg","contentUrl":"https:\/\/francois-pelletant.fr\/blog\/wp-content\/uploads\/2012\/09\/europ-essonne-copie1.jpg","width":1760,"height":1992},{"@type":"BreadcrumbList","@id":"https:\/\/francois-pelletant.fr\/blog\/linas-dans-la-plus-grande-interco-de-lessonne\/#breadcrumb","itemListElement":[{"@type":"ListItem","position":1,"name":"Accueil","item":"https:\/\/francois-pelletant.fr\/blog\/"},{"@type":"ListItem","position":2,"name":"Linas dans la plus grande interco de l\u2019Essonne"}]},{"@type":"WebSite","@id":"https:\/\/francois-pelletant.fr\/blog\/#website","url":"https:\/\/francois-pelletant.fr\/blog\/","name":"Fran\u00e7ois Pelletant","description":"Maire de Linas, pour toujours.","publisher":{"@id":"https:\/\/francois-pelletant.fr\/blog\/#organization"},"potentialAction":[{"@type":"SearchAction","target":{"@type":"EntryPoint","urlTemplate":"https:\/\/francois-pelletant.fr\/blog\/?s={search_term_string}"},"query-input":{"@type":"PropertyValueSpecification","valueRequired":true,"valueName":"search_term_string"}}],"inLanguage":"fr-FR"},{"@type":"Organization","@id":"https:\/\/francois-pelletant.fr\/blog\/#organization","name":"Fran\u00e7ois Pelletant","url":"https:\/\/francois-pelletant.fr\/blog\/","logo":{"@type":"ImageObject","inLanguage":"fr-FR","@id":"https:\/\/francois-pelletant.fr\/blog\/#\/schema\/logo\/image\/","url":"https:\/\/francois-pelletant.fr\/blog\/wp-content\/uploads\/2024\/07\/icone-francois-centre-500p.png","contentUrl":"https:\/\/francois-pelletant.fr\/blog\/wp-content\/uploads\/2024\/07\/icone-francois-centre-500p.png","width":559,"height":447,"caption":"Fran\u00e7ois Pelletant"},"image":{"@id":"https:\/\/francois-pelletant.fr\/blog\/#\/schema\/logo\/image\/"},"sameAs":["https:\/\/www.facebook.com\/francois.pelletant.7","https:\/\/x.com\/pelletant"]},{"@type":"Person","@id":"https:\/\/francois-pelletant.fr\/blog\/#\/schema\/person\/2be41acb171dff8f31aaed1f40cee9f3","name":"Francois"}]}},"_links":{"self":[{"href":"https:\/\/francois-pelletant.fr\/blog\/wp-json\/wp\/v2\/posts\/2574","targetHints":{"allow":["GET"]}}],"collection":[{"href":"https:\/\/francois-pelletant.fr\/blog\/wp-json\/wp\/v2\/posts"}],"about":[{"href":"https:\/\/francois-pelletant.fr\/blog\/wp-json\/wp\/v2\/types\/post"}],"author":[{"embeddable":true,"href":"https:\/\/francois-pelletant.fr\/blog\/wp-json\/wp\/v2\/users\/1"}],"replies":[{"embeddable":true,"href":"https:\/\/francois-pelletant.fr\/blog\/wp-json\/wp\/v2\/comments?post=2574"}],"version-history":[{"count":0,"href":"https:\/\/francois-pelletant.fr\/blog\/wp-json\/wp\/v2\/posts\/2574\/revisions"}],"wp:featuredmedia":[{"embeddable":true,"href":"https:\/\/francois-pelletant.fr\/blog\/wp-json\/wp\/v2\/media\/2598"}],"wp:attachment":[{"href":"https:\/\/francois-pelletant.fr\/blog\/wp-json\/wp\/v2\/media?parent=2574"}],"wp:term":[{"taxonomy":"category","embeddable":true,"href":"https:\/\/francois-pelletant.fr\/blog\/wp-json\/wp\/v2\/categories?post=2574"},{"taxonomy":"post_tag","embeddable":true,"href":"https:\/\/francois-pelletant.fr\/blog\/wp-json\/wp\/v2\/tags?post=2574"}],"curies":[{"name":"wp","href":"https:\/\/api.w.org\/{rel}","templated":true}]}}