{"id":2580,"date":"2012-09-30T08:19:47","date_gmt":"2012-09-30T06:19:47","guid":{"rendered":"https:\/\/francois-pelletant.fr\/blog\/?p=2580"},"modified":"2012-09-30T08:19:47","modified_gmt":"2012-09-30T06:19:47","slug":"dans-la-presse-cette-semaine","status":"publish","type":"post","link":"https:\/\/francois-pelletant.fr\/blog\/dans-la-presse-cette-semaine\/","title":{"rendered":"Dans la presse cette semaine&#8230;"},"content":{"rendered":"<figure id=\"attachment_2581\" aria-describedby=\"caption-attachment-2581\" style=\"width: 300px\" class=\"wp-caption alignleft\"><a href=\"https:\/\/francois-pelletant.fr\/blog\/wp-content\/uploads\/2012\/09\/Le-canard-enchain\u00e9-26-septembre-3.jpg\"><img loading=\"lazy\" decoding=\"async\" class=\"size-medium wp-image-2581\" title=\"Le canard enchain\u00e9 26 septembre 3\" src=\"https:\/\/francois-pelletant.fr\/blog\/wp-content\/uploads\/2012\/09\/Le-canard-enchain\u00e9-26-septembre-3-300x244.jpg\" alt=\"\" width=\"300\" height=\"244\" \/><\/a><figcaption id=\"caption-attachment-2581\" class=\"wp-caption-text\">Le canard enchain\u00e9 26 septembre<\/figcaption><\/figure>\n<p>Caricatures et libert\u00e9 d&#8217;expression, \u00e9cologistes et gouvernement, tor\u00e9adors\u00a0ou\u00a0taureaux,\u00a0OGM ou pas OGM&#8230; L&#8217;actualit\u00e9 a encore donn\u00e9 cette semaine l&#8217;occasion aux dessinateurs de presse\u00a0\u00a0de nous r\u00e9galer de leur travail. En voici un floril\u00e8ge, tout ce qu&#8217;il y a de personnel.<\/p>\n<p>&nbsp;<\/p>\n<figure id=\"attachment_2582\" aria-describedby=\"caption-attachment-2582\" style=\"width: 291px\" class=\"wp-caption aligncenter\"><a href=\"https:\/\/francois-pelletant.fr\/blog\/wp-content\/uploads\/2012\/09\/Le-Parisien-24-septembre.jpg\"><img loading=\"lazy\" decoding=\"async\" class=\"size-medium wp-image-2582\" title=\"Le Parisien 24 septembre\" src=\"https:\/\/francois-pelletant.fr\/blog\/wp-content\/uploads\/2012\/09\/Le-Parisien-24-septembre-291x300.jpg\" alt=\"\" width=\"291\" height=\"300\" \/><\/a><figcaption id=\"caption-attachment-2582\" class=\"wp-caption-text\">Le Parisien 24 septembre<\/figcaption><\/figure>\n<p>&nbsp;<\/p>\n<figure id=\"attachment_2583\" aria-describedby=\"caption-attachment-2583\" style=\"width: 300px\" class=\"wp-caption aligncenter\"><a href=\"https:\/\/francois-pelletant.fr\/blog\/wp-content\/uploads\/2012\/09\/urtikan.net-22-septembre.gif\"><img loading=\"lazy\" decoding=\"async\" class=\"size-medium wp-image-2583\" title=\"urtikan.net 22 septembre\" src=\"https:\/\/francois-pelletant.fr\/blog\/wp-content\/uploads\/2012\/09\/urtikan.net-22-septembre-300x213.gif\" alt=\"\" width=\"300\" height=\"213\" \/><\/a><figcaption id=\"caption-attachment-2583\" class=\"wp-caption-text\">urtikan.net 22 septembre<\/figcaption><\/figure>\n<p>&nbsp;<\/p>\n<figure id=\"attachment_2584\" aria-describedby=\"caption-attachment-2584\" style=\"width: 254px\" class=\"wp-caption aligncenter\"><a href=\"https:\/\/francois-pelletant.fr\/blog\/wp-content\/uploads\/2012\/09\/Marianne-22-septembre1.jpg\"><img loading=\"lazy\" decoding=\"async\" class=\"size-medium wp-image-2584\" title=\"Marianne 22 septembre\" src=\"https:\/\/francois-pelletant.fr\/blog\/wp-content\/uploads\/2012\/09\/Marianne-22-septembre-254x300.jpg\" alt=\"\" width=\"254\" height=\"300\" \/><\/a><figcaption id=\"caption-attachment-2584\" class=\"wp-caption-text\">Marianne 22 septembre<\/figcaption><\/figure>\n<p>&nbsp;<\/p>\n<figure id=\"attachment_2585\" aria-describedby=\"caption-attachment-2585\" style=\"width: 260px\" class=\"wp-caption aligncenter\"><a href=\"https:\/\/francois-pelletant.fr\/blog\/wp-content\/uploads\/2012\/09\/Marianne-22-septembre-2.jpg\"><img loading=\"lazy\" decoding=\"async\" class=\"size-full wp-image-2585\" title=\"Marianne 22 septembre 2\" src=\"https:\/\/francois-pelletant.fr\/blog\/wp-content\/uploads\/2012\/09\/Marianne-22-septembre-2.jpg\" alt=\"\" width=\"260\" height=\"297\" \/><\/a><figcaption id=\"caption-attachment-2585\" class=\"wp-caption-text\">Marianne 22 septembre<\/figcaption><\/figure>\n<p>&nbsp;<\/p>\n<figure id=\"attachment_2586\" aria-describedby=\"caption-attachment-2586\" style=\"width: 300px\" class=\"wp-caption aligncenter\"><a href=\"https:\/\/francois-pelletant.fr\/blog\/wp-content\/uploads\/2012\/09\/Bakchich-23-septembre.jpg\"><img loading=\"lazy\" decoding=\"async\" class=\"size-medium wp-image-2586\" title=\"Bakchich 23 septembre\" src=\"https:\/\/francois-pelletant.fr\/blog\/wp-content\/uploads\/2012\/09\/Bakchich-23-septembre-300x285.jpg\" alt=\"\" width=\"300\" height=\"285\" \/><\/a><figcaption id=\"caption-attachment-2586\" class=\"wp-caption-text\">Bakchich 23 septembre<\/figcaption><\/figure>\n<p>&nbsp;<\/p>\n<figure id=\"attachment_2587\" aria-describedby=\"caption-attachment-2587\" style=\"width: 300px\" class=\"wp-caption aligncenter\"><a href=\"https:\/\/francois-pelletant.fr\/blog\/wp-content\/uploads\/2012\/09\/Le-Courrier-Picard-21-septembre.jpg\"><img loading=\"lazy\" decoding=\"async\" class=\"size-medium wp-image-2587\" title=\"alex\" src=\"https:\/\/francois-pelletant.fr\/blog\/wp-content\/uploads\/2012\/09\/Le-Courrier-Picard-21-septembre-300x237.jpg\" alt=\"\" width=\"300\" height=\"237\" \/><\/a><figcaption id=\"caption-attachment-2587\" class=\"wp-caption-text\">Le Courrier Picard 21 septembre<\/figcaption><\/figure>\n<p>&nbsp;<\/p>\n<figure id=\"attachment_2588\" aria-describedby=\"caption-attachment-2588\" style=\"width: 300px\" class=\"wp-caption aligncenter\"><a href=\"https:\/\/francois-pelletant.fr\/blog\/wp-content\/uploads\/2012\/09\/Le-Courrier-Picard-25-septembre.jpg\"><img loading=\"lazy\" decoding=\"async\" class=\"size-medium wp-image-2588\" title=\"VERT\" src=\"https:\/\/francois-pelletant.fr\/blog\/wp-content\/uploads\/2012\/09\/Le-Courrier-Picard-25-septembre-300x237.jpg\" alt=\"\" width=\"300\" height=\"237\" \/><\/a><figcaption id=\"caption-attachment-2588\" class=\"wp-caption-text\">Le Courrier Picard 25 septembre<\/figcaption><\/figure>\n<p>&nbsp;<\/p>\n<figure id=\"attachment_2589\" aria-describedby=\"caption-attachment-2589\" style=\"width: 251px\" class=\"wp-caption aligncenter\"><a href=\"https:\/\/francois-pelletant.fr\/blog\/wp-content\/uploads\/2012\/09\/Le-canard-enchain\u00e9-26-septembre.jpg\"><img loading=\"lazy\" decoding=\"async\" class=\"size-medium wp-image-2589\" title=\"Le canard enchain\u00e9 26 septembre\" src=\"https:\/\/francois-pelletant.fr\/blog\/wp-content\/uploads\/2012\/09\/Le-canard-enchain\u00e9-26-septembre-251x300.jpg\" alt=\"\" width=\"251\" height=\"300\" srcset=\"https:\/\/francois-pelletant.fr\/blog\/wp-content\/uploads\/2012\/09\/Le-canard-enchain\u00e9-26-septembre-251x300.jpg 251w, https:\/\/francois-pelletant.fr\/blog\/wp-content\/uploads\/2012\/09\/Le-canard-enchain\u00e9-26-septembre.jpg 309w\" sizes=\"auto, (max-width: 251px) 100vw, 251px\" \/><\/a><figcaption id=\"caption-attachment-2589\" class=\"wp-caption-text\">Le canard enchain\u00e9 26 septembre<\/figcaption><\/figure>\n<p>&nbsp;<\/p>\n<figure id=\"attachment_2590\" aria-describedby=\"caption-attachment-2590\" style=\"width: 300px\" class=\"wp-caption aligncenter\"><a href=\"https:\/\/francois-pelletant.fr\/blog\/wp-content\/uploads\/2012\/09\/Le-canard-enchain\u00e9-26-septembre-2.jpg\"><img loading=\"lazy\" decoding=\"async\" class=\"size-medium wp-image-2590\" title=\"Le canard enchain\u00e9 26 septembre 2\" src=\"https:\/\/francois-pelletant.fr\/blog\/wp-content\/uploads\/2012\/09\/Le-canard-enchain\u00e9-26-septembre-2-300x264.jpg\" alt=\"\" width=\"300\" height=\"264\" \/><\/a><figcaption id=\"caption-attachment-2590\" class=\"wp-caption-text\">Le canard enchain\u00e9 26 septembre<\/figcaption><\/figure>\n<p style=\"text-align: center;\">\n","protected":false},"excerpt":{"rendered":"<p>Caricatures et libert\u00e9 d&#8217;expression, \u00e9cologistes et gouvernement, tor\u00e9adors\u00a0ou\u00a0taureaux,\u00a0OGM ou pas OGM&#8230; L&#8217;actualit\u00e9 a encore donn\u00e9 cette semaine l&#8217;occasion aux dessinateurs de presse\u00a0\u00a0de nous r\u00e9galer de leur travail. En voici un floril\u00e8ge, tout ce qu&#8217;il y a de personnel. &nbsp; &nbsp; &nbsp; &nbsp; &nbsp; &nbsp; &nbsp; &nbsp; &nbsp;<\/p>\n","protected":false},"author":1,"featured_media":0,"comment_status":"open","ping_status":"open","sticky":false,"template":"","format":"standard","meta":{"footnotes":""},"categories":[17],"tags":[],"class_list":["post-2580","post","type-post","status-publish","format-standard","hentry","category-prix-du-meilleur-dessin-de-presse"],"yoast_head":"<!-- This site is optimized with the Yoast SEO plugin v25.6 - https:\/\/yoast.com\/wordpress\/plugins\/seo\/ -->\n<title>Dans la presse cette semaine... - Fran\u00e7ois Pelletant<\/title>\n<meta name=\"robots\" content=\"index, follow, max-snippet:-1, max-image-preview:large, max-video-preview:-1\" \/>\n<link rel=\"canonical\" href=\"https:\/\/francois-pelletant.fr\/blog\/dans-la-presse-cette-semaine\/\" \/>\n<meta property=\"og:locale\" content=\"fr_FR\" \/>\n<meta property=\"og:type\" content=\"article\" \/>\n<meta property=\"og:title\" content=\"Dans la presse cette semaine... - Fran\u00e7ois Pelletant\" \/>\n<meta property=\"og:description\" content=\"Caricatures et libert\u00e9 d&#8217;expression, \u00e9cologistes et gouvernement, tor\u00e9adors\u00a0ou\u00a0taureaux,\u00a0OGM ou pas OGM&#8230; L&#8217;actualit\u00e9 a encore donn\u00e9 cette semaine l&#8217;occasion aux dessinateurs de presse\u00a0\u00a0de nous r\u00e9galer de leur travail. En voici un floril\u00e8ge, tout ce qu&#8217;il y a de personnel. &nbsp; &nbsp; &nbsp; &nbsp; &nbsp; &nbsp; &nbsp; &nbsp; &nbsp;\" \/>\n<meta property=\"og:url\" content=\"https:\/\/francois-pelletant.fr\/blog\/dans-la-presse-cette-semaine\/\" \/>\n<meta property=\"og:site_name\" content=\"Fran\u00e7ois Pelletant\" \/>\n<meta property=\"article:publisher\" content=\"https:\/\/www.facebook.com\/francois.pelletant.7\" \/>\n<meta property=\"article:published_time\" content=\"2012-09-30T06:19:47+00:00\" \/>\n<meta property=\"og:image\" content=\"https:\/\/francois-pelletant.fr\/blog\/wp-content\/uploads\/2012\/09\/Le-Parisien-24-septembre-291x300.jpg\" \/>\n<meta name=\"author\" content=\"Francois\" \/>\n<meta name=\"twitter:card\" content=\"summary_large_image\" \/>\n<meta name=\"twitter:creator\" content=\"@pelletant\" \/>\n<meta name=\"twitter:site\" content=\"@pelletant\" \/>\n<meta name=\"twitter:label1\" content=\"\u00c9crit par\" \/>\n\t<meta name=\"twitter:data1\" content=\"Francois\" \/>\n\t<meta name=\"twitter:label2\" content=\"Dur\u00e9e de lecture estim\u00e9e\" \/>\n\t<meta name=\"twitter:data2\" content=\"1 minute\" \/>\n<script type=\"application\/ld+json\" class=\"yoast-schema-graph\">{\"@context\":\"https:\/\/schema.org\",\"@graph\":[{\"@type\":\"Article\",\"@id\":\"https:\/\/francois-pelletant.fr\/blog\/dans-la-presse-cette-semaine\/#article\",\"isPartOf\":{\"@id\":\"https:\/\/francois-pelletant.fr\/blog\/dans-la-presse-cette-semaine\/\"},\"author\":{\"name\":\"Francois\",\"@id\":\"https:\/\/francois-pelletant.fr\/blog\/#\/schema\/person\/2be41acb171dff8f31aaed1f40cee9f3\"},\"headline\":\"Dans la presse cette semaine&#8230;\",\"datePublished\":\"2012-09-30T06:19:47+00:00\",\"mainEntityOfPage\":{\"@id\":\"https:\/\/francois-pelletant.fr\/blog\/dans-la-presse-cette-semaine\/\"},\"wordCount\":175,\"commentCount\":0,\"publisher\":{\"@id\":\"https:\/\/francois-pelletant.fr\/blog\/#organization\"},\"image\":{\"@id\":\"https:\/\/francois-pelletant.fr\/blog\/dans-la-presse-cette-semaine\/#primaryimage\"},\"thumbnailUrl\":\"https:\/\/francois-pelletant.fr\/blog\/wp-content\/uploads\/2012\/09\/Le-Parisien-24-septembre-291x300.jpg\",\"articleSection\":[\"Prix du meilleur dessin de presse\"],\"inLanguage\":\"fr-FR\",\"potentialAction\":[{\"@type\":\"CommentAction\",\"name\":\"Comment\",\"target\":[\"https:\/\/francois-pelletant.fr\/blog\/dans-la-presse-cette-semaine\/#respond\"]}]},{\"@type\":\"WebPage\",\"@id\":\"https:\/\/francois-pelletant.fr\/blog\/dans-la-presse-cette-semaine\/\",\"url\":\"https:\/\/francois-pelletant.fr\/blog\/dans-la-presse-cette-semaine\/\",\"name\":\"Dans la presse cette semaine... - Fran\u00e7ois Pelletant\",\"isPartOf\":{\"@id\":\"https:\/\/francois-pelletant.fr\/blog\/#website\"},\"primaryImageOfPage\":{\"@id\":\"https:\/\/francois-pelletant.fr\/blog\/dans-la-presse-cette-semaine\/#primaryimage\"},\"image\":{\"@id\":\"https:\/\/francois-pelletant.fr\/blog\/dans-la-presse-cette-semaine\/#primaryimage\"},\"thumbnailUrl\":\"https:\/\/francois-pelletant.fr\/blog\/wp-content\/uploads\/2012\/09\/Le-Parisien-24-septembre-291x300.jpg\",\"datePublished\":\"2012-09-30T06:19:47+00:00\",\"breadcrumb\":{\"@id\":\"https:\/\/francois-pelletant.fr\/blog\/dans-la-presse-cette-semaine\/#breadcrumb\"},\"inLanguage\":\"fr-FR\",\"potentialAction\":[{\"@type\":\"ReadAction\",\"target\":[\"https:\/\/francois-pelletant.fr\/blog\/dans-la-presse-cette-semaine\/\"]}]},{\"@type\":\"ImageObject\",\"inLanguage\":\"fr-FR\",\"@id\":\"https:\/\/francois-pelletant.fr\/blog\/dans-la-presse-cette-semaine\/#primaryimage\",\"url\":\"https:\/\/francois-pelletant.fr\/blog\/wp-content\/uploads\/2012\/09\/Le-Parisien-24-septembre.jpg\",\"contentUrl\":\"https:\/\/francois-pelletant.fr\/blog\/wp-content\/uploads\/2012\/09\/Le-Parisien-24-septembre.jpg\",\"width\":449,\"height\":462,\"caption\":\"Le Parisien 24 septembre\"},{\"@type\":\"BreadcrumbList\",\"@id\":\"https:\/\/francois-pelletant.fr\/blog\/dans-la-presse-cette-semaine\/#breadcrumb\",\"itemListElement\":[{\"@type\":\"ListItem\",\"position\":1,\"name\":\"Accueil\",\"item\":\"https:\/\/francois-pelletant.fr\/blog\/\"},{\"@type\":\"ListItem\",\"position\":2,\"name\":\"Dans la presse cette semaine&#8230;\"}]},{\"@type\":\"WebSite\",\"@id\":\"https:\/\/francois-pelletant.fr\/blog\/#website\",\"url\":\"https:\/\/francois-pelletant.fr\/blog\/\",\"name\":\"Fran\u00e7ois Pelletant\",\"description\":\"Maire de Linas, pour toujours.\",\"publisher\":{\"@id\":\"https:\/\/francois-pelletant.fr\/blog\/#organization\"},\"potentialAction\":[{\"@type\":\"SearchAction\",\"target\":{\"@type\":\"EntryPoint\",\"urlTemplate\":\"https:\/\/francois-pelletant.fr\/blog\/?s={search_term_string}\"},\"query-input\":{\"@type\":\"PropertyValueSpecification\",\"valueRequired\":true,\"valueName\":\"search_term_string\"}}],\"inLanguage\":\"fr-FR\"},{\"@type\":\"Organization\",\"@id\":\"https:\/\/francois-pelletant.fr\/blog\/#organization\",\"name\":\"Fran\u00e7ois Pelletant\",\"url\":\"https:\/\/francois-pelletant.fr\/blog\/\",\"logo\":{\"@type\":\"ImageObject\",\"inLanguage\":\"fr-FR\",\"@id\":\"https:\/\/francois-pelletant.fr\/blog\/#\/schema\/logo\/image\/\",\"url\":\"https:\/\/francois-pelletant.fr\/blog\/wp-content\/uploads\/2024\/07\/icone-francois-centre-500p.png\",\"contentUrl\":\"https:\/\/francois-pelletant.fr\/blog\/wp-content\/uploads\/2024\/07\/icone-francois-centre-500p.png\",\"width\":559,\"height\":447,\"caption\":\"Fran\u00e7ois Pelletant\"},\"image\":{\"@id\":\"https:\/\/francois-pelletant.fr\/blog\/#\/schema\/logo\/image\/\"},\"sameAs\":[\"https:\/\/www.facebook.com\/francois.pelletant.7\",\"https:\/\/x.com\/pelletant\"]},{\"@type\":\"Person\",\"@id\":\"https:\/\/francois-pelletant.fr\/blog\/#\/schema\/person\/2be41acb171dff8f31aaed1f40cee9f3\",\"name\":\"Francois\"}]}<\/script>\n<!-- \/ Yoast SEO plugin. -->","yoast_head_json":{"title":"Dans la presse cette semaine... - Fran\u00e7ois Pelletant","robots":{"index":"index","follow":"follow","max-snippet":"max-snippet:-1","max-image-preview":"max-image-preview:large","max-video-preview":"max-video-preview:-1"},"canonical":"https:\/\/francois-pelletant.fr\/blog\/dans-la-presse-cette-semaine\/","og_locale":"fr_FR","og_type":"article","og_title":"Dans la presse cette semaine... - Fran\u00e7ois Pelletant","og_description":"Caricatures et libert\u00e9 d&#8217;expression, \u00e9cologistes et gouvernement, tor\u00e9adors\u00a0ou\u00a0taureaux,\u00a0OGM ou pas OGM&#8230; L&#8217;actualit\u00e9 a encore donn\u00e9 cette semaine l&#8217;occasion aux dessinateurs de presse\u00a0\u00a0de nous r\u00e9galer de leur travail. En voici un floril\u00e8ge, tout ce qu&#8217;il y a de personnel. &nbsp; &nbsp; &nbsp; &nbsp; &nbsp; &nbsp; &nbsp; &nbsp; &nbsp;","og_url":"https:\/\/francois-pelletant.fr\/blog\/dans-la-presse-cette-semaine\/","og_site_name":"Fran\u00e7ois Pelletant","article_publisher":"https:\/\/www.facebook.com\/francois.pelletant.7","article_published_time":"2012-09-30T06:19:47+00:00","og_image":[{"url":"https:\/\/francois-pelletant.fr\/blog\/wp-content\/uploads\/2012\/09\/Le-Parisien-24-septembre-291x300.jpg","type":"","width":"","height":""}],"author":"Francois","twitter_card":"summary_large_image","twitter_creator":"@pelletant","twitter_site":"@pelletant","twitter_misc":{"\u00c9crit par":"Francois","Dur\u00e9e de lecture estim\u00e9e":"1 minute"},"schema":{"@context":"https:\/\/schema.org","@graph":[{"@type":"Article","@id":"https:\/\/francois-pelletant.fr\/blog\/dans-la-presse-cette-semaine\/#article","isPartOf":{"@id":"https:\/\/francois-pelletant.fr\/blog\/dans-la-presse-cette-semaine\/"},"author":{"name":"Francois","@id":"https:\/\/francois-pelletant.fr\/blog\/#\/schema\/person\/2be41acb171dff8f31aaed1f40cee9f3"},"headline":"Dans la presse cette semaine&#8230;","datePublished":"2012-09-30T06:19:47+00:00","mainEntityOfPage":{"@id":"https:\/\/francois-pelletant.fr\/blog\/dans-la-presse-cette-semaine\/"},"wordCount":175,"commentCount":0,"publisher":{"@id":"https:\/\/francois-pelletant.fr\/blog\/#organization"},"image":{"@id":"https:\/\/francois-pelletant.fr\/blog\/dans-la-presse-cette-semaine\/#primaryimage"},"thumbnailUrl":"https:\/\/francois-pelletant.fr\/blog\/wp-content\/uploads\/2012\/09\/Le-Parisien-24-septembre-291x300.jpg","articleSection":["Prix du meilleur dessin de presse"],"inLanguage":"fr-FR","potentialAction":[{"@type":"CommentAction","name":"Comment","target":["https:\/\/francois-pelletant.fr\/blog\/dans-la-presse-cette-semaine\/#respond"]}]},{"@type":"WebPage","@id":"https:\/\/francois-pelletant.fr\/blog\/dans-la-presse-cette-semaine\/","url":"https:\/\/francois-pelletant.fr\/blog\/dans-la-presse-cette-semaine\/","name":"Dans la presse cette semaine... - Fran\u00e7ois Pelletant","isPartOf":{"@id":"https:\/\/francois-pelletant.fr\/blog\/#website"},"primaryImageOfPage":{"@id":"https:\/\/francois-pelletant.fr\/blog\/dans-la-presse-cette-semaine\/#primaryimage"},"image":{"@id":"https:\/\/francois-pelletant.fr\/blog\/dans-la-presse-cette-semaine\/#primaryimage"},"thumbnailUrl":"https:\/\/francois-pelletant.fr\/blog\/wp-content\/uploads\/2012\/09\/Le-Parisien-24-septembre-291x300.jpg","datePublished":"2012-09-30T06:19:47+00:00","breadcrumb":{"@id":"https:\/\/francois-pelletant.fr\/blog\/dans-la-presse-cette-semaine\/#breadcrumb"},"inLanguage":"fr-FR","potentialAction":[{"@type":"ReadAction","target":["https:\/\/francois-pelletant.fr\/blog\/dans-la-presse-cette-semaine\/"]}]},{"@type":"ImageObject","inLanguage":"fr-FR","@id":"https:\/\/francois-pelletant.fr\/blog\/dans-la-presse-cette-semaine\/#primaryimage","url":"https:\/\/francois-pelletant.fr\/blog\/wp-content\/uploads\/2012\/09\/Le-Parisien-24-septembre.jpg","contentUrl":"https:\/\/francois-pelletant.fr\/blog\/wp-content\/uploads\/2012\/09\/Le-Parisien-24-septembre.jpg","width":449,"height":462,"caption":"Le Parisien 24 septembre"},{"@type":"BreadcrumbList","@id":"https:\/\/francois-pelletant.fr\/blog\/dans-la-presse-cette-semaine\/#breadcrumb","itemListElement":[{"@type":"ListItem","position":1,"name":"Accueil","item":"https:\/\/francois-pelletant.fr\/blog\/"},{"@type":"ListItem","position":2,"name":"Dans la presse cette semaine&#8230;"}]},{"@type":"WebSite","@id":"https:\/\/francois-pelletant.fr\/blog\/#website","url":"https:\/\/francois-pelletant.fr\/blog\/","name":"Fran\u00e7ois Pelletant","description":"Maire de Linas, pour toujours.","publisher":{"@id":"https:\/\/francois-pelletant.fr\/blog\/#organization"},"potentialAction":[{"@type":"SearchAction","target":{"@type":"EntryPoint","urlTemplate":"https:\/\/francois-pelletant.fr\/blog\/?s={search_term_string}"},"query-input":{"@type":"PropertyValueSpecification","valueRequired":true,"valueName":"search_term_string"}}],"inLanguage":"fr-FR"},{"@type":"Organization","@id":"https:\/\/francois-pelletant.fr\/blog\/#organization","name":"Fran\u00e7ois Pelletant","url":"https:\/\/francois-pelletant.fr\/blog\/","logo":{"@type":"ImageObject","inLanguage":"fr-FR","@id":"https:\/\/francois-pelletant.fr\/blog\/#\/schema\/logo\/image\/","url":"https:\/\/francois-pelletant.fr\/blog\/wp-content\/uploads\/2024\/07\/icone-francois-centre-500p.png","contentUrl":"https:\/\/francois-pelletant.fr\/blog\/wp-content\/uploads\/2024\/07\/icone-francois-centre-500p.png","width":559,"height":447,"caption":"Fran\u00e7ois Pelletant"},"image":{"@id":"https:\/\/francois-pelletant.fr\/blog\/#\/schema\/logo\/image\/"},"sameAs":["https:\/\/www.facebook.com\/francois.pelletant.7","https:\/\/x.com\/pelletant"]},{"@type":"Person","@id":"https:\/\/francois-pelletant.fr\/blog\/#\/schema\/person\/2be41acb171dff8f31aaed1f40cee9f3","name":"Francois"}]}},"_links":{"self":[{"href":"https:\/\/francois-pelletant.fr\/blog\/wp-json\/wp\/v2\/posts\/2580","targetHints":{"allow":["GET"]}}],"collection":[{"href":"https:\/\/francois-pelletant.fr\/blog\/wp-json\/wp\/v2\/posts"}],"about":[{"href":"https:\/\/francois-pelletant.fr\/blog\/wp-json\/wp\/v2\/types\/post"}],"author":[{"embeddable":true,"href":"https:\/\/francois-pelletant.fr\/blog\/wp-json\/wp\/v2\/users\/1"}],"replies":[{"embeddable":true,"href":"https:\/\/francois-pelletant.fr\/blog\/wp-json\/wp\/v2\/comments?post=2580"}],"version-history":[{"count":0,"href":"https:\/\/francois-pelletant.fr\/blog\/wp-json\/wp\/v2\/posts\/2580\/revisions"}],"wp:attachment":[{"href":"https:\/\/francois-pelletant.fr\/blog\/wp-json\/wp\/v2\/media?parent=2580"}],"wp:term":[{"taxonomy":"category","embeddable":true,"href":"https:\/\/francois-pelletant.fr\/blog\/wp-json\/wp\/v2\/categories?post=2580"},{"taxonomy":"post_tag","embeddable":true,"href":"https:\/\/francois-pelletant.fr\/blog\/wp-json\/wp\/v2\/tags?post=2580"}],"curies":[{"name":"wp","href":"https:\/\/api.w.org\/{rel}","templated":true}]}}