{"id":2629,"date":"2012-10-14T08:42:31","date_gmt":"2012-10-14T06:42:31","guid":{"rendered":"https:\/\/francois-pelletant.fr\/blog\/?p=2629"},"modified":"2012-10-14T08:42:31","modified_gmt":"2012-10-14T06:42:31","slug":"les-dessins-de-presse-de-la-semaine-7","status":"publish","type":"post","link":"https:\/\/francois-pelletant.fr\/blog\/les-dessins-de-presse-de-la-semaine-7\/","title":{"rendered":"Les dessins de presse de la semaine"},"content":{"rendered":"<figure id=\"attachment_2630\" aria-describedby=\"caption-attachment-2630\" style=\"width: 300px\" class=\"wp-caption alignleft\"><a href=\"https:\/\/francois-pelletant.fr\/blog\/wp-content\/uploads\/2012\/10\/urtikan-10-octobre.jpg\"><img loading=\"lazy\" decoding=\"async\" class=\"size-medium wp-image-2630\" title=\"urtikan 10 octobre\" src=\"https:\/\/francois-pelletant.fr\/blog\/wp-content\/uploads\/2012\/10\/urtikan-10-octobre-300x300.jpg\" alt=\"\" width=\"300\" height=\"300\" srcset=\"https:\/\/francois-pelletant.fr\/blog\/wp-content\/uploads\/2012\/10\/urtikan-10-octobre-300x300.jpg 300w, https:\/\/francois-pelletant.fr\/blog\/wp-content\/uploads\/2012\/10\/urtikan-10-octobre-150x150.jpg 150w, https:\/\/francois-pelletant.fr\/blog\/wp-content\/uploads\/2012\/10\/urtikan-10-octobre-230x230.jpg 230w, https:\/\/francois-pelletant.fr\/blog\/wp-content\/uploads\/2012\/10\/urtikan-10-octobre-400x400.jpg 400w, https:\/\/francois-pelletant.fr\/blog\/wp-content\/uploads\/2012\/10\/urtikan-10-octobre.jpg 580w\" sizes=\"auto, (max-width: 300px) 100vw, 300px\" \/><\/a><figcaption id=\"caption-attachment-2630\" class=\"wp-caption-text\">urtikan 10 octobre<\/figcaption><\/figure>\n<p>Hausse des taxes sur les cigarettes, bataille au centre de l&#8217;\u00e9chiquier politique national, report de la verbalisation pour d\u00e9faut d&#8217;\u00e9thylotest\u00a0dans\u00a0les v\u00e9hicules, terrorisme, l&#8217;affaire du &#8220;pain au chocolat&#8221;&#8230; Une nouvelle semaine riche en actualit\u00e9 et forc\u00e9ment les dessinateurs de presse s&#8217;en amusent !<\/p>\n<p>&nbsp;<\/p>\n<figure id=\"attachment_2631\" aria-describedby=\"caption-attachment-2631\" style=\"width: 300px\" class=\"wp-caption aligncenter\"><a href=\"https:\/\/francois-pelletant.fr\/blog\/wp-content\/uploads\/2012\/10\/bakchich-4-octobre.jpg\"><img loading=\"lazy\" decoding=\"async\" class=\"size-medium wp-image-2631\" title=\"bakchich 4 octobre\" src=\"https:\/\/francois-pelletant.fr\/blog\/wp-content\/uploads\/2012\/10\/bakchich-4-octobre-300x263.jpg\" alt=\"\" width=\"300\" height=\"263\" \/><\/a><figcaption id=\"caption-attachment-2631\" class=\"wp-caption-text\">bakchich 4 octobre<\/figcaption><\/figure>\n<p>&nbsp;<\/p>\n<figure id=\"attachment_2632\" aria-describedby=\"caption-attachment-2632\" style=\"width: 300px\" class=\"wp-caption aligncenter\"><a href=\"https:\/\/francois-pelletant.fr\/blog\/wp-content\/uploads\/2012\/10\/slate.fr-8-octobre.jpg\"><img loading=\"lazy\" decoding=\"async\" class=\"size-medium wp-image-2632\" title=\"slate.fr 8 octobre\" src=\"https:\/\/francois-pelletant.fr\/blog\/wp-content\/uploads\/2012\/10\/slate.fr-8-octobre-300x170.jpg\" alt=\"\" width=\"300\" height=\"170\" srcset=\"https:\/\/francois-pelletant.fr\/blog\/wp-content\/uploads\/2012\/10\/slate.fr-8-octobre-300x170.jpg 300w, https:\/\/francois-pelletant.fr\/blog\/wp-content\/uploads\/2012\/10\/slate.fr-8-octobre-150x85.jpg 150w, https:\/\/francois-pelletant.fr\/blog\/wp-content\/uploads\/2012\/10\/slate.fr-8-octobre.jpg 600w\" sizes=\"auto, (max-width: 300px) 100vw, 300px\" \/><\/a><figcaption id=\"caption-attachment-2632\" class=\"wp-caption-text\">slate.fr 8 octobre<\/figcaption><\/figure>\n<p>&nbsp;<\/p>\n<figure id=\"attachment_2633\" aria-describedby=\"caption-attachment-2633\" style=\"width: 300px\" class=\"wp-caption aligncenter\"><a href=\"https:\/\/francois-pelletant.fr\/blog\/wp-content\/uploads\/2012\/10\/le-courier-picard-7-octobre.jpg\"><img loading=\"lazy\" decoding=\"async\" class=\"size-medium wp-image-2633\" title=\"ALEX\" src=\"https:\/\/francois-pelletant.fr\/blog\/wp-content\/uploads\/2012\/10\/le-courier-picard-7-octobre-300x237.jpg\" alt=\"\" width=\"300\" height=\"237\" \/><\/a><figcaption id=\"caption-attachment-2633\" class=\"wp-caption-text\">Le courrier picard 7 octobre<\/figcaption><\/figure>\n<p>&nbsp;<\/p>\n<figure id=\"attachment_2634\" aria-describedby=\"caption-attachment-2634\" style=\"width: 300px\" class=\"wp-caption aligncenter\"><a href=\"https:\/\/francois-pelletant.fr\/blog\/wp-content\/uploads\/2012\/10\/le-courier-picard-8-octobre.jpg\"><img loading=\"lazy\" decoding=\"async\" class=\"size-medium wp-image-2634\" title=\"ALEX\" src=\"https:\/\/francois-pelletant.fr\/blog\/wp-content\/uploads\/2012\/10\/le-courier-picard-8-octobre-300x237.jpg\" alt=\"\" width=\"300\" height=\"237\" \/><\/a><figcaption id=\"caption-attachment-2634\" class=\"wp-caption-text\">Le courrier picard 8 octobre<\/figcaption><\/figure>\n<p>&nbsp;<\/p>\n<figure id=\"attachment_2636\" aria-describedby=\"caption-attachment-2636\" style=\"width: 233px\" class=\"wp-caption aligncenter\"><a href=\"https:\/\/francois-pelletant.fr\/blog\/wp-content\/uploads\/2012\/10\/marianne-6-octobre.jpg\"><img loading=\"lazy\" decoding=\"async\" class=\"size-medium wp-image-2636\" title=\"Marianne 6 octobre\" src=\"https:\/\/francois-pelletant.fr\/blog\/wp-content\/uploads\/2012\/10\/marianne-6-octobre-233x300.jpg\" alt=\"\" width=\"233\" height=\"300\" srcset=\"https:\/\/francois-pelletant.fr\/blog\/wp-content\/uploads\/2012\/10\/marianne-6-octobre-233x300.jpg 233w, https:\/\/francois-pelletant.fr\/blog\/wp-content\/uploads\/2012\/10\/marianne-6-octobre.jpg 502w\" sizes=\"auto, (max-width: 233px) 100vw, 233px\" \/><\/a><figcaption id=\"caption-attachment-2636\" class=\"wp-caption-text\">Marianne 6 octobre<\/figcaption><\/figure>\n<p>&nbsp;<\/p>\n<p>&nbsp;<\/p>\n<p style=\"text-align: center;\">\n","protected":false},"excerpt":{"rendered":"<p>Hausse des taxes sur les cigarettes, bataille au centre de l&#8217;\u00e9chiquier politique national, report de la verbalisation pour d\u00e9faut d&#8217;\u00e9thylotest\u00a0dans\u00a0les v\u00e9hicules, terrorisme, l&#8217;affaire du &#8220;pain au chocolat&#8221;&#8230; Une nouvelle semaine riche en actualit\u00e9 et forc\u00e9ment les dessinateurs de presse s&#8217;en amusent ! &nbsp; &nbsp; &nbsp; &nbsp; &nbsp; &nbsp; &nbsp;<\/p>\n","protected":false},"author":1,"featured_media":2630,"comment_status":"open","ping_status":"open","sticky":false,"template":"","format":"standard","meta":{"footnotes":""},"categories":[17],"tags":[],"class_list":["post-2629","post","type-post","status-publish","format-standard","has-post-thumbnail","hentry","category-prix-du-meilleur-dessin-de-presse"],"yoast_head":"<!-- This site is optimized with the Yoast SEO plugin v25.6 - https:\/\/yoast.com\/wordpress\/plugins\/seo\/ -->\n<title>Les dessins de presse de la semaine - Fran\u00e7ois Pelletant<\/title>\n<meta name=\"robots\" content=\"index, follow, max-snippet:-1, max-image-preview:large, max-video-preview:-1\" \/>\n<link rel=\"canonical\" href=\"https:\/\/francois-pelletant.fr\/blog\/les-dessins-de-presse-de-la-semaine-7\/\" \/>\n<meta property=\"og:locale\" content=\"fr_FR\" \/>\n<meta property=\"og:type\" content=\"article\" \/>\n<meta property=\"og:title\" content=\"Les dessins de presse de la semaine - Fran\u00e7ois Pelletant\" \/>\n<meta property=\"og:description\" content=\"Hausse des taxes sur les cigarettes, bataille au centre de l&#8217;\u00e9chiquier politique national, report de la verbalisation pour d\u00e9faut d&#8217;\u00e9thylotest\u00a0dans\u00a0les v\u00e9hicules, terrorisme, l&#8217;affaire du &#8220;pain au chocolat&#8221;&#8230; Une nouvelle semaine riche en actualit\u00e9 et forc\u00e9ment les dessinateurs de presse s&#8217;en amusent ! &nbsp; &nbsp; &nbsp; &nbsp; &nbsp; &nbsp; &nbsp;\" \/>\n<meta property=\"og:url\" content=\"https:\/\/francois-pelletant.fr\/blog\/les-dessins-de-presse-de-la-semaine-7\/\" \/>\n<meta property=\"og:site_name\" content=\"Fran\u00e7ois Pelletant\" \/>\n<meta property=\"article:publisher\" content=\"https:\/\/www.facebook.com\/francois.pelletant.7\" \/>\n<meta property=\"article:published_time\" content=\"2012-10-14T06:42:31+00:00\" \/>\n<meta property=\"og:image\" content=\"https:\/\/francois-pelletant.fr\/blog\/wp-content\/uploads\/2012\/10\/urtikan-10-octobre.jpg\" \/>\n\t<meta property=\"og:image:width\" content=\"580\" \/>\n\t<meta property=\"og:image:height\" content=\"580\" \/>\n\t<meta property=\"og:image:type\" content=\"image\/jpeg\" \/>\n<meta name=\"author\" content=\"Francois\" \/>\n<meta name=\"twitter:card\" content=\"summary_large_image\" \/>\n<meta name=\"twitter:creator\" content=\"@pelletant\" \/>\n<meta name=\"twitter:site\" content=\"@pelletant\" \/>\n<meta name=\"twitter:label1\" content=\"\u00c9crit par\" \/>\n\t<meta name=\"twitter:data1\" content=\"Francois\" \/>\n\t<meta name=\"twitter:label2\" content=\"Dur\u00e9e de lecture estim\u00e9e\" \/>\n\t<meta name=\"twitter:data2\" content=\"1 minute\" \/>\n<script type=\"application\/ld+json\" class=\"yoast-schema-graph\">{\"@context\":\"https:\/\/schema.org\",\"@graph\":[{\"@type\":\"Article\",\"@id\":\"https:\/\/francois-pelletant.fr\/blog\/les-dessins-de-presse-de-la-semaine-7\/#article\",\"isPartOf\":{\"@id\":\"https:\/\/francois-pelletant.fr\/blog\/les-dessins-de-presse-de-la-semaine-7\/\"},\"author\":{\"name\":\"Francois\",\"@id\":\"https:\/\/francois-pelletant.fr\/blog\/#\/schema\/person\/2be41acb171dff8f31aaed1f40cee9f3\"},\"headline\":\"Les dessins de presse de la semaine\",\"datePublished\":\"2012-10-14T06:42:31+00:00\",\"mainEntityOfPage\":{\"@id\":\"https:\/\/francois-pelletant.fr\/blog\/les-dessins-de-presse-de-la-semaine-7\/\"},\"wordCount\":129,\"commentCount\":0,\"publisher\":{\"@id\":\"https:\/\/francois-pelletant.fr\/blog\/#organization\"},\"image\":{\"@id\":\"https:\/\/francois-pelletant.fr\/blog\/les-dessins-de-presse-de-la-semaine-7\/#primaryimage\"},\"thumbnailUrl\":\"https:\/\/francois-pelletant.fr\/blog\/wp-content\/uploads\/2012\/10\/urtikan-10-octobre.jpg\",\"articleSection\":[\"Prix du meilleur dessin de presse\"],\"inLanguage\":\"fr-FR\",\"potentialAction\":[{\"@type\":\"CommentAction\",\"name\":\"Comment\",\"target\":[\"https:\/\/francois-pelletant.fr\/blog\/les-dessins-de-presse-de-la-semaine-7\/#respond\"]}]},{\"@type\":\"WebPage\",\"@id\":\"https:\/\/francois-pelletant.fr\/blog\/les-dessins-de-presse-de-la-semaine-7\/\",\"url\":\"https:\/\/francois-pelletant.fr\/blog\/les-dessins-de-presse-de-la-semaine-7\/\",\"name\":\"Les dessins de presse de la semaine - Fran\u00e7ois Pelletant\",\"isPartOf\":{\"@id\":\"https:\/\/francois-pelletant.fr\/blog\/#website\"},\"primaryImageOfPage\":{\"@id\":\"https:\/\/francois-pelletant.fr\/blog\/les-dessins-de-presse-de-la-semaine-7\/#primaryimage\"},\"image\":{\"@id\":\"https:\/\/francois-pelletant.fr\/blog\/les-dessins-de-presse-de-la-semaine-7\/#primaryimage\"},\"thumbnailUrl\":\"https:\/\/francois-pelletant.fr\/blog\/wp-content\/uploads\/2012\/10\/urtikan-10-octobre.jpg\",\"datePublished\":\"2012-10-14T06:42:31+00:00\",\"breadcrumb\":{\"@id\":\"https:\/\/francois-pelletant.fr\/blog\/les-dessins-de-presse-de-la-semaine-7\/#breadcrumb\"},\"inLanguage\":\"fr-FR\",\"potentialAction\":[{\"@type\":\"ReadAction\",\"target\":[\"https:\/\/francois-pelletant.fr\/blog\/les-dessins-de-presse-de-la-semaine-7\/\"]}]},{\"@type\":\"ImageObject\",\"inLanguage\":\"fr-FR\",\"@id\":\"https:\/\/francois-pelletant.fr\/blog\/les-dessins-de-presse-de-la-semaine-7\/#primaryimage\",\"url\":\"https:\/\/francois-pelletant.fr\/blog\/wp-content\/uploads\/2012\/10\/urtikan-10-octobre.jpg\",\"contentUrl\":\"https:\/\/francois-pelletant.fr\/blog\/wp-content\/uploads\/2012\/10\/urtikan-10-octobre.jpg\",\"width\":580,\"height\":580,\"caption\":\"urtikan 10 octobre\"},{\"@type\":\"BreadcrumbList\",\"@id\":\"https:\/\/francois-pelletant.fr\/blog\/les-dessins-de-presse-de-la-semaine-7\/#breadcrumb\",\"itemListElement\":[{\"@type\":\"ListItem\",\"position\":1,\"name\":\"Accueil\",\"item\":\"https:\/\/francois-pelletant.fr\/blog\/\"},{\"@type\":\"ListItem\",\"position\":2,\"name\":\"Les dessins de presse de la semaine\"}]},{\"@type\":\"WebSite\",\"@id\":\"https:\/\/francois-pelletant.fr\/blog\/#website\",\"url\":\"https:\/\/francois-pelletant.fr\/blog\/\",\"name\":\"Fran\u00e7ois Pelletant\",\"description\":\"Maire de Linas, pour toujours.\",\"publisher\":{\"@id\":\"https:\/\/francois-pelletant.fr\/blog\/#organization\"},\"potentialAction\":[{\"@type\":\"SearchAction\",\"target\":{\"@type\":\"EntryPoint\",\"urlTemplate\":\"https:\/\/francois-pelletant.fr\/blog\/?s={search_term_string}\"},\"query-input\":{\"@type\":\"PropertyValueSpecification\",\"valueRequired\":true,\"valueName\":\"search_term_string\"}}],\"inLanguage\":\"fr-FR\"},{\"@type\":\"Organization\",\"@id\":\"https:\/\/francois-pelletant.fr\/blog\/#organization\",\"name\":\"Fran\u00e7ois Pelletant\",\"url\":\"https:\/\/francois-pelletant.fr\/blog\/\",\"logo\":{\"@type\":\"ImageObject\",\"inLanguage\":\"fr-FR\",\"@id\":\"https:\/\/francois-pelletant.fr\/blog\/#\/schema\/logo\/image\/\",\"url\":\"https:\/\/francois-pelletant.fr\/blog\/wp-content\/uploads\/2024\/07\/icone-francois-centre-500p.png\",\"contentUrl\":\"https:\/\/francois-pelletant.fr\/blog\/wp-content\/uploads\/2024\/07\/icone-francois-centre-500p.png\",\"width\":559,\"height\":447,\"caption\":\"Fran\u00e7ois Pelletant\"},\"image\":{\"@id\":\"https:\/\/francois-pelletant.fr\/blog\/#\/schema\/logo\/image\/\"},\"sameAs\":[\"https:\/\/www.facebook.com\/francois.pelletant.7\",\"https:\/\/x.com\/pelletant\"]},{\"@type\":\"Person\",\"@id\":\"https:\/\/francois-pelletant.fr\/blog\/#\/schema\/person\/2be41acb171dff8f31aaed1f40cee9f3\",\"name\":\"Francois\"}]}<\/script>\n<!-- \/ Yoast SEO plugin. -->","yoast_head_json":{"title":"Les dessins de presse de la semaine - Fran\u00e7ois Pelletant","robots":{"index":"index","follow":"follow","max-snippet":"max-snippet:-1","max-image-preview":"max-image-preview:large","max-video-preview":"max-video-preview:-1"},"canonical":"https:\/\/francois-pelletant.fr\/blog\/les-dessins-de-presse-de-la-semaine-7\/","og_locale":"fr_FR","og_type":"article","og_title":"Les dessins de presse de la semaine - Fran\u00e7ois Pelletant","og_description":"Hausse des taxes sur les cigarettes, bataille au centre de l&#8217;\u00e9chiquier politique national, report de la verbalisation pour d\u00e9faut d&#8217;\u00e9thylotest\u00a0dans\u00a0les v\u00e9hicules, terrorisme, l&#8217;affaire du &#8220;pain au chocolat&#8221;&#8230; Une nouvelle semaine riche en actualit\u00e9 et forc\u00e9ment les dessinateurs de presse s&#8217;en amusent ! &nbsp; &nbsp; &nbsp; &nbsp; &nbsp; &nbsp; &nbsp;","og_url":"https:\/\/francois-pelletant.fr\/blog\/les-dessins-de-presse-de-la-semaine-7\/","og_site_name":"Fran\u00e7ois Pelletant","article_publisher":"https:\/\/www.facebook.com\/francois.pelletant.7","article_published_time":"2012-10-14T06:42:31+00:00","og_image":[{"width":580,"height":580,"url":"https:\/\/francois-pelletant.fr\/blog\/wp-content\/uploads\/2012\/10\/urtikan-10-octobre.jpg","type":"image\/jpeg"}],"author":"Francois","twitter_card":"summary_large_image","twitter_creator":"@pelletant","twitter_site":"@pelletant","twitter_misc":{"\u00c9crit par":"Francois","Dur\u00e9e de lecture estim\u00e9e":"1 minute"},"schema":{"@context":"https:\/\/schema.org","@graph":[{"@type":"Article","@id":"https:\/\/francois-pelletant.fr\/blog\/les-dessins-de-presse-de-la-semaine-7\/#article","isPartOf":{"@id":"https:\/\/francois-pelletant.fr\/blog\/les-dessins-de-presse-de-la-semaine-7\/"},"author":{"name":"Francois","@id":"https:\/\/francois-pelletant.fr\/blog\/#\/schema\/person\/2be41acb171dff8f31aaed1f40cee9f3"},"headline":"Les dessins de presse de la semaine","datePublished":"2012-10-14T06:42:31+00:00","mainEntityOfPage":{"@id":"https:\/\/francois-pelletant.fr\/blog\/les-dessins-de-presse-de-la-semaine-7\/"},"wordCount":129,"commentCount":0,"publisher":{"@id":"https:\/\/francois-pelletant.fr\/blog\/#organization"},"image":{"@id":"https:\/\/francois-pelletant.fr\/blog\/les-dessins-de-presse-de-la-semaine-7\/#primaryimage"},"thumbnailUrl":"https:\/\/francois-pelletant.fr\/blog\/wp-content\/uploads\/2012\/10\/urtikan-10-octobre.jpg","articleSection":["Prix du meilleur dessin de presse"],"inLanguage":"fr-FR","potentialAction":[{"@type":"CommentAction","name":"Comment","target":["https:\/\/francois-pelletant.fr\/blog\/les-dessins-de-presse-de-la-semaine-7\/#respond"]}]},{"@type":"WebPage","@id":"https:\/\/francois-pelletant.fr\/blog\/les-dessins-de-presse-de-la-semaine-7\/","url":"https:\/\/francois-pelletant.fr\/blog\/les-dessins-de-presse-de-la-semaine-7\/","name":"Les dessins de presse de la semaine - Fran\u00e7ois Pelletant","isPartOf":{"@id":"https:\/\/francois-pelletant.fr\/blog\/#website"},"primaryImageOfPage":{"@id":"https:\/\/francois-pelletant.fr\/blog\/les-dessins-de-presse-de-la-semaine-7\/#primaryimage"},"image":{"@id":"https:\/\/francois-pelletant.fr\/blog\/les-dessins-de-presse-de-la-semaine-7\/#primaryimage"},"thumbnailUrl":"https:\/\/francois-pelletant.fr\/blog\/wp-content\/uploads\/2012\/10\/urtikan-10-octobre.jpg","datePublished":"2012-10-14T06:42:31+00:00","breadcrumb":{"@id":"https:\/\/francois-pelletant.fr\/blog\/les-dessins-de-presse-de-la-semaine-7\/#breadcrumb"},"inLanguage":"fr-FR","potentialAction":[{"@type":"ReadAction","target":["https:\/\/francois-pelletant.fr\/blog\/les-dessins-de-presse-de-la-semaine-7\/"]}]},{"@type":"ImageObject","inLanguage":"fr-FR","@id":"https:\/\/francois-pelletant.fr\/blog\/les-dessins-de-presse-de-la-semaine-7\/#primaryimage","url":"https:\/\/francois-pelletant.fr\/blog\/wp-content\/uploads\/2012\/10\/urtikan-10-octobre.jpg","contentUrl":"https:\/\/francois-pelletant.fr\/blog\/wp-content\/uploads\/2012\/10\/urtikan-10-octobre.jpg","width":580,"height":580,"caption":"urtikan 10 octobre"},{"@type":"BreadcrumbList","@id":"https:\/\/francois-pelletant.fr\/blog\/les-dessins-de-presse-de-la-semaine-7\/#breadcrumb","itemListElement":[{"@type":"ListItem","position":1,"name":"Accueil","item":"https:\/\/francois-pelletant.fr\/blog\/"},{"@type":"ListItem","position":2,"name":"Les dessins de presse de la semaine"}]},{"@type":"WebSite","@id":"https:\/\/francois-pelletant.fr\/blog\/#website","url":"https:\/\/francois-pelletant.fr\/blog\/","name":"Fran\u00e7ois Pelletant","description":"Maire de Linas, pour toujours.","publisher":{"@id":"https:\/\/francois-pelletant.fr\/blog\/#organization"},"potentialAction":[{"@type":"SearchAction","target":{"@type":"EntryPoint","urlTemplate":"https:\/\/francois-pelletant.fr\/blog\/?s={search_term_string}"},"query-input":{"@type":"PropertyValueSpecification","valueRequired":true,"valueName":"search_term_string"}}],"inLanguage":"fr-FR"},{"@type":"Organization","@id":"https:\/\/francois-pelletant.fr\/blog\/#organization","name":"Fran\u00e7ois Pelletant","url":"https:\/\/francois-pelletant.fr\/blog\/","logo":{"@type":"ImageObject","inLanguage":"fr-FR","@id":"https:\/\/francois-pelletant.fr\/blog\/#\/schema\/logo\/image\/","url":"https:\/\/francois-pelletant.fr\/blog\/wp-content\/uploads\/2024\/07\/icone-francois-centre-500p.png","contentUrl":"https:\/\/francois-pelletant.fr\/blog\/wp-content\/uploads\/2024\/07\/icone-francois-centre-500p.png","width":559,"height":447,"caption":"Fran\u00e7ois Pelletant"},"image":{"@id":"https:\/\/francois-pelletant.fr\/blog\/#\/schema\/logo\/image\/"},"sameAs":["https:\/\/www.facebook.com\/francois.pelletant.7","https:\/\/x.com\/pelletant"]},{"@type":"Person","@id":"https:\/\/francois-pelletant.fr\/blog\/#\/schema\/person\/2be41acb171dff8f31aaed1f40cee9f3","name":"Francois"}]}},"_links":{"self":[{"href":"https:\/\/francois-pelletant.fr\/blog\/wp-json\/wp\/v2\/posts\/2629","targetHints":{"allow":["GET"]}}],"collection":[{"href":"https:\/\/francois-pelletant.fr\/blog\/wp-json\/wp\/v2\/posts"}],"about":[{"href":"https:\/\/francois-pelletant.fr\/blog\/wp-json\/wp\/v2\/types\/post"}],"author":[{"embeddable":true,"href":"https:\/\/francois-pelletant.fr\/blog\/wp-json\/wp\/v2\/users\/1"}],"replies":[{"embeddable":true,"href":"https:\/\/francois-pelletant.fr\/blog\/wp-json\/wp\/v2\/comments?post=2629"}],"version-history":[{"count":0,"href":"https:\/\/francois-pelletant.fr\/blog\/wp-json\/wp\/v2\/posts\/2629\/revisions"}],"wp:featuredmedia":[{"embeddable":true,"href":"https:\/\/francois-pelletant.fr\/blog\/wp-json\/wp\/v2\/media\/2630"}],"wp:attachment":[{"href":"https:\/\/francois-pelletant.fr\/blog\/wp-json\/wp\/v2\/media?parent=2629"}],"wp:term":[{"taxonomy":"category","embeddable":true,"href":"https:\/\/francois-pelletant.fr\/blog\/wp-json\/wp\/v2\/categories?post=2629"},{"taxonomy":"post_tag","embeddable":true,"href":"https:\/\/francois-pelletant.fr\/blog\/wp-json\/wp\/v2\/tags?post=2629"}],"curies":[{"name":"wp","href":"https:\/\/api.w.org\/{rel}","templated":true}]}}