{"id":2906,"date":"2012-12-19T10:27:05","date_gmt":"2012-12-19T08:27:05","guid":{"rendered":"https:\/\/francois-pelletant.fr\/blog\/?p=2906"},"modified":"2012-12-19T10:27:05","modified_gmt":"2012-12-19T08:27:05","slug":"noel-avant-lheure-pour-les-petits-bolides","status":"publish","type":"post","link":"https:\/\/francois-pelletant.fr\/blog\/noel-avant-lheure-pour-les-petits-bolides\/","title":{"rendered":"No\u00ebl avant l\u2019heure pour les Petits Bolides"},"content":{"rendered":"<p><a href=\"https:\/\/francois-pelletant.fr\/blog\/wp-content\/uploads\/2012\/12\/noel-creche.jpg\"><img loading=\"lazy\" decoding=\"async\" class=\"alignleft size-medium wp-image-2907\" title=\"noel creche\" src=\"https:\/\/francois-pelletant.fr\/blog\/wp-content\/uploads\/2012\/12\/noel-creche-300x236.jpg\" alt=\"\" width=\"300\" height=\"236\" \/><\/a>\u00c9mile, le petit lapin h\u00e9ros de la compagnie de th\u00e9\u00e2tre pour enfants \u00ab Coup de Balai\u00a0\u00bb, a ravi les enfants de la cr\u00e8che les Petits Bolides de Linas pr\u00e9sents mercredi 12 d\u00e9cembre \u00e0 la salle Carzou. Ce spectacle de No\u00ebl fut aussi l\u2019occasion pour les parents de rencontrer le personnel encadrant leurs enfants tout au long de l\u2019ann\u00e9e. Une initiative tr\u00e8s appr\u00e9ci\u00e9e qui sera sans doute renouvel\u00e9e\u00a0!<\/p>\n","protected":false},"excerpt":{"rendered":"<p>\u00c9mile, le petit lapin h\u00e9ros de la compagnie de th\u00e9\u00e2tre pour enfants \u00ab Coup de Balai\u00a0\u00bb, a ravi les enfants de la cr\u00e8che les Petits Bolides de Linas pr\u00e9sents mercredi 12 d\u00e9cembre \u00e0 la salle Carzou. Ce spectacle de No\u00ebl fut aussi l\u2019occasion pour les parents de rencontrer le personnel encadrant leurs enfants tout au [&hellip;]<\/p>\n","protected":false},"author":1,"featured_media":2907,"comment_status":"open","ping_status":"open","sticky":false,"template":"","format":"standard","meta":{"footnotes":""},"categories":[10],"tags":[],"class_list":["post-2906","post","type-post","status-publish","format-standard","has-post-thumbnail","hentry","category-1pelletant"],"yoast_head":"<!-- This site is optimized with the Yoast SEO plugin v25.6 - https:\/\/yoast.com\/wordpress\/plugins\/seo\/ -->\n<title>No\u00ebl avant l\u2019heure pour les Petits Bolides - Fran\u00e7ois Pelletant<\/title>\n<meta name=\"robots\" content=\"index, follow, max-snippet:-1, max-image-preview:large, max-video-preview:-1\" \/>\n<link rel=\"canonical\" href=\"https:\/\/francois-pelletant.fr\/blog\/noel-avant-lheure-pour-les-petits-bolides\/\" \/>\n<meta property=\"og:locale\" content=\"fr_FR\" \/>\n<meta property=\"og:type\" content=\"article\" \/>\n<meta property=\"og:title\" content=\"No\u00ebl avant l\u2019heure pour les Petits Bolides - Fran\u00e7ois Pelletant\" \/>\n<meta property=\"og:description\" content=\"\u00c9mile, le petit lapin h\u00e9ros de la compagnie de th\u00e9\u00e2tre pour enfants \u00ab Coup de Balai\u00a0\u00bb, a ravi les enfants de la cr\u00e8che les Petits Bolides de Linas pr\u00e9sents mercredi 12 d\u00e9cembre \u00e0 la salle Carzou. Ce spectacle de No\u00ebl fut aussi l\u2019occasion pour les parents de rencontrer le personnel encadrant leurs enfants tout au [&hellip;]\" \/>\n<meta property=\"og:url\" content=\"https:\/\/francois-pelletant.fr\/blog\/noel-avant-lheure-pour-les-petits-bolides\/\" \/>\n<meta property=\"og:site_name\" content=\"Fran\u00e7ois Pelletant\" \/>\n<meta property=\"article:publisher\" content=\"https:\/\/www.facebook.com\/francois.pelletant.7\" \/>\n<meta property=\"article:published_time\" content=\"2012-12-19T08:27:05+00:00\" \/>\n<meta property=\"og:image\" content=\"https:\/\/francois-pelletant.fr\/blog\/wp-content\/uploads\/2012\/12\/noel-creche.jpg\" \/>\n\t<meta property=\"og:image:width\" content=\"886\" \/>\n\t<meta property=\"og:image:height\" content=\"699\" \/>\n\t<meta property=\"og:image:type\" content=\"image\/jpeg\" \/>\n<meta name=\"author\" content=\"Francois\" \/>\n<meta name=\"twitter:card\" content=\"summary_large_image\" \/>\n<meta name=\"twitter:creator\" content=\"@pelletant\" \/>\n<meta name=\"twitter:site\" content=\"@pelletant\" \/>\n<meta name=\"twitter:label1\" content=\"\u00c9crit par\" \/>\n\t<meta name=\"twitter:data1\" content=\"Francois\" \/>\n<script type=\"application\/ld+json\" class=\"yoast-schema-graph\">{\"@context\":\"https:\/\/schema.org\",\"@graph\":[{\"@type\":\"Article\",\"@id\":\"https:\/\/francois-pelletant.fr\/blog\/noel-avant-lheure-pour-les-petits-bolides\/#article\",\"isPartOf\":{\"@id\":\"https:\/\/francois-pelletant.fr\/blog\/noel-avant-lheure-pour-les-petits-bolides\/\"},\"author\":{\"name\":\"Francois\",\"@id\":\"https:\/\/francois-pelletant.fr\/blog\/#\/schema\/person\/2be41acb171dff8f31aaed1f40cee9f3\"},\"headline\":\"No\u00ebl avant l\u2019heure pour les Petits Bolides\",\"datePublished\":\"2012-12-19T08:27:05+00:00\",\"mainEntityOfPage\":{\"@id\":\"https:\/\/francois-pelletant.fr\/blog\/noel-avant-lheure-pour-les-petits-bolides\/\"},\"wordCount\":86,\"commentCount\":0,\"publisher\":{\"@id\":\"https:\/\/francois-pelletant.fr\/blog\/#organization\"},\"image\":{\"@id\":\"https:\/\/francois-pelletant.fr\/blog\/noel-avant-lheure-pour-les-petits-bolides\/#primaryimage\"},\"thumbnailUrl\":\"https:\/\/francois-pelletant.fr\/blog\/wp-content\/uploads\/2012\/12\/noel-creche.jpg\",\"articleSection\":[\"Infos\"],\"inLanguage\":\"fr-FR\",\"potentialAction\":[{\"@type\":\"CommentAction\",\"name\":\"Comment\",\"target\":[\"https:\/\/francois-pelletant.fr\/blog\/noel-avant-lheure-pour-les-petits-bolides\/#respond\"]}]},{\"@type\":\"WebPage\",\"@id\":\"https:\/\/francois-pelletant.fr\/blog\/noel-avant-lheure-pour-les-petits-bolides\/\",\"url\":\"https:\/\/francois-pelletant.fr\/blog\/noel-avant-lheure-pour-les-petits-bolides\/\",\"name\":\"No\u00ebl avant l\u2019heure pour les Petits Bolides - Fran\u00e7ois Pelletant\",\"isPartOf\":{\"@id\":\"https:\/\/francois-pelletant.fr\/blog\/#website\"},\"primaryImageOfPage\":{\"@id\":\"https:\/\/francois-pelletant.fr\/blog\/noel-avant-lheure-pour-les-petits-bolides\/#primaryimage\"},\"image\":{\"@id\":\"https:\/\/francois-pelletant.fr\/blog\/noel-avant-lheure-pour-les-petits-bolides\/#primaryimage\"},\"thumbnailUrl\":\"https:\/\/francois-pelletant.fr\/blog\/wp-content\/uploads\/2012\/12\/noel-creche.jpg\",\"datePublished\":\"2012-12-19T08:27:05+00:00\",\"breadcrumb\":{\"@id\":\"https:\/\/francois-pelletant.fr\/blog\/noel-avant-lheure-pour-les-petits-bolides\/#breadcrumb\"},\"inLanguage\":\"fr-FR\",\"potentialAction\":[{\"@type\":\"ReadAction\",\"target\":[\"https:\/\/francois-pelletant.fr\/blog\/noel-avant-lheure-pour-les-petits-bolides\/\"]}]},{\"@type\":\"ImageObject\",\"inLanguage\":\"fr-FR\",\"@id\":\"https:\/\/francois-pelletant.fr\/blog\/noel-avant-lheure-pour-les-petits-bolides\/#primaryimage\",\"url\":\"https:\/\/francois-pelletant.fr\/blog\/wp-content\/uploads\/2012\/12\/noel-creche.jpg\",\"contentUrl\":\"https:\/\/francois-pelletant.fr\/blog\/wp-content\/uploads\/2012\/12\/noel-creche.jpg\",\"width\":886,\"height\":699},{\"@type\":\"BreadcrumbList\",\"@id\":\"https:\/\/francois-pelletant.fr\/blog\/noel-avant-lheure-pour-les-petits-bolides\/#breadcrumb\",\"itemListElement\":[{\"@type\":\"ListItem\",\"position\":1,\"name\":\"Accueil\",\"item\":\"https:\/\/francois-pelletant.fr\/blog\/\"},{\"@type\":\"ListItem\",\"position\":2,\"name\":\"No\u00ebl avant l\u2019heure pour les Petits Bolides\"}]},{\"@type\":\"WebSite\",\"@id\":\"https:\/\/francois-pelletant.fr\/blog\/#website\",\"url\":\"https:\/\/francois-pelletant.fr\/blog\/\",\"name\":\"Fran\u00e7ois Pelletant\",\"description\":\"Maire de Linas, pour toujours.\",\"publisher\":{\"@id\":\"https:\/\/francois-pelletant.fr\/blog\/#organization\"},\"potentialAction\":[{\"@type\":\"SearchAction\",\"target\":{\"@type\":\"EntryPoint\",\"urlTemplate\":\"https:\/\/francois-pelletant.fr\/blog\/?s={search_term_string}\"},\"query-input\":{\"@type\":\"PropertyValueSpecification\",\"valueRequired\":true,\"valueName\":\"search_term_string\"}}],\"inLanguage\":\"fr-FR\"},{\"@type\":\"Organization\",\"@id\":\"https:\/\/francois-pelletant.fr\/blog\/#organization\",\"name\":\"Fran\u00e7ois Pelletant\",\"url\":\"https:\/\/francois-pelletant.fr\/blog\/\",\"logo\":{\"@type\":\"ImageObject\",\"inLanguage\":\"fr-FR\",\"@id\":\"https:\/\/francois-pelletant.fr\/blog\/#\/schema\/logo\/image\/\",\"url\":\"https:\/\/francois-pelletant.fr\/blog\/wp-content\/uploads\/2024\/07\/icone-francois-centre-500p.png\",\"contentUrl\":\"https:\/\/francois-pelletant.fr\/blog\/wp-content\/uploads\/2024\/07\/icone-francois-centre-500p.png\",\"width\":559,\"height\":447,\"caption\":\"Fran\u00e7ois Pelletant\"},\"image\":{\"@id\":\"https:\/\/francois-pelletant.fr\/blog\/#\/schema\/logo\/image\/\"},\"sameAs\":[\"https:\/\/www.facebook.com\/francois.pelletant.7\",\"https:\/\/x.com\/pelletant\"]},{\"@type\":\"Person\",\"@id\":\"https:\/\/francois-pelletant.fr\/blog\/#\/schema\/person\/2be41acb171dff8f31aaed1f40cee9f3\",\"name\":\"Francois\"}]}<\/script>\n<!-- \/ Yoast SEO plugin. -->","yoast_head_json":{"title":"No\u00ebl avant l\u2019heure pour les Petits Bolides - Fran\u00e7ois Pelletant","robots":{"index":"index","follow":"follow","max-snippet":"max-snippet:-1","max-image-preview":"max-image-preview:large","max-video-preview":"max-video-preview:-1"},"canonical":"https:\/\/francois-pelletant.fr\/blog\/noel-avant-lheure-pour-les-petits-bolides\/","og_locale":"fr_FR","og_type":"article","og_title":"No\u00ebl avant l\u2019heure pour les Petits Bolides - Fran\u00e7ois Pelletant","og_description":"\u00c9mile, le petit lapin h\u00e9ros de la compagnie de th\u00e9\u00e2tre pour enfants \u00ab Coup de Balai\u00a0\u00bb, a ravi les enfants de la cr\u00e8che les Petits Bolides de Linas pr\u00e9sents mercredi 12 d\u00e9cembre \u00e0 la salle Carzou. Ce spectacle de No\u00ebl fut aussi l\u2019occasion pour les parents de rencontrer le personnel encadrant leurs enfants tout au [&hellip;]","og_url":"https:\/\/francois-pelletant.fr\/blog\/noel-avant-lheure-pour-les-petits-bolides\/","og_site_name":"Fran\u00e7ois Pelletant","article_publisher":"https:\/\/www.facebook.com\/francois.pelletant.7","article_published_time":"2012-12-19T08:27:05+00:00","og_image":[{"width":886,"height":699,"url":"https:\/\/francois-pelletant.fr\/blog\/wp-content\/uploads\/2012\/12\/noel-creche.jpg","type":"image\/jpeg"}],"author":"Francois","twitter_card":"summary_large_image","twitter_creator":"@pelletant","twitter_site":"@pelletant","twitter_misc":{"\u00c9crit par":"Francois"},"schema":{"@context":"https:\/\/schema.org","@graph":[{"@type":"Article","@id":"https:\/\/francois-pelletant.fr\/blog\/noel-avant-lheure-pour-les-petits-bolides\/#article","isPartOf":{"@id":"https:\/\/francois-pelletant.fr\/blog\/noel-avant-lheure-pour-les-petits-bolides\/"},"author":{"name":"Francois","@id":"https:\/\/francois-pelletant.fr\/blog\/#\/schema\/person\/2be41acb171dff8f31aaed1f40cee9f3"},"headline":"No\u00ebl avant l\u2019heure pour les Petits Bolides","datePublished":"2012-12-19T08:27:05+00:00","mainEntityOfPage":{"@id":"https:\/\/francois-pelletant.fr\/blog\/noel-avant-lheure-pour-les-petits-bolides\/"},"wordCount":86,"commentCount":0,"publisher":{"@id":"https:\/\/francois-pelletant.fr\/blog\/#organization"},"image":{"@id":"https:\/\/francois-pelletant.fr\/blog\/noel-avant-lheure-pour-les-petits-bolides\/#primaryimage"},"thumbnailUrl":"https:\/\/francois-pelletant.fr\/blog\/wp-content\/uploads\/2012\/12\/noel-creche.jpg","articleSection":["Infos"],"inLanguage":"fr-FR","potentialAction":[{"@type":"CommentAction","name":"Comment","target":["https:\/\/francois-pelletant.fr\/blog\/noel-avant-lheure-pour-les-petits-bolides\/#respond"]}]},{"@type":"WebPage","@id":"https:\/\/francois-pelletant.fr\/blog\/noel-avant-lheure-pour-les-petits-bolides\/","url":"https:\/\/francois-pelletant.fr\/blog\/noel-avant-lheure-pour-les-petits-bolides\/","name":"No\u00ebl avant l\u2019heure pour les Petits Bolides - Fran\u00e7ois Pelletant","isPartOf":{"@id":"https:\/\/francois-pelletant.fr\/blog\/#website"},"primaryImageOfPage":{"@id":"https:\/\/francois-pelletant.fr\/blog\/noel-avant-lheure-pour-les-petits-bolides\/#primaryimage"},"image":{"@id":"https:\/\/francois-pelletant.fr\/blog\/noel-avant-lheure-pour-les-petits-bolides\/#primaryimage"},"thumbnailUrl":"https:\/\/francois-pelletant.fr\/blog\/wp-content\/uploads\/2012\/12\/noel-creche.jpg","datePublished":"2012-12-19T08:27:05+00:00","breadcrumb":{"@id":"https:\/\/francois-pelletant.fr\/blog\/noel-avant-lheure-pour-les-petits-bolides\/#breadcrumb"},"inLanguage":"fr-FR","potentialAction":[{"@type":"ReadAction","target":["https:\/\/francois-pelletant.fr\/blog\/noel-avant-lheure-pour-les-petits-bolides\/"]}]},{"@type":"ImageObject","inLanguage":"fr-FR","@id":"https:\/\/francois-pelletant.fr\/blog\/noel-avant-lheure-pour-les-petits-bolides\/#primaryimage","url":"https:\/\/francois-pelletant.fr\/blog\/wp-content\/uploads\/2012\/12\/noel-creche.jpg","contentUrl":"https:\/\/francois-pelletant.fr\/blog\/wp-content\/uploads\/2012\/12\/noel-creche.jpg","width":886,"height":699},{"@type":"BreadcrumbList","@id":"https:\/\/francois-pelletant.fr\/blog\/noel-avant-lheure-pour-les-petits-bolides\/#breadcrumb","itemListElement":[{"@type":"ListItem","position":1,"name":"Accueil","item":"https:\/\/francois-pelletant.fr\/blog\/"},{"@type":"ListItem","position":2,"name":"No\u00ebl avant l\u2019heure pour les Petits Bolides"}]},{"@type":"WebSite","@id":"https:\/\/francois-pelletant.fr\/blog\/#website","url":"https:\/\/francois-pelletant.fr\/blog\/","name":"Fran\u00e7ois Pelletant","description":"Maire de Linas, pour toujours.","publisher":{"@id":"https:\/\/francois-pelletant.fr\/blog\/#organization"},"potentialAction":[{"@type":"SearchAction","target":{"@type":"EntryPoint","urlTemplate":"https:\/\/francois-pelletant.fr\/blog\/?s={search_term_string}"},"query-input":{"@type":"PropertyValueSpecification","valueRequired":true,"valueName":"search_term_string"}}],"inLanguage":"fr-FR"},{"@type":"Organization","@id":"https:\/\/francois-pelletant.fr\/blog\/#organization","name":"Fran\u00e7ois Pelletant","url":"https:\/\/francois-pelletant.fr\/blog\/","logo":{"@type":"ImageObject","inLanguage":"fr-FR","@id":"https:\/\/francois-pelletant.fr\/blog\/#\/schema\/logo\/image\/","url":"https:\/\/francois-pelletant.fr\/blog\/wp-content\/uploads\/2024\/07\/icone-francois-centre-500p.png","contentUrl":"https:\/\/francois-pelletant.fr\/blog\/wp-content\/uploads\/2024\/07\/icone-francois-centre-500p.png","width":559,"height":447,"caption":"Fran\u00e7ois Pelletant"},"image":{"@id":"https:\/\/francois-pelletant.fr\/blog\/#\/schema\/logo\/image\/"},"sameAs":["https:\/\/www.facebook.com\/francois.pelletant.7","https:\/\/x.com\/pelletant"]},{"@type":"Person","@id":"https:\/\/francois-pelletant.fr\/blog\/#\/schema\/person\/2be41acb171dff8f31aaed1f40cee9f3","name":"Francois"}]}},"_links":{"self":[{"href":"https:\/\/francois-pelletant.fr\/blog\/wp-json\/wp\/v2\/posts\/2906","targetHints":{"allow":["GET"]}}],"collection":[{"href":"https:\/\/francois-pelletant.fr\/blog\/wp-json\/wp\/v2\/posts"}],"about":[{"href":"https:\/\/francois-pelletant.fr\/blog\/wp-json\/wp\/v2\/types\/post"}],"author":[{"embeddable":true,"href":"https:\/\/francois-pelletant.fr\/blog\/wp-json\/wp\/v2\/users\/1"}],"replies":[{"embeddable":true,"href":"https:\/\/francois-pelletant.fr\/blog\/wp-json\/wp\/v2\/comments?post=2906"}],"version-history":[{"count":0,"href":"https:\/\/francois-pelletant.fr\/blog\/wp-json\/wp\/v2\/posts\/2906\/revisions"}],"wp:featuredmedia":[{"embeddable":true,"href":"https:\/\/francois-pelletant.fr\/blog\/wp-json\/wp\/v2\/media\/2907"}],"wp:attachment":[{"href":"https:\/\/francois-pelletant.fr\/blog\/wp-json\/wp\/v2\/media?parent=2906"}],"wp:term":[{"taxonomy":"category","embeddable":true,"href":"https:\/\/francois-pelletant.fr\/blog\/wp-json\/wp\/v2\/categories?post=2906"},{"taxonomy":"post_tag","embeddable":true,"href":"https:\/\/francois-pelletant.fr\/blog\/wp-json\/wp\/v2\/tags?post=2906"}],"curies":[{"name":"wp","href":"https:\/\/api.w.org\/{rel}","templated":true}]}}