{"id":2908,"date":"2012-12-20T11:04:47","date_gmt":"2012-12-20T09:04:47","guid":{"rendered":"https:\/\/francois-pelletant.fr\/blog\/?p=2908"},"modified":"2012-12-20T11:04:47","modified_gmt":"2012-12-20T09:04:47","slug":"retour-sur-le-banquet-cine-des-seniors","status":"publish","type":"post","link":"https:\/\/francois-pelletant.fr\/blog\/retour-sur-le-banquet-cine-des-seniors\/","title":{"rendered":"Retour sur le &quot;banquet-cin\u00e9&quot; des seniors"},"content":{"rendered":"<p><a href=\"https:\/\/francois-pelletant.fr\/blog\/wp-content\/uploads\/2012\/12\/banquet-cin\u00e9.jpg\"><img loading=\"lazy\" decoding=\"async\" class=\"alignleft size-medium wp-image-2909\" title=\"banquet cin\u00e9\" src=\"https:\/\/francois-pelletant.fr\/blog\/wp-content\/uploads\/2012\/12\/banquet-cin\u00e9-300x224.jpg\" alt=\"\" width=\"300\" height=\"224\" \/><\/a>Cam\u00e9ra, claps et affiches de films cultes\u00a0: la salle Carzou s\u2019est transform\u00e9e en temple du 7<sup>\u00e8me<\/sup> art, pour accueillir le banquet du 3<sup>\u00e8me<\/sup> \u00e2ge organis\u00e9 par le CCAS, le 17 novembre dernier. Apr\u00e8s un bon repas et un tour sur la piste de danse, les 221 participants ont assist\u00e9 \u00e0 une c\u00e9r\u00e9monie de remise des C\u00e9sars r\u00e9compensant les mariages les plus longs. Les couples Choquenet, Dupanloup, Descroix et Barbot ont alors eu droit \u00e0 leur moment de gloire. Et la doyenne du banquet, Honorine Corbellini, 97 ans, fut elle aussi r\u00e9compens\u00e9e pour sa long\u00e9vit\u00e9. Une journ\u00e9e riche en \u00e9motions, digne d\u2019un grand classique du cin\u00e9ma !<\/p>\n","protected":false},"excerpt":{"rendered":"<p>Cam\u00e9ra, claps et affiches de films cultes\u00a0: la salle Carzou s\u2019est transform\u00e9e en temple du 7\u00e8me art, pour accueillir le banquet du 3\u00e8me \u00e2ge organis\u00e9 par le CCAS, le 17 novembre dernier. Apr\u00e8s un bon repas et un tour sur la piste de danse, les 221 participants ont assist\u00e9 \u00e0 une c\u00e9r\u00e9monie de remise des [&hellip;]<\/p>\n","protected":false},"author":1,"featured_media":2909,"comment_status":"open","ping_status":"open","sticky":false,"template":"","format":"standard","meta":{"footnotes":""},"categories":[18],"tags":[],"class_list":["post-2908","post","type-post","status-publish","format-standard","has-post-thumbnail","hentry","category-gags-et-bon-moments"],"yoast_head":"<!-- This site is optimized with the Yoast SEO plugin v25.6 - https:\/\/yoast.com\/wordpress\/plugins\/seo\/ -->\n<title>Retour sur le &quot;banquet-cin\u00e9&quot; des seniors - Fran\u00e7ois Pelletant<\/title>\n<meta name=\"robots\" content=\"index, follow, max-snippet:-1, max-image-preview:large, max-video-preview:-1\" \/>\n<link rel=\"canonical\" href=\"https:\/\/francois-pelletant.fr\/blog\/retour-sur-le-banquet-cine-des-seniors\/\" \/>\n<meta property=\"og:locale\" content=\"fr_FR\" \/>\n<meta property=\"og:type\" content=\"article\" \/>\n<meta property=\"og:title\" content=\"Retour sur le &quot;banquet-cin\u00e9&quot; des seniors - Fran\u00e7ois Pelletant\" \/>\n<meta property=\"og:description\" content=\"Cam\u00e9ra, claps et affiches de films cultes\u00a0: la salle Carzou s\u2019est transform\u00e9e en temple du 7\u00e8me art, pour accueillir le banquet du 3\u00e8me \u00e2ge organis\u00e9 par le CCAS, le 17 novembre dernier. Apr\u00e8s un bon repas et un tour sur la piste de danse, les 221 participants ont assist\u00e9 \u00e0 une c\u00e9r\u00e9monie de remise des [&hellip;]\" \/>\n<meta property=\"og:url\" content=\"https:\/\/francois-pelletant.fr\/blog\/retour-sur-le-banquet-cine-des-seniors\/\" \/>\n<meta property=\"og:site_name\" content=\"Fran\u00e7ois Pelletant\" \/>\n<meta property=\"article:publisher\" content=\"https:\/\/www.facebook.com\/francois.pelletant.7\" \/>\n<meta property=\"article:published_time\" content=\"2012-12-20T09:04:47+00:00\" \/>\n<meta property=\"og:image\" content=\"https:\/\/francois-pelletant.fr\/blog\/wp-content\/uploads\/2012\/12\/banquet-cin\u00e9.jpg\" \/>\n\t<meta property=\"og:image:width\" content=\"886\" \/>\n\t<meta property=\"og:image:height\" content=\"664\" \/>\n\t<meta property=\"og:image:type\" content=\"image\/jpeg\" \/>\n<meta name=\"author\" content=\"Francois\" \/>\n<meta name=\"twitter:card\" content=\"summary_large_image\" \/>\n<meta name=\"twitter:creator\" content=\"@pelletant\" \/>\n<meta name=\"twitter:site\" content=\"@pelletant\" \/>\n<meta name=\"twitter:label1\" content=\"\u00c9crit par\" \/>\n\t<meta name=\"twitter:data1\" content=\"Francois\" \/>\n\t<meta name=\"twitter:label2\" content=\"Dur\u00e9e de lecture estim\u00e9e\" \/>\n\t<meta name=\"twitter:data2\" content=\"1 minute\" \/>\n<script type=\"application\/ld+json\" class=\"yoast-schema-graph\">{\"@context\":\"https:\/\/schema.org\",\"@graph\":[{\"@type\":\"Article\",\"@id\":\"https:\/\/francois-pelletant.fr\/blog\/retour-sur-le-banquet-cine-des-seniors\/#article\",\"isPartOf\":{\"@id\":\"https:\/\/francois-pelletant.fr\/blog\/retour-sur-le-banquet-cine-des-seniors\/\"},\"author\":{\"name\":\"Francois\",\"@id\":\"https:\/\/francois-pelletant.fr\/blog\/#\/schema\/person\/2be41acb171dff8f31aaed1f40cee9f3\"},\"headline\":\"Retour sur le &quot;banquet-cin\u00e9&quot; des seniors\",\"datePublished\":\"2012-12-20T09:04:47+00:00\",\"mainEntityOfPage\":{\"@id\":\"https:\/\/francois-pelletant.fr\/blog\/retour-sur-le-banquet-cine-des-seniors\/\"},\"wordCount\":122,\"commentCount\":0,\"publisher\":{\"@id\":\"https:\/\/francois-pelletant.fr\/blog\/#organization\"},\"image\":{\"@id\":\"https:\/\/francois-pelletant.fr\/blog\/retour-sur-le-banquet-cine-des-seniors\/#primaryimage\"},\"thumbnailUrl\":\"https:\/\/francois-pelletant.fr\/blog\/wp-content\/uploads\/2012\/12\/banquet-cin\u00e9.jpg\",\"articleSection\":[\"Rires, gags et bon moments\"],\"inLanguage\":\"fr-FR\",\"potentialAction\":[{\"@type\":\"CommentAction\",\"name\":\"Comment\",\"target\":[\"https:\/\/francois-pelletant.fr\/blog\/retour-sur-le-banquet-cine-des-seniors\/#respond\"]}]},{\"@type\":\"WebPage\",\"@id\":\"https:\/\/francois-pelletant.fr\/blog\/retour-sur-le-banquet-cine-des-seniors\/\",\"url\":\"https:\/\/francois-pelletant.fr\/blog\/retour-sur-le-banquet-cine-des-seniors\/\",\"name\":\"Retour sur le &quot;banquet-cin\u00e9&quot; des seniors - Fran\u00e7ois Pelletant\",\"isPartOf\":{\"@id\":\"https:\/\/francois-pelletant.fr\/blog\/#website\"},\"primaryImageOfPage\":{\"@id\":\"https:\/\/francois-pelletant.fr\/blog\/retour-sur-le-banquet-cine-des-seniors\/#primaryimage\"},\"image\":{\"@id\":\"https:\/\/francois-pelletant.fr\/blog\/retour-sur-le-banquet-cine-des-seniors\/#primaryimage\"},\"thumbnailUrl\":\"https:\/\/francois-pelletant.fr\/blog\/wp-content\/uploads\/2012\/12\/banquet-cin\u00e9.jpg\",\"datePublished\":\"2012-12-20T09:04:47+00:00\",\"breadcrumb\":{\"@id\":\"https:\/\/francois-pelletant.fr\/blog\/retour-sur-le-banquet-cine-des-seniors\/#breadcrumb\"},\"inLanguage\":\"fr-FR\",\"potentialAction\":[{\"@type\":\"ReadAction\",\"target\":[\"https:\/\/francois-pelletant.fr\/blog\/retour-sur-le-banquet-cine-des-seniors\/\"]}]},{\"@type\":\"ImageObject\",\"inLanguage\":\"fr-FR\",\"@id\":\"https:\/\/francois-pelletant.fr\/blog\/retour-sur-le-banquet-cine-des-seniors\/#primaryimage\",\"url\":\"https:\/\/francois-pelletant.fr\/blog\/wp-content\/uploads\/2012\/12\/banquet-cin\u00e9.jpg\",\"contentUrl\":\"https:\/\/francois-pelletant.fr\/blog\/wp-content\/uploads\/2012\/12\/banquet-cin\u00e9.jpg\",\"width\":886,\"height\":664},{\"@type\":\"BreadcrumbList\",\"@id\":\"https:\/\/francois-pelletant.fr\/blog\/retour-sur-le-banquet-cine-des-seniors\/#breadcrumb\",\"itemListElement\":[{\"@type\":\"ListItem\",\"position\":1,\"name\":\"Accueil\",\"item\":\"https:\/\/francois-pelletant.fr\/blog\/\"},{\"@type\":\"ListItem\",\"position\":2,\"name\":\"Retour sur le &quot;banquet-cin\u00e9&quot; des seniors\"}]},{\"@type\":\"WebSite\",\"@id\":\"https:\/\/francois-pelletant.fr\/blog\/#website\",\"url\":\"https:\/\/francois-pelletant.fr\/blog\/\",\"name\":\"Fran\u00e7ois Pelletant\",\"description\":\"Maire de Linas, pour toujours.\",\"publisher\":{\"@id\":\"https:\/\/francois-pelletant.fr\/blog\/#organization\"},\"potentialAction\":[{\"@type\":\"SearchAction\",\"target\":{\"@type\":\"EntryPoint\",\"urlTemplate\":\"https:\/\/francois-pelletant.fr\/blog\/?s={search_term_string}\"},\"query-input\":{\"@type\":\"PropertyValueSpecification\",\"valueRequired\":true,\"valueName\":\"search_term_string\"}}],\"inLanguage\":\"fr-FR\"},{\"@type\":\"Organization\",\"@id\":\"https:\/\/francois-pelletant.fr\/blog\/#organization\",\"name\":\"Fran\u00e7ois Pelletant\",\"url\":\"https:\/\/francois-pelletant.fr\/blog\/\",\"logo\":{\"@type\":\"ImageObject\",\"inLanguage\":\"fr-FR\",\"@id\":\"https:\/\/francois-pelletant.fr\/blog\/#\/schema\/logo\/image\/\",\"url\":\"https:\/\/francois-pelletant.fr\/blog\/wp-content\/uploads\/2024\/07\/icone-francois-centre-500p.png\",\"contentUrl\":\"https:\/\/francois-pelletant.fr\/blog\/wp-content\/uploads\/2024\/07\/icone-francois-centre-500p.png\",\"width\":559,\"height\":447,\"caption\":\"Fran\u00e7ois Pelletant\"},\"image\":{\"@id\":\"https:\/\/francois-pelletant.fr\/blog\/#\/schema\/logo\/image\/\"},\"sameAs\":[\"https:\/\/www.facebook.com\/francois.pelletant.7\",\"https:\/\/x.com\/pelletant\"]},{\"@type\":\"Person\",\"@id\":\"https:\/\/francois-pelletant.fr\/blog\/#\/schema\/person\/2be41acb171dff8f31aaed1f40cee9f3\",\"name\":\"Francois\"}]}<\/script>\n<!-- \/ Yoast SEO plugin. -->","yoast_head_json":{"title":"Retour sur le &quot;banquet-cin\u00e9&quot; des seniors - Fran\u00e7ois Pelletant","robots":{"index":"index","follow":"follow","max-snippet":"max-snippet:-1","max-image-preview":"max-image-preview:large","max-video-preview":"max-video-preview:-1"},"canonical":"https:\/\/francois-pelletant.fr\/blog\/retour-sur-le-banquet-cine-des-seniors\/","og_locale":"fr_FR","og_type":"article","og_title":"Retour sur le &quot;banquet-cin\u00e9&quot; des seniors - Fran\u00e7ois Pelletant","og_description":"Cam\u00e9ra, claps et affiches de films cultes\u00a0: la salle Carzou s\u2019est transform\u00e9e en temple du 7\u00e8me art, pour accueillir le banquet du 3\u00e8me \u00e2ge organis\u00e9 par le CCAS, le 17 novembre dernier. Apr\u00e8s un bon repas et un tour sur la piste de danse, les 221 participants ont assist\u00e9 \u00e0 une c\u00e9r\u00e9monie de remise des [&hellip;]","og_url":"https:\/\/francois-pelletant.fr\/blog\/retour-sur-le-banquet-cine-des-seniors\/","og_site_name":"Fran\u00e7ois Pelletant","article_publisher":"https:\/\/www.facebook.com\/francois.pelletant.7","article_published_time":"2012-12-20T09:04:47+00:00","og_image":[{"width":886,"height":664,"url":"https:\/\/francois-pelletant.fr\/blog\/wp-content\/uploads\/2012\/12\/banquet-cin\u00e9.jpg","type":"image\/jpeg"}],"author":"Francois","twitter_card":"summary_large_image","twitter_creator":"@pelletant","twitter_site":"@pelletant","twitter_misc":{"\u00c9crit par":"Francois","Dur\u00e9e de lecture estim\u00e9e":"1 minute"},"schema":{"@context":"https:\/\/schema.org","@graph":[{"@type":"Article","@id":"https:\/\/francois-pelletant.fr\/blog\/retour-sur-le-banquet-cine-des-seniors\/#article","isPartOf":{"@id":"https:\/\/francois-pelletant.fr\/blog\/retour-sur-le-banquet-cine-des-seniors\/"},"author":{"name":"Francois","@id":"https:\/\/francois-pelletant.fr\/blog\/#\/schema\/person\/2be41acb171dff8f31aaed1f40cee9f3"},"headline":"Retour sur le &quot;banquet-cin\u00e9&quot; des seniors","datePublished":"2012-12-20T09:04:47+00:00","mainEntityOfPage":{"@id":"https:\/\/francois-pelletant.fr\/blog\/retour-sur-le-banquet-cine-des-seniors\/"},"wordCount":122,"commentCount":0,"publisher":{"@id":"https:\/\/francois-pelletant.fr\/blog\/#organization"},"image":{"@id":"https:\/\/francois-pelletant.fr\/blog\/retour-sur-le-banquet-cine-des-seniors\/#primaryimage"},"thumbnailUrl":"https:\/\/francois-pelletant.fr\/blog\/wp-content\/uploads\/2012\/12\/banquet-cin\u00e9.jpg","articleSection":["Rires, gags et bon moments"],"inLanguage":"fr-FR","potentialAction":[{"@type":"CommentAction","name":"Comment","target":["https:\/\/francois-pelletant.fr\/blog\/retour-sur-le-banquet-cine-des-seniors\/#respond"]}]},{"@type":"WebPage","@id":"https:\/\/francois-pelletant.fr\/blog\/retour-sur-le-banquet-cine-des-seniors\/","url":"https:\/\/francois-pelletant.fr\/blog\/retour-sur-le-banquet-cine-des-seniors\/","name":"Retour sur le &quot;banquet-cin\u00e9&quot; des seniors - Fran\u00e7ois Pelletant","isPartOf":{"@id":"https:\/\/francois-pelletant.fr\/blog\/#website"},"primaryImageOfPage":{"@id":"https:\/\/francois-pelletant.fr\/blog\/retour-sur-le-banquet-cine-des-seniors\/#primaryimage"},"image":{"@id":"https:\/\/francois-pelletant.fr\/blog\/retour-sur-le-banquet-cine-des-seniors\/#primaryimage"},"thumbnailUrl":"https:\/\/francois-pelletant.fr\/blog\/wp-content\/uploads\/2012\/12\/banquet-cin\u00e9.jpg","datePublished":"2012-12-20T09:04:47+00:00","breadcrumb":{"@id":"https:\/\/francois-pelletant.fr\/blog\/retour-sur-le-banquet-cine-des-seniors\/#breadcrumb"},"inLanguage":"fr-FR","potentialAction":[{"@type":"ReadAction","target":["https:\/\/francois-pelletant.fr\/blog\/retour-sur-le-banquet-cine-des-seniors\/"]}]},{"@type":"ImageObject","inLanguage":"fr-FR","@id":"https:\/\/francois-pelletant.fr\/blog\/retour-sur-le-banquet-cine-des-seniors\/#primaryimage","url":"https:\/\/francois-pelletant.fr\/blog\/wp-content\/uploads\/2012\/12\/banquet-cin\u00e9.jpg","contentUrl":"https:\/\/francois-pelletant.fr\/blog\/wp-content\/uploads\/2012\/12\/banquet-cin\u00e9.jpg","width":886,"height":664},{"@type":"BreadcrumbList","@id":"https:\/\/francois-pelletant.fr\/blog\/retour-sur-le-banquet-cine-des-seniors\/#breadcrumb","itemListElement":[{"@type":"ListItem","position":1,"name":"Accueil","item":"https:\/\/francois-pelletant.fr\/blog\/"},{"@type":"ListItem","position":2,"name":"Retour sur le &quot;banquet-cin\u00e9&quot; des seniors"}]},{"@type":"WebSite","@id":"https:\/\/francois-pelletant.fr\/blog\/#website","url":"https:\/\/francois-pelletant.fr\/blog\/","name":"Fran\u00e7ois Pelletant","description":"Maire de Linas, pour toujours.","publisher":{"@id":"https:\/\/francois-pelletant.fr\/blog\/#organization"},"potentialAction":[{"@type":"SearchAction","target":{"@type":"EntryPoint","urlTemplate":"https:\/\/francois-pelletant.fr\/blog\/?s={search_term_string}"},"query-input":{"@type":"PropertyValueSpecification","valueRequired":true,"valueName":"search_term_string"}}],"inLanguage":"fr-FR"},{"@type":"Organization","@id":"https:\/\/francois-pelletant.fr\/blog\/#organization","name":"Fran\u00e7ois Pelletant","url":"https:\/\/francois-pelletant.fr\/blog\/","logo":{"@type":"ImageObject","inLanguage":"fr-FR","@id":"https:\/\/francois-pelletant.fr\/blog\/#\/schema\/logo\/image\/","url":"https:\/\/francois-pelletant.fr\/blog\/wp-content\/uploads\/2024\/07\/icone-francois-centre-500p.png","contentUrl":"https:\/\/francois-pelletant.fr\/blog\/wp-content\/uploads\/2024\/07\/icone-francois-centre-500p.png","width":559,"height":447,"caption":"Fran\u00e7ois Pelletant"},"image":{"@id":"https:\/\/francois-pelletant.fr\/blog\/#\/schema\/logo\/image\/"},"sameAs":["https:\/\/www.facebook.com\/francois.pelletant.7","https:\/\/x.com\/pelletant"]},{"@type":"Person","@id":"https:\/\/francois-pelletant.fr\/blog\/#\/schema\/person\/2be41acb171dff8f31aaed1f40cee9f3","name":"Francois"}]}},"_links":{"self":[{"href":"https:\/\/francois-pelletant.fr\/blog\/wp-json\/wp\/v2\/posts\/2908","targetHints":{"allow":["GET"]}}],"collection":[{"href":"https:\/\/francois-pelletant.fr\/blog\/wp-json\/wp\/v2\/posts"}],"about":[{"href":"https:\/\/francois-pelletant.fr\/blog\/wp-json\/wp\/v2\/types\/post"}],"author":[{"embeddable":true,"href":"https:\/\/francois-pelletant.fr\/blog\/wp-json\/wp\/v2\/users\/1"}],"replies":[{"embeddable":true,"href":"https:\/\/francois-pelletant.fr\/blog\/wp-json\/wp\/v2\/comments?post=2908"}],"version-history":[{"count":0,"href":"https:\/\/francois-pelletant.fr\/blog\/wp-json\/wp\/v2\/posts\/2908\/revisions"}],"wp:featuredmedia":[{"embeddable":true,"href":"https:\/\/francois-pelletant.fr\/blog\/wp-json\/wp\/v2\/media\/2909"}],"wp:attachment":[{"href":"https:\/\/francois-pelletant.fr\/blog\/wp-json\/wp\/v2\/media?parent=2908"}],"wp:term":[{"taxonomy":"category","embeddable":true,"href":"https:\/\/francois-pelletant.fr\/blog\/wp-json\/wp\/v2\/categories?post=2908"},{"taxonomy":"post_tag","embeddable":true,"href":"https:\/\/francois-pelletant.fr\/blog\/wp-json\/wp\/v2\/tags?post=2908"}],"curies":[{"name":"wp","href":"https:\/\/api.w.org\/{rel}","templated":true}]}}