{"id":2914,"date":"2012-12-23T08:23:07","date_gmt":"2012-12-23T06:23:07","guid":{"rendered":"https:\/\/francois-pelletant.fr\/blog\/?p=2914"},"modified":"2012-12-23T08:23:07","modified_gmt":"2012-12-23T06:23:07","slug":"dessins-de-presse-ma-selection-de-la-semaine","status":"publish","type":"post","link":"https:\/\/francois-pelletant.fr\/blog\/dessins-de-presse-ma-selection-de-la-semaine\/","title":{"rendered":"Dessins de presse : ma s\u00e9lection de la semaine"},"content":{"rendered":"<figure id=\"attachment_2915\" aria-describedby=\"caption-attachment-2915\" style=\"width: 300px\" class=\"wp-caption alignleft\"><a href=\"https:\/\/francois-pelletant.fr\/blog\/wp-content\/uploads\/2012\/12\/Marianne-15-d\u00e9cembre-2.jpg\"><img loading=\"lazy\" decoding=\"async\" class=\"size-medium wp-image-2915\" title=\"Marianne 15 d\u00e9cembre 2\" src=\"https:\/\/francois-pelletant.fr\/blog\/wp-content\/uploads\/2012\/12\/Marianne-15-d\u00e9cembre-2-300x184.jpg\" alt=\"\" width=\"300\" height=\"184\" \/><\/a><figcaption id=\"caption-attachment-2915\" class=\"wp-caption-text\">Marianne 15 d\u00e9cembre<\/figcaption><\/figure>\n<p>Pour cet avant dernier rendez-vous de l&#8217;ann\u00e9e, retour sur une semaine o\u00f9 la part belle est donn\u00e9e \u00e0 &#8220;la fin du monde&#8221; mais aussi au projet d&#8217;euthanasie, \u00e0 l&#8217;augmentation du Smic, aux d\u00e9bats en cours au sujet du mariage homosexuel et \u00e0 l&#8217;exil fiscal&#8230;.<\/p>\n<p>&nbsp;<\/p>\n<figure id=\"attachment_2916\" aria-describedby=\"caption-attachment-2916\" style=\"width: 300px\" class=\"wp-caption aligncenter\"><a href=\"https:\/\/francois-pelletant.fr\/blog\/wp-content\/uploads\/2012\/12\/Bakchich-19-d\u00e9cembre.jpg\"><img loading=\"lazy\" decoding=\"async\" class=\"size-medium wp-image-2916\" title=\"Bakchich 19 d\u00e9cembre\" src=\"https:\/\/francois-pelletant.fr\/blog\/wp-content\/uploads\/2012\/12\/Bakchich-19-d\u00e9cembre-300x288.jpg\" alt=\"\" width=\"300\" height=\"288\" \/><\/a><figcaption id=\"caption-attachment-2916\" class=\"wp-caption-text\">Bakchich 19 d\u00e9cembre<\/figcaption><\/figure>\n<p>&nbsp;<\/p>\n<figure id=\"attachment_2917\" aria-describedby=\"caption-attachment-2917\" style=\"width: 294px\" class=\"wp-caption aligncenter\"><a href=\"https:\/\/francois-pelletant.fr\/blog\/wp-content\/uploads\/2012\/12\/Le-Canard-enchain\u00e9-19-d\u00e9cembre.jpg\"><img loading=\"lazy\" decoding=\"async\" class=\"size-medium wp-image-2917\" title=\"Le Canard enchain\u00e9 19 d\u00e9cembre\" src=\"https:\/\/francois-pelletant.fr\/blog\/wp-content\/uploads\/2012\/12\/Le-Canard-enchain\u00e9-19-d\u00e9cembre-294x300.jpg\" alt=\"\" width=\"294\" height=\"300\" \/><\/a><figcaption id=\"caption-attachment-2917\" class=\"wp-caption-text\">Le Canard enchain\u00e9 19 d\u00e9cembre<\/figcaption><\/figure>\n<p>&nbsp;<\/p>\n<figure id=\"attachment_2918\" aria-describedby=\"caption-attachment-2918\" style=\"width: 277px\" class=\"wp-caption aligncenter\"><a href=\"https:\/\/francois-pelletant.fr\/blog\/wp-content\/uploads\/2012\/12\/Le-Canard-enchain\u00e9-19-d\u00e9cembre-21.jpg\"><img loading=\"lazy\" decoding=\"async\" class=\"size-medium wp-image-2918\" title=\"Le Canard enchain\u00e9 19 d\u00e9cembre 2\" src=\"https:\/\/francois-pelletant.fr\/blog\/wp-content\/uploads\/2012\/12\/Le-Canard-enchain\u00e9-19-d\u00e9cembre-2-277x300.jpg\" alt=\"\" width=\"277\" height=\"300\" srcset=\"https:\/\/francois-pelletant.fr\/blog\/wp-content\/uploads\/2012\/12\/Le-Canard-enchain\u00e9-19-d\u00e9cembre-2-277x300.jpg 277w, https:\/\/francois-pelletant.fr\/blog\/wp-content\/uploads\/2012\/12\/Le-Canard-enchain\u00e9-19-d\u00e9cembre-2.jpg 374w\" sizes=\"auto, (max-width: 277px) 100vw, 277px\" \/><\/a><figcaption id=\"caption-attachment-2918\" class=\"wp-caption-text\">Le Canard enchain\u00e9 19 d\u00e9cembre<\/figcaption><\/figure>\n<p>&nbsp;<\/p>\n<figure id=\"attachment_2919\" aria-describedby=\"caption-attachment-2919\" style=\"width: 216px\" class=\"wp-caption aligncenter\"><a href=\"https:\/\/francois-pelletant.fr\/blog\/wp-content\/uploads\/2012\/12\/Marianne-15-d\u00e9cembre.jpg\"><img loading=\"lazy\" decoding=\"async\" class=\"size-medium wp-image-2919\" title=\"Marianne 15 d\u00e9cembre\" src=\"https:\/\/francois-pelletant.fr\/blog\/wp-content\/uploads\/2012\/12\/Marianne-15-d\u00e9cembre-216x300.jpg\" alt=\"\" width=\"216\" height=\"300\" \/><\/a><figcaption id=\"caption-attachment-2919\" class=\"wp-caption-text\">Marianne 15 d\u00e9cembre<\/figcaption><\/figure>\n<p>&nbsp;<\/p>\n<figure id=\"attachment_2920\" aria-describedby=\"caption-attachment-2920\" style=\"width: 300px\" class=\"wp-caption aligncenter\"><a href=\"https:\/\/francois-pelletant.fr\/blog\/wp-content\/uploads\/2012\/12\/Urtikan.net-19-d\u00e9cembre.jpg\"><img loading=\"lazy\" decoding=\"async\" class=\"size-medium wp-image-2920\" title=\"Urtikan.net 19 d\u00e9cembre\" src=\"https:\/\/francois-pelletant.fr\/blog\/wp-content\/uploads\/2012\/12\/Urtikan.net-19-d\u00e9cembre-300x300.jpg\" alt=\"\" width=\"300\" height=\"300\" \/><\/a><figcaption id=\"caption-attachment-2920\" class=\"wp-caption-text\">Urtikan.net 19 d\u00e9cembre<\/figcaption><\/figure>\n<p>&nbsp;<\/p>\n<figure id=\"attachment_2921\" aria-describedby=\"caption-attachment-2921\" style=\"width: 300px\" class=\"wp-caption aligncenter\"><a href=\"https:\/\/francois-pelletant.fr\/blog\/wp-content\/uploads\/2012\/12\/fdm.jpg\"><img loading=\"lazy\" decoding=\"async\" class=\"size-medium wp-image-2921\" title=\"fdm\" src=\"https:\/\/francois-pelletant.fr\/blog\/wp-content\/uploads\/2012\/12\/fdm-300x300.jpg\" alt=\"\" width=\"300\" height=\"300\" \/><\/a><figcaption id=\"caption-attachment-2921\" class=\"wp-caption-text\">Le Parisien 21 d\u00e9cembre 2012<\/figcaption><\/figure>\n","protected":false},"excerpt":{"rendered":"<p>Pour cet avant dernier rendez-vous de l&#8217;ann\u00e9e, retour sur une semaine o\u00f9 la part belle est donn\u00e9e \u00e0 &#8220;la fin du monde&#8221; mais aussi au projet d&#8217;euthanasie, \u00e0 l&#8217;augmentation du Smic, aux d\u00e9bats en cours au sujet du mariage homosexuel et \u00e0 l&#8217;exil fiscal&#8230;. &nbsp; &nbsp; &nbsp; &nbsp; &nbsp; &nbsp;<\/p>\n","protected":false},"author":1,"featured_media":2915,"comment_status":"open","ping_status":"open","sticky":false,"template":"","format":"standard","meta":{"footnotes":""},"categories":[17],"tags":[],"class_list":["post-2914","post","type-post","status-publish","format-standard","has-post-thumbnail","hentry","category-prix-du-meilleur-dessin-de-presse"],"yoast_head":"<!-- This site is optimized with the Yoast SEO plugin v25.6 - https:\/\/yoast.com\/wordpress\/plugins\/seo\/ -->\n<title>Dessins de presse : ma s\u00e9lection de la semaine - Fran\u00e7ois Pelletant<\/title>\n<meta name=\"robots\" content=\"index, follow, max-snippet:-1, max-image-preview:large, max-video-preview:-1\" \/>\n<link rel=\"canonical\" href=\"https:\/\/francois-pelletant.fr\/blog\/dessins-de-presse-ma-selection-de-la-semaine\/\" \/>\n<meta property=\"og:locale\" content=\"fr_FR\" \/>\n<meta property=\"og:type\" content=\"article\" \/>\n<meta property=\"og:title\" content=\"Dessins de presse : ma s\u00e9lection de la semaine - Fran\u00e7ois Pelletant\" \/>\n<meta property=\"og:description\" content=\"Pour cet avant dernier rendez-vous de l&#8217;ann\u00e9e, retour sur une semaine o\u00f9 la part belle est donn\u00e9e \u00e0 &#8220;la fin du monde&#8221; mais aussi au projet d&#8217;euthanasie, \u00e0 l&#8217;augmentation du Smic, aux d\u00e9bats en cours au sujet du mariage homosexuel et \u00e0 l&#8217;exil fiscal&#8230;. &nbsp; &nbsp; &nbsp; &nbsp; &nbsp; &nbsp;\" \/>\n<meta property=\"og:url\" content=\"https:\/\/francois-pelletant.fr\/blog\/dessins-de-presse-ma-selection-de-la-semaine\/\" \/>\n<meta property=\"og:site_name\" content=\"Fran\u00e7ois Pelletant\" \/>\n<meta property=\"article:publisher\" content=\"https:\/\/www.facebook.com\/francois.pelletant.7\" \/>\n<meta property=\"article:published_time\" content=\"2012-12-23T06:23:07+00:00\" \/>\n<meta property=\"og:image\" content=\"https:\/\/francois-pelletant.fr\/blog\/wp-content\/uploads\/2012\/12\/Marianne-15-d\u00e9cembre-2.jpg\" \/>\n\t<meta property=\"og:image:width\" content=\"330\" \/>\n\t<meta property=\"og:image:height\" content=\"203\" \/>\n\t<meta property=\"og:image:type\" content=\"image\/jpeg\" \/>\n<meta name=\"author\" content=\"Francois\" \/>\n<meta name=\"twitter:card\" content=\"summary_large_image\" \/>\n<meta name=\"twitter:creator\" content=\"@pelletant\" \/>\n<meta name=\"twitter:site\" content=\"@pelletant\" \/>\n<meta name=\"twitter:label1\" content=\"\u00c9crit par\" \/>\n\t<meta name=\"twitter:data1\" content=\"Francois\" \/>\n\t<meta name=\"twitter:label2\" content=\"Dur\u00e9e de lecture estim\u00e9e\" \/>\n\t<meta name=\"twitter:data2\" content=\"1 minute\" \/>\n<script type=\"application\/ld+json\" class=\"yoast-schema-graph\">{\"@context\":\"https:\/\/schema.org\",\"@graph\":[{\"@type\":\"Article\",\"@id\":\"https:\/\/francois-pelletant.fr\/blog\/dessins-de-presse-ma-selection-de-la-semaine\/#article\",\"isPartOf\":{\"@id\":\"https:\/\/francois-pelletant.fr\/blog\/dessins-de-presse-ma-selection-de-la-semaine\/\"},\"author\":{\"name\":\"Francois\",\"@id\":\"https:\/\/francois-pelletant.fr\/blog\/#\/schema\/person\/2be41acb171dff8f31aaed1f40cee9f3\"},\"headline\":\"Dessins de presse : ma s\u00e9lection de la semaine\",\"datePublished\":\"2012-12-23T06:23:07+00:00\",\"mainEntityOfPage\":{\"@id\":\"https:\/\/francois-pelletant.fr\/blog\/dessins-de-presse-ma-selection-de-la-semaine\/\"},\"wordCount\":146,\"commentCount\":0,\"publisher\":{\"@id\":\"https:\/\/francois-pelletant.fr\/blog\/#organization\"},\"image\":{\"@id\":\"https:\/\/francois-pelletant.fr\/blog\/dessins-de-presse-ma-selection-de-la-semaine\/#primaryimage\"},\"thumbnailUrl\":\"https:\/\/francois-pelletant.fr\/blog\/wp-content\/uploads\/2012\/12\/Marianne-15-d\u00e9cembre-2.jpg\",\"articleSection\":[\"Prix du meilleur dessin de presse\"],\"inLanguage\":\"fr-FR\",\"potentialAction\":[{\"@type\":\"CommentAction\",\"name\":\"Comment\",\"target\":[\"https:\/\/francois-pelletant.fr\/blog\/dessins-de-presse-ma-selection-de-la-semaine\/#respond\"]}]},{\"@type\":\"WebPage\",\"@id\":\"https:\/\/francois-pelletant.fr\/blog\/dessins-de-presse-ma-selection-de-la-semaine\/\",\"url\":\"https:\/\/francois-pelletant.fr\/blog\/dessins-de-presse-ma-selection-de-la-semaine\/\",\"name\":\"Dessins de presse : ma s\u00e9lection de la semaine - Fran\u00e7ois Pelletant\",\"isPartOf\":{\"@id\":\"https:\/\/francois-pelletant.fr\/blog\/#website\"},\"primaryImageOfPage\":{\"@id\":\"https:\/\/francois-pelletant.fr\/blog\/dessins-de-presse-ma-selection-de-la-semaine\/#primaryimage\"},\"image\":{\"@id\":\"https:\/\/francois-pelletant.fr\/blog\/dessins-de-presse-ma-selection-de-la-semaine\/#primaryimage\"},\"thumbnailUrl\":\"https:\/\/francois-pelletant.fr\/blog\/wp-content\/uploads\/2012\/12\/Marianne-15-d\u00e9cembre-2.jpg\",\"datePublished\":\"2012-12-23T06:23:07+00:00\",\"breadcrumb\":{\"@id\":\"https:\/\/francois-pelletant.fr\/blog\/dessins-de-presse-ma-selection-de-la-semaine\/#breadcrumb\"},\"inLanguage\":\"fr-FR\",\"potentialAction\":[{\"@type\":\"ReadAction\",\"target\":[\"https:\/\/francois-pelletant.fr\/blog\/dessins-de-presse-ma-selection-de-la-semaine\/\"]}]},{\"@type\":\"ImageObject\",\"inLanguage\":\"fr-FR\",\"@id\":\"https:\/\/francois-pelletant.fr\/blog\/dessins-de-presse-ma-selection-de-la-semaine\/#primaryimage\",\"url\":\"https:\/\/francois-pelletant.fr\/blog\/wp-content\/uploads\/2012\/12\/Marianne-15-d\u00e9cembre-2.jpg\",\"contentUrl\":\"https:\/\/francois-pelletant.fr\/blog\/wp-content\/uploads\/2012\/12\/Marianne-15-d\u00e9cembre-2.jpg\",\"width\":330,\"height\":203,\"caption\":\"Marianne 15 d\u00e9cembre\"},{\"@type\":\"BreadcrumbList\",\"@id\":\"https:\/\/francois-pelletant.fr\/blog\/dessins-de-presse-ma-selection-de-la-semaine\/#breadcrumb\",\"itemListElement\":[{\"@type\":\"ListItem\",\"position\":1,\"name\":\"Accueil\",\"item\":\"https:\/\/francois-pelletant.fr\/blog\/\"},{\"@type\":\"ListItem\",\"position\":2,\"name\":\"Dessins de presse : ma s\u00e9lection de la semaine\"}]},{\"@type\":\"WebSite\",\"@id\":\"https:\/\/francois-pelletant.fr\/blog\/#website\",\"url\":\"https:\/\/francois-pelletant.fr\/blog\/\",\"name\":\"Fran\u00e7ois Pelletant\",\"description\":\"Maire de Linas, pour toujours.\",\"publisher\":{\"@id\":\"https:\/\/francois-pelletant.fr\/blog\/#organization\"},\"potentialAction\":[{\"@type\":\"SearchAction\",\"target\":{\"@type\":\"EntryPoint\",\"urlTemplate\":\"https:\/\/francois-pelletant.fr\/blog\/?s={search_term_string}\"},\"query-input\":{\"@type\":\"PropertyValueSpecification\",\"valueRequired\":true,\"valueName\":\"search_term_string\"}}],\"inLanguage\":\"fr-FR\"},{\"@type\":\"Organization\",\"@id\":\"https:\/\/francois-pelletant.fr\/blog\/#organization\",\"name\":\"Fran\u00e7ois Pelletant\",\"url\":\"https:\/\/francois-pelletant.fr\/blog\/\",\"logo\":{\"@type\":\"ImageObject\",\"inLanguage\":\"fr-FR\",\"@id\":\"https:\/\/francois-pelletant.fr\/blog\/#\/schema\/logo\/image\/\",\"url\":\"https:\/\/francois-pelletant.fr\/blog\/wp-content\/uploads\/2024\/07\/icone-francois-centre-500p.png\",\"contentUrl\":\"https:\/\/francois-pelletant.fr\/blog\/wp-content\/uploads\/2024\/07\/icone-francois-centre-500p.png\",\"width\":559,\"height\":447,\"caption\":\"Fran\u00e7ois Pelletant\"},\"image\":{\"@id\":\"https:\/\/francois-pelletant.fr\/blog\/#\/schema\/logo\/image\/\"},\"sameAs\":[\"https:\/\/www.facebook.com\/francois.pelletant.7\",\"https:\/\/x.com\/pelletant\"]},{\"@type\":\"Person\",\"@id\":\"https:\/\/francois-pelletant.fr\/blog\/#\/schema\/person\/2be41acb171dff8f31aaed1f40cee9f3\",\"name\":\"Francois\"}]}<\/script>\n<!-- \/ Yoast SEO plugin. -->","yoast_head_json":{"title":"Dessins de presse : ma s\u00e9lection de la semaine - Fran\u00e7ois Pelletant","robots":{"index":"index","follow":"follow","max-snippet":"max-snippet:-1","max-image-preview":"max-image-preview:large","max-video-preview":"max-video-preview:-1"},"canonical":"https:\/\/francois-pelletant.fr\/blog\/dessins-de-presse-ma-selection-de-la-semaine\/","og_locale":"fr_FR","og_type":"article","og_title":"Dessins de presse : ma s\u00e9lection de la semaine - Fran\u00e7ois Pelletant","og_description":"Pour cet avant dernier rendez-vous de l&#8217;ann\u00e9e, retour sur une semaine o\u00f9 la part belle est donn\u00e9e \u00e0 &#8220;la fin du monde&#8221; mais aussi au projet d&#8217;euthanasie, \u00e0 l&#8217;augmentation du Smic, aux d\u00e9bats en cours au sujet du mariage homosexuel et \u00e0 l&#8217;exil fiscal&#8230;. &nbsp; &nbsp; &nbsp; &nbsp; &nbsp; &nbsp;","og_url":"https:\/\/francois-pelletant.fr\/blog\/dessins-de-presse-ma-selection-de-la-semaine\/","og_site_name":"Fran\u00e7ois Pelletant","article_publisher":"https:\/\/www.facebook.com\/francois.pelletant.7","article_published_time":"2012-12-23T06:23:07+00:00","og_image":[{"width":330,"height":203,"url":"https:\/\/francois-pelletant.fr\/blog\/wp-content\/uploads\/2012\/12\/Marianne-15-d\u00e9cembre-2.jpg","type":"image\/jpeg"}],"author":"Francois","twitter_card":"summary_large_image","twitter_creator":"@pelletant","twitter_site":"@pelletant","twitter_misc":{"\u00c9crit par":"Francois","Dur\u00e9e de lecture estim\u00e9e":"1 minute"},"schema":{"@context":"https:\/\/schema.org","@graph":[{"@type":"Article","@id":"https:\/\/francois-pelletant.fr\/blog\/dessins-de-presse-ma-selection-de-la-semaine\/#article","isPartOf":{"@id":"https:\/\/francois-pelletant.fr\/blog\/dessins-de-presse-ma-selection-de-la-semaine\/"},"author":{"name":"Francois","@id":"https:\/\/francois-pelletant.fr\/blog\/#\/schema\/person\/2be41acb171dff8f31aaed1f40cee9f3"},"headline":"Dessins de presse : ma s\u00e9lection de la semaine","datePublished":"2012-12-23T06:23:07+00:00","mainEntityOfPage":{"@id":"https:\/\/francois-pelletant.fr\/blog\/dessins-de-presse-ma-selection-de-la-semaine\/"},"wordCount":146,"commentCount":0,"publisher":{"@id":"https:\/\/francois-pelletant.fr\/blog\/#organization"},"image":{"@id":"https:\/\/francois-pelletant.fr\/blog\/dessins-de-presse-ma-selection-de-la-semaine\/#primaryimage"},"thumbnailUrl":"https:\/\/francois-pelletant.fr\/blog\/wp-content\/uploads\/2012\/12\/Marianne-15-d\u00e9cembre-2.jpg","articleSection":["Prix du meilleur dessin de presse"],"inLanguage":"fr-FR","potentialAction":[{"@type":"CommentAction","name":"Comment","target":["https:\/\/francois-pelletant.fr\/blog\/dessins-de-presse-ma-selection-de-la-semaine\/#respond"]}]},{"@type":"WebPage","@id":"https:\/\/francois-pelletant.fr\/blog\/dessins-de-presse-ma-selection-de-la-semaine\/","url":"https:\/\/francois-pelletant.fr\/blog\/dessins-de-presse-ma-selection-de-la-semaine\/","name":"Dessins de presse : ma s\u00e9lection de la semaine - Fran\u00e7ois Pelletant","isPartOf":{"@id":"https:\/\/francois-pelletant.fr\/blog\/#website"},"primaryImageOfPage":{"@id":"https:\/\/francois-pelletant.fr\/blog\/dessins-de-presse-ma-selection-de-la-semaine\/#primaryimage"},"image":{"@id":"https:\/\/francois-pelletant.fr\/blog\/dessins-de-presse-ma-selection-de-la-semaine\/#primaryimage"},"thumbnailUrl":"https:\/\/francois-pelletant.fr\/blog\/wp-content\/uploads\/2012\/12\/Marianne-15-d\u00e9cembre-2.jpg","datePublished":"2012-12-23T06:23:07+00:00","breadcrumb":{"@id":"https:\/\/francois-pelletant.fr\/blog\/dessins-de-presse-ma-selection-de-la-semaine\/#breadcrumb"},"inLanguage":"fr-FR","potentialAction":[{"@type":"ReadAction","target":["https:\/\/francois-pelletant.fr\/blog\/dessins-de-presse-ma-selection-de-la-semaine\/"]}]},{"@type":"ImageObject","inLanguage":"fr-FR","@id":"https:\/\/francois-pelletant.fr\/blog\/dessins-de-presse-ma-selection-de-la-semaine\/#primaryimage","url":"https:\/\/francois-pelletant.fr\/blog\/wp-content\/uploads\/2012\/12\/Marianne-15-d\u00e9cembre-2.jpg","contentUrl":"https:\/\/francois-pelletant.fr\/blog\/wp-content\/uploads\/2012\/12\/Marianne-15-d\u00e9cembre-2.jpg","width":330,"height":203,"caption":"Marianne 15 d\u00e9cembre"},{"@type":"BreadcrumbList","@id":"https:\/\/francois-pelletant.fr\/blog\/dessins-de-presse-ma-selection-de-la-semaine\/#breadcrumb","itemListElement":[{"@type":"ListItem","position":1,"name":"Accueil","item":"https:\/\/francois-pelletant.fr\/blog\/"},{"@type":"ListItem","position":2,"name":"Dessins de presse : ma s\u00e9lection de la semaine"}]},{"@type":"WebSite","@id":"https:\/\/francois-pelletant.fr\/blog\/#website","url":"https:\/\/francois-pelletant.fr\/blog\/","name":"Fran\u00e7ois Pelletant","description":"Maire de Linas, pour toujours.","publisher":{"@id":"https:\/\/francois-pelletant.fr\/blog\/#organization"},"potentialAction":[{"@type":"SearchAction","target":{"@type":"EntryPoint","urlTemplate":"https:\/\/francois-pelletant.fr\/blog\/?s={search_term_string}"},"query-input":{"@type":"PropertyValueSpecification","valueRequired":true,"valueName":"search_term_string"}}],"inLanguage":"fr-FR"},{"@type":"Organization","@id":"https:\/\/francois-pelletant.fr\/blog\/#organization","name":"Fran\u00e7ois Pelletant","url":"https:\/\/francois-pelletant.fr\/blog\/","logo":{"@type":"ImageObject","inLanguage":"fr-FR","@id":"https:\/\/francois-pelletant.fr\/blog\/#\/schema\/logo\/image\/","url":"https:\/\/francois-pelletant.fr\/blog\/wp-content\/uploads\/2024\/07\/icone-francois-centre-500p.png","contentUrl":"https:\/\/francois-pelletant.fr\/blog\/wp-content\/uploads\/2024\/07\/icone-francois-centre-500p.png","width":559,"height":447,"caption":"Fran\u00e7ois Pelletant"},"image":{"@id":"https:\/\/francois-pelletant.fr\/blog\/#\/schema\/logo\/image\/"},"sameAs":["https:\/\/www.facebook.com\/francois.pelletant.7","https:\/\/x.com\/pelletant"]},{"@type":"Person","@id":"https:\/\/francois-pelletant.fr\/blog\/#\/schema\/person\/2be41acb171dff8f31aaed1f40cee9f3","name":"Francois"}]}},"_links":{"self":[{"href":"https:\/\/francois-pelletant.fr\/blog\/wp-json\/wp\/v2\/posts\/2914","targetHints":{"allow":["GET"]}}],"collection":[{"href":"https:\/\/francois-pelletant.fr\/blog\/wp-json\/wp\/v2\/posts"}],"about":[{"href":"https:\/\/francois-pelletant.fr\/blog\/wp-json\/wp\/v2\/types\/post"}],"author":[{"embeddable":true,"href":"https:\/\/francois-pelletant.fr\/blog\/wp-json\/wp\/v2\/users\/1"}],"replies":[{"embeddable":true,"href":"https:\/\/francois-pelletant.fr\/blog\/wp-json\/wp\/v2\/comments?post=2914"}],"version-history":[{"count":0,"href":"https:\/\/francois-pelletant.fr\/blog\/wp-json\/wp\/v2\/posts\/2914\/revisions"}],"wp:featuredmedia":[{"embeddable":true,"href":"https:\/\/francois-pelletant.fr\/blog\/wp-json\/wp\/v2\/media\/2915"}],"wp:attachment":[{"href":"https:\/\/francois-pelletant.fr\/blog\/wp-json\/wp\/v2\/media?parent=2914"}],"wp:term":[{"taxonomy":"category","embeddable":true,"href":"https:\/\/francois-pelletant.fr\/blog\/wp-json\/wp\/v2\/categories?post=2914"},{"taxonomy":"post_tag","embeddable":true,"href":"https:\/\/francois-pelletant.fr\/blog\/wp-json\/wp\/v2\/tags?post=2914"}],"curies":[{"name":"wp","href":"https:\/\/api.w.org\/{rel}","templated":true}]}}