{"id":3055,"date":"2013-02-06T11:04:50","date_gmt":"2013-02-06T09:04:50","guid":{"rendered":"https:\/\/francois-pelletant.fr\/blog\/?p=3055"},"modified":"2017-06-22T13:28:03","modified_gmt":"2017-06-22T13:28:03","slug":"stif-non-lomnibus","status":"publish","type":"post","link":"https:\/\/francois-pelletant.fr\/blog\/stif-non-lomnibus\/","title":{"rendered":"Non \u00e0 l\u2019omnibus !"},"content":{"rendered":"<h3><a href=\"https:\/\/francois-pelletant.fr\/blog\/wp-content\/uploads\/2013\/02\/nonalomnibus.jpg\"><img loading=\"lazy\" decoding=\"async\" class=\"alignleft size-medium wp-image-3056\" title=\"nonalomnibus\" src=\"https:\/\/francois-pelletant.fr\/blog\/wp-content\/uploads\/2013\/02\/nonalomnibus-284x300.jpg\" alt=\"\" width=\"284\" height=\"300\" \/><\/a>Le projet du Stif ? Quelques jours de plus dans le RER pour les franciliens !<\/h3>\n<p>Le Syndicat des transports d\u2019Ile-de-<a href=\"http:\/\/actualites.leparisien.fr\/france.html\" target=\"_blank\" rel=\"nofollow\">France<\/a>\u00a0(Stif) envisage le 13 f\u00e9vrier prochain d\u2019augmenter d\u2019ici \u00e0 2014 le nombre des dessertes sur la ligne C du RER. L&#8217;allongement de parcours s&#8217;effectuera alors entre\u00a0Juvisy (Essonne) et Paris, et sur la ligne D entre Villeneuve-Saint-Georges et Paris.<\/p>\n<p>Cette initiative si elle devait voir le jour se traduirait par l\u2019allongement des temps de transport des usagers d\u2019au moins 15 minutes par jour. Un site Internet a \u00e9t\u00e9 lanc\u00e9 pour contrecarrer cette proposition. D&#8217;ores et d\u00e9j\u00e0, une p\u00e9tition circule et des \u00a0tracts sont en distribution aupr\u00e8s des usagers pour les sensibiliser. Vous pouvez soutenir cette d\u00e9marche en signant la p\u00e9tition sur le site www.nonalomnibus.com<\/p>\n","protected":false},"excerpt":{"rendered":"<p>Le projet du Stif ? Quelques jours de plus dans le RER pour les franciliens ! Le Syndicat des transports d\u2019Ile-de-France\u00a0(Stif) envisage le 13 f\u00e9vrier prochain d\u2019augmenter d\u2019ici \u00e0 2014 le nombre des dessertes sur la ligne C du RER. L&#8217;allongement de parcours s&#8217;effectuera alors entre\u00a0Juvisy (Essonne) et Paris, et sur la ligne D entre [&hellip;]<\/p>\n","protected":false},"author":1,"featured_media":3056,"comment_status":"open","ping_status":"open","sticky":false,"template":"","format":"standard","meta":{"footnotes":""},"categories":[22],"tags":[],"class_list":["post-3055","post","type-post","status-publish","format-standard","has-post-thumbnail","hentry","category-transports"],"yoast_head":"<!-- This site is optimized with the Yoast SEO plugin v25.6 - https:\/\/yoast.com\/wordpress\/plugins\/seo\/ -->\n<title>Stif : Non au projet de l\u2019omnibus ! - Fran\u00e7ois Pelletant<\/title>\n<meta name=\"description\" content=\"Le Syndicat des transports d\u2019Ile-de-France (Stif) envisage d\u2019augmenter d\u2019ici \u00e0 2014 le nombre des dessertes sur la ligne C du RER\" \/>\n<meta name=\"robots\" content=\"index, follow, max-snippet:-1, max-image-preview:large, max-video-preview:-1\" \/>\n<link rel=\"canonical\" href=\"https:\/\/francois-pelletant.fr\/blog\/stif-non-lomnibus\/\" \/>\n<meta property=\"og:locale\" content=\"fr_FR\" \/>\n<meta property=\"og:type\" content=\"article\" \/>\n<meta property=\"og:title\" content=\"Stif : Non au projet de l\u2019omnibus ! - Fran\u00e7ois Pelletant\" \/>\n<meta property=\"og:description\" content=\"Le Syndicat des transports d\u2019Ile-de-France (Stif) envisage d\u2019augmenter d\u2019ici \u00e0 2014 le nombre des dessertes sur la ligne C du RER\" \/>\n<meta property=\"og:url\" content=\"https:\/\/francois-pelletant.fr\/blog\/stif-non-lomnibus\/\" \/>\n<meta property=\"og:site_name\" content=\"Fran\u00e7ois Pelletant\" \/>\n<meta property=\"article:publisher\" content=\"https:\/\/www.facebook.com\/francois.pelletant.7\" \/>\n<meta property=\"article:published_time\" content=\"2013-02-06T09:04:50+00:00\" \/>\n<meta property=\"article:modified_time\" content=\"2017-06-22T13:28:03+00:00\" \/>\n<meta property=\"og:image\" content=\"https:\/\/francois-pelletant.fr\/blog\/wp-content\/uploads\/2013\/02\/nonalomnibus.jpg\" \/>\n\t<meta property=\"og:image:width\" content=\"614\" \/>\n\t<meta property=\"og:image:height\" content=\"647\" \/>\n\t<meta property=\"og:image:type\" content=\"image\/jpeg\" \/>\n<meta name=\"author\" content=\"Francois\" \/>\n<meta name=\"twitter:card\" content=\"summary_large_image\" \/>\n<meta name=\"twitter:creator\" content=\"@pelletant\" \/>\n<meta name=\"twitter:site\" content=\"@pelletant\" \/>\n<meta name=\"twitter:label1\" content=\"\u00c9crit par\" \/>\n\t<meta name=\"twitter:data1\" content=\"Francois\" \/>\n\t<meta name=\"twitter:label2\" content=\"Dur\u00e9e de lecture estim\u00e9e\" \/>\n\t<meta name=\"twitter:data2\" content=\"1 minute\" \/>\n<script type=\"application\/ld+json\" class=\"yoast-schema-graph\">{\"@context\":\"https:\/\/schema.org\",\"@graph\":[{\"@type\":\"Article\",\"@id\":\"https:\/\/francois-pelletant.fr\/blog\/stif-non-lomnibus\/#article\",\"isPartOf\":{\"@id\":\"https:\/\/francois-pelletant.fr\/blog\/stif-non-lomnibus\/\"},\"author\":{\"name\":\"Francois\",\"@id\":\"https:\/\/francois-pelletant.fr\/blog\/#\/schema\/person\/2be41acb171dff8f31aaed1f40cee9f3\"},\"headline\":\"Non \u00e0 l\u2019omnibus !\",\"datePublished\":\"2013-02-06T09:04:50+00:00\",\"dateModified\":\"2017-06-22T13:28:03+00:00\",\"mainEntityOfPage\":{\"@id\":\"https:\/\/francois-pelletant.fr\/blog\/stif-non-lomnibus\/\"},\"wordCount\":138,\"commentCount\":0,\"publisher\":{\"@id\":\"https:\/\/francois-pelletant.fr\/blog\/#organization\"},\"image\":{\"@id\":\"https:\/\/francois-pelletant.fr\/blog\/stif-non-lomnibus\/#primaryimage\"},\"thumbnailUrl\":\"https:\/\/francois-pelletant.fr\/blog\/wp-content\/uploads\/2013\/02\/nonalomnibus.jpg\",\"articleSection\":[\"Transports\"],\"inLanguage\":\"fr-FR\",\"potentialAction\":[{\"@type\":\"CommentAction\",\"name\":\"Comment\",\"target\":[\"https:\/\/francois-pelletant.fr\/blog\/stif-non-lomnibus\/#respond\"]}]},{\"@type\":\"WebPage\",\"@id\":\"https:\/\/francois-pelletant.fr\/blog\/stif-non-lomnibus\/\",\"url\":\"https:\/\/francois-pelletant.fr\/blog\/stif-non-lomnibus\/\",\"name\":\"Stif : Non au projet de l\u2019omnibus ! - Fran\u00e7ois Pelletant\",\"isPartOf\":{\"@id\":\"https:\/\/francois-pelletant.fr\/blog\/#website\"},\"primaryImageOfPage\":{\"@id\":\"https:\/\/francois-pelletant.fr\/blog\/stif-non-lomnibus\/#primaryimage\"},\"image\":{\"@id\":\"https:\/\/francois-pelletant.fr\/blog\/stif-non-lomnibus\/#primaryimage\"},\"thumbnailUrl\":\"https:\/\/francois-pelletant.fr\/blog\/wp-content\/uploads\/2013\/02\/nonalomnibus.jpg\",\"datePublished\":\"2013-02-06T09:04:50+00:00\",\"dateModified\":\"2017-06-22T13:28:03+00:00\",\"description\":\"Le Syndicat des transports d\u2019Ile-de-France (Stif) envisage d\u2019augmenter d\u2019ici \u00e0 2014 le nombre des dessertes sur la ligne C du RER\",\"breadcrumb\":{\"@id\":\"https:\/\/francois-pelletant.fr\/blog\/stif-non-lomnibus\/#breadcrumb\"},\"inLanguage\":\"fr-FR\",\"potentialAction\":[{\"@type\":\"ReadAction\",\"target\":[\"https:\/\/francois-pelletant.fr\/blog\/stif-non-lomnibus\/\"]}]},{\"@type\":\"ImageObject\",\"inLanguage\":\"fr-FR\",\"@id\":\"https:\/\/francois-pelletant.fr\/blog\/stif-non-lomnibus\/#primaryimage\",\"url\":\"https:\/\/francois-pelletant.fr\/blog\/wp-content\/uploads\/2013\/02\/nonalomnibus.jpg\",\"contentUrl\":\"https:\/\/francois-pelletant.fr\/blog\/wp-content\/uploads\/2013\/02\/nonalomnibus.jpg\",\"width\":614,\"height\":647},{\"@type\":\"BreadcrumbList\",\"@id\":\"https:\/\/francois-pelletant.fr\/blog\/stif-non-lomnibus\/#breadcrumb\",\"itemListElement\":[{\"@type\":\"ListItem\",\"position\":1,\"name\":\"Accueil\",\"item\":\"https:\/\/francois-pelletant.fr\/blog\/\"},{\"@type\":\"ListItem\",\"position\":2,\"name\":\"Non \u00e0 l\u2019omnibus !\"}]},{\"@type\":\"WebSite\",\"@id\":\"https:\/\/francois-pelletant.fr\/blog\/#website\",\"url\":\"https:\/\/francois-pelletant.fr\/blog\/\",\"name\":\"Fran\u00e7ois Pelletant\",\"description\":\"Maire de Linas, pour toujours.\",\"publisher\":{\"@id\":\"https:\/\/francois-pelletant.fr\/blog\/#organization\"},\"potentialAction\":[{\"@type\":\"SearchAction\",\"target\":{\"@type\":\"EntryPoint\",\"urlTemplate\":\"https:\/\/francois-pelletant.fr\/blog\/?s={search_term_string}\"},\"query-input\":{\"@type\":\"PropertyValueSpecification\",\"valueRequired\":true,\"valueName\":\"search_term_string\"}}],\"inLanguage\":\"fr-FR\"},{\"@type\":\"Organization\",\"@id\":\"https:\/\/francois-pelletant.fr\/blog\/#organization\",\"name\":\"Fran\u00e7ois Pelletant\",\"url\":\"https:\/\/francois-pelletant.fr\/blog\/\",\"logo\":{\"@type\":\"ImageObject\",\"inLanguage\":\"fr-FR\",\"@id\":\"https:\/\/francois-pelletant.fr\/blog\/#\/schema\/logo\/image\/\",\"url\":\"https:\/\/francois-pelletant.fr\/blog\/wp-content\/uploads\/2024\/07\/icone-francois-centre-500p.png\",\"contentUrl\":\"https:\/\/francois-pelletant.fr\/blog\/wp-content\/uploads\/2024\/07\/icone-francois-centre-500p.png\",\"width\":559,\"height\":447,\"caption\":\"Fran\u00e7ois Pelletant\"},\"image\":{\"@id\":\"https:\/\/francois-pelletant.fr\/blog\/#\/schema\/logo\/image\/\"},\"sameAs\":[\"https:\/\/www.facebook.com\/francois.pelletant.7\",\"https:\/\/x.com\/pelletant\"]},{\"@type\":\"Person\",\"@id\":\"https:\/\/francois-pelletant.fr\/blog\/#\/schema\/person\/2be41acb171dff8f31aaed1f40cee9f3\",\"name\":\"Francois\"}]}<\/script>\n<!-- \/ Yoast SEO plugin. -->","yoast_head_json":{"title":"Stif : Non au projet de l\u2019omnibus ! - Fran\u00e7ois Pelletant","description":"Le Syndicat des transports d\u2019Ile-de-France (Stif) envisage d\u2019augmenter d\u2019ici \u00e0 2014 le nombre des dessertes sur la ligne C du RER","robots":{"index":"index","follow":"follow","max-snippet":"max-snippet:-1","max-image-preview":"max-image-preview:large","max-video-preview":"max-video-preview:-1"},"canonical":"https:\/\/francois-pelletant.fr\/blog\/stif-non-lomnibus\/","og_locale":"fr_FR","og_type":"article","og_title":"Stif : Non au projet de l\u2019omnibus ! - Fran\u00e7ois Pelletant","og_description":"Le Syndicat des transports d\u2019Ile-de-France (Stif) envisage d\u2019augmenter d\u2019ici \u00e0 2014 le nombre des dessertes sur la ligne C du RER","og_url":"https:\/\/francois-pelletant.fr\/blog\/stif-non-lomnibus\/","og_site_name":"Fran\u00e7ois Pelletant","article_publisher":"https:\/\/www.facebook.com\/francois.pelletant.7","article_published_time":"2013-02-06T09:04:50+00:00","article_modified_time":"2017-06-22T13:28:03+00:00","og_image":[{"width":614,"height":647,"url":"https:\/\/francois-pelletant.fr\/blog\/wp-content\/uploads\/2013\/02\/nonalomnibus.jpg","type":"image\/jpeg"}],"author":"Francois","twitter_card":"summary_large_image","twitter_creator":"@pelletant","twitter_site":"@pelletant","twitter_misc":{"\u00c9crit par":"Francois","Dur\u00e9e de lecture estim\u00e9e":"1 minute"},"schema":{"@context":"https:\/\/schema.org","@graph":[{"@type":"Article","@id":"https:\/\/francois-pelletant.fr\/blog\/stif-non-lomnibus\/#article","isPartOf":{"@id":"https:\/\/francois-pelletant.fr\/blog\/stif-non-lomnibus\/"},"author":{"name":"Francois","@id":"https:\/\/francois-pelletant.fr\/blog\/#\/schema\/person\/2be41acb171dff8f31aaed1f40cee9f3"},"headline":"Non \u00e0 l\u2019omnibus !","datePublished":"2013-02-06T09:04:50+00:00","dateModified":"2017-06-22T13:28:03+00:00","mainEntityOfPage":{"@id":"https:\/\/francois-pelletant.fr\/blog\/stif-non-lomnibus\/"},"wordCount":138,"commentCount":0,"publisher":{"@id":"https:\/\/francois-pelletant.fr\/blog\/#organization"},"image":{"@id":"https:\/\/francois-pelletant.fr\/blog\/stif-non-lomnibus\/#primaryimage"},"thumbnailUrl":"https:\/\/francois-pelletant.fr\/blog\/wp-content\/uploads\/2013\/02\/nonalomnibus.jpg","articleSection":["Transports"],"inLanguage":"fr-FR","potentialAction":[{"@type":"CommentAction","name":"Comment","target":["https:\/\/francois-pelletant.fr\/blog\/stif-non-lomnibus\/#respond"]}]},{"@type":"WebPage","@id":"https:\/\/francois-pelletant.fr\/blog\/stif-non-lomnibus\/","url":"https:\/\/francois-pelletant.fr\/blog\/stif-non-lomnibus\/","name":"Stif : Non au projet de l\u2019omnibus ! - Fran\u00e7ois Pelletant","isPartOf":{"@id":"https:\/\/francois-pelletant.fr\/blog\/#website"},"primaryImageOfPage":{"@id":"https:\/\/francois-pelletant.fr\/blog\/stif-non-lomnibus\/#primaryimage"},"image":{"@id":"https:\/\/francois-pelletant.fr\/blog\/stif-non-lomnibus\/#primaryimage"},"thumbnailUrl":"https:\/\/francois-pelletant.fr\/blog\/wp-content\/uploads\/2013\/02\/nonalomnibus.jpg","datePublished":"2013-02-06T09:04:50+00:00","dateModified":"2017-06-22T13:28:03+00:00","description":"Le Syndicat des transports d\u2019Ile-de-France (Stif) envisage d\u2019augmenter d\u2019ici \u00e0 2014 le nombre des dessertes sur la ligne C du RER","breadcrumb":{"@id":"https:\/\/francois-pelletant.fr\/blog\/stif-non-lomnibus\/#breadcrumb"},"inLanguage":"fr-FR","potentialAction":[{"@type":"ReadAction","target":["https:\/\/francois-pelletant.fr\/blog\/stif-non-lomnibus\/"]}]},{"@type":"ImageObject","inLanguage":"fr-FR","@id":"https:\/\/francois-pelletant.fr\/blog\/stif-non-lomnibus\/#primaryimage","url":"https:\/\/francois-pelletant.fr\/blog\/wp-content\/uploads\/2013\/02\/nonalomnibus.jpg","contentUrl":"https:\/\/francois-pelletant.fr\/blog\/wp-content\/uploads\/2013\/02\/nonalomnibus.jpg","width":614,"height":647},{"@type":"BreadcrumbList","@id":"https:\/\/francois-pelletant.fr\/blog\/stif-non-lomnibus\/#breadcrumb","itemListElement":[{"@type":"ListItem","position":1,"name":"Accueil","item":"https:\/\/francois-pelletant.fr\/blog\/"},{"@type":"ListItem","position":2,"name":"Non \u00e0 l\u2019omnibus !"}]},{"@type":"WebSite","@id":"https:\/\/francois-pelletant.fr\/blog\/#website","url":"https:\/\/francois-pelletant.fr\/blog\/","name":"Fran\u00e7ois Pelletant","description":"Maire de Linas, pour toujours.","publisher":{"@id":"https:\/\/francois-pelletant.fr\/blog\/#organization"},"potentialAction":[{"@type":"SearchAction","target":{"@type":"EntryPoint","urlTemplate":"https:\/\/francois-pelletant.fr\/blog\/?s={search_term_string}"},"query-input":{"@type":"PropertyValueSpecification","valueRequired":true,"valueName":"search_term_string"}}],"inLanguage":"fr-FR"},{"@type":"Organization","@id":"https:\/\/francois-pelletant.fr\/blog\/#organization","name":"Fran\u00e7ois Pelletant","url":"https:\/\/francois-pelletant.fr\/blog\/","logo":{"@type":"ImageObject","inLanguage":"fr-FR","@id":"https:\/\/francois-pelletant.fr\/blog\/#\/schema\/logo\/image\/","url":"https:\/\/francois-pelletant.fr\/blog\/wp-content\/uploads\/2024\/07\/icone-francois-centre-500p.png","contentUrl":"https:\/\/francois-pelletant.fr\/blog\/wp-content\/uploads\/2024\/07\/icone-francois-centre-500p.png","width":559,"height":447,"caption":"Fran\u00e7ois Pelletant"},"image":{"@id":"https:\/\/francois-pelletant.fr\/blog\/#\/schema\/logo\/image\/"},"sameAs":["https:\/\/www.facebook.com\/francois.pelletant.7","https:\/\/x.com\/pelletant"]},{"@type":"Person","@id":"https:\/\/francois-pelletant.fr\/blog\/#\/schema\/person\/2be41acb171dff8f31aaed1f40cee9f3","name":"Francois"}]}},"_links":{"self":[{"href":"https:\/\/francois-pelletant.fr\/blog\/wp-json\/wp\/v2\/posts\/3055","targetHints":{"allow":["GET"]}}],"collection":[{"href":"https:\/\/francois-pelletant.fr\/blog\/wp-json\/wp\/v2\/posts"}],"about":[{"href":"https:\/\/francois-pelletant.fr\/blog\/wp-json\/wp\/v2\/types\/post"}],"author":[{"embeddable":true,"href":"https:\/\/francois-pelletant.fr\/blog\/wp-json\/wp\/v2\/users\/1"}],"replies":[{"embeddable":true,"href":"https:\/\/francois-pelletant.fr\/blog\/wp-json\/wp\/v2\/comments?post=3055"}],"version-history":[{"count":0,"href":"https:\/\/francois-pelletant.fr\/blog\/wp-json\/wp\/v2\/posts\/3055\/revisions"}],"wp:featuredmedia":[{"embeddable":true,"href":"https:\/\/francois-pelletant.fr\/blog\/wp-json\/wp\/v2\/media\/3056"}],"wp:attachment":[{"href":"https:\/\/francois-pelletant.fr\/blog\/wp-json\/wp\/v2\/media?parent=3055"}],"wp:term":[{"taxonomy":"category","embeddable":true,"href":"https:\/\/francois-pelletant.fr\/blog\/wp-json\/wp\/v2\/categories?post=3055"},{"taxonomy":"post_tag","embeddable":true,"href":"https:\/\/francois-pelletant.fr\/blog\/wp-json\/wp\/v2\/tags?post=3055"}],"curies":[{"name":"wp","href":"https:\/\/api.w.org\/{rel}","templated":true}]}}