{"id":3097,"date":"2013-02-21T12:27:18","date_gmt":"2013-02-21T10:27:18","guid":{"rendered":"https:\/\/francois-pelletant.fr\/blog\/?p=3097"},"modified":"2017-06-22T09:48:52","modified_gmt":"2017-06-22T09:48:52","slug":"samedi-cest-bineau","status":"publish","type":"post","link":"https:\/\/francois-pelletant.fr\/blog\/samedi-cest-bineau\/","title":{"rendered":"Samedi, c&#8217;est Bineau !"},"content":{"rendered":"<h3><a href=\"https:\/\/francois-pelletant.fr\/blog\/wp-content\/uploads\/2013\/02\/bineau2.jpg\"><img loading=\"lazy\" decoding=\"async\" class=\"alignleft size-medium wp-image-3098\" title=\"bineau2\" src=\"https:\/\/francois-pelletant.fr\/blog\/wp-content\/uploads\/2013\/02\/bineau2-212x300.jpg\" alt=\"\" width=\"212\" height=\"300\" srcset=\"https:\/\/francois-pelletant.fr\/blog\/wp-content\/uploads\/2013\/02\/bineau2-212x300.jpg 212w, https:\/\/francois-pelletant.fr\/blog\/wp-content\/uploads\/2013\/02\/bineau2.jpg 354w\" sizes=\"auto, (max-width: 212px) 100vw, 212px\" \/><\/a>Le Carnaval de Bineau \u00e0 Linas<\/h3>\n<p>Apr\u00e8s le succ\u00e8s de la Boum de Mardis Gras, les enfants sont une nouvelle fois invit\u00e9s \u00e0 faire la f\u00eate \u00e0 Linas ce samedi car c&#8217;est jour de\u00a0<span style=\"font-size: 11px;\">Carnaval !<\/span> Le th\u00e8me \u00e9tant \u00ab\u00a0les sports d\u2019hiver\u00a0\u00bb, tous les d\u00e9guisements sont les bienvenus. Rendez-vous samedi 23 f\u00e9vrier 2013 \u00e0 partir de 14h30 sur la place de la Mairie pour une s\u00e9ance de maquillage et une animation musicale avec le groupe \u00ab\u00a0Phalanges\u00a0\u00bb. Le d\u00e9part du cort\u00e8ge aura lieu \u00e0 16h30, le retour sur la Place \u00e9tant pr\u00e9vu aux alentours de 18h00.<\/p>\n","protected":false},"excerpt":{"rendered":"<p>Le Carnaval de Bineau \u00e0 Linas Apr\u00e8s le succ\u00e8s de la Boum de Mardis Gras, les enfants sont une nouvelle fois invit\u00e9s \u00e0 faire la f\u00eate \u00e0 Linas ce samedi car c&#8217;est jour de\u00a0Carnaval ! Le th\u00e8me \u00e9tant \u00ab\u00a0les sports d\u2019hiver\u00a0\u00bb, tous les d\u00e9guisements sont les bienvenus. Rendez-vous samedi 23 f\u00e9vrier 2013 \u00e0 partir de [&hellip;]<\/p>\n","protected":false},"author":1,"featured_media":3098,"comment_status":"open","ping_status":"open","sticky":false,"template":"","format":"standard","meta":{"footnotes":""},"categories":[10],"tags":[],"class_list":["post-3097","post","type-post","status-publish","format-standard","has-post-thumbnail","hentry","category-1pelletant"],"yoast_head":"<!-- This site is optimized with the Yoast SEO plugin v25.6 - https:\/\/yoast.com\/wordpress\/plugins\/seo\/ -->\n<title>Linas : Samedi, c&#039;est Bineau ! - Fran\u00e7ois Pelletant<\/title>\n<meta name=\"description\" content=\"Les enfants sont une nouvelle fois invit\u00e9s \u00e0 faire la f\u00eate \u00e0 Linas. Ce samedi le carnaval de Bineau \u00e0 pour th\u00e8me le sport d&#039;hiver.\" \/>\n<meta name=\"robots\" content=\"index, follow, max-snippet:-1, max-image-preview:large, max-video-preview:-1\" \/>\n<link rel=\"canonical\" href=\"https:\/\/francois-pelletant.fr\/blog\/samedi-cest-bineau\/\" \/>\n<meta property=\"og:locale\" content=\"fr_FR\" \/>\n<meta property=\"og:type\" content=\"article\" \/>\n<meta property=\"og:title\" content=\"Linas : Samedi, c&#039;est Bineau ! - Fran\u00e7ois Pelletant\" \/>\n<meta property=\"og:description\" content=\"Les enfants sont une nouvelle fois invit\u00e9s \u00e0 faire la f\u00eate \u00e0 Linas. Ce samedi le carnaval de Bineau \u00e0 pour th\u00e8me le sport d&#039;hiver.\" \/>\n<meta property=\"og:url\" content=\"https:\/\/francois-pelletant.fr\/blog\/samedi-cest-bineau\/\" \/>\n<meta property=\"og:site_name\" content=\"Fran\u00e7ois Pelletant\" \/>\n<meta property=\"article:publisher\" content=\"https:\/\/www.facebook.com\/francois.pelletant.7\" \/>\n<meta property=\"article:published_time\" content=\"2013-02-21T10:27:18+00:00\" \/>\n<meta property=\"article:modified_time\" content=\"2017-06-22T09:48:52+00:00\" \/>\n<meta property=\"og:image\" content=\"https:\/\/francois-pelletant.fr\/blog\/wp-content\/uploads\/2013\/02\/bineau2.jpg\" \/>\n\t<meta property=\"og:image:width\" content=\"354\" \/>\n\t<meta property=\"og:image:height\" content=\"500\" \/>\n\t<meta property=\"og:image:type\" content=\"image\/jpeg\" \/>\n<meta name=\"author\" content=\"Francois\" \/>\n<meta name=\"twitter:card\" content=\"summary_large_image\" \/>\n<meta name=\"twitter:creator\" content=\"@pelletant\" \/>\n<meta name=\"twitter:site\" content=\"@pelletant\" \/>\n<meta name=\"twitter:label1\" content=\"\u00c9crit par\" \/>\n\t<meta name=\"twitter:data1\" content=\"Francois\" \/>\n<script type=\"application\/ld+json\" class=\"yoast-schema-graph\">{\"@context\":\"https:\/\/schema.org\",\"@graph\":[{\"@type\":\"Article\",\"@id\":\"https:\/\/francois-pelletant.fr\/blog\/samedi-cest-bineau\/#article\",\"isPartOf\":{\"@id\":\"https:\/\/francois-pelletant.fr\/blog\/samedi-cest-bineau\/\"},\"author\":{\"name\":\"Francois\",\"@id\":\"https:\/\/francois-pelletant.fr\/blog\/#\/schema\/person\/2be41acb171dff8f31aaed1f40cee9f3\"},\"headline\":\"Samedi, c&#8217;est Bineau !\",\"datePublished\":\"2013-02-21T10:27:18+00:00\",\"dateModified\":\"2017-06-22T09:48:52+00:00\",\"mainEntityOfPage\":{\"@id\":\"https:\/\/francois-pelletant.fr\/blog\/samedi-cest-bineau\/\"},\"wordCount\":104,\"commentCount\":0,\"publisher\":{\"@id\":\"https:\/\/francois-pelletant.fr\/blog\/#organization\"},\"image\":{\"@id\":\"https:\/\/francois-pelletant.fr\/blog\/samedi-cest-bineau\/#primaryimage\"},\"thumbnailUrl\":\"https:\/\/francois-pelletant.fr\/blog\/wp-content\/uploads\/2013\/02\/bineau2.jpg\",\"articleSection\":[\"Infos\"],\"inLanguage\":\"fr-FR\",\"potentialAction\":[{\"@type\":\"CommentAction\",\"name\":\"Comment\",\"target\":[\"https:\/\/francois-pelletant.fr\/blog\/samedi-cest-bineau\/#respond\"]}]},{\"@type\":\"WebPage\",\"@id\":\"https:\/\/francois-pelletant.fr\/blog\/samedi-cest-bineau\/\",\"url\":\"https:\/\/francois-pelletant.fr\/blog\/samedi-cest-bineau\/\",\"name\":\"Linas : Samedi, c'est Bineau ! - Fran\u00e7ois Pelletant\",\"isPartOf\":{\"@id\":\"https:\/\/francois-pelletant.fr\/blog\/#website\"},\"primaryImageOfPage\":{\"@id\":\"https:\/\/francois-pelletant.fr\/blog\/samedi-cest-bineau\/#primaryimage\"},\"image\":{\"@id\":\"https:\/\/francois-pelletant.fr\/blog\/samedi-cest-bineau\/#primaryimage\"},\"thumbnailUrl\":\"https:\/\/francois-pelletant.fr\/blog\/wp-content\/uploads\/2013\/02\/bineau2.jpg\",\"datePublished\":\"2013-02-21T10:27:18+00:00\",\"dateModified\":\"2017-06-22T09:48:52+00:00\",\"description\":\"Les enfants sont une nouvelle fois invit\u00e9s \u00e0 faire la f\u00eate \u00e0 Linas. Ce samedi le carnaval de Bineau \u00e0 pour th\u00e8me le sport d'hiver.\",\"breadcrumb\":{\"@id\":\"https:\/\/francois-pelletant.fr\/blog\/samedi-cest-bineau\/#breadcrumb\"},\"inLanguage\":\"fr-FR\",\"potentialAction\":[{\"@type\":\"ReadAction\",\"target\":[\"https:\/\/francois-pelletant.fr\/blog\/samedi-cest-bineau\/\"]}]},{\"@type\":\"ImageObject\",\"inLanguage\":\"fr-FR\",\"@id\":\"https:\/\/francois-pelletant.fr\/blog\/samedi-cest-bineau\/#primaryimage\",\"url\":\"https:\/\/francois-pelletant.fr\/blog\/wp-content\/uploads\/2013\/02\/bineau2.jpg\",\"contentUrl\":\"https:\/\/francois-pelletant.fr\/blog\/wp-content\/uploads\/2013\/02\/bineau2.jpg\",\"width\":354,\"height\":500},{\"@type\":\"BreadcrumbList\",\"@id\":\"https:\/\/francois-pelletant.fr\/blog\/samedi-cest-bineau\/#breadcrumb\",\"itemListElement\":[{\"@type\":\"ListItem\",\"position\":1,\"name\":\"Accueil\",\"item\":\"https:\/\/francois-pelletant.fr\/blog\/\"},{\"@type\":\"ListItem\",\"position\":2,\"name\":\"Samedi, c&#8217;est Bineau !\"}]},{\"@type\":\"WebSite\",\"@id\":\"https:\/\/francois-pelletant.fr\/blog\/#website\",\"url\":\"https:\/\/francois-pelletant.fr\/blog\/\",\"name\":\"Fran\u00e7ois Pelletant\",\"description\":\"Maire de Linas, pour toujours.\",\"publisher\":{\"@id\":\"https:\/\/francois-pelletant.fr\/blog\/#organization\"},\"potentialAction\":[{\"@type\":\"SearchAction\",\"target\":{\"@type\":\"EntryPoint\",\"urlTemplate\":\"https:\/\/francois-pelletant.fr\/blog\/?s={search_term_string}\"},\"query-input\":{\"@type\":\"PropertyValueSpecification\",\"valueRequired\":true,\"valueName\":\"search_term_string\"}}],\"inLanguage\":\"fr-FR\"},{\"@type\":\"Organization\",\"@id\":\"https:\/\/francois-pelletant.fr\/blog\/#organization\",\"name\":\"Fran\u00e7ois Pelletant\",\"url\":\"https:\/\/francois-pelletant.fr\/blog\/\",\"logo\":{\"@type\":\"ImageObject\",\"inLanguage\":\"fr-FR\",\"@id\":\"https:\/\/francois-pelletant.fr\/blog\/#\/schema\/logo\/image\/\",\"url\":\"https:\/\/francois-pelletant.fr\/blog\/wp-content\/uploads\/2024\/07\/icone-francois-centre-500p.png\",\"contentUrl\":\"https:\/\/francois-pelletant.fr\/blog\/wp-content\/uploads\/2024\/07\/icone-francois-centre-500p.png\",\"width\":559,\"height\":447,\"caption\":\"Fran\u00e7ois Pelletant\"},\"image\":{\"@id\":\"https:\/\/francois-pelletant.fr\/blog\/#\/schema\/logo\/image\/\"},\"sameAs\":[\"https:\/\/www.facebook.com\/francois.pelletant.7\",\"https:\/\/x.com\/pelletant\"]},{\"@type\":\"Person\",\"@id\":\"https:\/\/francois-pelletant.fr\/blog\/#\/schema\/person\/2be41acb171dff8f31aaed1f40cee9f3\",\"name\":\"Francois\"}]}<\/script>\n<!-- \/ Yoast SEO plugin. -->","yoast_head_json":{"title":"Linas : Samedi, c'est Bineau ! - Fran\u00e7ois Pelletant","description":"Les enfants sont une nouvelle fois invit\u00e9s \u00e0 faire la f\u00eate \u00e0 Linas. Ce samedi le carnaval de Bineau \u00e0 pour th\u00e8me le sport d'hiver.","robots":{"index":"index","follow":"follow","max-snippet":"max-snippet:-1","max-image-preview":"max-image-preview:large","max-video-preview":"max-video-preview:-1"},"canonical":"https:\/\/francois-pelletant.fr\/blog\/samedi-cest-bineau\/","og_locale":"fr_FR","og_type":"article","og_title":"Linas : Samedi, c'est Bineau ! - Fran\u00e7ois Pelletant","og_description":"Les enfants sont une nouvelle fois invit\u00e9s \u00e0 faire la f\u00eate \u00e0 Linas. Ce samedi le carnaval de Bineau \u00e0 pour th\u00e8me le sport d'hiver.","og_url":"https:\/\/francois-pelletant.fr\/blog\/samedi-cest-bineau\/","og_site_name":"Fran\u00e7ois Pelletant","article_publisher":"https:\/\/www.facebook.com\/francois.pelletant.7","article_published_time":"2013-02-21T10:27:18+00:00","article_modified_time":"2017-06-22T09:48:52+00:00","og_image":[{"width":354,"height":500,"url":"https:\/\/francois-pelletant.fr\/blog\/wp-content\/uploads\/2013\/02\/bineau2.jpg","type":"image\/jpeg"}],"author":"Francois","twitter_card":"summary_large_image","twitter_creator":"@pelletant","twitter_site":"@pelletant","twitter_misc":{"\u00c9crit par":"Francois"},"schema":{"@context":"https:\/\/schema.org","@graph":[{"@type":"Article","@id":"https:\/\/francois-pelletant.fr\/blog\/samedi-cest-bineau\/#article","isPartOf":{"@id":"https:\/\/francois-pelletant.fr\/blog\/samedi-cest-bineau\/"},"author":{"name":"Francois","@id":"https:\/\/francois-pelletant.fr\/blog\/#\/schema\/person\/2be41acb171dff8f31aaed1f40cee9f3"},"headline":"Samedi, c&#8217;est Bineau !","datePublished":"2013-02-21T10:27:18+00:00","dateModified":"2017-06-22T09:48:52+00:00","mainEntityOfPage":{"@id":"https:\/\/francois-pelletant.fr\/blog\/samedi-cest-bineau\/"},"wordCount":104,"commentCount":0,"publisher":{"@id":"https:\/\/francois-pelletant.fr\/blog\/#organization"},"image":{"@id":"https:\/\/francois-pelletant.fr\/blog\/samedi-cest-bineau\/#primaryimage"},"thumbnailUrl":"https:\/\/francois-pelletant.fr\/blog\/wp-content\/uploads\/2013\/02\/bineau2.jpg","articleSection":["Infos"],"inLanguage":"fr-FR","potentialAction":[{"@type":"CommentAction","name":"Comment","target":["https:\/\/francois-pelletant.fr\/blog\/samedi-cest-bineau\/#respond"]}]},{"@type":"WebPage","@id":"https:\/\/francois-pelletant.fr\/blog\/samedi-cest-bineau\/","url":"https:\/\/francois-pelletant.fr\/blog\/samedi-cest-bineau\/","name":"Linas : Samedi, c'est Bineau ! - Fran\u00e7ois Pelletant","isPartOf":{"@id":"https:\/\/francois-pelletant.fr\/blog\/#website"},"primaryImageOfPage":{"@id":"https:\/\/francois-pelletant.fr\/blog\/samedi-cest-bineau\/#primaryimage"},"image":{"@id":"https:\/\/francois-pelletant.fr\/blog\/samedi-cest-bineau\/#primaryimage"},"thumbnailUrl":"https:\/\/francois-pelletant.fr\/blog\/wp-content\/uploads\/2013\/02\/bineau2.jpg","datePublished":"2013-02-21T10:27:18+00:00","dateModified":"2017-06-22T09:48:52+00:00","description":"Les enfants sont une nouvelle fois invit\u00e9s \u00e0 faire la f\u00eate \u00e0 Linas. Ce samedi le carnaval de Bineau \u00e0 pour th\u00e8me le sport d'hiver.","breadcrumb":{"@id":"https:\/\/francois-pelletant.fr\/blog\/samedi-cest-bineau\/#breadcrumb"},"inLanguage":"fr-FR","potentialAction":[{"@type":"ReadAction","target":["https:\/\/francois-pelletant.fr\/blog\/samedi-cest-bineau\/"]}]},{"@type":"ImageObject","inLanguage":"fr-FR","@id":"https:\/\/francois-pelletant.fr\/blog\/samedi-cest-bineau\/#primaryimage","url":"https:\/\/francois-pelletant.fr\/blog\/wp-content\/uploads\/2013\/02\/bineau2.jpg","contentUrl":"https:\/\/francois-pelletant.fr\/blog\/wp-content\/uploads\/2013\/02\/bineau2.jpg","width":354,"height":500},{"@type":"BreadcrumbList","@id":"https:\/\/francois-pelletant.fr\/blog\/samedi-cest-bineau\/#breadcrumb","itemListElement":[{"@type":"ListItem","position":1,"name":"Accueil","item":"https:\/\/francois-pelletant.fr\/blog\/"},{"@type":"ListItem","position":2,"name":"Samedi, c&#8217;est Bineau !"}]},{"@type":"WebSite","@id":"https:\/\/francois-pelletant.fr\/blog\/#website","url":"https:\/\/francois-pelletant.fr\/blog\/","name":"Fran\u00e7ois Pelletant","description":"Maire de Linas, pour toujours.","publisher":{"@id":"https:\/\/francois-pelletant.fr\/blog\/#organization"},"potentialAction":[{"@type":"SearchAction","target":{"@type":"EntryPoint","urlTemplate":"https:\/\/francois-pelletant.fr\/blog\/?s={search_term_string}"},"query-input":{"@type":"PropertyValueSpecification","valueRequired":true,"valueName":"search_term_string"}}],"inLanguage":"fr-FR"},{"@type":"Organization","@id":"https:\/\/francois-pelletant.fr\/blog\/#organization","name":"Fran\u00e7ois Pelletant","url":"https:\/\/francois-pelletant.fr\/blog\/","logo":{"@type":"ImageObject","inLanguage":"fr-FR","@id":"https:\/\/francois-pelletant.fr\/blog\/#\/schema\/logo\/image\/","url":"https:\/\/francois-pelletant.fr\/blog\/wp-content\/uploads\/2024\/07\/icone-francois-centre-500p.png","contentUrl":"https:\/\/francois-pelletant.fr\/blog\/wp-content\/uploads\/2024\/07\/icone-francois-centre-500p.png","width":559,"height":447,"caption":"Fran\u00e7ois Pelletant"},"image":{"@id":"https:\/\/francois-pelletant.fr\/blog\/#\/schema\/logo\/image\/"},"sameAs":["https:\/\/www.facebook.com\/francois.pelletant.7","https:\/\/x.com\/pelletant"]},{"@type":"Person","@id":"https:\/\/francois-pelletant.fr\/blog\/#\/schema\/person\/2be41acb171dff8f31aaed1f40cee9f3","name":"Francois"}]}},"_links":{"self":[{"href":"https:\/\/francois-pelletant.fr\/blog\/wp-json\/wp\/v2\/posts\/3097","targetHints":{"allow":["GET"]}}],"collection":[{"href":"https:\/\/francois-pelletant.fr\/blog\/wp-json\/wp\/v2\/posts"}],"about":[{"href":"https:\/\/francois-pelletant.fr\/blog\/wp-json\/wp\/v2\/types\/post"}],"author":[{"embeddable":true,"href":"https:\/\/francois-pelletant.fr\/blog\/wp-json\/wp\/v2\/users\/1"}],"replies":[{"embeddable":true,"href":"https:\/\/francois-pelletant.fr\/blog\/wp-json\/wp\/v2\/comments?post=3097"}],"version-history":[{"count":0,"href":"https:\/\/francois-pelletant.fr\/blog\/wp-json\/wp\/v2\/posts\/3097\/revisions"}],"wp:featuredmedia":[{"embeddable":true,"href":"https:\/\/francois-pelletant.fr\/blog\/wp-json\/wp\/v2\/media\/3098"}],"wp:attachment":[{"href":"https:\/\/francois-pelletant.fr\/blog\/wp-json\/wp\/v2\/media?parent=3097"}],"wp:term":[{"taxonomy":"category","embeddable":true,"href":"https:\/\/francois-pelletant.fr\/blog\/wp-json\/wp\/v2\/categories?post=3097"},{"taxonomy":"post_tag","embeddable":true,"href":"https:\/\/francois-pelletant.fr\/blog\/wp-json\/wp\/v2\/tags?post=3097"}],"curies":[{"name":"wp","href":"https:\/\/api.w.org\/{rel}","templated":true}]}}