{"id":3176,"date":"2013-03-19T10:39:08","date_gmt":"2013-03-19T08:39:08","guid":{"rendered":"https:\/\/francois-pelletant.fr\/blog\/?p=3176"},"modified":"2017-06-15T12:40:58","modified_gmt":"2017-06-15T12:40:58","slug":"voyance-un-salon-linas","status":"publish","type":"post","link":"https:\/\/francois-pelletant.fr\/blog\/voyance-un-salon-linas\/","title":{"rendered":"Voyance : un salon \u00e0 Linas"},"content":{"rendered":"<h3><a href=\"https:\/\/francois-pelletant.fr\/blog\/wp-content\/uploads\/2013\/03\/P1040655.jpg\"><img loading=\"lazy\" decoding=\"async\" class=\"alignleft size-medium wp-image-3177\" title=\"P1040655\" src=\"https:\/\/francois-pelletant.fr\/blog\/wp-content\/uploads\/2013\/03\/P1040655-224x300.jpg\" alt=\"\" width=\"224\" height=\"300\" \/><\/a>Linas lit votre avenir<\/h3>\n<p>Pour la seconde ann\u00e9e, Linas organise le salon de la voyance. Du 22 au 24 mars 2013, l\u2019Espace Carzou accueille de nombreux stands : astrologie, \u00a0num\u00e9rologie et de tarologie. Des m\u00e9diums seront \u00e0 votre disposition et vous pourrez ainsi acheter des produits et livres \u00e9sot\u00e9riques. L\u2019entr\u00e9e est libre\u00a0: le vendredi 22 mars de 14h \u00e0 20h, le samedi 23 et le dimanche 24 mars 2013 de 10h \u00e0 20h sans interruption. Renseignements au 06.74.71.68.31 et sur Internet\u00a0: www.reiki-tarot.fr<\/p>\n","protected":false},"excerpt":{"rendered":"<p>Linas lit votre avenir Pour la seconde ann\u00e9e, Linas organise le salon de la voyance. Du 22 au 24 mars 2013, l\u2019Espace Carzou accueille de nombreux stands : astrologie, \u00a0num\u00e9rologie et de tarologie. Des m\u00e9diums seront \u00e0 votre disposition et vous pourrez ainsi acheter des produits et livres \u00e9sot\u00e9riques. L\u2019entr\u00e9e est libre\u00a0: le vendredi 22 [&hellip;]<\/p>\n","protected":false},"author":1,"featured_media":3177,"comment_status":"open","ping_status":"open","sticky":false,"template":"","format":"standard","meta":{"footnotes":""},"categories":[10],"tags":[],"class_list":["post-3176","post","type-post","status-publish","format-standard","has-post-thumbnail","hentry","category-1pelletant"],"yoast_head":"<!-- This site is optimized with the Yoast SEO plugin v25.6 - https:\/\/yoast.com\/wordpress\/plugins\/seo\/ -->\n<title>Voyance : un salon \u00e0 Linas - Fran\u00e7ois Pelletant<\/title>\n<meta name=\"description\" content=\"Du 22 au 24 mars 2013,Linas organise le salon de la voyance. De nombreux stands vous attendent \u00e0 l&#039;Espace Carzou.\" \/>\n<meta name=\"robots\" content=\"index, follow, max-snippet:-1, max-image-preview:large, max-video-preview:-1\" \/>\n<link rel=\"canonical\" href=\"https:\/\/francois-pelletant.fr\/blog\/voyance-un-salon-linas\/\" \/>\n<meta property=\"og:locale\" content=\"fr_FR\" \/>\n<meta property=\"og:type\" content=\"article\" \/>\n<meta property=\"og:title\" content=\"Voyance : un salon \u00e0 Linas - Fran\u00e7ois Pelletant\" \/>\n<meta property=\"og:description\" content=\"Du 22 au 24 mars 2013,Linas organise le salon de la voyance. De nombreux stands vous attendent \u00e0 l&#039;Espace Carzou.\" \/>\n<meta property=\"og:url\" content=\"https:\/\/francois-pelletant.fr\/blog\/voyance-un-salon-linas\/\" \/>\n<meta property=\"og:site_name\" content=\"Fran\u00e7ois Pelletant\" \/>\n<meta property=\"article:publisher\" content=\"https:\/\/www.facebook.com\/francois.pelletant.7\" \/>\n<meta property=\"article:published_time\" content=\"2013-03-19T08:39:08+00:00\" \/>\n<meta property=\"article:modified_time\" content=\"2017-06-15T12:40:58+00:00\" \/>\n<meta property=\"og:image\" content=\"https:\/\/francois-pelletant.fr\/blog\/wp-content\/uploads\/2013\/03\/P1040655.jpg\" \/>\n\t<meta property=\"og:image:width\" content=\"664\" \/>\n\t<meta property=\"og:image:height\" content=\"886\" \/>\n\t<meta property=\"og:image:type\" content=\"image\/jpeg\" \/>\n<meta name=\"author\" content=\"Francois\" \/>\n<meta name=\"twitter:card\" content=\"summary_large_image\" \/>\n<meta name=\"twitter:creator\" content=\"@pelletant\" \/>\n<meta name=\"twitter:site\" content=\"@pelletant\" \/>\n<meta name=\"twitter:label1\" content=\"\u00c9crit par\" \/>\n\t<meta name=\"twitter:data1\" content=\"Francois\" \/>\n<script type=\"application\/ld+json\" class=\"yoast-schema-graph\">{\"@context\":\"https:\/\/schema.org\",\"@graph\":[{\"@type\":\"Article\",\"@id\":\"https:\/\/francois-pelletant.fr\/blog\/voyance-un-salon-linas\/#article\",\"isPartOf\":{\"@id\":\"https:\/\/francois-pelletant.fr\/blog\/voyance-un-salon-linas\/\"},\"author\":{\"name\":\"Francois\",\"@id\":\"https:\/\/francois-pelletant.fr\/blog\/#\/schema\/person\/2be41acb171dff8f31aaed1f40cee9f3\"},\"headline\":\"Voyance : un salon \u00e0 Linas\",\"datePublished\":\"2013-03-19T08:39:08+00:00\",\"dateModified\":\"2017-06-15T12:40:58+00:00\",\"mainEntityOfPage\":{\"@id\":\"https:\/\/francois-pelletant.fr\/blog\/voyance-un-salon-linas\/\"},\"wordCount\":83,\"commentCount\":1,\"publisher\":{\"@id\":\"https:\/\/francois-pelletant.fr\/blog\/#organization\"},\"image\":{\"@id\":\"https:\/\/francois-pelletant.fr\/blog\/voyance-un-salon-linas\/#primaryimage\"},\"thumbnailUrl\":\"https:\/\/francois-pelletant.fr\/blog\/wp-content\/uploads\/2013\/03\/P1040655.jpg\",\"articleSection\":[\"Infos\"],\"inLanguage\":\"fr-FR\",\"potentialAction\":[{\"@type\":\"CommentAction\",\"name\":\"Comment\",\"target\":[\"https:\/\/francois-pelletant.fr\/blog\/voyance-un-salon-linas\/#respond\"]}]},{\"@type\":\"WebPage\",\"@id\":\"https:\/\/francois-pelletant.fr\/blog\/voyance-un-salon-linas\/\",\"url\":\"https:\/\/francois-pelletant.fr\/blog\/voyance-un-salon-linas\/\",\"name\":\"Voyance : un salon \u00e0 Linas - Fran\u00e7ois Pelletant\",\"isPartOf\":{\"@id\":\"https:\/\/francois-pelletant.fr\/blog\/#website\"},\"primaryImageOfPage\":{\"@id\":\"https:\/\/francois-pelletant.fr\/blog\/voyance-un-salon-linas\/#primaryimage\"},\"image\":{\"@id\":\"https:\/\/francois-pelletant.fr\/blog\/voyance-un-salon-linas\/#primaryimage\"},\"thumbnailUrl\":\"https:\/\/francois-pelletant.fr\/blog\/wp-content\/uploads\/2013\/03\/P1040655.jpg\",\"datePublished\":\"2013-03-19T08:39:08+00:00\",\"dateModified\":\"2017-06-15T12:40:58+00:00\",\"description\":\"Du 22 au 24 mars 2013,Linas organise le salon de la voyance. De nombreux stands vous attendent \u00e0 l'Espace Carzou.\",\"breadcrumb\":{\"@id\":\"https:\/\/francois-pelletant.fr\/blog\/voyance-un-salon-linas\/#breadcrumb\"},\"inLanguage\":\"fr-FR\",\"potentialAction\":[{\"@type\":\"ReadAction\",\"target\":[\"https:\/\/francois-pelletant.fr\/blog\/voyance-un-salon-linas\/\"]}]},{\"@type\":\"ImageObject\",\"inLanguage\":\"fr-FR\",\"@id\":\"https:\/\/francois-pelletant.fr\/blog\/voyance-un-salon-linas\/#primaryimage\",\"url\":\"https:\/\/francois-pelletant.fr\/blog\/wp-content\/uploads\/2013\/03\/P1040655.jpg\",\"contentUrl\":\"https:\/\/francois-pelletant.fr\/blog\/wp-content\/uploads\/2013\/03\/P1040655.jpg\",\"width\":664,\"height\":886},{\"@type\":\"BreadcrumbList\",\"@id\":\"https:\/\/francois-pelletant.fr\/blog\/voyance-un-salon-linas\/#breadcrumb\",\"itemListElement\":[{\"@type\":\"ListItem\",\"position\":1,\"name\":\"Accueil\",\"item\":\"https:\/\/francois-pelletant.fr\/blog\/\"},{\"@type\":\"ListItem\",\"position\":2,\"name\":\"Voyance : un salon \u00e0 Linas\"}]},{\"@type\":\"WebSite\",\"@id\":\"https:\/\/francois-pelletant.fr\/blog\/#website\",\"url\":\"https:\/\/francois-pelletant.fr\/blog\/\",\"name\":\"Fran\u00e7ois Pelletant\",\"description\":\"Maire de Linas, pour toujours.\",\"publisher\":{\"@id\":\"https:\/\/francois-pelletant.fr\/blog\/#organization\"},\"potentialAction\":[{\"@type\":\"SearchAction\",\"target\":{\"@type\":\"EntryPoint\",\"urlTemplate\":\"https:\/\/francois-pelletant.fr\/blog\/?s={search_term_string}\"},\"query-input\":{\"@type\":\"PropertyValueSpecification\",\"valueRequired\":true,\"valueName\":\"search_term_string\"}}],\"inLanguage\":\"fr-FR\"},{\"@type\":\"Organization\",\"@id\":\"https:\/\/francois-pelletant.fr\/blog\/#organization\",\"name\":\"Fran\u00e7ois Pelletant\",\"url\":\"https:\/\/francois-pelletant.fr\/blog\/\",\"logo\":{\"@type\":\"ImageObject\",\"inLanguage\":\"fr-FR\",\"@id\":\"https:\/\/francois-pelletant.fr\/blog\/#\/schema\/logo\/image\/\",\"url\":\"https:\/\/francois-pelletant.fr\/blog\/wp-content\/uploads\/2024\/07\/icone-francois-centre-500p.png\",\"contentUrl\":\"https:\/\/francois-pelletant.fr\/blog\/wp-content\/uploads\/2024\/07\/icone-francois-centre-500p.png\",\"width\":559,\"height\":447,\"caption\":\"Fran\u00e7ois Pelletant\"},\"image\":{\"@id\":\"https:\/\/francois-pelletant.fr\/blog\/#\/schema\/logo\/image\/\"},\"sameAs\":[\"https:\/\/www.facebook.com\/francois.pelletant.7\",\"https:\/\/x.com\/pelletant\"]},{\"@type\":\"Person\",\"@id\":\"https:\/\/francois-pelletant.fr\/blog\/#\/schema\/person\/2be41acb171dff8f31aaed1f40cee9f3\",\"name\":\"Francois\"}]}<\/script>\n<!-- \/ Yoast SEO plugin. -->","yoast_head_json":{"title":"Voyance : un salon \u00e0 Linas - Fran\u00e7ois Pelletant","description":"Du 22 au 24 mars 2013,Linas organise le salon de la voyance. De nombreux stands vous attendent \u00e0 l'Espace Carzou.","robots":{"index":"index","follow":"follow","max-snippet":"max-snippet:-1","max-image-preview":"max-image-preview:large","max-video-preview":"max-video-preview:-1"},"canonical":"https:\/\/francois-pelletant.fr\/blog\/voyance-un-salon-linas\/","og_locale":"fr_FR","og_type":"article","og_title":"Voyance : un salon \u00e0 Linas - Fran\u00e7ois Pelletant","og_description":"Du 22 au 24 mars 2013,Linas organise le salon de la voyance. De nombreux stands vous attendent \u00e0 l'Espace Carzou.","og_url":"https:\/\/francois-pelletant.fr\/blog\/voyance-un-salon-linas\/","og_site_name":"Fran\u00e7ois Pelletant","article_publisher":"https:\/\/www.facebook.com\/francois.pelletant.7","article_published_time":"2013-03-19T08:39:08+00:00","article_modified_time":"2017-06-15T12:40:58+00:00","og_image":[{"width":664,"height":886,"url":"https:\/\/francois-pelletant.fr\/blog\/wp-content\/uploads\/2013\/03\/P1040655.jpg","type":"image\/jpeg"}],"author":"Francois","twitter_card":"summary_large_image","twitter_creator":"@pelletant","twitter_site":"@pelletant","twitter_misc":{"\u00c9crit par":"Francois"},"schema":{"@context":"https:\/\/schema.org","@graph":[{"@type":"Article","@id":"https:\/\/francois-pelletant.fr\/blog\/voyance-un-salon-linas\/#article","isPartOf":{"@id":"https:\/\/francois-pelletant.fr\/blog\/voyance-un-salon-linas\/"},"author":{"name":"Francois","@id":"https:\/\/francois-pelletant.fr\/blog\/#\/schema\/person\/2be41acb171dff8f31aaed1f40cee9f3"},"headline":"Voyance : un salon \u00e0 Linas","datePublished":"2013-03-19T08:39:08+00:00","dateModified":"2017-06-15T12:40:58+00:00","mainEntityOfPage":{"@id":"https:\/\/francois-pelletant.fr\/blog\/voyance-un-salon-linas\/"},"wordCount":83,"commentCount":1,"publisher":{"@id":"https:\/\/francois-pelletant.fr\/blog\/#organization"},"image":{"@id":"https:\/\/francois-pelletant.fr\/blog\/voyance-un-salon-linas\/#primaryimage"},"thumbnailUrl":"https:\/\/francois-pelletant.fr\/blog\/wp-content\/uploads\/2013\/03\/P1040655.jpg","articleSection":["Infos"],"inLanguage":"fr-FR","potentialAction":[{"@type":"CommentAction","name":"Comment","target":["https:\/\/francois-pelletant.fr\/blog\/voyance-un-salon-linas\/#respond"]}]},{"@type":"WebPage","@id":"https:\/\/francois-pelletant.fr\/blog\/voyance-un-salon-linas\/","url":"https:\/\/francois-pelletant.fr\/blog\/voyance-un-salon-linas\/","name":"Voyance : un salon \u00e0 Linas - Fran\u00e7ois Pelletant","isPartOf":{"@id":"https:\/\/francois-pelletant.fr\/blog\/#website"},"primaryImageOfPage":{"@id":"https:\/\/francois-pelletant.fr\/blog\/voyance-un-salon-linas\/#primaryimage"},"image":{"@id":"https:\/\/francois-pelletant.fr\/blog\/voyance-un-salon-linas\/#primaryimage"},"thumbnailUrl":"https:\/\/francois-pelletant.fr\/blog\/wp-content\/uploads\/2013\/03\/P1040655.jpg","datePublished":"2013-03-19T08:39:08+00:00","dateModified":"2017-06-15T12:40:58+00:00","description":"Du 22 au 24 mars 2013,Linas organise le salon de la voyance. De nombreux stands vous attendent \u00e0 l'Espace Carzou.","breadcrumb":{"@id":"https:\/\/francois-pelletant.fr\/blog\/voyance-un-salon-linas\/#breadcrumb"},"inLanguage":"fr-FR","potentialAction":[{"@type":"ReadAction","target":["https:\/\/francois-pelletant.fr\/blog\/voyance-un-salon-linas\/"]}]},{"@type":"ImageObject","inLanguage":"fr-FR","@id":"https:\/\/francois-pelletant.fr\/blog\/voyance-un-salon-linas\/#primaryimage","url":"https:\/\/francois-pelletant.fr\/blog\/wp-content\/uploads\/2013\/03\/P1040655.jpg","contentUrl":"https:\/\/francois-pelletant.fr\/blog\/wp-content\/uploads\/2013\/03\/P1040655.jpg","width":664,"height":886},{"@type":"BreadcrumbList","@id":"https:\/\/francois-pelletant.fr\/blog\/voyance-un-salon-linas\/#breadcrumb","itemListElement":[{"@type":"ListItem","position":1,"name":"Accueil","item":"https:\/\/francois-pelletant.fr\/blog\/"},{"@type":"ListItem","position":2,"name":"Voyance : un salon \u00e0 Linas"}]},{"@type":"WebSite","@id":"https:\/\/francois-pelletant.fr\/blog\/#website","url":"https:\/\/francois-pelletant.fr\/blog\/","name":"Fran\u00e7ois Pelletant","description":"Maire de Linas, pour toujours.","publisher":{"@id":"https:\/\/francois-pelletant.fr\/blog\/#organization"},"potentialAction":[{"@type":"SearchAction","target":{"@type":"EntryPoint","urlTemplate":"https:\/\/francois-pelletant.fr\/blog\/?s={search_term_string}"},"query-input":{"@type":"PropertyValueSpecification","valueRequired":true,"valueName":"search_term_string"}}],"inLanguage":"fr-FR"},{"@type":"Organization","@id":"https:\/\/francois-pelletant.fr\/blog\/#organization","name":"Fran\u00e7ois Pelletant","url":"https:\/\/francois-pelletant.fr\/blog\/","logo":{"@type":"ImageObject","inLanguage":"fr-FR","@id":"https:\/\/francois-pelletant.fr\/blog\/#\/schema\/logo\/image\/","url":"https:\/\/francois-pelletant.fr\/blog\/wp-content\/uploads\/2024\/07\/icone-francois-centre-500p.png","contentUrl":"https:\/\/francois-pelletant.fr\/blog\/wp-content\/uploads\/2024\/07\/icone-francois-centre-500p.png","width":559,"height":447,"caption":"Fran\u00e7ois Pelletant"},"image":{"@id":"https:\/\/francois-pelletant.fr\/blog\/#\/schema\/logo\/image\/"},"sameAs":["https:\/\/www.facebook.com\/francois.pelletant.7","https:\/\/x.com\/pelletant"]},{"@type":"Person","@id":"https:\/\/francois-pelletant.fr\/blog\/#\/schema\/person\/2be41acb171dff8f31aaed1f40cee9f3","name":"Francois"}]}},"_links":{"self":[{"href":"https:\/\/francois-pelletant.fr\/blog\/wp-json\/wp\/v2\/posts\/3176","targetHints":{"allow":["GET"]}}],"collection":[{"href":"https:\/\/francois-pelletant.fr\/blog\/wp-json\/wp\/v2\/posts"}],"about":[{"href":"https:\/\/francois-pelletant.fr\/blog\/wp-json\/wp\/v2\/types\/post"}],"author":[{"embeddable":true,"href":"https:\/\/francois-pelletant.fr\/blog\/wp-json\/wp\/v2\/users\/1"}],"replies":[{"embeddable":true,"href":"https:\/\/francois-pelletant.fr\/blog\/wp-json\/wp\/v2\/comments?post=3176"}],"version-history":[{"count":0,"href":"https:\/\/francois-pelletant.fr\/blog\/wp-json\/wp\/v2\/posts\/3176\/revisions"}],"wp:featuredmedia":[{"embeddable":true,"href":"https:\/\/francois-pelletant.fr\/blog\/wp-json\/wp\/v2\/media\/3177"}],"wp:attachment":[{"href":"https:\/\/francois-pelletant.fr\/blog\/wp-json\/wp\/v2\/media?parent=3176"}],"wp:term":[{"taxonomy":"category","embeddable":true,"href":"https:\/\/francois-pelletant.fr\/blog\/wp-json\/wp\/v2\/categories?post=3176"},{"taxonomy":"post_tag","embeddable":true,"href":"https:\/\/francois-pelletant.fr\/blog\/wp-json\/wp\/v2\/tags?post=3176"}],"curies":[{"name":"wp","href":"https:\/\/api.w.org\/{rel}","templated":true}]}}