{"id":3235,"date":"2013-04-08T11:23:49","date_gmt":"2013-04-08T09:23:49","guid":{"rendered":"https:\/\/francois-pelletant.fr\/blog\/?p=3235"},"modified":"2017-06-15T08:23:17","modified_gmt":"2017-06-15T08:23:17","slug":"des-collegiens-en-mairie","status":"publish","type":"post","link":"https:\/\/francois-pelletant.fr\/blog\/des-collegiens-en-mairie\/","title":{"rendered":"Des coll\u00e9giens en mairie"},"content":{"rendered":"<h3><a href=\"https:\/\/francois-pelletant.fr\/blog\/wp-content\/uploads\/2013\/04\/jeunes-collegiens-mairie-5-avril.jpg\"><img loading=\"lazy\" decoding=\"async\" class=\"alignleft size-medium wp-image-3236\" title=\"jeunes collegiens mairie 5 avril\" src=\"https:\/\/francois-pelletant.fr\/blog\/wp-content\/uploads\/2013\/04\/jeunes-collegiens-mairie-5-avril-224x300.jpg\" alt=\"\" width=\"224\" height=\"300\" \/><\/a>Les coll\u00e9giens \u00e0 la d\u00e9couverte de la d\u00e9mocratie locale<\/h3>\n<p>La Mairie de Linas accueille une trentaine d\u2019\u00e9l\u00e8ves de 4<sup>\u00e8me<\/sup> du coll\u00e8ge Paul Fort de Montlh\u00e9ry. Pendant deux jours, les coll\u00e9giens ont alors \u00a0pu d\u00e9couvrir les services administratifs et techniques de la ville. Cet immersion est en effet n\u00e9cessaire pour\u00a0des coll\u00e9giens parfois intimid\u00e9s par l\u2019institution. J\u2019ai donc eu le plaisir de tous les recevoir vendredi matin au cours d\u2019une matin\u00e9e d\u2019\u00e9changes et de d\u00e9bats sur les missions municipales et le mandat de Maire.<\/p>\n","protected":false},"excerpt":{"rendered":"<p>Les coll\u00e9giens \u00e0 la d\u00e9couverte de la d\u00e9mocratie locale La Mairie de Linas accueille une trentaine d\u2019\u00e9l\u00e8ves de 4\u00e8me du coll\u00e8ge Paul Fort de Montlh\u00e9ry. Pendant deux jours, les coll\u00e9giens ont alors \u00a0pu d\u00e9couvrir les services administratifs et techniques de la ville. Cet immersion est en effet n\u00e9cessaire pour\u00a0des coll\u00e9giens parfois intimid\u00e9s par l\u2019institution. J\u2019ai [&hellip;]<\/p>\n","protected":false},"author":1,"featured_media":3236,"comment_status":"open","ping_status":"open","sticky":false,"template":"","format":"standard","meta":{"footnotes":""},"categories":[10],"tags":[],"class_list":["post-3235","post","type-post","status-publish","format-standard","has-post-thumbnail","hentry","category-1pelletant"],"yoast_head":"<!-- This site is optimized with the Yoast SEO plugin v25.6 - https:\/\/yoast.com\/wordpress\/plugins\/seo\/ -->\n<title>Linas : Des coll\u00e9giens en mairie - Fran\u00e7ois Pelletant<\/title>\n<meta name=\"description\" content=\"Les coll\u00e9giens de Paul Fort de Montlh\u00e9ry, ont \u00e9chang\u00e9 sur les missions municipales et le mandat de Maire au sein de la mairie de Linas.\" \/>\n<meta name=\"robots\" content=\"index, follow, max-snippet:-1, max-image-preview:large, max-video-preview:-1\" \/>\n<link rel=\"canonical\" href=\"https:\/\/francois-pelletant.fr\/blog\/des-collegiens-en-mairie\/\" \/>\n<meta property=\"og:locale\" content=\"fr_FR\" \/>\n<meta property=\"og:type\" content=\"article\" \/>\n<meta property=\"og:title\" content=\"Linas : Des coll\u00e9giens en mairie - Fran\u00e7ois Pelletant\" \/>\n<meta property=\"og:description\" content=\"Les coll\u00e9giens de Paul Fort de Montlh\u00e9ry, ont \u00e9chang\u00e9 sur les missions municipales et le mandat de Maire au sein de la mairie de Linas.\" \/>\n<meta property=\"og:url\" content=\"https:\/\/francois-pelletant.fr\/blog\/des-collegiens-en-mairie\/\" \/>\n<meta property=\"og:site_name\" content=\"Fran\u00e7ois Pelletant\" \/>\n<meta property=\"article:publisher\" content=\"https:\/\/www.facebook.com\/francois.pelletant.7\" \/>\n<meta property=\"article:published_time\" content=\"2013-04-08T09:23:49+00:00\" \/>\n<meta property=\"article:modified_time\" content=\"2017-06-15T08:23:17+00:00\" \/>\n<meta property=\"og:image\" content=\"https:\/\/francois-pelletant.fr\/blog\/wp-content\/uploads\/2013\/04\/jeunes-collegiens-mairie-5-avril.jpg\" \/>\n\t<meta property=\"og:image:width\" content=\"664\" \/>\n\t<meta property=\"og:image:height\" content=\"886\" \/>\n\t<meta property=\"og:image:type\" content=\"image\/jpeg\" \/>\n<meta name=\"author\" content=\"Francois\" \/>\n<meta name=\"twitter:card\" content=\"summary_large_image\" \/>\n<meta name=\"twitter:creator\" content=\"@pelletant\" \/>\n<meta name=\"twitter:site\" content=\"@pelletant\" \/>\n<meta name=\"twitter:label1\" content=\"\u00c9crit par\" \/>\n\t<meta name=\"twitter:data1\" content=\"Francois\" \/>\n\t<meta name=\"twitter:label2\" content=\"Dur\u00e9e de lecture estim\u00e9e\" \/>\n\t<meta name=\"twitter:data2\" content=\"1 minute\" \/>\n<script type=\"application\/ld+json\" class=\"yoast-schema-graph\">{\"@context\":\"https:\/\/schema.org\",\"@graph\":[{\"@type\":\"Article\",\"@id\":\"https:\/\/francois-pelletant.fr\/blog\/des-collegiens-en-mairie\/#article\",\"isPartOf\":{\"@id\":\"https:\/\/francois-pelletant.fr\/blog\/des-collegiens-en-mairie\/\"},\"author\":{\"name\":\"Francois\",\"@id\":\"https:\/\/francois-pelletant.fr\/blog\/#\/schema\/person\/2be41acb171dff8f31aaed1f40cee9f3\"},\"headline\":\"Des coll\u00e9giens en mairie\",\"datePublished\":\"2013-04-08T09:23:49+00:00\",\"dateModified\":\"2017-06-15T08:23:17+00:00\",\"mainEntityOfPage\":{\"@id\":\"https:\/\/francois-pelletant.fr\/blog\/des-collegiens-en-mairie\/\"},\"wordCount\":105,\"commentCount\":0,\"publisher\":{\"@id\":\"https:\/\/francois-pelletant.fr\/blog\/#organization\"},\"image\":{\"@id\":\"https:\/\/francois-pelletant.fr\/blog\/des-collegiens-en-mairie\/#primaryimage\"},\"thumbnailUrl\":\"https:\/\/francois-pelletant.fr\/blog\/wp-content\/uploads\/2013\/04\/jeunes-collegiens-mairie-5-avril.jpg\",\"articleSection\":[\"Infos\"],\"inLanguage\":\"fr-FR\",\"potentialAction\":[{\"@type\":\"CommentAction\",\"name\":\"Comment\",\"target\":[\"https:\/\/francois-pelletant.fr\/blog\/des-collegiens-en-mairie\/#respond\"]}]},{\"@type\":\"WebPage\",\"@id\":\"https:\/\/francois-pelletant.fr\/blog\/des-collegiens-en-mairie\/\",\"url\":\"https:\/\/francois-pelletant.fr\/blog\/des-collegiens-en-mairie\/\",\"name\":\"Linas : Des coll\u00e9giens en mairie - Fran\u00e7ois Pelletant\",\"isPartOf\":{\"@id\":\"https:\/\/francois-pelletant.fr\/blog\/#website\"},\"primaryImageOfPage\":{\"@id\":\"https:\/\/francois-pelletant.fr\/blog\/des-collegiens-en-mairie\/#primaryimage\"},\"image\":{\"@id\":\"https:\/\/francois-pelletant.fr\/blog\/des-collegiens-en-mairie\/#primaryimage\"},\"thumbnailUrl\":\"https:\/\/francois-pelletant.fr\/blog\/wp-content\/uploads\/2013\/04\/jeunes-collegiens-mairie-5-avril.jpg\",\"datePublished\":\"2013-04-08T09:23:49+00:00\",\"dateModified\":\"2017-06-15T08:23:17+00:00\",\"description\":\"Les coll\u00e9giens de Paul Fort de Montlh\u00e9ry, ont \u00e9chang\u00e9 sur les missions municipales et le mandat de Maire au sein de la mairie de Linas.\",\"breadcrumb\":{\"@id\":\"https:\/\/francois-pelletant.fr\/blog\/des-collegiens-en-mairie\/#breadcrumb\"},\"inLanguage\":\"fr-FR\",\"potentialAction\":[{\"@type\":\"ReadAction\",\"target\":[\"https:\/\/francois-pelletant.fr\/blog\/des-collegiens-en-mairie\/\"]}]},{\"@type\":\"ImageObject\",\"inLanguage\":\"fr-FR\",\"@id\":\"https:\/\/francois-pelletant.fr\/blog\/des-collegiens-en-mairie\/#primaryimage\",\"url\":\"https:\/\/francois-pelletant.fr\/blog\/wp-content\/uploads\/2013\/04\/jeunes-collegiens-mairie-5-avril.jpg\",\"contentUrl\":\"https:\/\/francois-pelletant.fr\/blog\/wp-content\/uploads\/2013\/04\/jeunes-collegiens-mairie-5-avril.jpg\",\"width\":664,\"height\":886},{\"@type\":\"BreadcrumbList\",\"@id\":\"https:\/\/francois-pelletant.fr\/blog\/des-collegiens-en-mairie\/#breadcrumb\",\"itemListElement\":[{\"@type\":\"ListItem\",\"position\":1,\"name\":\"Accueil\",\"item\":\"https:\/\/francois-pelletant.fr\/blog\/\"},{\"@type\":\"ListItem\",\"position\":2,\"name\":\"Des coll\u00e9giens en mairie\"}]},{\"@type\":\"WebSite\",\"@id\":\"https:\/\/francois-pelletant.fr\/blog\/#website\",\"url\":\"https:\/\/francois-pelletant.fr\/blog\/\",\"name\":\"Fran\u00e7ois Pelletant\",\"description\":\"Maire de Linas, pour toujours.\",\"publisher\":{\"@id\":\"https:\/\/francois-pelletant.fr\/blog\/#organization\"},\"potentialAction\":[{\"@type\":\"SearchAction\",\"target\":{\"@type\":\"EntryPoint\",\"urlTemplate\":\"https:\/\/francois-pelletant.fr\/blog\/?s={search_term_string}\"},\"query-input\":{\"@type\":\"PropertyValueSpecification\",\"valueRequired\":true,\"valueName\":\"search_term_string\"}}],\"inLanguage\":\"fr-FR\"},{\"@type\":\"Organization\",\"@id\":\"https:\/\/francois-pelletant.fr\/blog\/#organization\",\"name\":\"Fran\u00e7ois Pelletant\",\"url\":\"https:\/\/francois-pelletant.fr\/blog\/\",\"logo\":{\"@type\":\"ImageObject\",\"inLanguage\":\"fr-FR\",\"@id\":\"https:\/\/francois-pelletant.fr\/blog\/#\/schema\/logo\/image\/\",\"url\":\"https:\/\/francois-pelletant.fr\/blog\/wp-content\/uploads\/2024\/07\/icone-francois-centre-500p.png\",\"contentUrl\":\"https:\/\/francois-pelletant.fr\/blog\/wp-content\/uploads\/2024\/07\/icone-francois-centre-500p.png\",\"width\":559,\"height\":447,\"caption\":\"Fran\u00e7ois Pelletant\"},\"image\":{\"@id\":\"https:\/\/francois-pelletant.fr\/blog\/#\/schema\/logo\/image\/\"},\"sameAs\":[\"https:\/\/www.facebook.com\/francois.pelletant.7\",\"https:\/\/x.com\/pelletant\"]},{\"@type\":\"Person\",\"@id\":\"https:\/\/francois-pelletant.fr\/blog\/#\/schema\/person\/2be41acb171dff8f31aaed1f40cee9f3\",\"name\":\"Francois\"}]}<\/script>\n<!-- \/ Yoast SEO plugin. -->","yoast_head_json":{"title":"Linas : Des coll\u00e9giens en mairie - Fran\u00e7ois Pelletant","description":"Les coll\u00e9giens de Paul Fort de Montlh\u00e9ry, ont \u00e9chang\u00e9 sur les missions municipales et le mandat de Maire au sein de la mairie de Linas.","robots":{"index":"index","follow":"follow","max-snippet":"max-snippet:-1","max-image-preview":"max-image-preview:large","max-video-preview":"max-video-preview:-1"},"canonical":"https:\/\/francois-pelletant.fr\/blog\/des-collegiens-en-mairie\/","og_locale":"fr_FR","og_type":"article","og_title":"Linas : Des coll\u00e9giens en mairie - Fran\u00e7ois Pelletant","og_description":"Les coll\u00e9giens de Paul Fort de Montlh\u00e9ry, ont \u00e9chang\u00e9 sur les missions municipales et le mandat de Maire au sein de la mairie de Linas.","og_url":"https:\/\/francois-pelletant.fr\/blog\/des-collegiens-en-mairie\/","og_site_name":"Fran\u00e7ois Pelletant","article_publisher":"https:\/\/www.facebook.com\/francois.pelletant.7","article_published_time":"2013-04-08T09:23:49+00:00","article_modified_time":"2017-06-15T08:23:17+00:00","og_image":[{"width":664,"height":886,"url":"https:\/\/francois-pelletant.fr\/blog\/wp-content\/uploads\/2013\/04\/jeunes-collegiens-mairie-5-avril.jpg","type":"image\/jpeg"}],"author":"Francois","twitter_card":"summary_large_image","twitter_creator":"@pelletant","twitter_site":"@pelletant","twitter_misc":{"\u00c9crit par":"Francois","Dur\u00e9e de lecture estim\u00e9e":"1 minute"},"schema":{"@context":"https:\/\/schema.org","@graph":[{"@type":"Article","@id":"https:\/\/francois-pelletant.fr\/blog\/des-collegiens-en-mairie\/#article","isPartOf":{"@id":"https:\/\/francois-pelletant.fr\/blog\/des-collegiens-en-mairie\/"},"author":{"name":"Francois","@id":"https:\/\/francois-pelletant.fr\/blog\/#\/schema\/person\/2be41acb171dff8f31aaed1f40cee9f3"},"headline":"Des coll\u00e9giens en mairie","datePublished":"2013-04-08T09:23:49+00:00","dateModified":"2017-06-15T08:23:17+00:00","mainEntityOfPage":{"@id":"https:\/\/francois-pelletant.fr\/blog\/des-collegiens-en-mairie\/"},"wordCount":105,"commentCount":0,"publisher":{"@id":"https:\/\/francois-pelletant.fr\/blog\/#organization"},"image":{"@id":"https:\/\/francois-pelletant.fr\/blog\/des-collegiens-en-mairie\/#primaryimage"},"thumbnailUrl":"https:\/\/francois-pelletant.fr\/blog\/wp-content\/uploads\/2013\/04\/jeunes-collegiens-mairie-5-avril.jpg","articleSection":["Infos"],"inLanguage":"fr-FR","potentialAction":[{"@type":"CommentAction","name":"Comment","target":["https:\/\/francois-pelletant.fr\/blog\/des-collegiens-en-mairie\/#respond"]}]},{"@type":"WebPage","@id":"https:\/\/francois-pelletant.fr\/blog\/des-collegiens-en-mairie\/","url":"https:\/\/francois-pelletant.fr\/blog\/des-collegiens-en-mairie\/","name":"Linas : Des coll\u00e9giens en mairie - Fran\u00e7ois Pelletant","isPartOf":{"@id":"https:\/\/francois-pelletant.fr\/blog\/#website"},"primaryImageOfPage":{"@id":"https:\/\/francois-pelletant.fr\/blog\/des-collegiens-en-mairie\/#primaryimage"},"image":{"@id":"https:\/\/francois-pelletant.fr\/blog\/des-collegiens-en-mairie\/#primaryimage"},"thumbnailUrl":"https:\/\/francois-pelletant.fr\/blog\/wp-content\/uploads\/2013\/04\/jeunes-collegiens-mairie-5-avril.jpg","datePublished":"2013-04-08T09:23:49+00:00","dateModified":"2017-06-15T08:23:17+00:00","description":"Les coll\u00e9giens de Paul Fort de Montlh\u00e9ry, ont \u00e9chang\u00e9 sur les missions municipales et le mandat de Maire au sein de la mairie de Linas.","breadcrumb":{"@id":"https:\/\/francois-pelletant.fr\/blog\/des-collegiens-en-mairie\/#breadcrumb"},"inLanguage":"fr-FR","potentialAction":[{"@type":"ReadAction","target":["https:\/\/francois-pelletant.fr\/blog\/des-collegiens-en-mairie\/"]}]},{"@type":"ImageObject","inLanguage":"fr-FR","@id":"https:\/\/francois-pelletant.fr\/blog\/des-collegiens-en-mairie\/#primaryimage","url":"https:\/\/francois-pelletant.fr\/blog\/wp-content\/uploads\/2013\/04\/jeunes-collegiens-mairie-5-avril.jpg","contentUrl":"https:\/\/francois-pelletant.fr\/blog\/wp-content\/uploads\/2013\/04\/jeunes-collegiens-mairie-5-avril.jpg","width":664,"height":886},{"@type":"BreadcrumbList","@id":"https:\/\/francois-pelletant.fr\/blog\/des-collegiens-en-mairie\/#breadcrumb","itemListElement":[{"@type":"ListItem","position":1,"name":"Accueil","item":"https:\/\/francois-pelletant.fr\/blog\/"},{"@type":"ListItem","position":2,"name":"Des coll\u00e9giens en mairie"}]},{"@type":"WebSite","@id":"https:\/\/francois-pelletant.fr\/blog\/#website","url":"https:\/\/francois-pelletant.fr\/blog\/","name":"Fran\u00e7ois Pelletant","description":"Maire de Linas, pour toujours.","publisher":{"@id":"https:\/\/francois-pelletant.fr\/blog\/#organization"},"potentialAction":[{"@type":"SearchAction","target":{"@type":"EntryPoint","urlTemplate":"https:\/\/francois-pelletant.fr\/blog\/?s={search_term_string}"},"query-input":{"@type":"PropertyValueSpecification","valueRequired":true,"valueName":"search_term_string"}}],"inLanguage":"fr-FR"},{"@type":"Organization","@id":"https:\/\/francois-pelletant.fr\/blog\/#organization","name":"Fran\u00e7ois Pelletant","url":"https:\/\/francois-pelletant.fr\/blog\/","logo":{"@type":"ImageObject","inLanguage":"fr-FR","@id":"https:\/\/francois-pelletant.fr\/blog\/#\/schema\/logo\/image\/","url":"https:\/\/francois-pelletant.fr\/blog\/wp-content\/uploads\/2024\/07\/icone-francois-centre-500p.png","contentUrl":"https:\/\/francois-pelletant.fr\/blog\/wp-content\/uploads\/2024\/07\/icone-francois-centre-500p.png","width":559,"height":447,"caption":"Fran\u00e7ois Pelletant"},"image":{"@id":"https:\/\/francois-pelletant.fr\/blog\/#\/schema\/logo\/image\/"},"sameAs":["https:\/\/www.facebook.com\/francois.pelletant.7","https:\/\/x.com\/pelletant"]},{"@type":"Person","@id":"https:\/\/francois-pelletant.fr\/blog\/#\/schema\/person\/2be41acb171dff8f31aaed1f40cee9f3","name":"Francois"}]}},"_links":{"self":[{"href":"https:\/\/francois-pelletant.fr\/blog\/wp-json\/wp\/v2\/posts\/3235","targetHints":{"allow":["GET"]}}],"collection":[{"href":"https:\/\/francois-pelletant.fr\/blog\/wp-json\/wp\/v2\/posts"}],"about":[{"href":"https:\/\/francois-pelletant.fr\/blog\/wp-json\/wp\/v2\/types\/post"}],"author":[{"embeddable":true,"href":"https:\/\/francois-pelletant.fr\/blog\/wp-json\/wp\/v2\/users\/1"}],"replies":[{"embeddable":true,"href":"https:\/\/francois-pelletant.fr\/blog\/wp-json\/wp\/v2\/comments?post=3235"}],"version-history":[{"count":0,"href":"https:\/\/francois-pelletant.fr\/blog\/wp-json\/wp\/v2\/posts\/3235\/revisions"}],"wp:featuredmedia":[{"embeddable":true,"href":"https:\/\/francois-pelletant.fr\/blog\/wp-json\/wp\/v2\/media\/3236"}],"wp:attachment":[{"href":"https:\/\/francois-pelletant.fr\/blog\/wp-json\/wp\/v2\/media?parent=3235"}],"wp:term":[{"taxonomy":"category","embeddable":true,"href":"https:\/\/francois-pelletant.fr\/blog\/wp-json\/wp\/v2\/categories?post=3235"},{"taxonomy":"post_tag","embeddable":true,"href":"https:\/\/francois-pelletant.fr\/blog\/wp-json\/wp\/v2\/tags?post=3235"}],"curies":[{"name":"wp","href":"https:\/\/api.w.org\/{rel}","templated":true}]}}