{"id":3250,"date":"2013-04-14T08:05:43","date_gmt":"2013-04-14T06:05:43","guid":{"rendered":"https:\/\/francois-pelletant.fr\/blog\/?p=3250"},"modified":"2013-04-14T08:05:43","modified_gmt":"2013-04-14T06:05:43","slug":"le-meilleur-des-illustrations-de-presse-3","status":"publish","type":"post","link":"https:\/\/francois-pelletant.fr\/blog\/le-meilleur-des-illustrations-de-presse-3\/","title":{"rendered":"Le meilleur des illustrations de presse"},"content":{"rendered":"<figure id=\"attachment_3251\" aria-describedby=\"caption-attachment-3251\" style=\"width: 300px\" class=\"wp-caption alignleft\"><a href=\"https:\/\/francois-pelletant.fr\/blog\/wp-content\/uploads\/2013\/04\/Parisien-11-avril.jpg\"><img loading=\"lazy\" decoding=\"async\" class=\"size-medium wp-image-3251\" title=\"Parisien 11 avril\" src=\"https:\/\/francois-pelletant.fr\/blog\/wp-content\/uploads\/2013\/04\/Parisien-11-avril-300x296.jpg\" alt=\"\" width=\"300\" height=\"296\" srcset=\"https:\/\/francois-pelletant.fr\/blog\/wp-content\/uploads\/2013\/04\/Parisien-11-avril-300x296.jpg 300w, https:\/\/francois-pelletant.fr\/blog\/wp-content\/uploads\/2013\/04\/Parisien-11-avril.jpg 454w\" sizes=\"auto, (max-width: 300px) 100vw, 300px\" \/><\/a><figcaption id=\"caption-attachment-3251\" class=\"wp-caption-text\">Le Parisien 11 avril<\/figcaption><\/figure>\n<p>Suites de l&#8217;affaire Cahuzac, Barca\/PSG, \u00e9lections municipales, patrimoine des \u00e9lus&#8230; Tour d&#8217;horizon des dessins de presse de la semaine avec une s\u00e9lection toute subjective.<\/p>\n<p>&nbsp;<\/p>\n<figure id=\"attachment_3252\" aria-describedby=\"caption-attachment-3252\" style=\"width: 300px\" class=\"wp-caption aligncenter\"><a href=\"https:\/\/francois-pelletant.fr\/blog\/wp-content\/uploads\/2013\/04\/agoravox.fr-10-avril.jpg\"><img loading=\"lazy\" decoding=\"async\" class=\"size-medium wp-image-3252\" title=\"agoravox.fr 10 avril\" src=\"https:\/\/francois-pelletant.fr\/blog\/wp-content\/uploads\/2013\/04\/agoravox.fr-10-avril-300x239.jpg\" alt=\"\" width=\"300\" height=\"239\" srcset=\"https:\/\/francois-pelletant.fr\/blog\/wp-content\/uploads\/2013\/04\/agoravox.fr-10-avril-300x239.jpg 300w, https:\/\/francois-pelletant.fr\/blog\/wp-content\/uploads\/2013\/04\/agoravox.fr-10-avril-600x478.jpg 600w, https:\/\/francois-pelletant.fr\/blog\/wp-content\/uploads\/2013\/04\/agoravox.fr-10-avril.jpg 622w\" sizes=\"auto, (max-width: 300px) 100vw, 300px\" \/><\/a><figcaption id=\"caption-attachment-3252\" class=\"wp-caption-text\">agoravox.fr 10 avril<\/figcaption><\/figure>\n<p>&nbsp;<\/p>\n<figure id=\"attachment_3253\" aria-describedby=\"caption-attachment-3253\" style=\"width: 300px\" class=\"wp-caption aligncenter\"><a href=\"https:\/\/francois-pelletant.fr\/blog\/wp-content\/uploads\/2013\/04\/delucq.com-9-avril.jpg\"><img loading=\"lazy\" decoding=\"async\" class=\"size-medium wp-image-3253\" title=\"delucq.com 9 avril\" src=\"https:\/\/francois-pelletant.fr\/blog\/wp-content\/uploads\/2013\/04\/delucq.com-9-avril-300x265.jpg\" alt=\"\" width=\"300\" height=\"265\" srcset=\"https:\/\/francois-pelletant.fr\/blog\/wp-content\/uploads\/2013\/04\/delucq.com-9-avril-300x265.jpg 300w, https:\/\/francois-pelletant.fr\/blog\/wp-content\/uploads\/2013\/04\/delucq.com-9-avril.jpg 482w\" sizes=\"auto, (max-width: 300px) 100vw, 300px\" \/><\/a><figcaption id=\"caption-attachment-3253\" class=\"wp-caption-text\">delucq.com 9 avril<\/figcaption><\/figure>\n<p>&nbsp;<\/p>\n<figure id=\"attachment_3254\" aria-describedby=\"caption-attachment-3254\" style=\"width: 300px\" class=\"wp-caption aligncenter\"><a href=\"https:\/\/francois-pelletant.fr\/blog\/wp-content\/uploads\/2013\/04\/leplacide.com-9-avril.jpg\"><img loading=\"lazy\" decoding=\"async\" class=\"size-medium wp-image-3254\" title=\"leplacide.com 9 avril\" src=\"https:\/\/francois-pelletant.fr\/blog\/wp-content\/uploads\/2013\/04\/leplacide.com-9-avril-300x217.jpg\" alt=\"\" width=\"300\" height=\"217\" \/><\/a><figcaption id=\"caption-attachment-3254\" class=\"wp-caption-text\">leplacide.com 9 avril<\/figcaption><\/figure>\n<p>&nbsp;<\/p>\n<figure id=\"attachment_3255\" aria-describedby=\"caption-attachment-3255\" style=\"width: 300px\" class=\"wp-caption aligncenter\"><a href=\"https:\/\/francois-pelletant.fr\/blog\/wp-content\/uploads\/2013\/04\/Marianne-6-avril.jpg\"><img loading=\"lazy\" decoding=\"async\" class=\"size-medium wp-image-3255\" title=\"Marianne 6 avril\" src=\"https:\/\/francois-pelletant.fr\/blog\/wp-content\/uploads\/2013\/04\/Marianne-6-avril-300x242.jpg\" alt=\"\" width=\"300\" height=\"242\" \/><\/a><figcaption id=\"caption-attachment-3255\" class=\"wp-caption-text\">Marianne 6 avril<\/figcaption><\/figure>\n<p>&nbsp;<\/p>\n<figure id=\"attachment_3256\" aria-describedby=\"caption-attachment-3256\" style=\"width: 300px\" class=\"wp-caption aligncenter\"><a href=\"https:\/\/francois-pelletant.fr\/blog\/wp-content\/uploads\/2013\/04\/tv5.org-dilem-8-avril.jpg\"><img loading=\"lazy\" decoding=\"async\" class=\"size-medium wp-image-3256\" title=\"tv5.org dilem 8 avril\" src=\"https:\/\/francois-pelletant.fr\/blog\/wp-content\/uploads\/2013\/04\/tv5.org-dilem-8-avril-300x300.jpg\" alt=\"\" width=\"300\" height=\"300\" srcset=\"https:\/\/francois-pelletant.fr\/blog\/wp-content\/uploads\/2013\/04\/tv5.org-dilem-8-avril-300x300.jpg 300w, https:\/\/francois-pelletant.fr\/blog\/wp-content\/uploads\/2013\/04\/tv5.org-dilem-8-avril-150x150.jpg 150w, https:\/\/francois-pelletant.fr\/blog\/wp-content\/uploads\/2013\/04\/tv5.org-dilem-8-avril-230x230.jpg 230w, https:\/\/francois-pelletant.fr\/blog\/wp-content\/uploads\/2013\/04\/tv5.org-dilem-8-avril.jpg 400w\" sizes=\"auto, (max-width: 300px) 100vw, 300px\" \/><\/a><figcaption id=\"caption-attachment-3256\" class=\"wp-caption-text\">tv5.org dilem 8 avril<\/figcaption><\/figure>\n","protected":false},"excerpt":{"rendered":"<p>Suites de l&#8217;affaire Cahuzac, Barca\/PSG, \u00e9lections municipales, patrimoine des \u00e9lus&#8230; Tour d&#8217;horizon des dessins de presse de la semaine avec une s\u00e9lection toute subjective. &nbsp; &nbsp; &nbsp; &nbsp; &nbsp;<\/p>\n","protected":false},"author":1,"featured_media":3251,"comment_status":"open","ping_status":"open","sticky":false,"template":"","format":"standard","meta":{"footnotes":""},"categories":[17],"tags":[],"class_list":["post-3250","post","type-post","status-publish","format-standard","has-post-thumbnail","hentry","category-prix-du-meilleur-dessin-de-presse"],"yoast_head":"<!-- This site is optimized with the Yoast SEO plugin v25.6 - https:\/\/yoast.com\/wordpress\/plugins\/seo\/ -->\n<title>Le meilleur des illustrations de presse - Fran\u00e7ois Pelletant<\/title>\n<meta name=\"robots\" content=\"index, follow, max-snippet:-1, max-image-preview:large, max-video-preview:-1\" \/>\n<link rel=\"canonical\" href=\"https:\/\/francois-pelletant.fr\/blog\/le-meilleur-des-illustrations-de-presse-3\/\" \/>\n<meta property=\"og:locale\" content=\"fr_FR\" \/>\n<meta property=\"og:type\" content=\"article\" \/>\n<meta property=\"og:title\" content=\"Le meilleur des illustrations de presse - Fran\u00e7ois Pelletant\" \/>\n<meta property=\"og:description\" content=\"Suites de l&#8217;affaire Cahuzac, Barca\/PSG, \u00e9lections municipales, patrimoine des \u00e9lus&#8230; Tour d&#8217;horizon des dessins de presse de la semaine avec une s\u00e9lection toute subjective. &nbsp; &nbsp; &nbsp; &nbsp; &nbsp;\" \/>\n<meta property=\"og:url\" content=\"https:\/\/francois-pelletant.fr\/blog\/le-meilleur-des-illustrations-de-presse-3\/\" \/>\n<meta property=\"og:site_name\" content=\"Fran\u00e7ois Pelletant\" \/>\n<meta property=\"article:publisher\" content=\"https:\/\/www.facebook.com\/francois.pelletant.7\" \/>\n<meta property=\"article:published_time\" content=\"2013-04-14T06:05:43+00:00\" \/>\n<meta property=\"og:image\" content=\"https:\/\/francois-pelletant.fr\/blog\/wp-content\/uploads\/2013\/04\/Parisien-11-avril.jpg\" \/>\n\t<meta property=\"og:image:width\" content=\"454\" \/>\n\t<meta property=\"og:image:height\" content=\"448\" \/>\n\t<meta property=\"og:image:type\" content=\"image\/jpeg\" \/>\n<meta name=\"author\" content=\"Francois\" \/>\n<meta name=\"twitter:card\" content=\"summary_large_image\" \/>\n<meta name=\"twitter:creator\" content=\"@pelletant\" \/>\n<meta name=\"twitter:site\" content=\"@pelletant\" \/>\n<meta name=\"twitter:label1\" content=\"\u00c9crit par\" \/>\n\t<meta name=\"twitter:data1\" content=\"Francois\" \/>\n<script type=\"application\/ld+json\" class=\"yoast-schema-graph\">{\"@context\":\"https:\/\/schema.org\",\"@graph\":[{\"@type\":\"Article\",\"@id\":\"https:\/\/francois-pelletant.fr\/blog\/le-meilleur-des-illustrations-de-presse-3\/#article\",\"isPartOf\":{\"@id\":\"https:\/\/francois-pelletant.fr\/blog\/le-meilleur-des-illustrations-de-presse-3\/\"},\"author\":{\"name\":\"Francois\",\"@id\":\"https:\/\/francois-pelletant.fr\/blog\/#\/schema\/person\/2be41acb171dff8f31aaed1f40cee9f3\"},\"headline\":\"Le meilleur des illustrations de presse\",\"datePublished\":\"2013-04-14T06:05:43+00:00\",\"mainEntityOfPage\":{\"@id\":\"https:\/\/francois-pelletant.fr\/blog\/le-meilleur-des-illustrations-de-presse-3\/\"},\"wordCount\":105,\"commentCount\":0,\"publisher\":{\"@id\":\"https:\/\/francois-pelletant.fr\/blog\/#organization\"},\"image\":{\"@id\":\"https:\/\/francois-pelletant.fr\/blog\/le-meilleur-des-illustrations-de-presse-3\/#primaryimage\"},\"thumbnailUrl\":\"https:\/\/francois-pelletant.fr\/blog\/wp-content\/uploads\/2013\/04\/Parisien-11-avril.jpg\",\"articleSection\":[\"Prix du meilleur dessin de presse\"],\"inLanguage\":\"fr-FR\",\"potentialAction\":[{\"@type\":\"CommentAction\",\"name\":\"Comment\",\"target\":[\"https:\/\/francois-pelletant.fr\/blog\/le-meilleur-des-illustrations-de-presse-3\/#respond\"]}]},{\"@type\":\"WebPage\",\"@id\":\"https:\/\/francois-pelletant.fr\/blog\/le-meilleur-des-illustrations-de-presse-3\/\",\"url\":\"https:\/\/francois-pelletant.fr\/blog\/le-meilleur-des-illustrations-de-presse-3\/\",\"name\":\"Le meilleur des illustrations de presse - Fran\u00e7ois Pelletant\",\"isPartOf\":{\"@id\":\"https:\/\/francois-pelletant.fr\/blog\/#website\"},\"primaryImageOfPage\":{\"@id\":\"https:\/\/francois-pelletant.fr\/blog\/le-meilleur-des-illustrations-de-presse-3\/#primaryimage\"},\"image\":{\"@id\":\"https:\/\/francois-pelletant.fr\/blog\/le-meilleur-des-illustrations-de-presse-3\/#primaryimage\"},\"thumbnailUrl\":\"https:\/\/francois-pelletant.fr\/blog\/wp-content\/uploads\/2013\/04\/Parisien-11-avril.jpg\",\"datePublished\":\"2013-04-14T06:05:43+00:00\",\"breadcrumb\":{\"@id\":\"https:\/\/francois-pelletant.fr\/blog\/le-meilleur-des-illustrations-de-presse-3\/#breadcrumb\"},\"inLanguage\":\"fr-FR\",\"potentialAction\":[{\"@type\":\"ReadAction\",\"target\":[\"https:\/\/francois-pelletant.fr\/blog\/le-meilleur-des-illustrations-de-presse-3\/\"]}]},{\"@type\":\"ImageObject\",\"inLanguage\":\"fr-FR\",\"@id\":\"https:\/\/francois-pelletant.fr\/blog\/le-meilleur-des-illustrations-de-presse-3\/#primaryimage\",\"url\":\"https:\/\/francois-pelletant.fr\/blog\/wp-content\/uploads\/2013\/04\/Parisien-11-avril.jpg\",\"contentUrl\":\"https:\/\/francois-pelletant.fr\/blog\/wp-content\/uploads\/2013\/04\/Parisien-11-avril.jpg\",\"width\":454,\"height\":448,\"caption\":\"Le Parisien 11 avril\"},{\"@type\":\"BreadcrumbList\",\"@id\":\"https:\/\/francois-pelletant.fr\/blog\/le-meilleur-des-illustrations-de-presse-3\/#breadcrumb\",\"itemListElement\":[{\"@type\":\"ListItem\",\"position\":1,\"name\":\"Accueil\",\"item\":\"https:\/\/francois-pelletant.fr\/blog\/\"},{\"@type\":\"ListItem\",\"position\":2,\"name\":\"Le meilleur des illustrations de presse\"}]},{\"@type\":\"WebSite\",\"@id\":\"https:\/\/francois-pelletant.fr\/blog\/#website\",\"url\":\"https:\/\/francois-pelletant.fr\/blog\/\",\"name\":\"Fran\u00e7ois Pelletant\",\"description\":\"Maire de Linas, pour toujours.\",\"publisher\":{\"@id\":\"https:\/\/francois-pelletant.fr\/blog\/#organization\"},\"potentialAction\":[{\"@type\":\"SearchAction\",\"target\":{\"@type\":\"EntryPoint\",\"urlTemplate\":\"https:\/\/francois-pelletant.fr\/blog\/?s={search_term_string}\"},\"query-input\":{\"@type\":\"PropertyValueSpecification\",\"valueRequired\":true,\"valueName\":\"search_term_string\"}}],\"inLanguage\":\"fr-FR\"},{\"@type\":\"Organization\",\"@id\":\"https:\/\/francois-pelletant.fr\/blog\/#organization\",\"name\":\"Fran\u00e7ois Pelletant\",\"url\":\"https:\/\/francois-pelletant.fr\/blog\/\",\"logo\":{\"@type\":\"ImageObject\",\"inLanguage\":\"fr-FR\",\"@id\":\"https:\/\/francois-pelletant.fr\/blog\/#\/schema\/logo\/image\/\",\"url\":\"https:\/\/francois-pelletant.fr\/blog\/wp-content\/uploads\/2024\/07\/icone-francois-centre-500p.png\",\"contentUrl\":\"https:\/\/francois-pelletant.fr\/blog\/wp-content\/uploads\/2024\/07\/icone-francois-centre-500p.png\",\"width\":559,\"height\":447,\"caption\":\"Fran\u00e7ois Pelletant\"},\"image\":{\"@id\":\"https:\/\/francois-pelletant.fr\/blog\/#\/schema\/logo\/image\/\"},\"sameAs\":[\"https:\/\/www.facebook.com\/francois.pelletant.7\",\"https:\/\/x.com\/pelletant\"]},{\"@type\":\"Person\",\"@id\":\"https:\/\/francois-pelletant.fr\/blog\/#\/schema\/person\/2be41acb171dff8f31aaed1f40cee9f3\",\"name\":\"Francois\"}]}<\/script>\n<!-- \/ Yoast SEO plugin. -->","yoast_head_json":{"title":"Le meilleur des illustrations de presse - Fran\u00e7ois Pelletant","robots":{"index":"index","follow":"follow","max-snippet":"max-snippet:-1","max-image-preview":"max-image-preview:large","max-video-preview":"max-video-preview:-1"},"canonical":"https:\/\/francois-pelletant.fr\/blog\/le-meilleur-des-illustrations-de-presse-3\/","og_locale":"fr_FR","og_type":"article","og_title":"Le meilleur des illustrations de presse - Fran\u00e7ois Pelletant","og_description":"Suites de l&#8217;affaire Cahuzac, Barca\/PSG, \u00e9lections municipales, patrimoine des \u00e9lus&#8230; Tour d&#8217;horizon des dessins de presse de la semaine avec une s\u00e9lection toute subjective. &nbsp; &nbsp; &nbsp; &nbsp; &nbsp;","og_url":"https:\/\/francois-pelletant.fr\/blog\/le-meilleur-des-illustrations-de-presse-3\/","og_site_name":"Fran\u00e7ois Pelletant","article_publisher":"https:\/\/www.facebook.com\/francois.pelletant.7","article_published_time":"2013-04-14T06:05:43+00:00","og_image":[{"width":454,"height":448,"url":"https:\/\/francois-pelletant.fr\/blog\/wp-content\/uploads\/2013\/04\/Parisien-11-avril.jpg","type":"image\/jpeg"}],"author":"Francois","twitter_card":"summary_large_image","twitter_creator":"@pelletant","twitter_site":"@pelletant","twitter_misc":{"\u00c9crit par":"Francois"},"schema":{"@context":"https:\/\/schema.org","@graph":[{"@type":"Article","@id":"https:\/\/francois-pelletant.fr\/blog\/le-meilleur-des-illustrations-de-presse-3\/#article","isPartOf":{"@id":"https:\/\/francois-pelletant.fr\/blog\/le-meilleur-des-illustrations-de-presse-3\/"},"author":{"name":"Francois","@id":"https:\/\/francois-pelletant.fr\/blog\/#\/schema\/person\/2be41acb171dff8f31aaed1f40cee9f3"},"headline":"Le meilleur des illustrations de presse","datePublished":"2013-04-14T06:05:43+00:00","mainEntityOfPage":{"@id":"https:\/\/francois-pelletant.fr\/blog\/le-meilleur-des-illustrations-de-presse-3\/"},"wordCount":105,"commentCount":0,"publisher":{"@id":"https:\/\/francois-pelletant.fr\/blog\/#organization"},"image":{"@id":"https:\/\/francois-pelletant.fr\/blog\/le-meilleur-des-illustrations-de-presse-3\/#primaryimage"},"thumbnailUrl":"https:\/\/francois-pelletant.fr\/blog\/wp-content\/uploads\/2013\/04\/Parisien-11-avril.jpg","articleSection":["Prix du meilleur dessin de presse"],"inLanguage":"fr-FR","potentialAction":[{"@type":"CommentAction","name":"Comment","target":["https:\/\/francois-pelletant.fr\/blog\/le-meilleur-des-illustrations-de-presse-3\/#respond"]}]},{"@type":"WebPage","@id":"https:\/\/francois-pelletant.fr\/blog\/le-meilleur-des-illustrations-de-presse-3\/","url":"https:\/\/francois-pelletant.fr\/blog\/le-meilleur-des-illustrations-de-presse-3\/","name":"Le meilleur des illustrations de presse - Fran\u00e7ois Pelletant","isPartOf":{"@id":"https:\/\/francois-pelletant.fr\/blog\/#website"},"primaryImageOfPage":{"@id":"https:\/\/francois-pelletant.fr\/blog\/le-meilleur-des-illustrations-de-presse-3\/#primaryimage"},"image":{"@id":"https:\/\/francois-pelletant.fr\/blog\/le-meilleur-des-illustrations-de-presse-3\/#primaryimage"},"thumbnailUrl":"https:\/\/francois-pelletant.fr\/blog\/wp-content\/uploads\/2013\/04\/Parisien-11-avril.jpg","datePublished":"2013-04-14T06:05:43+00:00","breadcrumb":{"@id":"https:\/\/francois-pelletant.fr\/blog\/le-meilleur-des-illustrations-de-presse-3\/#breadcrumb"},"inLanguage":"fr-FR","potentialAction":[{"@type":"ReadAction","target":["https:\/\/francois-pelletant.fr\/blog\/le-meilleur-des-illustrations-de-presse-3\/"]}]},{"@type":"ImageObject","inLanguage":"fr-FR","@id":"https:\/\/francois-pelletant.fr\/blog\/le-meilleur-des-illustrations-de-presse-3\/#primaryimage","url":"https:\/\/francois-pelletant.fr\/blog\/wp-content\/uploads\/2013\/04\/Parisien-11-avril.jpg","contentUrl":"https:\/\/francois-pelletant.fr\/blog\/wp-content\/uploads\/2013\/04\/Parisien-11-avril.jpg","width":454,"height":448,"caption":"Le Parisien 11 avril"},{"@type":"BreadcrumbList","@id":"https:\/\/francois-pelletant.fr\/blog\/le-meilleur-des-illustrations-de-presse-3\/#breadcrumb","itemListElement":[{"@type":"ListItem","position":1,"name":"Accueil","item":"https:\/\/francois-pelletant.fr\/blog\/"},{"@type":"ListItem","position":2,"name":"Le meilleur des illustrations de presse"}]},{"@type":"WebSite","@id":"https:\/\/francois-pelletant.fr\/blog\/#website","url":"https:\/\/francois-pelletant.fr\/blog\/","name":"Fran\u00e7ois Pelletant","description":"Maire de Linas, pour toujours.","publisher":{"@id":"https:\/\/francois-pelletant.fr\/blog\/#organization"},"potentialAction":[{"@type":"SearchAction","target":{"@type":"EntryPoint","urlTemplate":"https:\/\/francois-pelletant.fr\/blog\/?s={search_term_string}"},"query-input":{"@type":"PropertyValueSpecification","valueRequired":true,"valueName":"search_term_string"}}],"inLanguage":"fr-FR"},{"@type":"Organization","@id":"https:\/\/francois-pelletant.fr\/blog\/#organization","name":"Fran\u00e7ois Pelletant","url":"https:\/\/francois-pelletant.fr\/blog\/","logo":{"@type":"ImageObject","inLanguage":"fr-FR","@id":"https:\/\/francois-pelletant.fr\/blog\/#\/schema\/logo\/image\/","url":"https:\/\/francois-pelletant.fr\/blog\/wp-content\/uploads\/2024\/07\/icone-francois-centre-500p.png","contentUrl":"https:\/\/francois-pelletant.fr\/blog\/wp-content\/uploads\/2024\/07\/icone-francois-centre-500p.png","width":559,"height":447,"caption":"Fran\u00e7ois Pelletant"},"image":{"@id":"https:\/\/francois-pelletant.fr\/blog\/#\/schema\/logo\/image\/"},"sameAs":["https:\/\/www.facebook.com\/francois.pelletant.7","https:\/\/x.com\/pelletant"]},{"@type":"Person","@id":"https:\/\/francois-pelletant.fr\/blog\/#\/schema\/person\/2be41acb171dff8f31aaed1f40cee9f3","name":"Francois"}]}},"_links":{"self":[{"href":"https:\/\/francois-pelletant.fr\/blog\/wp-json\/wp\/v2\/posts\/3250","targetHints":{"allow":["GET"]}}],"collection":[{"href":"https:\/\/francois-pelletant.fr\/blog\/wp-json\/wp\/v2\/posts"}],"about":[{"href":"https:\/\/francois-pelletant.fr\/blog\/wp-json\/wp\/v2\/types\/post"}],"author":[{"embeddable":true,"href":"https:\/\/francois-pelletant.fr\/blog\/wp-json\/wp\/v2\/users\/1"}],"replies":[{"embeddable":true,"href":"https:\/\/francois-pelletant.fr\/blog\/wp-json\/wp\/v2\/comments?post=3250"}],"version-history":[{"count":0,"href":"https:\/\/francois-pelletant.fr\/blog\/wp-json\/wp\/v2\/posts\/3250\/revisions"}],"wp:featuredmedia":[{"embeddable":true,"href":"https:\/\/francois-pelletant.fr\/blog\/wp-json\/wp\/v2\/media\/3251"}],"wp:attachment":[{"href":"https:\/\/francois-pelletant.fr\/blog\/wp-json\/wp\/v2\/media?parent=3250"}],"wp:term":[{"taxonomy":"category","embeddable":true,"href":"https:\/\/francois-pelletant.fr\/blog\/wp-json\/wp\/v2\/categories?post=3250"},{"taxonomy":"post_tag","embeddable":true,"href":"https:\/\/francois-pelletant.fr\/blog\/wp-json\/wp\/v2\/tags?post=3250"}],"curies":[{"name":"wp","href":"https:\/\/api.w.org\/{rel}","templated":true}]}}