{"id":3265,"date":"2013-04-18T09:33:12","date_gmt":"2013-04-18T07:33:12","guid":{"rendered":"https:\/\/francois-pelletant.fr\/blog\/?p=3265"},"modified":"2017-06-12T08:59:19","modified_gmt":"2017-06-12T08:59:19","slug":"concessionnaire-motos-sinstalle-linas","status":"publish","type":"post","link":"https:\/\/francois-pelletant.fr\/blog\/concessionnaire-motos-sinstalle-linas\/","title":{"rendered":"Un concessionnaire de motos s&#8217;installe \u00e0 Linas"},"content":{"rendered":"<h2><a href=\"https:\/\/francois-pelletant.fr\/blog\/wp-content\/uploads\/2013\/04\/victory.jpg\"><img loading=\"lazy\" decoding=\"async\" class=\"alignleft size-medium wp-image-3267\" title=\"victory\" src=\"https:\/\/francois-pelletant.fr\/blog\/wp-content\/uploads\/2013\/04\/victory-300x178.jpg\" alt=\"\" width=\"300\" height=\"178\" \/><\/a>Victory Motorcycles, nouveau \u00e0 Linas<\/h2>\n<p>Un nouveau commer\u00e7ant d\u00e9barque \u00e0 Linas en ce mois d\u2019avril. Il s\u2019agit de Victory Motorcycles, un concessionnaire de motos de prestige LEGEND BIKES. La nouvelle soci\u00e9t\u00e9 vous invite \u00e0 son inauguration qui se d\u00e9roulera samedi 27 avril\u00a0 et dimanche 28 avril 2013 &#8211; LEGEND BIKES &#8211; 65 RN20 &#8211; 91310 Linas 01 69 80 97 39. T\u00e9l\u00e9chargez le flyer d\u2019invitation\u00a0:\u00a0<a href=\"https:\/\/francois-pelletant.fr\/blog\/wp-content\/uploads\/2013\/04\/Porte-ouverte-LEGEND-BIKES-27-28-avril-2013.pdf\">Porte-ouverte-LEGEND-BIKES-27-28-avril-2013<\/a><\/p>\n","protected":false},"excerpt":{"rendered":"<p>Victory Motorcycles, nouveau \u00e0 Linas Un nouveau commer\u00e7ant d\u00e9barque \u00e0 Linas en ce mois d\u2019avril. Il s\u2019agit de Victory Motorcycles, un concessionnaire de motos de prestige LEGEND BIKES. La nouvelle soci\u00e9t\u00e9 vous invite \u00e0 son inauguration qui se d\u00e9roulera samedi 27 avril\u00a0 et dimanche 28 avril 2013 &#8211; LEGEND BIKES &#8211; 65 RN20 &#8211; 91310 [&hellip;]<\/p>\n","protected":false},"author":1,"featured_media":3267,"comment_status":"open","ping_status":"open","sticky":false,"template":"","format":"standard","meta":{"footnotes":""},"categories":[10],"tags":[],"class_list":["post-3265","post","type-post","status-publish","format-standard","has-post-thumbnail","hentry","category-1pelletant"],"yoast_head":"<!-- This site is optimized with the Yoast SEO plugin v25.6 - https:\/\/yoast.com\/wordpress\/plugins\/seo\/ -->\n<title>Un concessionnaire de motos s&#039;installe \u00e0 Linas - Fran\u00e7ois Pelletant<\/title>\n<meta name=\"description\" content=\"Victory Motorcycles , concessionnaire de motos s&#039;installe \u00e0 Linas et vous invite \u00e0 son inauguration en avril prochain.\" \/>\n<meta name=\"robots\" content=\"index, follow, max-snippet:-1, max-image-preview:large, max-video-preview:-1\" \/>\n<link rel=\"canonical\" href=\"https:\/\/francois-pelletant.fr\/blog\/concessionnaire-motos-sinstalle-linas\/\" \/>\n<meta property=\"og:locale\" content=\"fr_FR\" \/>\n<meta property=\"og:type\" content=\"article\" \/>\n<meta property=\"og:title\" content=\"Un concessionnaire de motos s&#039;installe \u00e0 Linas - Fran\u00e7ois Pelletant\" \/>\n<meta property=\"og:description\" content=\"Victory Motorcycles , concessionnaire de motos s&#039;installe \u00e0 Linas et vous invite \u00e0 son inauguration en avril prochain.\" \/>\n<meta property=\"og:url\" content=\"https:\/\/francois-pelletant.fr\/blog\/concessionnaire-motos-sinstalle-linas\/\" \/>\n<meta property=\"og:site_name\" content=\"Fran\u00e7ois Pelletant\" \/>\n<meta property=\"article:publisher\" content=\"https:\/\/www.facebook.com\/francois.pelletant.7\" \/>\n<meta property=\"article:published_time\" content=\"2013-04-18T07:33:12+00:00\" \/>\n<meta property=\"article:modified_time\" content=\"2017-06-12T08:59:19+00:00\" \/>\n<meta property=\"og:image\" content=\"https:\/\/francois-pelletant.fr\/blog\/wp-content\/uploads\/2013\/04\/victory.jpg\" \/>\n\t<meta property=\"og:image:width\" content=\"509\" \/>\n\t<meta property=\"og:image:height\" content=\"303\" \/>\n\t<meta property=\"og:image:type\" content=\"image\/jpeg\" \/>\n<meta name=\"author\" content=\"Francois\" \/>\n<meta name=\"twitter:card\" content=\"summary_large_image\" \/>\n<meta name=\"twitter:creator\" content=\"@pelletant\" \/>\n<meta name=\"twitter:site\" content=\"@pelletant\" \/>\n<meta name=\"twitter:label1\" content=\"\u00c9crit par\" \/>\n\t<meta name=\"twitter:data1\" content=\"Francois\" \/>\n<script type=\"application\/ld+json\" class=\"yoast-schema-graph\">{\"@context\":\"https:\/\/schema.org\",\"@graph\":[{\"@type\":\"Article\",\"@id\":\"https:\/\/francois-pelletant.fr\/blog\/concessionnaire-motos-sinstalle-linas\/#article\",\"isPartOf\":{\"@id\":\"https:\/\/francois-pelletant.fr\/blog\/concessionnaire-motos-sinstalle-linas\/\"},\"author\":{\"name\":\"Francois\",\"@id\":\"https:\/\/francois-pelletant.fr\/blog\/#\/schema\/person\/2be41acb171dff8f31aaed1f40cee9f3\"},\"headline\":\"Un concessionnaire de motos s&#8217;installe \u00e0 Linas\",\"datePublished\":\"2013-04-18T07:33:12+00:00\",\"dateModified\":\"2017-06-12T08:59:19+00:00\",\"mainEntityOfPage\":{\"@id\":\"https:\/\/francois-pelletant.fr\/blog\/concessionnaire-motos-sinstalle-linas\/\"},\"wordCount\":71,\"commentCount\":0,\"publisher\":{\"@id\":\"https:\/\/francois-pelletant.fr\/blog\/#organization\"},\"image\":{\"@id\":\"https:\/\/francois-pelletant.fr\/blog\/concessionnaire-motos-sinstalle-linas\/#primaryimage\"},\"thumbnailUrl\":\"https:\/\/francois-pelletant.fr\/blog\/wp-content\/uploads\/2013\/04\/victory.jpg\",\"articleSection\":[\"Infos\"],\"inLanguage\":\"fr-FR\",\"potentialAction\":[{\"@type\":\"CommentAction\",\"name\":\"Comment\",\"target\":[\"https:\/\/francois-pelletant.fr\/blog\/concessionnaire-motos-sinstalle-linas\/#respond\"]}]},{\"@type\":\"WebPage\",\"@id\":\"https:\/\/francois-pelletant.fr\/blog\/concessionnaire-motos-sinstalle-linas\/\",\"url\":\"https:\/\/francois-pelletant.fr\/blog\/concessionnaire-motos-sinstalle-linas\/\",\"name\":\"Un concessionnaire de motos s'installe \u00e0 Linas - Fran\u00e7ois Pelletant\",\"isPartOf\":{\"@id\":\"https:\/\/francois-pelletant.fr\/blog\/#website\"},\"primaryImageOfPage\":{\"@id\":\"https:\/\/francois-pelletant.fr\/blog\/concessionnaire-motos-sinstalle-linas\/#primaryimage\"},\"image\":{\"@id\":\"https:\/\/francois-pelletant.fr\/blog\/concessionnaire-motos-sinstalle-linas\/#primaryimage\"},\"thumbnailUrl\":\"https:\/\/francois-pelletant.fr\/blog\/wp-content\/uploads\/2013\/04\/victory.jpg\",\"datePublished\":\"2013-04-18T07:33:12+00:00\",\"dateModified\":\"2017-06-12T08:59:19+00:00\",\"description\":\"Victory Motorcycles , concessionnaire de motos s'installe \u00e0 Linas et vous invite \u00e0 son inauguration en avril prochain.\",\"breadcrumb\":{\"@id\":\"https:\/\/francois-pelletant.fr\/blog\/concessionnaire-motos-sinstalle-linas\/#breadcrumb\"},\"inLanguage\":\"fr-FR\",\"potentialAction\":[{\"@type\":\"ReadAction\",\"target\":[\"https:\/\/francois-pelletant.fr\/blog\/concessionnaire-motos-sinstalle-linas\/\"]}]},{\"@type\":\"ImageObject\",\"inLanguage\":\"fr-FR\",\"@id\":\"https:\/\/francois-pelletant.fr\/blog\/concessionnaire-motos-sinstalle-linas\/#primaryimage\",\"url\":\"https:\/\/francois-pelletant.fr\/blog\/wp-content\/uploads\/2013\/04\/victory.jpg\",\"contentUrl\":\"https:\/\/francois-pelletant.fr\/blog\/wp-content\/uploads\/2013\/04\/victory.jpg\",\"width\":509,\"height\":303},{\"@type\":\"BreadcrumbList\",\"@id\":\"https:\/\/francois-pelletant.fr\/blog\/concessionnaire-motos-sinstalle-linas\/#breadcrumb\",\"itemListElement\":[{\"@type\":\"ListItem\",\"position\":1,\"name\":\"Accueil\",\"item\":\"https:\/\/francois-pelletant.fr\/blog\/\"},{\"@type\":\"ListItem\",\"position\":2,\"name\":\"Un concessionnaire de motos s&#8217;installe \u00e0 Linas\"}]},{\"@type\":\"WebSite\",\"@id\":\"https:\/\/francois-pelletant.fr\/blog\/#website\",\"url\":\"https:\/\/francois-pelletant.fr\/blog\/\",\"name\":\"Fran\u00e7ois Pelletant\",\"description\":\"Maire de Linas, pour toujours.\",\"publisher\":{\"@id\":\"https:\/\/francois-pelletant.fr\/blog\/#organization\"},\"potentialAction\":[{\"@type\":\"SearchAction\",\"target\":{\"@type\":\"EntryPoint\",\"urlTemplate\":\"https:\/\/francois-pelletant.fr\/blog\/?s={search_term_string}\"},\"query-input\":{\"@type\":\"PropertyValueSpecification\",\"valueRequired\":true,\"valueName\":\"search_term_string\"}}],\"inLanguage\":\"fr-FR\"},{\"@type\":\"Organization\",\"@id\":\"https:\/\/francois-pelletant.fr\/blog\/#organization\",\"name\":\"Fran\u00e7ois Pelletant\",\"url\":\"https:\/\/francois-pelletant.fr\/blog\/\",\"logo\":{\"@type\":\"ImageObject\",\"inLanguage\":\"fr-FR\",\"@id\":\"https:\/\/francois-pelletant.fr\/blog\/#\/schema\/logo\/image\/\",\"url\":\"https:\/\/francois-pelletant.fr\/blog\/wp-content\/uploads\/2024\/07\/icone-francois-centre-500p.png\",\"contentUrl\":\"https:\/\/francois-pelletant.fr\/blog\/wp-content\/uploads\/2024\/07\/icone-francois-centre-500p.png\",\"width\":559,\"height\":447,\"caption\":\"Fran\u00e7ois Pelletant\"},\"image\":{\"@id\":\"https:\/\/francois-pelletant.fr\/blog\/#\/schema\/logo\/image\/\"},\"sameAs\":[\"https:\/\/www.facebook.com\/francois.pelletant.7\",\"https:\/\/x.com\/pelletant\"]},{\"@type\":\"Person\",\"@id\":\"https:\/\/francois-pelletant.fr\/blog\/#\/schema\/person\/2be41acb171dff8f31aaed1f40cee9f3\",\"name\":\"Francois\"}]}<\/script>\n<!-- \/ Yoast SEO plugin. -->","yoast_head_json":{"title":"Un concessionnaire de motos s'installe \u00e0 Linas - Fran\u00e7ois Pelletant","description":"Victory Motorcycles , concessionnaire de motos s'installe \u00e0 Linas et vous invite \u00e0 son inauguration en avril prochain.","robots":{"index":"index","follow":"follow","max-snippet":"max-snippet:-1","max-image-preview":"max-image-preview:large","max-video-preview":"max-video-preview:-1"},"canonical":"https:\/\/francois-pelletant.fr\/blog\/concessionnaire-motos-sinstalle-linas\/","og_locale":"fr_FR","og_type":"article","og_title":"Un concessionnaire de motos s'installe \u00e0 Linas - Fran\u00e7ois Pelletant","og_description":"Victory Motorcycles , concessionnaire de motos s'installe \u00e0 Linas et vous invite \u00e0 son inauguration en avril prochain.","og_url":"https:\/\/francois-pelletant.fr\/blog\/concessionnaire-motos-sinstalle-linas\/","og_site_name":"Fran\u00e7ois Pelletant","article_publisher":"https:\/\/www.facebook.com\/francois.pelletant.7","article_published_time":"2013-04-18T07:33:12+00:00","article_modified_time":"2017-06-12T08:59:19+00:00","og_image":[{"width":509,"height":303,"url":"https:\/\/francois-pelletant.fr\/blog\/wp-content\/uploads\/2013\/04\/victory.jpg","type":"image\/jpeg"}],"author":"Francois","twitter_card":"summary_large_image","twitter_creator":"@pelletant","twitter_site":"@pelletant","twitter_misc":{"\u00c9crit par":"Francois"},"schema":{"@context":"https:\/\/schema.org","@graph":[{"@type":"Article","@id":"https:\/\/francois-pelletant.fr\/blog\/concessionnaire-motos-sinstalle-linas\/#article","isPartOf":{"@id":"https:\/\/francois-pelletant.fr\/blog\/concessionnaire-motos-sinstalle-linas\/"},"author":{"name":"Francois","@id":"https:\/\/francois-pelletant.fr\/blog\/#\/schema\/person\/2be41acb171dff8f31aaed1f40cee9f3"},"headline":"Un concessionnaire de motos s&#8217;installe \u00e0 Linas","datePublished":"2013-04-18T07:33:12+00:00","dateModified":"2017-06-12T08:59:19+00:00","mainEntityOfPage":{"@id":"https:\/\/francois-pelletant.fr\/blog\/concessionnaire-motos-sinstalle-linas\/"},"wordCount":71,"commentCount":0,"publisher":{"@id":"https:\/\/francois-pelletant.fr\/blog\/#organization"},"image":{"@id":"https:\/\/francois-pelletant.fr\/blog\/concessionnaire-motos-sinstalle-linas\/#primaryimage"},"thumbnailUrl":"https:\/\/francois-pelletant.fr\/blog\/wp-content\/uploads\/2013\/04\/victory.jpg","articleSection":["Infos"],"inLanguage":"fr-FR","potentialAction":[{"@type":"CommentAction","name":"Comment","target":["https:\/\/francois-pelletant.fr\/blog\/concessionnaire-motos-sinstalle-linas\/#respond"]}]},{"@type":"WebPage","@id":"https:\/\/francois-pelletant.fr\/blog\/concessionnaire-motos-sinstalle-linas\/","url":"https:\/\/francois-pelletant.fr\/blog\/concessionnaire-motos-sinstalle-linas\/","name":"Un concessionnaire de motos s'installe \u00e0 Linas - Fran\u00e7ois Pelletant","isPartOf":{"@id":"https:\/\/francois-pelletant.fr\/blog\/#website"},"primaryImageOfPage":{"@id":"https:\/\/francois-pelletant.fr\/blog\/concessionnaire-motos-sinstalle-linas\/#primaryimage"},"image":{"@id":"https:\/\/francois-pelletant.fr\/blog\/concessionnaire-motos-sinstalle-linas\/#primaryimage"},"thumbnailUrl":"https:\/\/francois-pelletant.fr\/blog\/wp-content\/uploads\/2013\/04\/victory.jpg","datePublished":"2013-04-18T07:33:12+00:00","dateModified":"2017-06-12T08:59:19+00:00","description":"Victory Motorcycles , concessionnaire de motos s'installe \u00e0 Linas et vous invite \u00e0 son inauguration en avril prochain.","breadcrumb":{"@id":"https:\/\/francois-pelletant.fr\/blog\/concessionnaire-motos-sinstalle-linas\/#breadcrumb"},"inLanguage":"fr-FR","potentialAction":[{"@type":"ReadAction","target":["https:\/\/francois-pelletant.fr\/blog\/concessionnaire-motos-sinstalle-linas\/"]}]},{"@type":"ImageObject","inLanguage":"fr-FR","@id":"https:\/\/francois-pelletant.fr\/blog\/concessionnaire-motos-sinstalle-linas\/#primaryimage","url":"https:\/\/francois-pelletant.fr\/blog\/wp-content\/uploads\/2013\/04\/victory.jpg","contentUrl":"https:\/\/francois-pelletant.fr\/blog\/wp-content\/uploads\/2013\/04\/victory.jpg","width":509,"height":303},{"@type":"BreadcrumbList","@id":"https:\/\/francois-pelletant.fr\/blog\/concessionnaire-motos-sinstalle-linas\/#breadcrumb","itemListElement":[{"@type":"ListItem","position":1,"name":"Accueil","item":"https:\/\/francois-pelletant.fr\/blog\/"},{"@type":"ListItem","position":2,"name":"Un concessionnaire de motos s&#8217;installe \u00e0 Linas"}]},{"@type":"WebSite","@id":"https:\/\/francois-pelletant.fr\/blog\/#website","url":"https:\/\/francois-pelletant.fr\/blog\/","name":"Fran\u00e7ois Pelletant","description":"Maire de Linas, pour toujours.","publisher":{"@id":"https:\/\/francois-pelletant.fr\/blog\/#organization"},"potentialAction":[{"@type":"SearchAction","target":{"@type":"EntryPoint","urlTemplate":"https:\/\/francois-pelletant.fr\/blog\/?s={search_term_string}"},"query-input":{"@type":"PropertyValueSpecification","valueRequired":true,"valueName":"search_term_string"}}],"inLanguage":"fr-FR"},{"@type":"Organization","@id":"https:\/\/francois-pelletant.fr\/blog\/#organization","name":"Fran\u00e7ois Pelletant","url":"https:\/\/francois-pelletant.fr\/blog\/","logo":{"@type":"ImageObject","inLanguage":"fr-FR","@id":"https:\/\/francois-pelletant.fr\/blog\/#\/schema\/logo\/image\/","url":"https:\/\/francois-pelletant.fr\/blog\/wp-content\/uploads\/2024\/07\/icone-francois-centre-500p.png","contentUrl":"https:\/\/francois-pelletant.fr\/blog\/wp-content\/uploads\/2024\/07\/icone-francois-centre-500p.png","width":559,"height":447,"caption":"Fran\u00e7ois Pelletant"},"image":{"@id":"https:\/\/francois-pelletant.fr\/blog\/#\/schema\/logo\/image\/"},"sameAs":["https:\/\/www.facebook.com\/francois.pelletant.7","https:\/\/x.com\/pelletant"]},{"@type":"Person","@id":"https:\/\/francois-pelletant.fr\/blog\/#\/schema\/person\/2be41acb171dff8f31aaed1f40cee9f3","name":"Francois"}]}},"_links":{"self":[{"href":"https:\/\/francois-pelletant.fr\/blog\/wp-json\/wp\/v2\/posts\/3265","targetHints":{"allow":["GET"]}}],"collection":[{"href":"https:\/\/francois-pelletant.fr\/blog\/wp-json\/wp\/v2\/posts"}],"about":[{"href":"https:\/\/francois-pelletant.fr\/blog\/wp-json\/wp\/v2\/types\/post"}],"author":[{"embeddable":true,"href":"https:\/\/francois-pelletant.fr\/blog\/wp-json\/wp\/v2\/users\/1"}],"replies":[{"embeddable":true,"href":"https:\/\/francois-pelletant.fr\/blog\/wp-json\/wp\/v2\/comments?post=3265"}],"version-history":[{"count":0,"href":"https:\/\/francois-pelletant.fr\/blog\/wp-json\/wp\/v2\/posts\/3265\/revisions"}],"wp:featuredmedia":[{"embeddable":true,"href":"https:\/\/francois-pelletant.fr\/blog\/wp-json\/wp\/v2\/media\/3267"}],"wp:attachment":[{"href":"https:\/\/francois-pelletant.fr\/blog\/wp-json\/wp\/v2\/media?parent=3265"}],"wp:term":[{"taxonomy":"category","embeddable":true,"href":"https:\/\/francois-pelletant.fr\/blog\/wp-json\/wp\/v2\/categories?post=3265"},{"taxonomy":"post_tag","embeddable":true,"href":"https:\/\/francois-pelletant.fr\/blog\/wp-json\/wp\/v2\/tags?post=3265"}],"curies":[{"name":"wp","href":"https:\/\/api.w.org\/{rel}","templated":true}]}}