{"id":3273,"date":"2013-04-21T08:52:09","date_gmt":"2013-04-21T06:52:09","guid":{"rendered":"https:\/\/francois-pelletant.fr\/blog\/?p=3273"},"modified":"2013-04-21T08:52:09","modified_gmt":"2013-04-21T06:52:09","slug":"best-of-des-illustrations-de-presse","status":"publish","type":"post","link":"https:\/\/francois-pelletant.fr\/blog\/best-of-des-illustrations-de-presse\/","title":{"rendered":"Best of des illustrations de presse :"},"content":{"rendered":"<figure id=\"attachment_3274\" aria-describedby=\"caption-attachment-3274\" style=\"width: 256px\" class=\"wp-caption alignleft\"><a href=\"https:\/\/francois-pelletant.fr\/blog\/wp-content\/uploads\/2013\/04\/Marianne-13-avril.jpg\"><img loading=\"lazy\" decoding=\"async\" class=\"size-medium wp-image-3274\" title=\"Marianne 13 avril\" src=\"https:\/\/francois-pelletant.fr\/blog\/wp-content\/uploads\/2013\/04\/Marianne-13-avril-256x300.jpg\" alt=\"\" width=\"256\" height=\"300\" srcset=\"https:\/\/francois-pelletant.fr\/blog\/wp-content\/uploads\/2013\/04\/Marianne-13-avril-256x300.jpg 256w, https:\/\/francois-pelletant.fr\/blog\/wp-content\/uploads\/2013\/04\/Marianne-13-avril.jpg 390w\" sizes=\"auto, (max-width: 256px) 100vw, 256px\" \/><\/a><figcaption id=\"caption-attachment-3274\" class=\"wp-caption-text\">Marianne 13 avril<\/figcaption><\/figure>\n<p>Chaque dimanche, je vous propose un floril\u00e8ge des dessins publi\u00e9s dans la presse en rapport avec l&#8217;actualit\u00e9. Au menu cette semaine : les suites de l&#8217;affaire Cahuzac et la publication du patrimoine des \u00e9lus, mais pas seulement&#8230;<\/p>\n<p>&nbsp;<\/p>\n<figure id=\"attachment_3275\" aria-describedby=\"caption-attachment-3275\" style=\"width: 300px\" class=\"wp-caption aligncenter\"><a href=\"https:\/\/francois-pelletant.fr\/blog\/wp-content\/uploads\/2013\/04\/agoravox.fr-16-avril.jpg\"><img loading=\"lazy\" decoding=\"async\" class=\"size-medium wp-image-3275\" title=\"agoravox.fr 16 avril\" src=\"https:\/\/francois-pelletant.fr\/blog\/wp-content\/uploads\/2013\/04\/agoravox.fr-16-avril-300x244.jpg\" alt=\"\" width=\"300\" height=\"244\" \/><\/a><figcaption id=\"caption-attachment-3275\" class=\"wp-caption-text\">agoravox.fr 16 avril<\/figcaption><\/figure>\n<p>&nbsp;<\/p>\n<figure id=\"attachment_3276\" aria-describedby=\"caption-attachment-3276\" style=\"width: 300px\" class=\"wp-caption aligncenter\"><a href=\"https:\/\/francois-pelletant.fr\/blog\/wp-content\/uploads\/2013\/04\/delucq.com-16-avril.jpg\"><img loading=\"lazy\" decoding=\"async\" class=\"size-medium wp-image-3276\" title=\"delucq.com 16 avril\" src=\"https:\/\/francois-pelletant.fr\/blog\/wp-content\/uploads\/2013\/04\/delucq.com-16-avril-300x231.jpg\" alt=\"\" width=\"300\" height=\"231\" \/><\/a><figcaption id=\"caption-attachment-3276\" class=\"wp-caption-text\">delucq.com 16 avril<\/figcaption><\/figure>\n<p>&nbsp;<\/p>\n<figure id=\"attachment_3277\" aria-describedby=\"caption-attachment-3277\" style=\"width: 300px\" class=\"wp-caption aligncenter\"><a href=\"https:\/\/francois-pelletant.fr\/blog\/wp-content\/uploads\/2013\/04\/Le-Courrier-Picard-15-avril.jpg\"><img loading=\"lazy\" decoding=\"async\" class=\"size-medium wp-image-3277\" title=\"Le Courrier Picard 15 avril\" src=\"https:\/\/francois-pelletant.fr\/blog\/wp-content\/uploads\/2013\/04\/Le-Courrier-Picard-15-avril-300x237.jpg\" alt=\"\" width=\"300\" height=\"237\" srcset=\"https:\/\/francois-pelletant.fr\/blog\/wp-content\/uploads\/2013\/04\/Le-Courrier-Picard-15-avril-300x237.jpg 300w, https:\/\/francois-pelletant.fr\/blog\/wp-content\/uploads\/2013\/04\/Le-Courrier-Picard-15-avril-570x450.jpg 570w, https:\/\/francois-pelletant.fr\/blog\/wp-content\/uploads\/2013\/04\/Le-Courrier-Picard-15-avril.jpg 589w\" sizes=\"auto, (max-width: 300px) 100vw, 300px\" \/><\/a><figcaption id=\"caption-attachment-3277\" class=\"wp-caption-text\">Le Courrier Picard 15 avril<\/figcaption><\/figure>\n<p>&nbsp;<\/p>\n<figure id=\"attachment_3278\" aria-describedby=\"caption-attachment-3278\" style=\"width: 294px\" class=\"wp-caption aligncenter\"><a href=\"https:\/\/francois-pelletant.fr\/blog\/wp-content\/uploads\/2013\/04\/Le-Parisien-16-avril.jpg\"><img loading=\"lazy\" decoding=\"async\" class=\"size-medium wp-image-3278\" title=\"Le Parisien 16 avril\" src=\"https:\/\/francois-pelletant.fr\/blog\/wp-content\/uploads\/2013\/04\/Le-Parisien-16-avril-294x300.jpg\" alt=\"\" width=\"294\" height=\"300\" srcset=\"https:\/\/francois-pelletant.fr\/blog\/wp-content\/uploads\/2013\/04\/Le-Parisien-16-avril-294x300.jpg 294w, https:\/\/francois-pelletant.fr\/blog\/wp-content\/uploads\/2013\/04\/Le-Parisien-16-avril.jpg 454w\" sizes=\"auto, (max-width: 294px) 100vw, 294px\" \/><\/a><figcaption id=\"caption-attachment-3278\" class=\"wp-caption-text\">Le Parisien 16 avril<\/figcaption><\/figure>\n<p>&nbsp;<\/p>\n<figure id=\"attachment_3279\" aria-describedby=\"caption-attachment-3279\" style=\"width: 300px\" class=\"wp-caption aligncenter\"><a href=\"https:\/\/francois-pelletant.fr\/blog\/wp-content\/uploads\/2013\/04\/leplacide.com-11-avril.jpg\"><img loading=\"lazy\" decoding=\"async\" class=\"size-medium wp-image-3279\" title=\"leplacide.com 11 avril\" src=\"https:\/\/francois-pelletant.fr\/blog\/wp-content\/uploads\/2013\/04\/leplacide.com-11-avril-300x217.jpg\" alt=\"\" width=\"300\" height=\"217\" \/><\/a><figcaption id=\"caption-attachment-3279\" class=\"wp-caption-text\">leplacide.com 11 avril<\/figcaption><\/figure>\n","protected":false},"excerpt":{"rendered":"<p>Chaque dimanche, je vous propose un floril\u00e8ge des dessins publi\u00e9s dans la presse en rapport avec l&#8217;actualit\u00e9. Au menu cette semaine : les suites de l&#8217;affaire Cahuzac et la publication du patrimoine des \u00e9lus, mais pas seulement&#8230; &nbsp; &nbsp; &nbsp; &nbsp; &nbsp;<\/p>\n","protected":false},"author":1,"featured_media":3274,"comment_status":"open","ping_status":"open","sticky":false,"template":"","format":"standard","meta":{"footnotes":""},"categories":[17],"tags":[],"class_list":["post-3273","post","type-post","status-publish","format-standard","has-post-thumbnail","hentry","category-prix-du-meilleur-dessin-de-presse"],"yoast_head":"<!-- This site is optimized with the Yoast SEO plugin v25.6 - https:\/\/yoast.com\/wordpress\/plugins\/seo\/ -->\n<title>Best of des illustrations de presse : - Fran\u00e7ois Pelletant<\/title>\n<meta name=\"robots\" content=\"index, follow, max-snippet:-1, max-image-preview:large, max-video-preview:-1\" \/>\n<link rel=\"canonical\" href=\"https:\/\/francois-pelletant.fr\/blog\/best-of-des-illustrations-de-presse\/\" \/>\n<meta property=\"og:locale\" content=\"fr_FR\" \/>\n<meta property=\"og:type\" content=\"article\" \/>\n<meta property=\"og:title\" content=\"Best of des illustrations de presse : - Fran\u00e7ois Pelletant\" \/>\n<meta property=\"og:description\" content=\"Chaque dimanche, je vous propose un floril\u00e8ge des dessins publi\u00e9s dans la presse en rapport avec l&#8217;actualit\u00e9. Au menu cette semaine : les suites de l&#8217;affaire Cahuzac et la publication du patrimoine des \u00e9lus, mais pas seulement&#8230; &nbsp; &nbsp; &nbsp; &nbsp; &nbsp;\" \/>\n<meta property=\"og:url\" content=\"https:\/\/francois-pelletant.fr\/blog\/best-of-des-illustrations-de-presse\/\" \/>\n<meta property=\"og:site_name\" content=\"Fran\u00e7ois Pelletant\" \/>\n<meta property=\"article:publisher\" content=\"https:\/\/www.facebook.com\/francois.pelletant.7\" \/>\n<meta property=\"article:published_time\" content=\"2013-04-21T06:52:09+00:00\" \/>\n<meta property=\"og:image\" content=\"https:\/\/francois-pelletant.fr\/blog\/wp-content\/uploads\/2013\/04\/Marianne-13-avril.jpg\" \/>\n\t<meta property=\"og:image:width\" content=\"390\" \/>\n\t<meta property=\"og:image:height\" content=\"457\" \/>\n\t<meta property=\"og:image:type\" content=\"image\/jpeg\" \/>\n<meta name=\"author\" content=\"Francois\" \/>\n<meta name=\"twitter:card\" content=\"summary_large_image\" \/>\n<meta name=\"twitter:creator\" content=\"@pelletant\" \/>\n<meta name=\"twitter:site\" content=\"@pelletant\" \/>\n<meta name=\"twitter:label1\" content=\"\u00c9crit par\" \/>\n\t<meta name=\"twitter:data1\" content=\"Francois\" \/>\n\t<meta name=\"twitter:label2\" content=\"Dur\u00e9e de lecture estim\u00e9e\" \/>\n\t<meta name=\"twitter:data2\" content=\"1 minute\" \/>\n<script type=\"application\/ld+json\" class=\"yoast-schema-graph\">{\"@context\":\"https:\/\/schema.org\",\"@graph\":[{\"@type\":\"Article\",\"@id\":\"https:\/\/francois-pelletant.fr\/blog\/best-of-des-illustrations-de-presse\/#article\",\"isPartOf\":{\"@id\":\"https:\/\/francois-pelletant.fr\/blog\/best-of-des-illustrations-de-presse\/\"},\"author\":{\"name\":\"Francois\",\"@id\":\"https:\/\/francois-pelletant.fr\/blog\/#\/schema\/person\/2be41acb171dff8f31aaed1f40cee9f3\"},\"headline\":\"Best of des illustrations de presse :\",\"datePublished\":\"2013-04-21T06:52:09+00:00\",\"mainEntityOfPage\":{\"@id\":\"https:\/\/francois-pelletant.fr\/blog\/best-of-des-illustrations-de-presse\/\"},\"wordCount\":117,\"commentCount\":0,\"publisher\":{\"@id\":\"https:\/\/francois-pelletant.fr\/blog\/#organization\"},\"image\":{\"@id\":\"https:\/\/francois-pelletant.fr\/blog\/best-of-des-illustrations-de-presse\/#primaryimage\"},\"thumbnailUrl\":\"https:\/\/francois-pelletant.fr\/blog\/wp-content\/uploads\/2013\/04\/Marianne-13-avril.jpg\",\"articleSection\":[\"Prix du meilleur dessin de presse\"],\"inLanguage\":\"fr-FR\",\"potentialAction\":[{\"@type\":\"CommentAction\",\"name\":\"Comment\",\"target\":[\"https:\/\/francois-pelletant.fr\/blog\/best-of-des-illustrations-de-presse\/#respond\"]}]},{\"@type\":\"WebPage\",\"@id\":\"https:\/\/francois-pelletant.fr\/blog\/best-of-des-illustrations-de-presse\/\",\"url\":\"https:\/\/francois-pelletant.fr\/blog\/best-of-des-illustrations-de-presse\/\",\"name\":\"Best of des illustrations de presse : - Fran\u00e7ois Pelletant\",\"isPartOf\":{\"@id\":\"https:\/\/francois-pelletant.fr\/blog\/#website\"},\"primaryImageOfPage\":{\"@id\":\"https:\/\/francois-pelletant.fr\/blog\/best-of-des-illustrations-de-presse\/#primaryimage\"},\"image\":{\"@id\":\"https:\/\/francois-pelletant.fr\/blog\/best-of-des-illustrations-de-presse\/#primaryimage\"},\"thumbnailUrl\":\"https:\/\/francois-pelletant.fr\/blog\/wp-content\/uploads\/2013\/04\/Marianne-13-avril.jpg\",\"datePublished\":\"2013-04-21T06:52:09+00:00\",\"breadcrumb\":{\"@id\":\"https:\/\/francois-pelletant.fr\/blog\/best-of-des-illustrations-de-presse\/#breadcrumb\"},\"inLanguage\":\"fr-FR\",\"potentialAction\":[{\"@type\":\"ReadAction\",\"target\":[\"https:\/\/francois-pelletant.fr\/blog\/best-of-des-illustrations-de-presse\/\"]}]},{\"@type\":\"ImageObject\",\"inLanguage\":\"fr-FR\",\"@id\":\"https:\/\/francois-pelletant.fr\/blog\/best-of-des-illustrations-de-presse\/#primaryimage\",\"url\":\"https:\/\/francois-pelletant.fr\/blog\/wp-content\/uploads\/2013\/04\/Marianne-13-avril.jpg\",\"contentUrl\":\"https:\/\/francois-pelletant.fr\/blog\/wp-content\/uploads\/2013\/04\/Marianne-13-avril.jpg\",\"width\":390,\"height\":457,\"caption\":\"Marianne 13 avril\"},{\"@type\":\"BreadcrumbList\",\"@id\":\"https:\/\/francois-pelletant.fr\/blog\/best-of-des-illustrations-de-presse\/#breadcrumb\",\"itemListElement\":[{\"@type\":\"ListItem\",\"position\":1,\"name\":\"Accueil\",\"item\":\"https:\/\/francois-pelletant.fr\/blog\/\"},{\"@type\":\"ListItem\",\"position\":2,\"name\":\"Best of des illustrations de presse :\"}]},{\"@type\":\"WebSite\",\"@id\":\"https:\/\/francois-pelletant.fr\/blog\/#website\",\"url\":\"https:\/\/francois-pelletant.fr\/blog\/\",\"name\":\"Fran\u00e7ois Pelletant\",\"description\":\"Maire de Linas, pour toujours.\",\"publisher\":{\"@id\":\"https:\/\/francois-pelletant.fr\/blog\/#organization\"},\"potentialAction\":[{\"@type\":\"SearchAction\",\"target\":{\"@type\":\"EntryPoint\",\"urlTemplate\":\"https:\/\/francois-pelletant.fr\/blog\/?s={search_term_string}\"},\"query-input\":{\"@type\":\"PropertyValueSpecification\",\"valueRequired\":true,\"valueName\":\"search_term_string\"}}],\"inLanguage\":\"fr-FR\"},{\"@type\":\"Organization\",\"@id\":\"https:\/\/francois-pelletant.fr\/blog\/#organization\",\"name\":\"Fran\u00e7ois Pelletant\",\"url\":\"https:\/\/francois-pelletant.fr\/blog\/\",\"logo\":{\"@type\":\"ImageObject\",\"inLanguage\":\"fr-FR\",\"@id\":\"https:\/\/francois-pelletant.fr\/blog\/#\/schema\/logo\/image\/\",\"url\":\"https:\/\/francois-pelletant.fr\/blog\/wp-content\/uploads\/2024\/07\/icone-francois-centre-500p.png\",\"contentUrl\":\"https:\/\/francois-pelletant.fr\/blog\/wp-content\/uploads\/2024\/07\/icone-francois-centre-500p.png\",\"width\":559,\"height\":447,\"caption\":\"Fran\u00e7ois Pelletant\"},\"image\":{\"@id\":\"https:\/\/francois-pelletant.fr\/blog\/#\/schema\/logo\/image\/\"},\"sameAs\":[\"https:\/\/www.facebook.com\/francois.pelletant.7\",\"https:\/\/x.com\/pelletant\"]},{\"@type\":\"Person\",\"@id\":\"https:\/\/francois-pelletant.fr\/blog\/#\/schema\/person\/2be41acb171dff8f31aaed1f40cee9f3\",\"name\":\"Francois\"}]}<\/script>\n<!-- \/ Yoast SEO plugin. -->","yoast_head_json":{"title":"Best of des illustrations de presse : - Fran\u00e7ois Pelletant","robots":{"index":"index","follow":"follow","max-snippet":"max-snippet:-1","max-image-preview":"max-image-preview:large","max-video-preview":"max-video-preview:-1"},"canonical":"https:\/\/francois-pelletant.fr\/blog\/best-of-des-illustrations-de-presse\/","og_locale":"fr_FR","og_type":"article","og_title":"Best of des illustrations de presse : - Fran\u00e7ois Pelletant","og_description":"Chaque dimanche, je vous propose un floril\u00e8ge des dessins publi\u00e9s dans la presse en rapport avec l&#8217;actualit\u00e9. Au menu cette semaine : les suites de l&#8217;affaire Cahuzac et la publication du patrimoine des \u00e9lus, mais pas seulement&#8230; &nbsp; &nbsp; &nbsp; &nbsp; &nbsp;","og_url":"https:\/\/francois-pelletant.fr\/blog\/best-of-des-illustrations-de-presse\/","og_site_name":"Fran\u00e7ois Pelletant","article_publisher":"https:\/\/www.facebook.com\/francois.pelletant.7","article_published_time":"2013-04-21T06:52:09+00:00","og_image":[{"width":390,"height":457,"url":"https:\/\/francois-pelletant.fr\/blog\/wp-content\/uploads\/2013\/04\/Marianne-13-avril.jpg","type":"image\/jpeg"}],"author":"Francois","twitter_card":"summary_large_image","twitter_creator":"@pelletant","twitter_site":"@pelletant","twitter_misc":{"\u00c9crit par":"Francois","Dur\u00e9e de lecture estim\u00e9e":"1 minute"},"schema":{"@context":"https:\/\/schema.org","@graph":[{"@type":"Article","@id":"https:\/\/francois-pelletant.fr\/blog\/best-of-des-illustrations-de-presse\/#article","isPartOf":{"@id":"https:\/\/francois-pelletant.fr\/blog\/best-of-des-illustrations-de-presse\/"},"author":{"name":"Francois","@id":"https:\/\/francois-pelletant.fr\/blog\/#\/schema\/person\/2be41acb171dff8f31aaed1f40cee9f3"},"headline":"Best of des illustrations de presse :","datePublished":"2013-04-21T06:52:09+00:00","mainEntityOfPage":{"@id":"https:\/\/francois-pelletant.fr\/blog\/best-of-des-illustrations-de-presse\/"},"wordCount":117,"commentCount":0,"publisher":{"@id":"https:\/\/francois-pelletant.fr\/blog\/#organization"},"image":{"@id":"https:\/\/francois-pelletant.fr\/blog\/best-of-des-illustrations-de-presse\/#primaryimage"},"thumbnailUrl":"https:\/\/francois-pelletant.fr\/blog\/wp-content\/uploads\/2013\/04\/Marianne-13-avril.jpg","articleSection":["Prix du meilleur dessin de presse"],"inLanguage":"fr-FR","potentialAction":[{"@type":"CommentAction","name":"Comment","target":["https:\/\/francois-pelletant.fr\/blog\/best-of-des-illustrations-de-presse\/#respond"]}]},{"@type":"WebPage","@id":"https:\/\/francois-pelletant.fr\/blog\/best-of-des-illustrations-de-presse\/","url":"https:\/\/francois-pelletant.fr\/blog\/best-of-des-illustrations-de-presse\/","name":"Best of des illustrations de presse : - Fran\u00e7ois Pelletant","isPartOf":{"@id":"https:\/\/francois-pelletant.fr\/blog\/#website"},"primaryImageOfPage":{"@id":"https:\/\/francois-pelletant.fr\/blog\/best-of-des-illustrations-de-presse\/#primaryimage"},"image":{"@id":"https:\/\/francois-pelletant.fr\/blog\/best-of-des-illustrations-de-presse\/#primaryimage"},"thumbnailUrl":"https:\/\/francois-pelletant.fr\/blog\/wp-content\/uploads\/2013\/04\/Marianne-13-avril.jpg","datePublished":"2013-04-21T06:52:09+00:00","breadcrumb":{"@id":"https:\/\/francois-pelletant.fr\/blog\/best-of-des-illustrations-de-presse\/#breadcrumb"},"inLanguage":"fr-FR","potentialAction":[{"@type":"ReadAction","target":["https:\/\/francois-pelletant.fr\/blog\/best-of-des-illustrations-de-presse\/"]}]},{"@type":"ImageObject","inLanguage":"fr-FR","@id":"https:\/\/francois-pelletant.fr\/blog\/best-of-des-illustrations-de-presse\/#primaryimage","url":"https:\/\/francois-pelletant.fr\/blog\/wp-content\/uploads\/2013\/04\/Marianne-13-avril.jpg","contentUrl":"https:\/\/francois-pelletant.fr\/blog\/wp-content\/uploads\/2013\/04\/Marianne-13-avril.jpg","width":390,"height":457,"caption":"Marianne 13 avril"},{"@type":"BreadcrumbList","@id":"https:\/\/francois-pelletant.fr\/blog\/best-of-des-illustrations-de-presse\/#breadcrumb","itemListElement":[{"@type":"ListItem","position":1,"name":"Accueil","item":"https:\/\/francois-pelletant.fr\/blog\/"},{"@type":"ListItem","position":2,"name":"Best of des illustrations de presse :"}]},{"@type":"WebSite","@id":"https:\/\/francois-pelletant.fr\/blog\/#website","url":"https:\/\/francois-pelletant.fr\/blog\/","name":"Fran\u00e7ois Pelletant","description":"Maire de Linas, pour toujours.","publisher":{"@id":"https:\/\/francois-pelletant.fr\/blog\/#organization"},"potentialAction":[{"@type":"SearchAction","target":{"@type":"EntryPoint","urlTemplate":"https:\/\/francois-pelletant.fr\/blog\/?s={search_term_string}"},"query-input":{"@type":"PropertyValueSpecification","valueRequired":true,"valueName":"search_term_string"}}],"inLanguage":"fr-FR"},{"@type":"Organization","@id":"https:\/\/francois-pelletant.fr\/blog\/#organization","name":"Fran\u00e7ois Pelletant","url":"https:\/\/francois-pelletant.fr\/blog\/","logo":{"@type":"ImageObject","inLanguage":"fr-FR","@id":"https:\/\/francois-pelletant.fr\/blog\/#\/schema\/logo\/image\/","url":"https:\/\/francois-pelletant.fr\/blog\/wp-content\/uploads\/2024\/07\/icone-francois-centre-500p.png","contentUrl":"https:\/\/francois-pelletant.fr\/blog\/wp-content\/uploads\/2024\/07\/icone-francois-centre-500p.png","width":559,"height":447,"caption":"Fran\u00e7ois Pelletant"},"image":{"@id":"https:\/\/francois-pelletant.fr\/blog\/#\/schema\/logo\/image\/"},"sameAs":["https:\/\/www.facebook.com\/francois.pelletant.7","https:\/\/x.com\/pelletant"]},{"@type":"Person","@id":"https:\/\/francois-pelletant.fr\/blog\/#\/schema\/person\/2be41acb171dff8f31aaed1f40cee9f3","name":"Francois"}]}},"_links":{"self":[{"href":"https:\/\/francois-pelletant.fr\/blog\/wp-json\/wp\/v2\/posts\/3273","targetHints":{"allow":["GET"]}}],"collection":[{"href":"https:\/\/francois-pelletant.fr\/blog\/wp-json\/wp\/v2\/posts"}],"about":[{"href":"https:\/\/francois-pelletant.fr\/blog\/wp-json\/wp\/v2\/types\/post"}],"author":[{"embeddable":true,"href":"https:\/\/francois-pelletant.fr\/blog\/wp-json\/wp\/v2\/users\/1"}],"replies":[{"embeddable":true,"href":"https:\/\/francois-pelletant.fr\/blog\/wp-json\/wp\/v2\/comments?post=3273"}],"version-history":[{"count":0,"href":"https:\/\/francois-pelletant.fr\/blog\/wp-json\/wp\/v2\/posts\/3273\/revisions"}],"wp:featuredmedia":[{"embeddable":true,"href":"https:\/\/francois-pelletant.fr\/blog\/wp-json\/wp\/v2\/media\/3274"}],"wp:attachment":[{"href":"https:\/\/francois-pelletant.fr\/blog\/wp-json\/wp\/v2\/media?parent=3273"}],"wp:term":[{"taxonomy":"category","embeddable":true,"href":"https:\/\/francois-pelletant.fr\/blog\/wp-json\/wp\/v2\/categories?post=3273"},{"taxonomy":"post_tag","embeddable":true,"href":"https:\/\/francois-pelletant.fr\/blog\/wp-json\/wp\/v2\/tags?post=3273"}],"curies":[{"name":"wp","href":"https:\/\/api.w.org\/{rel}","templated":true}]}}