{"id":3365,"date":"2013-05-17T10:14:43","date_gmt":"2013-05-17T08:14:43","guid":{"rendered":"https:\/\/francois-pelletant.fr\/blog\/?p=3365"},"modified":"2017-05-23T13:29:55","modified_gmt":"2017-05-23T13:29:55","slug":"une-permanence-juridique-a-linas","status":"publish","type":"post","link":"https:\/\/francois-pelletant.fr\/blog\/une-permanence-juridique-a-linas\/","title":{"rendered":"Une Permanence juridique \u00e0 Linas"},"content":{"rendered":"<h4><a href=\"https:\/\/francois-pelletant.fr\/blog\/wp-content\/uploads\/2013\/05\/moobje-div-088-018_Web.jpg\"><img loading=\"lazy\" decoding=\"async\" class=\"alignleft size-medium wp-image-3366\" title=\"cidff\" src=\"https:\/\/francois-pelletant.fr\/blog\/wp-content\/uploads\/2013\/05\/moobje-div-088-018_Web-199x300.jpg\" alt=\"\" width=\"199\" height=\"300\" \/><\/a>Une permanence juridique \u00e0 Linas<\/h4>\n<p>Dans le respect de l\u2019anonymat, des permanences assurent un accueil tout public, en particulier aux femmes, dans des champs juridiques divers tels que le droit de la famille, le droit du travail, le droit de la consommation, le droit et les proc\u00e9dures civiles et p\u00e9nales&#8230; En tant que r\u00e9f\u00e9rent violences conjugales, le Centre d\u2019Information sur les Droits des Femmes et des Familles (CIDFF) accompagne par ailleurs les victimes et leurs enfants dans la dur\u00e9e. Une permanence est r\u00e9guli\u00e8rement assur\u00e9e en Mairie de Linas. Prochain rendez-vous le mardi 21 mai 2013 de 13h30 \u00e0 16h30.<\/p>\n","protected":false},"excerpt":{"rendered":"<p>Une permanence juridique \u00e0 Linas Dans le respect de l\u2019anonymat, des permanences assurent un accueil tout public, en particulier aux femmes, dans des champs juridiques divers tels que le droit de la famille, le droit du travail, le droit de la consommation, le droit et les proc\u00e9dures civiles et p\u00e9nales&#8230; En tant que r\u00e9f\u00e9rent violences [&hellip;]<\/p>\n","protected":false},"author":1,"featured_media":3366,"comment_status":"open","ping_status":"open","sticky":false,"template":"","format":"standard","meta":{"footnotes":""},"categories":[10],"tags":[],"class_list":["post-3365","post","type-post","status-publish","format-standard","has-post-thumbnail","hentry","category-1pelletant"],"yoast_head":"<!-- This site is optimized with the Yoast SEO plugin v25.6 - https:\/\/yoast.com\/wordpress\/plugins\/seo\/ -->\n<title>Une permanence juridique \u00e0 Linas - Fran\u00e7ois Pelletant<\/title>\n<meta name=\"description\" content=\"Une permanence juridique \u00e0 la mairie de Linas assure l&#039;accueil de tout public pour toutes questions d&#039;ordre juridique.\" \/>\n<meta name=\"robots\" content=\"index, follow, max-snippet:-1, max-image-preview:large, max-video-preview:-1\" \/>\n<link rel=\"canonical\" href=\"https:\/\/francois-pelletant.fr\/blog\/une-permanence-juridique-a-linas\/\" \/>\n<meta property=\"og:locale\" content=\"fr_FR\" \/>\n<meta property=\"og:type\" content=\"article\" \/>\n<meta property=\"og:title\" content=\"Une permanence juridique \u00e0 Linas - Fran\u00e7ois Pelletant\" \/>\n<meta property=\"og:description\" content=\"Une permanence juridique \u00e0 la mairie de Linas assure l&#039;accueil de tout public pour toutes questions d&#039;ordre juridique.\" \/>\n<meta property=\"og:url\" content=\"https:\/\/francois-pelletant.fr\/blog\/une-permanence-juridique-a-linas\/\" \/>\n<meta property=\"og:site_name\" content=\"Fran\u00e7ois Pelletant\" \/>\n<meta property=\"article:publisher\" content=\"https:\/\/www.facebook.com\/francois.pelletant.7\" \/>\n<meta property=\"article:published_time\" content=\"2013-05-17T08:14:43+00:00\" \/>\n<meta property=\"article:modified_time\" content=\"2017-05-23T13:29:55+00:00\" \/>\n<meta property=\"og:image\" content=\"https:\/\/francois-pelletant.fr\/blog\/wp-content\/uploads\/2013\/05\/moobje-div-088-018_Web.jpg\" \/>\n\t<meta property=\"og:image:width\" content=\"283\" \/>\n\t<meta property=\"og:image:height\" content=\"425\" \/>\n\t<meta property=\"og:image:type\" content=\"image\/jpeg\" \/>\n<meta name=\"author\" content=\"Francois\" \/>\n<meta name=\"twitter:card\" content=\"summary_large_image\" \/>\n<meta name=\"twitter:creator\" content=\"@pelletant\" \/>\n<meta name=\"twitter:site\" content=\"@pelletant\" \/>\n<meta name=\"twitter:label1\" content=\"\u00c9crit par\" \/>\n\t<meta name=\"twitter:data1\" content=\"Francois\" \/>\n\t<meta name=\"twitter:label2\" content=\"Dur\u00e9e de lecture estim\u00e9e\" \/>\n\t<meta name=\"twitter:data2\" content=\"1 minute\" \/>\n<script type=\"application\/ld+json\" class=\"yoast-schema-graph\">{\"@context\":\"https:\/\/schema.org\",\"@graph\":[{\"@type\":\"Article\",\"@id\":\"https:\/\/francois-pelletant.fr\/blog\/une-permanence-juridique-a-linas\/#article\",\"isPartOf\":{\"@id\":\"https:\/\/francois-pelletant.fr\/blog\/une-permanence-juridique-a-linas\/\"},\"author\":{\"name\":\"Francois\",\"@id\":\"https:\/\/francois-pelletant.fr\/blog\/#\/schema\/person\/2be41acb171dff8f31aaed1f40cee9f3\"},\"headline\":\"Une Permanence juridique \u00e0 Linas\",\"datePublished\":\"2013-05-17T08:14:43+00:00\",\"dateModified\":\"2017-05-23T13:29:55+00:00\",\"mainEntityOfPage\":{\"@id\":\"https:\/\/francois-pelletant.fr\/blog\/une-permanence-juridique-a-linas\/\"},\"wordCount\":109,\"commentCount\":1,\"publisher\":{\"@id\":\"https:\/\/francois-pelletant.fr\/blog\/#organization\"},\"image\":{\"@id\":\"https:\/\/francois-pelletant.fr\/blog\/une-permanence-juridique-a-linas\/#primaryimage\"},\"thumbnailUrl\":\"https:\/\/francois-pelletant.fr\/blog\/wp-content\/uploads\/2013\/05\/moobje-div-088-018_Web.jpg\",\"articleSection\":[\"Infos\"],\"inLanguage\":\"fr-FR\",\"potentialAction\":[{\"@type\":\"CommentAction\",\"name\":\"Comment\",\"target\":[\"https:\/\/francois-pelletant.fr\/blog\/une-permanence-juridique-a-linas\/#respond\"]}]},{\"@type\":\"WebPage\",\"@id\":\"https:\/\/francois-pelletant.fr\/blog\/une-permanence-juridique-a-linas\/\",\"url\":\"https:\/\/francois-pelletant.fr\/blog\/une-permanence-juridique-a-linas\/\",\"name\":\"Une permanence juridique \u00e0 Linas - Fran\u00e7ois Pelletant\",\"isPartOf\":{\"@id\":\"https:\/\/francois-pelletant.fr\/blog\/#website\"},\"primaryImageOfPage\":{\"@id\":\"https:\/\/francois-pelletant.fr\/blog\/une-permanence-juridique-a-linas\/#primaryimage\"},\"image\":{\"@id\":\"https:\/\/francois-pelletant.fr\/blog\/une-permanence-juridique-a-linas\/#primaryimage\"},\"thumbnailUrl\":\"https:\/\/francois-pelletant.fr\/blog\/wp-content\/uploads\/2013\/05\/moobje-div-088-018_Web.jpg\",\"datePublished\":\"2013-05-17T08:14:43+00:00\",\"dateModified\":\"2017-05-23T13:29:55+00:00\",\"description\":\"Une permanence juridique \u00e0 la mairie de Linas assure l'accueil de tout public pour toutes questions d'ordre juridique.\",\"breadcrumb\":{\"@id\":\"https:\/\/francois-pelletant.fr\/blog\/une-permanence-juridique-a-linas\/#breadcrumb\"},\"inLanguage\":\"fr-FR\",\"potentialAction\":[{\"@type\":\"ReadAction\",\"target\":[\"https:\/\/francois-pelletant.fr\/blog\/une-permanence-juridique-a-linas\/\"]}]},{\"@type\":\"ImageObject\",\"inLanguage\":\"fr-FR\",\"@id\":\"https:\/\/francois-pelletant.fr\/blog\/une-permanence-juridique-a-linas\/#primaryimage\",\"url\":\"https:\/\/francois-pelletant.fr\/blog\/wp-content\/uploads\/2013\/05\/moobje-div-088-018_Web.jpg\",\"contentUrl\":\"https:\/\/francois-pelletant.fr\/blog\/wp-content\/uploads\/2013\/05\/moobje-div-088-018_Web.jpg\",\"width\":283,\"height\":425},{\"@type\":\"BreadcrumbList\",\"@id\":\"https:\/\/francois-pelletant.fr\/blog\/une-permanence-juridique-a-linas\/#breadcrumb\",\"itemListElement\":[{\"@type\":\"ListItem\",\"position\":1,\"name\":\"Accueil\",\"item\":\"https:\/\/francois-pelletant.fr\/blog\/\"},{\"@type\":\"ListItem\",\"position\":2,\"name\":\"Une Permanence juridique \u00e0 Linas\"}]},{\"@type\":\"WebSite\",\"@id\":\"https:\/\/francois-pelletant.fr\/blog\/#website\",\"url\":\"https:\/\/francois-pelletant.fr\/blog\/\",\"name\":\"Fran\u00e7ois Pelletant\",\"description\":\"Maire de Linas, pour toujours.\",\"publisher\":{\"@id\":\"https:\/\/francois-pelletant.fr\/blog\/#organization\"},\"potentialAction\":[{\"@type\":\"SearchAction\",\"target\":{\"@type\":\"EntryPoint\",\"urlTemplate\":\"https:\/\/francois-pelletant.fr\/blog\/?s={search_term_string}\"},\"query-input\":{\"@type\":\"PropertyValueSpecification\",\"valueRequired\":true,\"valueName\":\"search_term_string\"}}],\"inLanguage\":\"fr-FR\"},{\"@type\":\"Organization\",\"@id\":\"https:\/\/francois-pelletant.fr\/blog\/#organization\",\"name\":\"Fran\u00e7ois Pelletant\",\"url\":\"https:\/\/francois-pelletant.fr\/blog\/\",\"logo\":{\"@type\":\"ImageObject\",\"inLanguage\":\"fr-FR\",\"@id\":\"https:\/\/francois-pelletant.fr\/blog\/#\/schema\/logo\/image\/\",\"url\":\"https:\/\/francois-pelletant.fr\/blog\/wp-content\/uploads\/2024\/07\/icone-francois-centre-500p.png\",\"contentUrl\":\"https:\/\/francois-pelletant.fr\/blog\/wp-content\/uploads\/2024\/07\/icone-francois-centre-500p.png\",\"width\":559,\"height\":447,\"caption\":\"Fran\u00e7ois Pelletant\"},\"image\":{\"@id\":\"https:\/\/francois-pelletant.fr\/blog\/#\/schema\/logo\/image\/\"},\"sameAs\":[\"https:\/\/www.facebook.com\/francois.pelletant.7\",\"https:\/\/x.com\/pelletant\"]},{\"@type\":\"Person\",\"@id\":\"https:\/\/francois-pelletant.fr\/blog\/#\/schema\/person\/2be41acb171dff8f31aaed1f40cee9f3\",\"name\":\"Francois\"}]}<\/script>\n<!-- \/ Yoast SEO plugin. -->","yoast_head_json":{"title":"Une permanence juridique \u00e0 Linas - Fran\u00e7ois Pelletant","description":"Une permanence juridique \u00e0 la mairie de Linas assure l'accueil de tout public pour toutes questions d'ordre juridique.","robots":{"index":"index","follow":"follow","max-snippet":"max-snippet:-1","max-image-preview":"max-image-preview:large","max-video-preview":"max-video-preview:-1"},"canonical":"https:\/\/francois-pelletant.fr\/blog\/une-permanence-juridique-a-linas\/","og_locale":"fr_FR","og_type":"article","og_title":"Une permanence juridique \u00e0 Linas - Fran\u00e7ois Pelletant","og_description":"Une permanence juridique \u00e0 la mairie de Linas assure l'accueil de tout public pour toutes questions d'ordre juridique.","og_url":"https:\/\/francois-pelletant.fr\/blog\/une-permanence-juridique-a-linas\/","og_site_name":"Fran\u00e7ois Pelletant","article_publisher":"https:\/\/www.facebook.com\/francois.pelletant.7","article_published_time":"2013-05-17T08:14:43+00:00","article_modified_time":"2017-05-23T13:29:55+00:00","og_image":[{"width":283,"height":425,"url":"https:\/\/francois-pelletant.fr\/blog\/wp-content\/uploads\/2013\/05\/moobje-div-088-018_Web.jpg","type":"image\/jpeg"}],"author":"Francois","twitter_card":"summary_large_image","twitter_creator":"@pelletant","twitter_site":"@pelletant","twitter_misc":{"\u00c9crit par":"Francois","Dur\u00e9e de lecture estim\u00e9e":"1 minute"},"schema":{"@context":"https:\/\/schema.org","@graph":[{"@type":"Article","@id":"https:\/\/francois-pelletant.fr\/blog\/une-permanence-juridique-a-linas\/#article","isPartOf":{"@id":"https:\/\/francois-pelletant.fr\/blog\/une-permanence-juridique-a-linas\/"},"author":{"name":"Francois","@id":"https:\/\/francois-pelletant.fr\/blog\/#\/schema\/person\/2be41acb171dff8f31aaed1f40cee9f3"},"headline":"Une Permanence juridique \u00e0 Linas","datePublished":"2013-05-17T08:14:43+00:00","dateModified":"2017-05-23T13:29:55+00:00","mainEntityOfPage":{"@id":"https:\/\/francois-pelletant.fr\/blog\/une-permanence-juridique-a-linas\/"},"wordCount":109,"commentCount":1,"publisher":{"@id":"https:\/\/francois-pelletant.fr\/blog\/#organization"},"image":{"@id":"https:\/\/francois-pelletant.fr\/blog\/une-permanence-juridique-a-linas\/#primaryimage"},"thumbnailUrl":"https:\/\/francois-pelletant.fr\/blog\/wp-content\/uploads\/2013\/05\/moobje-div-088-018_Web.jpg","articleSection":["Infos"],"inLanguage":"fr-FR","potentialAction":[{"@type":"CommentAction","name":"Comment","target":["https:\/\/francois-pelletant.fr\/blog\/une-permanence-juridique-a-linas\/#respond"]}]},{"@type":"WebPage","@id":"https:\/\/francois-pelletant.fr\/blog\/une-permanence-juridique-a-linas\/","url":"https:\/\/francois-pelletant.fr\/blog\/une-permanence-juridique-a-linas\/","name":"Une permanence juridique \u00e0 Linas - Fran\u00e7ois Pelletant","isPartOf":{"@id":"https:\/\/francois-pelletant.fr\/blog\/#website"},"primaryImageOfPage":{"@id":"https:\/\/francois-pelletant.fr\/blog\/une-permanence-juridique-a-linas\/#primaryimage"},"image":{"@id":"https:\/\/francois-pelletant.fr\/blog\/une-permanence-juridique-a-linas\/#primaryimage"},"thumbnailUrl":"https:\/\/francois-pelletant.fr\/blog\/wp-content\/uploads\/2013\/05\/moobje-div-088-018_Web.jpg","datePublished":"2013-05-17T08:14:43+00:00","dateModified":"2017-05-23T13:29:55+00:00","description":"Une permanence juridique \u00e0 la mairie de Linas assure l'accueil de tout public pour toutes questions d'ordre juridique.","breadcrumb":{"@id":"https:\/\/francois-pelletant.fr\/blog\/une-permanence-juridique-a-linas\/#breadcrumb"},"inLanguage":"fr-FR","potentialAction":[{"@type":"ReadAction","target":["https:\/\/francois-pelletant.fr\/blog\/une-permanence-juridique-a-linas\/"]}]},{"@type":"ImageObject","inLanguage":"fr-FR","@id":"https:\/\/francois-pelletant.fr\/blog\/une-permanence-juridique-a-linas\/#primaryimage","url":"https:\/\/francois-pelletant.fr\/blog\/wp-content\/uploads\/2013\/05\/moobje-div-088-018_Web.jpg","contentUrl":"https:\/\/francois-pelletant.fr\/blog\/wp-content\/uploads\/2013\/05\/moobje-div-088-018_Web.jpg","width":283,"height":425},{"@type":"BreadcrumbList","@id":"https:\/\/francois-pelletant.fr\/blog\/une-permanence-juridique-a-linas\/#breadcrumb","itemListElement":[{"@type":"ListItem","position":1,"name":"Accueil","item":"https:\/\/francois-pelletant.fr\/blog\/"},{"@type":"ListItem","position":2,"name":"Une Permanence juridique \u00e0 Linas"}]},{"@type":"WebSite","@id":"https:\/\/francois-pelletant.fr\/blog\/#website","url":"https:\/\/francois-pelletant.fr\/blog\/","name":"Fran\u00e7ois Pelletant","description":"Maire de Linas, pour toujours.","publisher":{"@id":"https:\/\/francois-pelletant.fr\/blog\/#organization"},"potentialAction":[{"@type":"SearchAction","target":{"@type":"EntryPoint","urlTemplate":"https:\/\/francois-pelletant.fr\/blog\/?s={search_term_string}"},"query-input":{"@type":"PropertyValueSpecification","valueRequired":true,"valueName":"search_term_string"}}],"inLanguage":"fr-FR"},{"@type":"Organization","@id":"https:\/\/francois-pelletant.fr\/blog\/#organization","name":"Fran\u00e7ois Pelletant","url":"https:\/\/francois-pelletant.fr\/blog\/","logo":{"@type":"ImageObject","inLanguage":"fr-FR","@id":"https:\/\/francois-pelletant.fr\/blog\/#\/schema\/logo\/image\/","url":"https:\/\/francois-pelletant.fr\/blog\/wp-content\/uploads\/2024\/07\/icone-francois-centre-500p.png","contentUrl":"https:\/\/francois-pelletant.fr\/blog\/wp-content\/uploads\/2024\/07\/icone-francois-centre-500p.png","width":559,"height":447,"caption":"Fran\u00e7ois Pelletant"},"image":{"@id":"https:\/\/francois-pelletant.fr\/blog\/#\/schema\/logo\/image\/"},"sameAs":["https:\/\/www.facebook.com\/francois.pelletant.7","https:\/\/x.com\/pelletant"]},{"@type":"Person","@id":"https:\/\/francois-pelletant.fr\/blog\/#\/schema\/person\/2be41acb171dff8f31aaed1f40cee9f3","name":"Francois"}]}},"_links":{"self":[{"href":"https:\/\/francois-pelletant.fr\/blog\/wp-json\/wp\/v2\/posts\/3365","targetHints":{"allow":["GET"]}}],"collection":[{"href":"https:\/\/francois-pelletant.fr\/blog\/wp-json\/wp\/v2\/posts"}],"about":[{"href":"https:\/\/francois-pelletant.fr\/blog\/wp-json\/wp\/v2\/types\/post"}],"author":[{"embeddable":true,"href":"https:\/\/francois-pelletant.fr\/blog\/wp-json\/wp\/v2\/users\/1"}],"replies":[{"embeddable":true,"href":"https:\/\/francois-pelletant.fr\/blog\/wp-json\/wp\/v2\/comments?post=3365"}],"version-history":[{"count":0,"href":"https:\/\/francois-pelletant.fr\/blog\/wp-json\/wp\/v2\/posts\/3365\/revisions"}],"wp:featuredmedia":[{"embeddable":true,"href":"https:\/\/francois-pelletant.fr\/blog\/wp-json\/wp\/v2\/media\/3366"}],"wp:attachment":[{"href":"https:\/\/francois-pelletant.fr\/blog\/wp-json\/wp\/v2\/media?parent=3365"}],"wp:term":[{"taxonomy":"category","embeddable":true,"href":"https:\/\/francois-pelletant.fr\/blog\/wp-json\/wp\/v2\/categories?post=3365"},{"taxonomy":"post_tag","embeddable":true,"href":"https:\/\/francois-pelletant.fr\/blog\/wp-json\/wp\/v2\/tags?post=3365"}],"curies":[{"name":"wp","href":"https:\/\/api.w.org\/{rel}","templated":true}]}}