{"id":3404,"date":"2013-05-30T13:44:42","date_gmt":"2013-05-30T11:44:42","guid":{"rendered":"https:\/\/francois-pelletant.fr\/blog\/?p=3404"},"modified":"2017-05-19T13:35:37","modified_gmt":"2017-05-19T13:35:37","slug":"le-ccas-linois-recompense","status":"publish","type":"post","link":"https:\/\/francois-pelletant.fr\/blog\/le-ccas-linois-recompense\/","title":{"rendered":"Le CCAS linois r\u00e9compens\u00e9"},"content":{"rendered":"<figure id=\"attachment_3405\" aria-describedby=\"caption-attachment-3405\" style=\"width: 300px\" class=\"wp-caption alignleft\"><a href=\"https:\/\/francois-pelletant.fr\/blog\/wp-content\/uploads\/2013\/05\/P1150891.jpg\"><img loading=\"lazy\" decoding=\"async\" class=\"size-medium wp-image-3405\" title=\"P1150891\" src=\"https:\/\/francois-pelletant.fr\/blog\/wp-content\/uploads\/2013\/05\/P1150891-300x224.jpg\" alt=\"\" width=\"300\" height=\"224\" \/><\/a><figcaption id=\"caption-attachment-3405\" class=\"wp-caption-text\">Les agents du service CCAS de Linas<\/figcaption><\/figure>\n<h4>Le CCAS Linois r\u00e9compens\u00e9 pour son service d&#8217;aide \u00e0 domicile.<\/h4>\n<p>Apr\u00e8s un long travail\u00a0d\u2019am\u00e9lioration, le CCAS de Linas (Centre Communal d\u2019Action Sociale) a obtenu derni\u00e8rement son &#8220;agr\u00e9ment qualit\u00e9&#8221; pour son service d\u2019aide \u00e0 domicile. Une distinction importante du Pr\u00e9fet, qui s\u2019accompagne \u00e9galement d\u2019une politique de formation continue des agents. Ils\u00a0ont d\u2019ailleurs tous obtenu leur qualification d\u2019auxiliaires de vie en 2012. Voici de quoi contribuer largement au maintien \u00e0 domicile des personnes \u00e2g\u00e9es.<\/p>\n","protected":false},"excerpt":{"rendered":"<p>Le CCAS Linois r\u00e9compens\u00e9 pour son service d&#8217;aide \u00e0 domicile. Apr\u00e8s un long travail\u00a0d\u2019am\u00e9lioration, le CCAS de Linas (Centre Communal d\u2019Action Sociale) a obtenu derni\u00e8rement son &#8220;agr\u00e9ment qualit\u00e9&#8221; pour son service d\u2019aide \u00e0 domicile. Une distinction importante du Pr\u00e9fet, qui s\u2019accompagne \u00e9galement d\u2019une politique de formation continue des agents. Ils\u00a0ont d\u2019ailleurs tous obtenu leur qualification [&hellip;]<\/p>\n","protected":false},"author":1,"featured_media":3405,"comment_status":"open","ping_status":"open","sticky":false,"template":"","format":"standard","meta":{"footnotes":""},"categories":[10],"tags":[],"class_list":["post-3404","post","type-post","status-publish","format-standard","has-post-thumbnail","hentry","category-1pelletant"],"yoast_head":"<!-- This site is optimized with the Yoast SEO plugin v25.6 - https:\/\/yoast.com\/wordpress\/plugins\/seo\/ -->\n<title>Le CCAS linois r\u00e9compens\u00e9 - Fran\u00e7ois Pelletant<\/title>\n<meta name=\"description\" content=\"Apr\u00e8s un long travail d\u2019am\u00e9lioration, le CCAS de Linas a obtenu derni\u00e8rement son &quot;agr\u00e9ment qualit\u00e9&quot; pour son service d\u2019aide \u00e0 domicile.\" \/>\n<meta name=\"robots\" content=\"index, follow, max-snippet:-1, max-image-preview:large, max-video-preview:-1\" \/>\n<link rel=\"canonical\" href=\"https:\/\/francois-pelletant.fr\/blog\/le-ccas-linois-recompense\/\" \/>\n<meta property=\"og:locale\" content=\"fr_FR\" \/>\n<meta property=\"og:type\" content=\"article\" \/>\n<meta property=\"og:title\" content=\"Le CCAS linois r\u00e9compens\u00e9 - Fran\u00e7ois Pelletant\" \/>\n<meta property=\"og:description\" content=\"Apr\u00e8s un long travail d\u2019am\u00e9lioration, le CCAS de Linas a obtenu derni\u00e8rement son &quot;agr\u00e9ment qualit\u00e9&quot; pour son service d\u2019aide \u00e0 domicile.\" \/>\n<meta property=\"og:url\" content=\"https:\/\/francois-pelletant.fr\/blog\/le-ccas-linois-recompense\/\" \/>\n<meta property=\"og:site_name\" content=\"Fran\u00e7ois Pelletant\" \/>\n<meta property=\"article:publisher\" content=\"https:\/\/www.facebook.com\/francois.pelletant.7\" \/>\n<meta property=\"article:published_time\" content=\"2013-05-30T11:44:42+00:00\" \/>\n<meta property=\"article:modified_time\" content=\"2017-05-19T13:35:37+00:00\" \/>\n<meta property=\"og:image\" content=\"https:\/\/francois-pelletant.fr\/blog\/wp-content\/uploads\/2013\/05\/P1150891.jpg\" \/>\n\t<meta property=\"og:image:width\" content=\"886\" \/>\n\t<meta property=\"og:image:height\" content=\"664\" \/>\n\t<meta property=\"og:image:type\" content=\"image\/jpeg\" \/>\n<meta name=\"author\" content=\"Francois\" \/>\n<meta name=\"twitter:card\" content=\"summary_large_image\" \/>\n<meta name=\"twitter:creator\" content=\"@pelletant\" \/>\n<meta name=\"twitter:site\" content=\"@pelletant\" \/>\n<meta name=\"twitter:label1\" content=\"\u00c9crit par\" \/>\n\t<meta name=\"twitter:data1\" content=\"Francois\" \/>\n<script type=\"application\/ld+json\" class=\"yoast-schema-graph\">{\"@context\":\"https:\/\/schema.org\",\"@graph\":[{\"@type\":\"Article\",\"@id\":\"https:\/\/francois-pelletant.fr\/blog\/le-ccas-linois-recompense\/#article\",\"isPartOf\":{\"@id\":\"https:\/\/francois-pelletant.fr\/blog\/le-ccas-linois-recompense\/\"},\"author\":{\"name\":\"Francois\",\"@id\":\"https:\/\/francois-pelletant.fr\/blog\/#\/schema\/person\/2be41acb171dff8f31aaed1f40cee9f3\"},\"headline\":\"Le CCAS linois r\u00e9compens\u00e9\",\"datePublished\":\"2013-05-30T11:44:42+00:00\",\"dateModified\":\"2017-05-19T13:35:37+00:00\",\"mainEntityOfPage\":{\"@id\":\"https:\/\/francois-pelletant.fr\/blog\/le-ccas-linois-recompense\/\"},\"wordCount\":104,\"commentCount\":0,\"publisher\":{\"@id\":\"https:\/\/francois-pelletant.fr\/blog\/#organization\"},\"image\":{\"@id\":\"https:\/\/francois-pelletant.fr\/blog\/le-ccas-linois-recompense\/#primaryimage\"},\"thumbnailUrl\":\"https:\/\/francois-pelletant.fr\/blog\/wp-content\/uploads\/2013\/05\/P1150891.jpg\",\"articleSection\":[\"Infos\"],\"inLanguage\":\"fr-FR\",\"potentialAction\":[{\"@type\":\"CommentAction\",\"name\":\"Comment\",\"target\":[\"https:\/\/francois-pelletant.fr\/blog\/le-ccas-linois-recompense\/#respond\"]}]},{\"@type\":\"WebPage\",\"@id\":\"https:\/\/francois-pelletant.fr\/blog\/le-ccas-linois-recompense\/\",\"url\":\"https:\/\/francois-pelletant.fr\/blog\/le-ccas-linois-recompense\/\",\"name\":\"Le CCAS linois r\u00e9compens\u00e9 - Fran\u00e7ois Pelletant\",\"isPartOf\":{\"@id\":\"https:\/\/francois-pelletant.fr\/blog\/#website\"},\"primaryImageOfPage\":{\"@id\":\"https:\/\/francois-pelletant.fr\/blog\/le-ccas-linois-recompense\/#primaryimage\"},\"image\":{\"@id\":\"https:\/\/francois-pelletant.fr\/blog\/le-ccas-linois-recompense\/#primaryimage\"},\"thumbnailUrl\":\"https:\/\/francois-pelletant.fr\/blog\/wp-content\/uploads\/2013\/05\/P1150891.jpg\",\"datePublished\":\"2013-05-30T11:44:42+00:00\",\"dateModified\":\"2017-05-19T13:35:37+00:00\",\"description\":\"Apr\u00e8s un long travail d\u2019am\u00e9lioration, le CCAS de Linas a obtenu derni\u00e8rement son \\\"agr\u00e9ment qualit\u00e9\\\" pour son service d\u2019aide \u00e0 domicile.\",\"breadcrumb\":{\"@id\":\"https:\/\/francois-pelletant.fr\/blog\/le-ccas-linois-recompense\/#breadcrumb\"},\"inLanguage\":\"fr-FR\",\"potentialAction\":[{\"@type\":\"ReadAction\",\"target\":[\"https:\/\/francois-pelletant.fr\/blog\/le-ccas-linois-recompense\/\"]}]},{\"@type\":\"ImageObject\",\"inLanguage\":\"fr-FR\",\"@id\":\"https:\/\/francois-pelletant.fr\/blog\/le-ccas-linois-recompense\/#primaryimage\",\"url\":\"https:\/\/francois-pelletant.fr\/blog\/wp-content\/uploads\/2013\/05\/P1150891.jpg\",\"contentUrl\":\"https:\/\/francois-pelletant.fr\/blog\/wp-content\/uploads\/2013\/05\/P1150891.jpg\",\"width\":886,\"height\":664,\"caption\":\"Les agents du service CCAS de Linas\"},{\"@type\":\"BreadcrumbList\",\"@id\":\"https:\/\/francois-pelletant.fr\/blog\/le-ccas-linois-recompense\/#breadcrumb\",\"itemListElement\":[{\"@type\":\"ListItem\",\"position\":1,\"name\":\"Accueil\",\"item\":\"https:\/\/francois-pelletant.fr\/blog\/\"},{\"@type\":\"ListItem\",\"position\":2,\"name\":\"Le CCAS linois r\u00e9compens\u00e9\"}]},{\"@type\":\"WebSite\",\"@id\":\"https:\/\/francois-pelletant.fr\/blog\/#website\",\"url\":\"https:\/\/francois-pelletant.fr\/blog\/\",\"name\":\"Fran\u00e7ois Pelletant\",\"description\":\"Maire de Linas, pour toujours.\",\"publisher\":{\"@id\":\"https:\/\/francois-pelletant.fr\/blog\/#organization\"},\"potentialAction\":[{\"@type\":\"SearchAction\",\"target\":{\"@type\":\"EntryPoint\",\"urlTemplate\":\"https:\/\/francois-pelletant.fr\/blog\/?s={search_term_string}\"},\"query-input\":{\"@type\":\"PropertyValueSpecification\",\"valueRequired\":true,\"valueName\":\"search_term_string\"}}],\"inLanguage\":\"fr-FR\"},{\"@type\":\"Organization\",\"@id\":\"https:\/\/francois-pelletant.fr\/blog\/#organization\",\"name\":\"Fran\u00e7ois Pelletant\",\"url\":\"https:\/\/francois-pelletant.fr\/blog\/\",\"logo\":{\"@type\":\"ImageObject\",\"inLanguage\":\"fr-FR\",\"@id\":\"https:\/\/francois-pelletant.fr\/blog\/#\/schema\/logo\/image\/\",\"url\":\"https:\/\/francois-pelletant.fr\/blog\/wp-content\/uploads\/2024\/07\/icone-francois-centre-500p.png\",\"contentUrl\":\"https:\/\/francois-pelletant.fr\/blog\/wp-content\/uploads\/2024\/07\/icone-francois-centre-500p.png\",\"width\":559,\"height\":447,\"caption\":\"Fran\u00e7ois Pelletant\"},\"image\":{\"@id\":\"https:\/\/francois-pelletant.fr\/blog\/#\/schema\/logo\/image\/\"},\"sameAs\":[\"https:\/\/www.facebook.com\/francois.pelletant.7\",\"https:\/\/x.com\/pelletant\"]},{\"@type\":\"Person\",\"@id\":\"https:\/\/francois-pelletant.fr\/blog\/#\/schema\/person\/2be41acb171dff8f31aaed1f40cee9f3\",\"name\":\"Francois\"}]}<\/script>\n<!-- \/ Yoast SEO plugin. -->","yoast_head_json":{"title":"Le CCAS linois r\u00e9compens\u00e9 - Fran\u00e7ois Pelletant","description":"Apr\u00e8s un long travail d\u2019am\u00e9lioration, le CCAS de Linas a obtenu derni\u00e8rement son \"agr\u00e9ment qualit\u00e9\" pour son service d\u2019aide \u00e0 domicile.","robots":{"index":"index","follow":"follow","max-snippet":"max-snippet:-1","max-image-preview":"max-image-preview:large","max-video-preview":"max-video-preview:-1"},"canonical":"https:\/\/francois-pelletant.fr\/blog\/le-ccas-linois-recompense\/","og_locale":"fr_FR","og_type":"article","og_title":"Le CCAS linois r\u00e9compens\u00e9 - Fran\u00e7ois Pelletant","og_description":"Apr\u00e8s un long travail d\u2019am\u00e9lioration, le CCAS de Linas a obtenu derni\u00e8rement son \"agr\u00e9ment qualit\u00e9\" pour son service d\u2019aide \u00e0 domicile.","og_url":"https:\/\/francois-pelletant.fr\/blog\/le-ccas-linois-recompense\/","og_site_name":"Fran\u00e7ois Pelletant","article_publisher":"https:\/\/www.facebook.com\/francois.pelletant.7","article_published_time":"2013-05-30T11:44:42+00:00","article_modified_time":"2017-05-19T13:35:37+00:00","og_image":[{"width":886,"height":664,"url":"https:\/\/francois-pelletant.fr\/blog\/wp-content\/uploads\/2013\/05\/P1150891.jpg","type":"image\/jpeg"}],"author":"Francois","twitter_card":"summary_large_image","twitter_creator":"@pelletant","twitter_site":"@pelletant","twitter_misc":{"\u00c9crit par":"Francois"},"schema":{"@context":"https:\/\/schema.org","@graph":[{"@type":"Article","@id":"https:\/\/francois-pelletant.fr\/blog\/le-ccas-linois-recompense\/#article","isPartOf":{"@id":"https:\/\/francois-pelletant.fr\/blog\/le-ccas-linois-recompense\/"},"author":{"name":"Francois","@id":"https:\/\/francois-pelletant.fr\/blog\/#\/schema\/person\/2be41acb171dff8f31aaed1f40cee9f3"},"headline":"Le CCAS linois r\u00e9compens\u00e9","datePublished":"2013-05-30T11:44:42+00:00","dateModified":"2017-05-19T13:35:37+00:00","mainEntityOfPage":{"@id":"https:\/\/francois-pelletant.fr\/blog\/le-ccas-linois-recompense\/"},"wordCount":104,"commentCount":0,"publisher":{"@id":"https:\/\/francois-pelletant.fr\/blog\/#organization"},"image":{"@id":"https:\/\/francois-pelletant.fr\/blog\/le-ccas-linois-recompense\/#primaryimage"},"thumbnailUrl":"https:\/\/francois-pelletant.fr\/blog\/wp-content\/uploads\/2013\/05\/P1150891.jpg","articleSection":["Infos"],"inLanguage":"fr-FR","potentialAction":[{"@type":"CommentAction","name":"Comment","target":["https:\/\/francois-pelletant.fr\/blog\/le-ccas-linois-recompense\/#respond"]}]},{"@type":"WebPage","@id":"https:\/\/francois-pelletant.fr\/blog\/le-ccas-linois-recompense\/","url":"https:\/\/francois-pelletant.fr\/blog\/le-ccas-linois-recompense\/","name":"Le CCAS linois r\u00e9compens\u00e9 - Fran\u00e7ois Pelletant","isPartOf":{"@id":"https:\/\/francois-pelletant.fr\/blog\/#website"},"primaryImageOfPage":{"@id":"https:\/\/francois-pelletant.fr\/blog\/le-ccas-linois-recompense\/#primaryimage"},"image":{"@id":"https:\/\/francois-pelletant.fr\/blog\/le-ccas-linois-recompense\/#primaryimage"},"thumbnailUrl":"https:\/\/francois-pelletant.fr\/blog\/wp-content\/uploads\/2013\/05\/P1150891.jpg","datePublished":"2013-05-30T11:44:42+00:00","dateModified":"2017-05-19T13:35:37+00:00","description":"Apr\u00e8s un long travail d\u2019am\u00e9lioration, le CCAS de Linas a obtenu derni\u00e8rement son \"agr\u00e9ment qualit\u00e9\" pour son service d\u2019aide \u00e0 domicile.","breadcrumb":{"@id":"https:\/\/francois-pelletant.fr\/blog\/le-ccas-linois-recompense\/#breadcrumb"},"inLanguage":"fr-FR","potentialAction":[{"@type":"ReadAction","target":["https:\/\/francois-pelletant.fr\/blog\/le-ccas-linois-recompense\/"]}]},{"@type":"ImageObject","inLanguage":"fr-FR","@id":"https:\/\/francois-pelletant.fr\/blog\/le-ccas-linois-recompense\/#primaryimage","url":"https:\/\/francois-pelletant.fr\/blog\/wp-content\/uploads\/2013\/05\/P1150891.jpg","contentUrl":"https:\/\/francois-pelletant.fr\/blog\/wp-content\/uploads\/2013\/05\/P1150891.jpg","width":886,"height":664,"caption":"Les agents du service CCAS de Linas"},{"@type":"BreadcrumbList","@id":"https:\/\/francois-pelletant.fr\/blog\/le-ccas-linois-recompense\/#breadcrumb","itemListElement":[{"@type":"ListItem","position":1,"name":"Accueil","item":"https:\/\/francois-pelletant.fr\/blog\/"},{"@type":"ListItem","position":2,"name":"Le CCAS linois r\u00e9compens\u00e9"}]},{"@type":"WebSite","@id":"https:\/\/francois-pelletant.fr\/blog\/#website","url":"https:\/\/francois-pelletant.fr\/blog\/","name":"Fran\u00e7ois Pelletant","description":"Maire de Linas, pour toujours.","publisher":{"@id":"https:\/\/francois-pelletant.fr\/blog\/#organization"},"potentialAction":[{"@type":"SearchAction","target":{"@type":"EntryPoint","urlTemplate":"https:\/\/francois-pelletant.fr\/blog\/?s={search_term_string}"},"query-input":{"@type":"PropertyValueSpecification","valueRequired":true,"valueName":"search_term_string"}}],"inLanguage":"fr-FR"},{"@type":"Organization","@id":"https:\/\/francois-pelletant.fr\/blog\/#organization","name":"Fran\u00e7ois Pelletant","url":"https:\/\/francois-pelletant.fr\/blog\/","logo":{"@type":"ImageObject","inLanguage":"fr-FR","@id":"https:\/\/francois-pelletant.fr\/blog\/#\/schema\/logo\/image\/","url":"https:\/\/francois-pelletant.fr\/blog\/wp-content\/uploads\/2024\/07\/icone-francois-centre-500p.png","contentUrl":"https:\/\/francois-pelletant.fr\/blog\/wp-content\/uploads\/2024\/07\/icone-francois-centre-500p.png","width":559,"height":447,"caption":"Fran\u00e7ois Pelletant"},"image":{"@id":"https:\/\/francois-pelletant.fr\/blog\/#\/schema\/logo\/image\/"},"sameAs":["https:\/\/www.facebook.com\/francois.pelletant.7","https:\/\/x.com\/pelletant"]},{"@type":"Person","@id":"https:\/\/francois-pelletant.fr\/blog\/#\/schema\/person\/2be41acb171dff8f31aaed1f40cee9f3","name":"Francois"}]}},"_links":{"self":[{"href":"https:\/\/francois-pelletant.fr\/blog\/wp-json\/wp\/v2\/posts\/3404","targetHints":{"allow":["GET"]}}],"collection":[{"href":"https:\/\/francois-pelletant.fr\/blog\/wp-json\/wp\/v2\/posts"}],"about":[{"href":"https:\/\/francois-pelletant.fr\/blog\/wp-json\/wp\/v2\/types\/post"}],"author":[{"embeddable":true,"href":"https:\/\/francois-pelletant.fr\/blog\/wp-json\/wp\/v2\/users\/1"}],"replies":[{"embeddable":true,"href":"https:\/\/francois-pelletant.fr\/blog\/wp-json\/wp\/v2\/comments?post=3404"}],"version-history":[{"count":0,"href":"https:\/\/francois-pelletant.fr\/blog\/wp-json\/wp\/v2\/posts\/3404\/revisions"}],"wp:featuredmedia":[{"embeddable":true,"href":"https:\/\/francois-pelletant.fr\/blog\/wp-json\/wp\/v2\/media\/3405"}],"wp:attachment":[{"href":"https:\/\/francois-pelletant.fr\/blog\/wp-json\/wp\/v2\/media?parent=3404"}],"wp:term":[{"taxonomy":"category","embeddable":true,"href":"https:\/\/francois-pelletant.fr\/blog\/wp-json\/wp\/v2\/categories?post=3404"},{"taxonomy":"post_tag","embeddable":true,"href":"https:\/\/francois-pelletant.fr\/blog\/wp-json\/wp\/v2\/tags?post=3404"}],"curies":[{"name":"wp","href":"https:\/\/api.w.org\/{rel}","templated":true}]}}