{"id":3419,"date":"2013-06-05T09:39:44","date_gmt":"2013-06-05T07:39:44","guid":{"rendered":"https:\/\/francois-pelletant.fr\/blog\/?p=3419"},"modified":"2017-05-12T14:28:11","modified_gmt":"2017-05-12T14:28:11","slug":"vehicule-pour-tous-linas","status":"publish","type":"post","link":"https:\/\/francois-pelletant.fr\/blog\/vehicule-pour-tous-linas\/","title":{"rendered":"Un v\u00e9hicule pour tous"},"content":{"rendered":"<h3><a href=\"https:\/\/francois-pelletant.fr\/blog\/wp-content\/uploads\/2013\/06\/scenic.jpg\"><img loading=\"lazy\" decoding=\"async\" class=\"alignleft wp-image-3420 size-medium\" title=\"scenic\" src=\"https:\/\/francois-pelletant.fr\/blog\/wp-content\/uploads\/2013\/06\/scenic-300x217.jpg\" alt=\"image - v\u00e9hicule \" width=\"300\" height=\"217\" srcset=\"https:\/\/francois-pelletant.fr\/blog\/wp-content\/uploads\/2013\/06\/scenic-300x217.jpg 300w, https:\/\/francois-pelletant.fr\/blog\/wp-content\/uploads\/2013\/06\/scenic-1024x741.jpg 1024w, https:\/\/francois-pelletant.fr\/blog\/wp-content\/uploads\/2013\/06\/scenic-768x556.jpg 768w, https:\/\/francois-pelletant.fr\/blog\/wp-content\/uploads\/2013\/06\/scenic-600x434.jpg 600w, https:\/\/francois-pelletant.fr\/blog\/wp-content\/uploads\/2013\/06\/scenic-1536x1111.jpg 1536w, https:\/\/francois-pelletant.fr\/blog\/wp-content\/uploads\/2013\/06\/scenic.jpg 1772w\" sizes=\"auto, (max-width: 300px) 100vw, 300px\" \/><\/a>Servir la population<\/h3>\n<p>A Linas, les personnes \u00e0 mobilit\u00e9 r\u00e9duites qui en font la demande peuvent \u00eatre transport\u00e9es gratuitement par les services de la commune \u00e0 bord d&#8217;un v\u00e9hicule Sc\u00e9nic acquis en 2007 gr\u00e2ce aux subventions du Conseil g\u00e9n\u00e9ral de l\u2019Essonne de l&#8217;\u00e9poque. Ce v\u00e9hicule sert toute la semaine pour accompagner nos a\u00een\u00e9s aux repas et animations dans la commune, ainsi que pour leurs d\u00e9placements occasionnels, mais aussi pour emmener les familles indigentes \u00e0 l\u2019\u00e9picerie sociale de Limours. Depuis 2008, il a parcouru 73780 km. En dehors de ces activit\u00e9s, il n\u2019attend pas au garage puisqu\u2019il est mis \u00e0 la disposition de l\u2019\u00e9lu de permanence la nuit. Ceci depuis 2011, ann\u00e9e o\u00f9 il a \u00e9t\u00e9 d\u00e9cid\u00e9 de ne pas renouveler le v\u00e9hicule d\u2019astreinte.<\/p>\n","protected":false},"excerpt":{"rendered":"<p>Servir la population A Linas, les personnes \u00e0 mobilit\u00e9 r\u00e9duites qui en font la demande peuvent \u00eatre transport\u00e9es gratuitement par les services de la commune \u00e0 bord d&#8217;un v\u00e9hicule Sc\u00e9nic acquis en 2007 gr\u00e2ce aux subventions du Conseil g\u00e9n\u00e9ral de l\u2019Essonne de l&#8217;\u00e9poque. Ce v\u00e9hicule sert toute la semaine pour accompagner nos a\u00een\u00e9s aux repas [&hellip;]<\/p>\n","protected":false},"author":1,"featured_media":3420,"comment_status":"open","ping_status":"open","sticky":false,"template":"","format":"standard","meta":{"footnotes":""},"categories":[10],"tags":[],"class_list":["post-3419","post","type-post","status-publish","format-standard","has-post-thumbnail","hentry","category-1pelletant"],"yoast_head":"<!-- This site is optimized with the Yoast SEO plugin v25.6 - https:\/\/yoast.com\/wordpress\/plugins\/seo\/ -->\n<title>Un v\u00e9hicule pour tous \u00e0 Linas - Fran\u00e7ois Pelletant<\/title>\n<meta name=\"description\" content=\"Un v\u00e9hicule est aux services des personnes \u00e0 mobilit\u00e9 r\u00e9duit et de nos a\u00een\u00e9s afin de les accompagn\u00e9 dans leurs quotidien.\" \/>\n<meta name=\"robots\" content=\"index, follow, max-snippet:-1, max-image-preview:large, max-video-preview:-1\" \/>\n<link rel=\"canonical\" href=\"https:\/\/francois-pelletant.fr\/blog\/vehicule-pour-tous-linas\/\" \/>\n<meta property=\"og:locale\" content=\"fr_FR\" \/>\n<meta property=\"og:type\" content=\"article\" \/>\n<meta property=\"og:title\" content=\"Un v\u00e9hicule pour tous \u00e0 Linas - Fran\u00e7ois Pelletant\" \/>\n<meta property=\"og:description\" content=\"Un v\u00e9hicule est aux services des personnes \u00e0 mobilit\u00e9 r\u00e9duit et de nos a\u00een\u00e9s afin de les accompagn\u00e9 dans leurs quotidien.\" \/>\n<meta property=\"og:url\" content=\"https:\/\/francois-pelletant.fr\/blog\/vehicule-pour-tous-linas\/\" \/>\n<meta property=\"og:site_name\" content=\"Fran\u00e7ois Pelletant\" \/>\n<meta property=\"article:publisher\" content=\"https:\/\/www.facebook.com\/francois.pelletant.7\" \/>\n<meta property=\"article:published_time\" content=\"2013-06-05T07:39:44+00:00\" \/>\n<meta property=\"article:modified_time\" content=\"2017-05-12T14:28:11+00:00\" \/>\n<meta property=\"og:image\" content=\"https:\/\/francois-pelletant.fr\/blog\/wp-content\/uploads\/2013\/06\/scenic.jpg\" \/>\n\t<meta property=\"og:image:width\" content=\"1772\" \/>\n\t<meta property=\"og:image:height\" content=\"1282\" \/>\n\t<meta property=\"og:image:type\" content=\"image\/jpeg\" \/>\n<meta name=\"author\" content=\"Francois\" \/>\n<meta name=\"twitter:card\" content=\"summary_large_image\" \/>\n<meta name=\"twitter:creator\" content=\"@pelletant\" \/>\n<meta name=\"twitter:site\" content=\"@pelletant\" \/>\n<meta name=\"twitter:label1\" content=\"\u00c9crit par\" \/>\n\t<meta name=\"twitter:data1\" content=\"Francois\" \/>\n\t<meta name=\"twitter:label2\" content=\"Dur\u00e9e de lecture estim\u00e9e\" \/>\n\t<meta name=\"twitter:data2\" content=\"1 minute\" \/>\n<script type=\"application\/ld+json\" class=\"yoast-schema-graph\">{\"@context\":\"https:\/\/schema.org\",\"@graph\":[{\"@type\":\"Article\",\"@id\":\"https:\/\/francois-pelletant.fr\/blog\/vehicule-pour-tous-linas\/#article\",\"isPartOf\":{\"@id\":\"https:\/\/francois-pelletant.fr\/blog\/vehicule-pour-tous-linas\/\"},\"author\":{\"name\":\"Francois\",\"@id\":\"https:\/\/francois-pelletant.fr\/blog\/#\/schema\/person\/2be41acb171dff8f31aaed1f40cee9f3\"},\"headline\":\"Un v\u00e9hicule pour tous\",\"datePublished\":\"2013-06-05T07:39:44+00:00\",\"dateModified\":\"2017-05-12T14:28:11+00:00\",\"mainEntityOfPage\":{\"@id\":\"https:\/\/francois-pelletant.fr\/blog\/vehicule-pour-tous-linas\/\"},\"wordCount\":143,\"commentCount\":0,\"publisher\":{\"@id\":\"https:\/\/francois-pelletant.fr\/blog\/#organization\"},\"image\":{\"@id\":\"https:\/\/francois-pelletant.fr\/blog\/vehicule-pour-tous-linas\/#primaryimage\"},\"thumbnailUrl\":\"https:\/\/francois-pelletant.fr\/blog\/wp-content\/uploads\/2013\/06\/scenic.jpg\",\"articleSection\":[\"Infos\"],\"inLanguage\":\"fr-FR\",\"potentialAction\":[{\"@type\":\"CommentAction\",\"name\":\"Comment\",\"target\":[\"https:\/\/francois-pelletant.fr\/blog\/vehicule-pour-tous-linas\/#respond\"]}]},{\"@type\":\"WebPage\",\"@id\":\"https:\/\/francois-pelletant.fr\/blog\/vehicule-pour-tous-linas\/\",\"url\":\"https:\/\/francois-pelletant.fr\/blog\/vehicule-pour-tous-linas\/\",\"name\":\"Un v\u00e9hicule pour tous \u00e0 Linas - Fran\u00e7ois Pelletant\",\"isPartOf\":{\"@id\":\"https:\/\/francois-pelletant.fr\/blog\/#website\"},\"primaryImageOfPage\":{\"@id\":\"https:\/\/francois-pelletant.fr\/blog\/vehicule-pour-tous-linas\/#primaryimage\"},\"image\":{\"@id\":\"https:\/\/francois-pelletant.fr\/blog\/vehicule-pour-tous-linas\/#primaryimage\"},\"thumbnailUrl\":\"https:\/\/francois-pelletant.fr\/blog\/wp-content\/uploads\/2013\/06\/scenic.jpg\",\"datePublished\":\"2013-06-05T07:39:44+00:00\",\"dateModified\":\"2017-05-12T14:28:11+00:00\",\"description\":\"Un v\u00e9hicule est aux services des personnes \u00e0 mobilit\u00e9 r\u00e9duit et de nos a\u00een\u00e9s afin de les accompagn\u00e9 dans leurs quotidien.\",\"breadcrumb\":{\"@id\":\"https:\/\/francois-pelletant.fr\/blog\/vehicule-pour-tous-linas\/#breadcrumb\"},\"inLanguage\":\"fr-FR\",\"potentialAction\":[{\"@type\":\"ReadAction\",\"target\":[\"https:\/\/francois-pelletant.fr\/blog\/vehicule-pour-tous-linas\/\"]}]},{\"@type\":\"ImageObject\",\"inLanguage\":\"fr-FR\",\"@id\":\"https:\/\/francois-pelletant.fr\/blog\/vehicule-pour-tous-linas\/#primaryimage\",\"url\":\"https:\/\/francois-pelletant.fr\/blog\/wp-content\/uploads\/2013\/06\/scenic.jpg\",\"contentUrl\":\"https:\/\/francois-pelletant.fr\/blog\/wp-content\/uploads\/2013\/06\/scenic.jpg\",\"width\":1772,\"height\":1282},{\"@type\":\"BreadcrumbList\",\"@id\":\"https:\/\/francois-pelletant.fr\/blog\/vehicule-pour-tous-linas\/#breadcrumb\",\"itemListElement\":[{\"@type\":\"ListItem\",\"position\":1,\"name\":\"Accueil\",\"item\":\"https:\/\/francois-pelletant.fr\/blog\/\"},{\"@type\":\"ListItem\",\"position\":2,\"name\":\"Un v\u00e9hicule pour tous\"}]},{\"@type\":\"WebSite\",\"@id\":\"https:\/\/francois-pelletant.fr\/blog\/#website\",\"url\":\"https:\/\/francois-pelletant.fr\/blog\/\",\"name\":\"Fran\u00e7ois Pelletant\",\"description\":\"Maire de Linas, pour toujours.\",\"publisher\":{\"@id\":\"https:\/\/francois-pelletant.fr\/blog\/#organization\"},\"potentialAction\":[{\"@type\":\"SearchAction\",\"target\":{\"@type\":\"EntryPoint\",\"urlTemplate\":\"https:\/\/francois-pelletant.fr\/blog\/?s={search_term_string}\"},\"query-input\":{\"@type\":\"PropertyValueSpecification\",\"valueRequired\":true,\"valueName\":\"search_term_string\"}}],\"inLanguage\":\"fr-FR\"},{\"@type\":\"Organization\",\"@id\":\"https:\/\/francois-pelletant.fr\/blog\/#organization\",\"name\":\"Fran\u00e7ois Pelletant\",\"url\":\"https:\/\/francois-pelletant.fr\/blog\/\",\"logo\":{\"@type\":\"ImageObject\",\"inLanguage\":\"fr-FR\",\"@id\":\"https:\/\/francois-pelletant.fr\/blog\/#\/schema\/logo\/image\/\",\"url\":\"https:\/\/francois-pelletant.fr\/blog\/wp-content\/uploads\/2024\/07\/icone-francois-centre-500p.png\",\"contentUrl\":\"https:\/\/francois-pelletant.fr\/blog\/wp-content\/uploads\/2024\/07\/icone-francois-centre-500p.png\",\"width\":559,\"height\":447,\"caption\":\"Fran\u00e7ois Pelletant\"},\"image\":{\"@id\":\"https:\/\/francois-pelletant.fr\/blog\/#\/schema\/logo\/image\/\"},\"sameAs\":[\"https:\/\/www.facebook.com\/francois.pelletant.7\",\"https:\/\/x.com\/pelletant\"]},{\"@type\":\"Person\",\"@id\":\"https:\/\/francois-pelletant.fr\/blog\/#\/schema\/person\/2be41acb171dff8f31aaed1f40cee9f3\",\"name\":\"Francois\"}]}<\/script>\n<!-- \/ Yoast SEO plugin. -->","yoast_head_json":{"title":"Un v\u00e9hicule pour tous \u00e0 Linas - Fran\u00e7ois Pelletant","description":"Un v\u00e9hicule est aux services des personnes \u00e0 mobilit\u00e9 r\u00e9duit et de nos a\u00een\u00e9s afin de les accompagn\u00e9 dans leurs quotidien.","robots":{"index":"index","follow":"follow","max-snippet":"max-snippet:-1","max-image-preview":"max-image-preview:large","max-video-preview":"max-video-preview:-1"},"canonical":"https:\/\/francois-pelletant.fr\/blog\/vehicule-pour-tous-linas\/","og_locale":"fr_FR","og_type":"article","og_title":"Un v\u00e9hicule pour tous \u00e0 Linas - Fran\u00e7ois Pelletant","og_description":"Un v\u00e9hicule est aux services des personnes \u00e0 mobilit\u00e9 r\u00e9duit et de nos a\u00een\u00e9s afin de les accompagn\u00e9 dans leurs quotidien.","og_url":"https:\/\/francois-pelletant.fr\/blog\/vehicule-pour-tous-linas\/","og_site_name":"Fran\u00e7ois Pelletant","article_publisher":"https:\/\/www.facebook.com\/francois.pelletant.7","article_published_time":"2013-06-05T07:39:44+00:00","article_modified_time":"2017-05-12T14:28:11+00:00","og_image":[{"width":1772,"height":1282,"url":"https:\/\/francois-pelletant.fr\/blog\/wp-content\/uploads\/2013\/06\/scenic.jpg","type":"image\/jpeg"}],"author":"Francois","twitter_card":"summary_large_image","twitter_creator":"@pelletant","twitter_site":"@pelletant","twitter_misc":{"\u00c9crit par":"Francois","Dur\u00e9e de lecture estim\u00e9e":"1 minute"},"schema":{"@context":"https:\/\/schema.org","@graph":[{"@type":"Article","@id":"https:\/\/francois-pelletant.fr\/blog\/vehicule-pour-tous-linas\/#article","isPartOf":{"@id":"https:\/\/francois-pelletant.fr\/blog\/vehicule-pour-tous-linas\/"},"author":{"name":"Francois","@id":"https:\/\/francois-pelletant.fr\/blog\/#\/schema\/person\/2be41acb171dff8f31aaed1f40cee9f3"},"headline":"Un v\u00e9hicule pour tous","datePublished":"2013-06-05T07:39:44+00:00","dateModified":"2017-05-12T14:28:11+00:00","mainEntityOfPage":{"@id":"https:\/\/francois-pelletant.fr\/blog\/vehicule-pour-tous-linas\/"},"wordCount":143,"commentCount":0,"publisher":{"@id":"https:\/\/francois-pelletant.fr\/blog\/#organization"},"image":{"@id":"https:\/\/francois-pelletant.fr\/blog\/vehicule-pour-tous-linas\/#primaryimage"},"thumbnailUrl":"https:\/\/francois-pelletant.fr\/blog\/wp-content\/uploads\/2013\/06\/scenic.jpg","articleSection":["Infos"],"inLanguage":"fr-FR","potentialAction":[{"@type":"CommentAction","name":"Comment","target":["https:\/\/francois-pelletant.fr\/blog\/vehicule-pour-tous-linas\/#respond"]}]},{"@type":"WebPage","@id":"https:\/\/francois-pelletant.fr\/blog\/vehicule-pour-tous-linas\/","url":"https:\/\/francois-pelletant.fr\/blog\/vehicule-pour-tous-linas\/","name":"Un v\u00e9hicule pour tous \u00e0 Linas - Fran\u00e7ois Pelletant","isPartOf":{"@id":"https:\/\/francois-pelletant.fr\/blog\/#website"},"primaryImageOfPage":{"@id":"https:\/\/francois-pelletant.fr\/blog\/vehicule-pour-tous-linas\/#primaryimage"},"image":{"@id":"https:\/\/francois-pelletant.fr\/blog\/vehicule-pour-tous-linas\/#primaryimage"},"thumbnailUrl":"https:\/\/francois-pelletant.fr\/blog\/wp-content\/uploads\/2013\/06\/scenic.jpg","datePublished":"2013-06-05T07:39:44+00:00","dateModified":"2017-05-12T14:28:11+00:00","description":"Un v\u00e9hicule est aux services des personnes \u00e0 mobilit\u00e9 r\u00e9duit et de nos a\u00een\u00e9s afin de les accompagn\u00e9 dans leurs quotidien.","breadcrumb":{"@id":"https:\/\/francois-pelletant.fr\/blog\/vehicule-pour-tous-linas\/#breadcrumb"},"inLanguage":"fr-FR","potentialAction":[{"@type":"ReadAction","target":["https:\/\/francois-pelletant.fr\/blog\/vehicule-pour-tous-linas\/"]}]},{"@type":"ImageObject","inLanguage":"fr-FR","@id":"https:\/\/francois-pelletant.fr\/blog\/vehicule-pour-tous-linas\/#primaryimage","url":"https:\/\/francois-pelletant.fr\/blog\/wp-content\/uploads\/2013\/06\/scenic.jpg","contentUrl":"https:\/\/francois-pelletant.fr\/blog\/wp-content\/uploads\/2013\/06\/scenic.jpg","width":1772,"height":1282},{"@type":"BreadcrumbList","@id":"https:\/\/francois-pelletant.fr\/blog\/vehicule-pour-tous-linas\/#breadcrumb","itemListElement":[{"@type":"ListItem","position":1,"name":"Accueil","item":"https:\/\/francois-pelletant.fr\/blog\/"},{"@type":"ListItem","position":2,"name":"Un v\u00e9hicule pour tous"}]},{"@type":"WebSite","@id":"https:\/\/francois-pelletant.fr\/blog\/#website","url":"https:\/\/francois-pelletant.fr\/blog\/","name":"Fran\u00e7ois Pelletant","description":"Maire de Linas, pour toujours.","publisher":{"@id":"https:\/\/francois-pelletant.fr\/blog\/#organization"},"potentialAction":[{"@type":"SearchAction","target":{"@type":"EntryPoint","urlTemplate":"https:\/\/francois-pelletant.fr\/blog\/?s={search_term_string}"},"query-input":{"@type":"PropertyValueSpecification","valueRequired":true,"valueName":"search_term_string"}}],"inLanguage":"fr-FR"},{"@type":"Organization","@id":"https:\/\/francois-pelletant.fr\/blog\/#organization","name":"Fran\u00e7ois Pelletant","url":"https:\/\/francois-pelletant.fr\/blog\/","logo":{"@type":"ImageObject","inLanguage":"fr-FR","@id":"https:\/\/francois-pelletant.fr\/blog\/#\/schema\/logo\/image\/","url":"https:\/\/francois-pelletant.fr\/blog\/wp-content\/uploads\/2024\/07\/icone-francois-centre-500p.png","contentUrl":"https:\/\/francois-pelletant.fr\/blog\/wp-content\/uploads\/2024\/07\/icone-francois-centre-500p.png","width":559,"height":447,"caption":"Fran\u00e7ois Pelletant"},"image":{"@id":"https:\/\/francois-pelletant.fr\/blog\/#\/schema\/logo\/image\/"},"sameAs":["https:\/\/www.facebook.com\/francois.pelletant.7","https:\/\/x.com\/pelletant"]},{"@type":"Person","@id":"https:\/\/francois-pelletant.fr\/blog\/#\/schema\/person\/2be41acb171dff8f31aaed1f40cee9f3","name":"Francois"}]}},"_links":{"self":[{"href":"https:\/\/francois-pelletant.fr\/blog\/wp-json\/wp\/v2\/posts\/3419","targetHints":{"allow":["GET"]}}],"collection":[{"href":"https:\/\/francois-pelletant.fr\/blog\/wp-json\/wp\/v2\/posts"}],"about":[{"href":"https:\/\/francois-pelletant.fr\/blog\/wp-json\/wp\/v2\/types\/post"}],"author":[{"embeddable":true,"href":"https:\/\/francois-pelletant.fr\/blog\/wp-json\/wp\/v2\/users\/1"}],"replies":[{"embeddable":true,"href":"https:\/\/francois-pelletant.fr\/blog\/wp-json\/wp\/v2\/comments?post=3419"}],"version-history":[{"count":0,"href":"https:\/\/francois-pelletant.fr\/blog\/wp-json\/wp\/v2\/posts\/3419\/revisions"}],"wp:featuredmedia":[{"embeddable":true,"href":"https:\/\/francois-pelletant.fr\/blog\/wp-json\/wp\/v2\/media\/3420"}],"wp:attachment":[{"href":"https:\/\/francois-pelletant.fr\/blog\/wp-json\/wp\/v2\/media?parent=3419"}],"wp:term":[{"taxonomy":"category","embeddable":true,"href":"https:\/\/francois-pelletant.fr\/blog\/wp-json\/wp\/v2\/categories?post=3419"},{"taxonomy":"post_tag","embeddable":true,"href":"https:\/\/francois-pelletant.fr\/blog\/wp-json\/wp\/v2\/tags?post=3419"}],"curies":[{"name":"wp","href":"https:\/\/api.w.org\/{rel}","templated":true}]}}