{"id":3426,"date":"2013-06-09T09:48:09","date_gmt":"2013-06-09T07:48:09","guid":{"rendered":"https:\/\/francois-pelletant.fr\/blog\/?p=3426"},"modified":"2013-06-09T09:48:09","modified_gmt":"2013-06-09T07:48:09","slug":"illustrations-de-presse-mon-best-of-de-la-semaine","status":"publish","type":"post","link":"https:\/\/francois-pelletant.fr\/blog\/illustrations-de-presse-mon-best-of-de-la-semaine\/","title":{"rendered":"Illustrations de presse : mon best of de la semaine"},"content":{"rendered":"<figure id=\"attachment_3427\" aria-describedby=\"caption-attachment-3427\" style=\"width: 300px\" class=\"wp-caption alignleft\"><a href=\"https:\/\/francois-pelletant.fr\/blog\/wp-content\/uploads\/2013\/06\/Courrier-picard.fr-1er-juin.jpg\"><img loading=\"lazy\" decoding=\"async\" class=\"size-medium wp-image-3427\" title=\"Courrier-picard.fr 1er juin\" src=\"https:\/\/francois-pelletant.fr\/blog\/wp-content\/uploads\/2013\/06\/Courrier-picard.fr-1er-juin-300x237.jpg\" alt=\"\" width=\"300\" height=\"237\" srcset=\"https:\/\/francois-pelletant.fr\/blog\/wp-content\/uploads\/2013\/06\/Courrier-picard.fr-1er-juin-300x237.jpg 300w, https:\/\/francois-pelletant.fr\/blog\/wp-content\/uploads\/2013\/06\/Courrier-picard.fr-1er-juin-570x450.jpg 570w, https:\/\/francois-pelletant.fr\/blog\/wp-content\/uploads\/2013\/06\/Courrier-picard.fr-1er-juin.jpg 589w\" sizes=\"auto, (max-width: 300px) 100vw, 300px\" \/><\/a><figcaption id=\"caption-attachment-3427\" class=\"wp-caption-text\">Courrier-picard.fr 1er juin<\/figcaption><\/figure>\n<p>Chaque semaine, je vous propose une s\u00e9lection des meilleurs dessins parus parus dans la presse print et web : l&#8217;actualit\u00e9 revue et corrig\u00e9e par les caricaturistes, rien de tel pour bien finir la semaine&#8230;<\/p>\n<p>&nbsp;<\/p>\n<figure id=\"attachment_3428\" aria-describedby=\"caption-attachment-3428\" style=\"width: 300px\" class=\"wp-caption aligncenter\"><a href=\"https:\/\/francois-pelletant.fr\/blog\/wp-content\/uploads\/2013\/06\/Bakchich.info-4-juin.jpg\"><img loading=\"lazy\" decoding=\"async\" class=\"size-medium wp-image-3428\" title=\"Bakchich.info 4 juin\" src=\"https:\/\/francois-pelletant.fr\/blog\/wp-content\/uploads\/2013\/06\/Bakchich.info-4-juin-300x242.jpg\" alt=\"\" width=\"300\" height=\"242\" srcset=\"https:\/\/francois-pelletant.fr\/blog\/wp-content\/uploads\/2013\/06\/Bakchich.info-4-juin-300x242.jpg 300w, https:\/\/francois-pelletant.fr\/blog\/wp-content\/uploads\/2013\/06\/Bakchich.info-4-juin.jpg 600w\" sizes=\"auto, (max-width: 300px) 100vw, 300px\" \/><\/a><figcaption id=\"caption-attachment-3428\" class=\"wp-caption-text\">Bakchich.info 4 juin<\/figcaption><\/figure>\n<p>&nbsp;<\/p>\n<figure id=\"attachment_3429\" aria-describedby=\"caption-attachment-3429\" style=\"width: 300px\" class=\"wp-caption aligncenter\"><a href=\"https:\/\/francois-pelletant.fr\/blog\/wp-content\/uploads\/2013\/06\/Le-Parisien-6-juin.jpg\"><img loading=\"lazy\" decoding=\"async\" class=\"size-medium wp-image-3429\" title=\"Le Parisien 6 juin\" src=\"https:\/\/francois-pelletant.fr\/blog\/wp-content\/uploads\/2013\/06\/Le-Parisien-6-juin-300x300.jpg\" alt=\"\" width=\"300\" height=\"300\" srcset=\"https:\/\/francois-pelletant.fr\/blog\/wp-content\/uploads\/2013\/06\/Le-Parisien-6-juin-300x300.jpg 300w, https:\/\/francois-pelletant.fr\/blog\/wp-content\/uploads\/2013\/06\/Le-Parisien-6-juin-150x150.jpg 150w, https:\/\/francois-pelletant.fr\/blog\/wp-content\/uploads\/2013\/06\/Le-Parisien-6-juin-230x230.jpg 230w, https:\/\/francois-pelletant.fr\/blog\/wp-content\/uploads\/2013\/06\/Le-Parisien-6-juin-400x400.jpg 400w, https:\/\/francois-pelletant.fr\/blog\/wp-content\/uploads\/2013\/06\/Le-Parisien-6-juin.jpg 451w\" sizes=\"auto, (max-width: 300px) 100vw, 300px\" \/><\/a><figcaption id=\"caption-attachment-3429\" class=\"wp-caption-text\">Le Parisien 6 juin<\/figcaption><\/figure>\n<p>&nbsp;<\/p>\n<figure id=\"attachment_3430\" aria-describedby=\"caption-attachment-3430\" style=\"width: 300px\" class=\"wp-caption aligncenter\"><a href=\"https:\/\/francois-pelletant.fr\/blog\/wp-content\/uploads\/2013\/06\/leplacide.com-29-mai.jpg\"><img loading=\"lazy\" decoding=\"async\" class=\"size-medium wp-image-3430\" title=\"leplacide.com 29 mai\" src=\"https:\/\/francois-pelletant.fr\/blog\/wp-content\/uploads\/2013\/06\/leplacide.com-29-mai-300x217.jpg\" alt=\"\" width=\"300\" height=\"217\" \/><\/a><figcaption id=\"caption-attachment-3430\" class=\"wp-caption-text\">leplacide.com 29 mai<\/figcaption><\/figure>\n<p>&nbsp;<\/p>\n<figure id=\"attachment_3431\" aria-describedby=\"caption-attachment-3431\" style=\"width: 219px\" class=\"wp-caption aligncenter\"><a href=\"https:\/\/francois-pelletant.fr\/blog\/wp-content\/uploads\/2013\/06\/Marianne-1er-juin.jpg\"><img loading=\"lazy\" decoding=\"async\" class=\"size-medium wp-image-3431\" title=\"Marianne 1er juin\" src=\"https:\/\/francois-pelletant.fr\/blog\/wp-content\/uploads\/2013\/06\/Marianne-1er-juin-219x300.jpg\" alt=\"\" width=\"219\" height=\"300\" srcset=\"https:\/\/francois-pelletant.fr\/blog\/wp-content\/uploads\/2013\/06\/Marianne-1er-juin-219x300.jpg 219w, https:\/\/francois-pelletant.fr\/blog\/wp-content\/uploads\/2013\/06\/Marianne-1er-juin.jpg 297w\" sizes=\"auto, (max-width: 219px) 100vw, 219px\" \/><\/a><figcaption id=\"caption-attachment-3431\" class=\"wp-caption-text\">Marianne 1er juin<\/figcaption><\/figure>\n<p>&nbsp;<\/p>\n<figure id=\"attachment_3432\" aria-describedby=\"caption-attachment-3432\" style=\"width: 300px\" class=\"wp-caption aligncenter\"><a href=\"https:\/\/francois-pelletant.fr\/blog\/wp-content\/uploads\/2013\/06\/ouest-france.fr-3-juin.jpg\"><img loading=\"lazy\" decoding=\"async\" class=\"size-medium wp-image-3432\" title=\"ouest-france.fr 3 juin\" src=\"https:\/\/francois-pelletant.fr\/blog\/wp-content\/uploads\/2013\/06\/ouest-france.fr-3-juin-300x209.jpg\" alt=\"\" width=\"300\" height=\"209\" srcset=\"https:\/\/francois-pelletant.fr\/blog\/wp-content\/uploads\/2013\/06\/ouest-france.fr-3-juin-300x209.jpg 300w, https:\/\/francois-pelletant.fr\/blog\/wp-content\/uploads\/2013\/06\/ouest-france.fr-3-juin.jpg 470w\" sizes=\"auto, (max-width: 300px) 100vw, 300px\" \/><\/a><figcaption id=\"caption-attachment-3432\" class=\"wp-caption-text\">ouest-france.fr 3 juin<\/figcaption><\/figure>\n","protected":false},"excerpt":{"rendered":"<p>Chaque semaine, je vous propose une s\u00e9lection des meilleurs dessins parus parus dans la presse print et web : l&#8217;actualit\u00e9 revue et corrig\u00e9e par les caricaturistes, rien de tel pour bien finir la semaine&#8230; &nbsp; &nbsp; &nbsp; &nbsp; &nbsp;<\/p>\n","protected":false},"author":1,"featured_media":3427,"comment_status":"open","ping_status":"open","sticky":false,"template":"","format":"standard","meta":{"footnotes":""},"categories":[17],"tags":[],"class_list":["post-3426","post","type-post","status-publish","format-standard","has-post-thumbnail","hentry","category-prix-du-meilleur-dessin-de-presse"],"yoast_head":"<!-- This site is optimized with the Yoast SEO plugin v25.6 - https:\/\/yoast.com\/wordpress\/plugins\/seo\/ -->\n<title>Illustrations de presse : mon best of de la semaine - Fran\u00e7ois Pelletant<\/title>\n<meta name=\"robots\" content=\"index, follow, max-snippet:-1, max-image-preview:large, max-video-preview:-1\" \/>\n<link rel=\"canonical\" href=\"https:\/\/francois-pelletant.fr\/blog\/illustrations-de-presse-mon-best-of-de-la-semaine\/\" \/>\n<meta property=\"og:locale\" content=\"fr_FR\" \/>\n<meta property=\"og:type\" content=\"article\" \/>\n<meta property=\"og:title\" content=\"Illustrations de presse : mon best of de la semaine - Fran\u00e7ois Pelletant\" \/>\n<meta property=\"og:description\" content=\"Chaque semaine, je vous propose une s\u00e9lection des meilleurs dessins parus parus dans la presse print et web : l&#8217;actualit\u00e9 revue et corrig\u00e9e par les caricaturistes, rien de tel pour bien finir la semaine&#8230; &nbsp; &nbsp; &nbsp; &nbsp; &nbsp;\" \/>\n<meta property=\"og:url\" content=\"https:\/\/francois-pelletant.fr\/blog\/illustrations-de-presse-mon-best-of-de-la-semaine\/\" \/>\n<meta property=\"og:site_name\" content=\"Fran\u00e7ois Pelletant\" \/>\n<meta property=\"article:publisher\" content=\"https:\/\/www.facebook.com\/francois.pelletant.7\" \/>\n<meta property=\"article:published_time\" content=\"2013-06-09T07:48:09+00:00\" \/>\n<meta property=\"og:image\" content=\"https:\/\/francois-pelletant.fr\/blog\/wp-content\/uploads\/2013\/06\/Courrier-picard.fr-1er-juin.jpg\" \/>\n\t<meta property=\"og:image:width\" content=\"589\" \/>\n\t<meta property=\"og:image:height\" content=\"466\" \/>\n\t<meta property=\"og:image:type\" content=\"image\/jpeg\" \/>\n<meta name=\"author\" content=\"Francois\" \/>\n<meta name=\"twitter:card\" content=\"summary_large_image\" \/>\n<meta name=\"twitter:creator\" content=\"@pelletant\" \/>\n<meta name=\"twitter:site\" content=\"@pelletant\" \/>\n<meta name=\"twitter:label1\" content=\"\u00c9crit par\" \/>\n\t<meta name=\"twitter:data1\" content=\"Francois\" \/>\n\t<meta name=\"twitter:label2\" content=\"Dur\u00e9e de lecture estim\u00e9e\" \/>\n\t<meta name=\"twitter:data2\" content=\"1 minute\" \/>\n<script type=\"application\/ld+json\" class=\"yoast-schema-graph\">{\"@context\":\"https:\/\/schema.org\",\"@graph\":[{\"@type\":\"Article\",\"@id\":\"https:\/\/francois-pelletant.fr\/blog\/illustrations-de-presse-mon-best-of-de-la-semaine\/#article\",\"isPartOf\":{\"@id\":\"https:\/\/francois-pelletant.fr\/blog\/illustrations-de-presse-mon-best-of-de-la-semaine\/\"},\"author\":{\"name\":\"Francois\",\"@id\":\"https:\/\/francois-pelletant.fr\/blog\/#\/schema\/person\/2be41acb171dff8f31aaed1f40cee9f3\"},\"headline\":\"Illustrations de presse : mon best of de la semaine\",\"datePublished\":\"2013-06-09T07:48:09+00:00\",\"mainEntityOfPage\":{\"@id\":\"https:\/\/francois-pelletant.fr\/blog\/illustrations-de-presse-mon-best-of-de-la-semaine\/\"},\"wordCount\":117,\"commentCount\":0,\"publisher\":{\"@id\":\"https:\/\/francois-pelletant.fr\/blog\/#organization\"},\"image\":{\"@id\":\"https:\/\/francois-pelletant.fr\/blog\/illustrations-de-presse-mon-best-of-de-la-semaine\/#primaryimage\"},\"thumbnailUrl\":\"https:\/\/francois-pelletant.fr\/blog\/wp-content\/uploads\/2013\/06\/Courrier-picard.fr-1er-juin.jpg\",\"articleSection\":[\"Prix du meilleur dessin de presse\"],\"inLanguage\":\"fr-FR\",\"potentialAction\":[{\"@type\":\"CommentAction\",\"name\":\"Comment\",\"target\":[\"https:\/\/francois-pelletant.fr\/blog\/illustrations-de-presse-mon-best-of-de-la-semaine\/#respond\"]}]},{\"@type\":\"WebPage\",\"@id\":\"https:\/\/francois-pelletant.fr\/blog\/illustrations-de-presse-mon-best-of-de-la-semaine\/\",\"url\":\"https:\/\/francois-pelletant.fr\/blog\/illustrations-de-presse-mon-best-of-de-la-semaine\/\",\"name\":\"Illustrations de presse : mon best of de la semaine - Fran\u00e7ois Pelletant\",\"isPartOf\":{\"@id\":\"https:\/\/francois-pelletant.fr\/blog\/#website\"},\"primaryImageOfPage\":{\"@id\":\"https:\/\/francois-pelletant.fr\/blog\/illustrations-de-presse-mon-best-of-de-la-semaine\/#primaryimage\"},\"image\":{\"@id\":\"https:\/\/francois-pelletant.fr\/blog\/illustrations-de-presse-mon-best-of-de-la-semaine\/#primaryimage\"},\"thumbnailUrl\":\"https:\/\/francois-pelletant.fr\/blog\/wp-content\/uploads\/2013\/06\/Courrier-picard.fr-1er-juin.jpg\",\"datePublished\":\"2013-06-09T07:48:09+00:00\",\"breadcrumb\":{\"@id\":\"https:\/\/francois-pelletant.fr\/blog\/illustrations-de-presse-mon-best-of-de-la-semaine\/#breadcrumb\"},\"inLanguage\":\"fr-FR\",\"potentialAction\":[{\"@type\":\"ReadAction\",\"target\":[\"https:\/\/francois-pelletant.fr\/blog\/illustrations-de-presse-mon-best-of-de-la-semaine\/\"]}]},{\"@type\":\"ImageObject\",\"inLanguage\":\"fr-FR\",\"@id\":\"https:\/\/francois-pelletant.fr\/blog\/illustrations-de-presse-mon-best-of-de-la-semaine\/#primaryimage\",\"url\":\"https:\/\/francois-pelletant.fr\/blog\/wp-content\/uploads\/2013\/06\/Courrier-picard.fr-1er-juin.jpg\",\"contentUrl\":\"https:\/\/francois-pelletant.fr\/blog\/wp-content\/uploads\/2013\/06\/Courrier-picard.fr-1er-juin.jpg\",\"width\":589,\"height\":466,\"caption\":\"Courrier-picard.fr 1er juin\"},{\"@type\":\"BreadcrumbList\",\"@id\":\"https:\/\/francois-pelletant.fr\/blog\/illustrations-de-presse-mon-best-of-de-la-semaine\/#breadcrumb\",\"itemListElement\":[{\"@type\":\"ListItem\",\"position\":1,\"name\":\"Accueil\",\"item\":\"https:\/\/francois-pelletant.fr\/blog\/\"},{\"@type\":\"ListItem\",\"position\":2,\"name\":\"Illustrations de presse : mon best of de la semaine\"}]},{\"@type\":\"WebSite\",\"@id\":\"https:\/\/francois-pelletant.fr\/blog\/#website\",\"url\":\"https:\/\/francois-pelletant.fr\/blog\/\",\"name\":\"Fran\u00e7ois Pelletant\",\"description\":\"Maire de Linas, pour toujours.\",\"publisher\":{\"@id\":\"https:\/\/francois-pelletant.fr\/blog\/#organization\"},\"potentialAction\":[{\"@type\":\"SearchAction\",\"target\":{\"@type\":\"EntryPoint\",\"urlTemplate\":\"https:\/\/francois-pelletant.fr\/blog\/?s={search_term_string}\"},\"query-input\":{\"@type\":\"PropertyValueSpecification\",\"valueRequired\":true,\"valueName\":\"search_term_string\"}}],\"inLanguage\":\"fr-FR\"},{\"@type\":\"Organization\",\"@id\":\"https:\/\/francois-pelletant.fr\/blog\/#organization\",\"name\":\"Fran\u00e7ois Pelletant\",\"url\":\"https:\/\/francois-pelletant.fr\/blog\/\",\"logo\":{\"@type\":\"ImageObject\",\"inLanguage\":\"fr-FR\",\"@id\":\"https:\/\/francois-pelletant.fr\/blog\/#\/schema\/logo\/image\/\",\"url\":\"https:\/\/francois-pelletant.fr\/blog\/wp-content\/uploads\/2024\/07\/icone-francois-centre-500p.png\",\"contentUrl\":\"https:\/\/francois-pelletant.fr\/blog\/wp-content\/uploads\/2024\/07\/icone-francois-centre-500p.png\",\"width\":559,\"height\":447,\"caption\":\"Fran\u00e7ois Pelletant\"},\"image\":{\"@id\":\"https:\/\/francois-pelletant.fr\/blog\/#\/schema\/logo\/image\/\"},\"sameAs\":[\"https:\/\/www.facebook.com\/francois.pelletant.7\",\"https:\/\/x.com\/pelletant\"]},{\"@type\":\"Person\",\"@id\":\"https:\/\/francois-pelletant.fr\/blog\/#\/schema\/person\/2be41acb171dff8f31aaed1f40cee9f3\",\"name\":\"Francois\"}]}<\/script>\n<!-- \/ Yoast SEO plugin. -->","yoast_head_json":{"title":"Illustrations de presse : mon best of de la semaine - Fran\u00e7ois Pelletant","robots":{"index":"index","follow":"follow","max-snippet":"max-snippet:-1","max-image-preview":"max-image-preview:large","max-video-preview":"max-video-preview:-1"},"canonical":"https:\/\/francois-pelletant.fr\/blog\/illustrations-de-presse-mon-best-of-de-la-semaine\/","og_locale":"fr_FR","og_type":"article","og_title":"Illustrations de presse : mon best of de la semaine - Fran\u00e7ois Pelletant","og_description":"Chaque semaine, je vous propose une s\u00e9lection des meilleurs dessins parus parus dans la presse print et web : l&#8217;actualit\u00e9 revue et corrig\u00e9e par les caricaturistes, rien de tel pour bien finir la semaine&#8230; &nbsp; &nbsp; &nbsp; &nbsp; &nbsp;","og_url":"https:\/\/francois-pelletant.fr\/blog\/illustrations-de-presse-mon-best-of-de-la-semaine\/","og_site_name":"Fran\u00e7ois Pelletant","article_publisher":"https:\/\/www.facebook.com\/francois.pelletant.7","article_published_time":"2013-06-09T07:48:09+00:00","og_image":[{"width":589,"height":466,"url":"https:\/\/francois-pelletant.fr\/blog\/wp-content\/uploads\/2013\/06\/Courrier-picard.fr-1er-juin.jpg","type":"image\/jpeg"}],"author":"Francois","twitter_card":"summary_large_image","twitter_creator":"@pelletant","twitter_site":"@pelletant","twitter_misc":{"\u00c9crit par":"Francois","Dur\u00e9e de lecture estim\u00e9e":"1 minute"},"schema":{"@context":"https:\/\/schema.org","@graph":[{"@type":"Article","@id":"https:\/\/francois-pelletant.fr\/blog\/illustrations-de-presse-mon-best-of-de-la-semaine\/#article","isPartOf":{"@id":"https:\/\/francois-pelletant.fr\/blog\/illustrations-de-presse-mon-best-of-de-la-semaine\/"},"author":{"name":"Francois","@id":"https:\/\/francois-pelletant.fr\/blog\/#\/schema\/person\/2be41acb171dff8f31aaed1f40cee9f3"},"headline":"Illustrations de presse : mon best of de la semaine","datePublished":"2013-06-09T07:48:09+00:00","mainEntityOfPage":{"@id":"https:\/\/francois-pelletant.fr\/blog\/illustrations-de-presse-mon-best-of-de-la-semaine\/"},"wordCount":117,"commentCount":0,"publisher":{"@id":"https:\/\/francois-pelletant.fr\/blog\/#organization"},"image":{"@id":"https:\/\/francois-pelletant.fr\/blog\/illustrations-de-presse-mon-best-of-de-la-semaine\/#primaryimage"},"thumbnailUrl":"https:\/\/francois-pelletant.fr\/blog\/wp-content\/uploads\/2013\/06\/Courrier-picard.fr-1er-juin.jpg","articleSection":["Prix du meilleur dessin de presse"],"inLanguage":"fr-FR","potentialAction":[{"@type":"CommentAction","name":"Comment","target":["https:\/\/francois-pelletant.fr\/blog\/illustrations-de-presse-mon-best-of-de-la-semaine\/#respond"]}]},{"@type":"WebPage","@id":"https:\/\/francois-pelletant.fr\/blog\/illustrations-de-presse-mon-best-of-de-la-semaine\/","url":"https:\/\/francois-pelletant.fr\/blog\/illustrations-de-presse-mon-best-of-de-la-semaine\/","name":"Illustrations de presse : mon best of de la semaine - Fran\u00e7ois Pelletant","isPartOf":{"@id":"https:\/\/francois-pelletant.fr\/blog\/#website"},"primaryImageOfPage":{"@id":"https:\/\/francois-pelletant.fr\/blog\/illustrations-de-presse-mon-best-of-de-la-semaine\/#primaryimage"},"image":{"@id":"https:\/\/francois-pelletant.fr\/blog\/illustrations-de-presse-mon-best-of-de-la-semaine\/#primaryimage"},"thumbnailUrl":"https:\/\/francois-pelletant.fr\/blog\/wp-content\/uploads\/2013\/06\/Courrier-picard.fr-1er-juin.jpg","datePublished":"2013-06-09T07:48:09+00:00","breadcrumb":{"@id":"https:\/\/francois-pelletant.fr\/blog\/illustrations-de-presse-mon-best-of-de-la-semaine\/#breadcrumb"},"inLanguage":"fr-FR","potentialAction":[{"@type":"ReadAction","target":["https:\/\/francois-pelletant.fr\/blog\/illustrations-de-presse-mon-best-of-de-la-semaine\/"]}]},{"@type":"ImageObject","inLanguage":"fr-FR","@id":"https:\/\/francois-pelletant.fr\/blog\/illustrations-de-presse-mon-best-of-de-la-semaine\/#primaryimage","url":"https:\/\/francois-pelletant.fr\/blog\/wp-content\/uploads\/2013\/06\/Courrier-picard.fr-1er-juin.jpg","contentUrl":"https:\/\/francois-pelletant.fr\/blog\/wp-content\/uploads\/2013\/06\/Courrier-picard.fr-1er-juin.jpg","width":589,"height":466,"caption":"Courrier-picard.fr 1er juin"},{"@type":"BreadcrumbList","@id":"https:\/\/francois-pelletant.fr\/blog\/illustrations-de-presse-mon-best-of-de-la-semaine\/#breadcrumb","itemListElement":[{"@type":"ListItem","position":1,"name":"Accueil","item":"https:\/\/francois-pelletant.fr\/blog\/"},{"@type":"ListItem","position":2,"name":"Illustrations de presse : mon best of de la semaine"}]},{"@type":"WebSite","@id":"https:\/\/francois-pelletant.fr\/blog\/#website","url":"https:\/\/francois-pelletant.fr\/blog\/","name":"Fran\u00e7ois Pelletant","description":"Maire de Linas, pour toujours.","publisher":{"@id":"https:\/\/francois-pelletant.fr\/blog\/#organization"},"potentialAction":[{"@type":"SearchAction","target":{"@type":"EntryPoint","urlTemplate":"https:\/\/francois-pelletant.fr\/blog\/?s={search_term_string}"},"query-input":{"@type":"PropertyValueSpecification","valueRequired":true,"valueName":"search_term_string"}}],"inLanguage":"fr-FR"},{"@type":"Organization","@id":"https:\/\/francois-pelletant.fr\/blog\/#organization","name":"Fran\u00e7ois Pelletant","url":"https:\/\/francois-pelletant.fr\/blog\/","logo":{"@type":"ImageObject","inLanguage":"fr-FR","@id":"https:\/\/francois-pelletant.fr\/blog\/#\/schema\/logo\/image\/","url":"https:\/\/francois-pelletant.fr\/blog\/wp-content\/uploads\/2024\/07\/icone-francois-centre-500p.png","contentUrl":"https:\/\/francois-pelletant.fr\/blog\/wp-content\/uploads\/2024\/07\/icone-francois-centre-500p.png","width":559,"height":447,"caption":"Fran\u00e7ois Pelletant"},"image":{"@id":"https:\/\/francois-pelletant.fr\/blog\/#\/schema\/logo\/image\/"},"sameAs":["https:\/\/www.facebook.com\/francois.pelletant.7","https:\/\/x.com\/pelletant"]},{"@type":"Person","@id":"https:\/\/francois-pelletant.fr\/blog\/#\/schema\/person\/2be41acb171dff8f31aaed1f40cee9f3","name":"Francois"}]}},"_links":{"self":[{"href":"https:\/\/francois-pelletant.fr\/blog\/wp-json\/wp\/v2\/posts\/3426","targetHints":{"allow":["GET"]}}],"collection":[{"href":"https:\/\/francois-pelletant.fr\/blog\/wp-json\/wp\/v2\/posts"}],"about":[{"href":"https:\/\/francois-pelletant.fr\/blog\/wp-json\/wp\/v2\/types\/post"}],"author":[{"embeddable":true,"href":"https:\/\/francois-pelletant.fr\/blog\/wp-json\/wp\/v2\/users\/1"}],"replies":[{"embeddable":true,"href":"https:\/\/francois-pelletant.fr\/blog\/wp-json\/wp\/v2\/comments?post=3426"}],"version-history":[{"count":0,"href":"https:\/\/francois-pelletant.fr\/blog\/wp-json\/wp\/v2\/posts\/3426\/revisions"}],"wp:featuredmedia":[{"embeddable":true,"href":"https:\/\/francois-pelletant.fr\/blog\/wp-json\/wp\/v2\/media\/3427"}],"wp:attachment":[{"href":"https:\/\/francois-pelletant.fr\/blog\/wp-json\/wp\/v2\/media?parent=3426"}],"wp:term":[{"taxonomy":"category","embeddable":true,"href":"https:\/\/francois-pelletant.fr\/blog\/wp-json\/wp\/v2\/categories?post=3426"},{"taxonomy":"post_tag","embeddable":true,"href":"https:\/\/francois-pelletant.fr\/blog\/wp-json\/wp\/v2\/tags?post=3426"}],"curies":[{"name":"wp","href":"https:\/\/api.w.org\/{rel}","templated":true}]}}