{"id":3445,"date":"2013-06-14T09:46:23","date_gmt":"2013-06-14T07:46:23","guid":{"rendered":"https:\/\/francois-pelletant.fr\/blog\/?p=3445"},"modified":"2017-05-12T11:57:24","modified_gmt":"2017-05-12T11:57:24","slug":"exposition-artistique-carzou-ce-week-end","status":"publish","type":"post","link":"https:\/\/francois-pelletant.fr\/blog\/exposition-artistique-carzou-ce-week-end\/","title":{"rendered":"Expo artistique \u00e0 Carzou ce week-end"},"content":{"rendered":"<p><a href=\"https:\/\/francois-pelletant.fr\/blog\/wp-content\/uploads\/2013\/06\/aapcm-13-copie-2.jpg\"><img loading=\"lazy\" decoding=\"async\" class=\"alignleft wp-image-3446 size-full\" title=\"aapcm 13 copie 2\" src=\"https:\/\/francois-pelletant.fr\/blog\/wp-content\/uploads\/2013\/06\/aapcm-13-copie-2.jpg\" alt=\"image - exposition artistique\" width=\"250\" height=\"239\" \/><\/a><\/p>\n<h4>Une exposition artistique haute en couleur<\/h4>\n<p>&nbsp;<\/p>\n<p>L&#8217;Atelier des Mirettes organise son exposition annuelle \u00e0 l&#8217;Espace Carzou ce week-end samedi 15 et dimanche 16 juin 2013. Peintures et sculptures r\u00e9alis\u00e9es par les artistes de l&#8217;association linoise seront \u00e0 l&#8217;honneur de 10h \u00e0 12h et de 14h \u00e0 19. Entr\u00e9e libre.<\/p>\n","protected":false},"excerpt":{"rendered":"<p>Une exposition artistique haute en couleur &nbsp; L&#8217;Atelier des Mirettes organise son exposition annuelle \u00e0 l&#8217;Espace Carzou ce week-end samedi 15 et dimanche 16 juin 2013. Peintures et sculptures r\u00e9alis\u00e9es par les artistes de l&#8217;association linoise seront \u00e0 l&#8217;honneur de 10h \u00e0 12h et de 14h \u00e0 19. Entr\u00e9e libre.<\/p>\n","protected":false},"author":1,"featured_media":3446,"comment_status":"open","ping_status":"open","sticky":false,"template":"","format":"standard","meta":{"footnotes":""},"categories":[10],"tags":[],"class_list":["post-3445","post","type-post","status-publish","format-standard","has-post-thumbnail","hentry","category-1pelletant"],"yoast_head":"<!-- This site is optimized with the Yoast SEO plugin v25.6 - https:\/\/yoast.com\/wordpress\/plugins\/seo\/ -->\n<title>Exposition artistique \u00e0 Carzou ce week-end - Fran\u00e7ois Pelletant<\/title>\n<meta name=\"description\" content=\"L&#039;atelier des Mirettes organise son exposition annuelle de sculptures et peintures r\u00e9alis\u00e9 par l&#039;association Linoise.\" \/>\n<meta name=\"robots\" content=\"index, follow, max-snippet:-1, max-image-preview:large, max-video-preview:-1\" \/>\n<link rel=\"canonical\" href=\"https:\/\/francois-pelletant.fr\/blog\/exposition-artistique-carzou-ce-week-end\/\" \/>\n<meta property=\"og:locale\" content=\"fr_FR\" \/>\n<meta property=\"og:type\" content=\"article\" \/>\n<meta property=\"og:title\" content=\"Exposition artistique \u00e0 Carzou ce week-end - Fran\u00e7ois Pelletant\" \/>\n<meta property=\"og:description\" content=\"L&#039;atelier des Mirettes organise son exposition annuelle de sculptures et peintures r\u00e9alis\u00e9 par l&#039;association Linoise.\" \/>\n<meta property=\"og:url\" content=\"https:\/\/francois-pelletant.fr\/blog\/exposition-artistique-carzou-ce-week-end\/\" \/>\n<meta property=\"og:site_name\" content=\"Fran\u00e7ois Pelletant\" \/>\n<meta property=\"article:publisher\" content=\"https:\/\/www.facebook.com\/francois.pelletant.7\" \/>\n<meta property=\"article:published_time\" content=\"2013-06-14T07:46:23+00:00\" \/>\n<meta property=\"article:modified_time\" content=\"2017-05-12T11:57:24+00:00\" \/>\n<meta property=\"og:image\" content=\"https:\/\/francois-pelletant.fr\/blog\/wp-content\/uploads\/2013\/06\/aapcm-13-copie-2.jpg\" \/>\n\t<meta property=\"og:image:width\" content=\"250\" \/>\n\t<meta property=\"og:image:height\" content=\"239\" \/>\n\t<meta property=\"og:image:type\" content=\"image\/jpeg\" \/>\n<meta name=\"author\" content=\"Francois\" \/>\n<meta name=\"twitter:card\" content=\"summary_large_image\" \/>\n<meta name=\"twitter:creator\" content=\"@pelletant\" \/>\n<meta name=\"twitter:site\" content=\"@pelletant\" \/>\n<meta name=\"twitter:label1\" content=\"\u00c9crit par\" \/>\n\t<meta name=\"twitter:data1\" content=\"Francois\" \/>\n<script type=\"application\/ld+json\" class=\"yoast-schema-graph\">{\"@context\":\"https:\/\/schema.org\",\"@graph\":[{\"@type\":\"Article\",\"@id\":\"https:\/\/francois-pelletant.fr\/blog\/exposition-artistique-carzou-ce-week-end\/#article\",\"isPartOf\":{\"@id\":\"https:\/\/francois-pelletant.fr\/blog\/exposition-artistique-carzou-ce-week-end\/\"},\"author\":{\"name\":\"Francois\",\"@id\":\"https:\/\/francois-pelletant.fr\/blog\/#\/schema\/person\/2be41acb171dff8f31aaed1f40cee9f3\"},\"headline\":\"Expo artistique \u00e0 Carzou ce week-end\",\"datePublished\":\"2013-06-14T07:46:23+00:00\",\"dateModified\":\"2017-05-12T11:57:24+00:00\",\"mainEntityOfPage\":{\"@id\":\"https:\/\/francois-pelletant.fr\/blog\/exposition-artistique-carzou-ce-week-end\/\"},\"wordCount\":54,\"commentCount\":0,\"publisher\":{\"@id\":\"https:\/\/francois-pelletant.fr\/blog\/#organization\"},\"image\":{\"@id\":\"https:\/\/francois-pelletant.fr\/blog\/exposition-artistique-carzou-ce-week-end\/#primaryimage\"},\"thumbnailUrl\":\"https:\/\/francois-pelletant.fr\/blog\/wp-content\/uploads\/2013\/06\/aapcm-13-copie-2.jpg\",\"articleSection\":[\"Infos\"],\"inLanguage\":\"fr-FR\",\"potentialAction\":[{\"@type\":\"CommentAction\",\"name\":\"Comment\",\"target\":[\"https:\/\/francois-pelletant.fr\/blog\/exposition-artistique-carzou-ce-week-end\/#respond\"]}]},{\"@type\":\"WebPage\",\"@id\":\"https:\/\/francois-pelletant.fr\/blog\/exposition-artistique-carzou-ce-week-end\/\",\"url\":\"https:\/\/francois-pelletant.fr\/blog\/exposition-artistique-carzou-ce-week-end\/\",\"name\":\"Exposition artistique \u00e0 Carzou ce week-end - Fran\u00e7ois Pelletant\",\"isPartOf\":{\"@id\":\"https:\/\/francois-pelletant.fr\/blog\/#website\"},\"primaryImageOfPage\":{\"@id\":\"https:\/\/francois-pelletant.fr\/blog\/exposition-artistique-carzou-ce-week-end\/#primaryimage\"},\"image\":{\"@id\":\"https:\/\/francois-pelletant.fr\/blog\/exposition-artistique-carzou-ce-week-end\/#primaryimage\"},\"thumbnailUrl\":\"https:\/\/francois-pelletant.fr\/blog\/wp-content\/uploads\/2013\/06\/aapcm-13-copie-2.jpg\",\"datePublished\":\"2013-06-14T07:46:23+00:00\",\"dateModified\":\"2017-05-12T11:57:24+00:00\",\"description\":\"L'atelier des Mirettes organise son exposition annuelle de sculptures et peintures r\u00e9alis\u00e9 par l'association Linoise.\",\"breadcrumb\":{\"@id\":\"https:\/\/francois-pelletant.fr\/blog\/exposition-artistique-carzou-ce-week-end\/#breadcrumb\"},\"inLanguage\":\"fr-FR\",\"potentialAction\":[{\"@type\":\"ReadAction\",\"target\":[\"https:\/\/francois-pelletant.fr\/blog\/exposition-artistique-carzou-ce-week-end\/\"]}]},{\"@type\":\"ImageObject\",\"inLanguage\":\"fr-FR\",\"@id\":\"https:\/\/francois-pelletant.fr\/blog\/exposition-artistique-carzou-ce-week-end\/#primaryimage\",\"url\":\"https:\/\/francois-pelletant.fr\/blog\/wp-content\/uploads\/2013\/06\/aapcm-13-copie-2.jpg\",\"contentUrl\":\"https:\/\/francois-pelletant.fr\/blog\/wp-content\/uploads\/2013\/06\/aapcm-13-copie-2.jpg\",\"width\":250,\"height\":239},{\"@type\":\"BreadcrumbList\",\"@id\":\"https:\/\/francois-pelletant.fr\/blog\/exposition-artistique-carzou-ce-week-end\/#breadcrumb\",\"itemListElement\":[{\"@type\":\"ListItem\",\"position\":1,\"name\":\"Accueil\",\"item\":\"https:\/\/francois-pelletant.fr\/blog\/\"},{\"@type\":\"ListItem\",\"position\":2,\"name\":\"Expo artistique \u00e0 Carzou ce week-end\"}]},{\"@type\":\"WebSite\",\"@id\":\"https:\/\/francois-pelletant.fr\/blog\/#website\",\"url\":\"https:\/\/francois-pelletant.fr\/blog\/\",\"name\":\"Fran\u00e7ois Pelletant\",\"description\":\"Maire de Linas, pour toujours.\",\"publisher\":{\"@id\":\"https:\/\/francois-pelletant.fr\/blog\/#organization\"},\"potentialAction\":[{\"@type\":\"SearchAction\",\"target\":{\"@type\":\"EntryPoint\",\"urlTemplate\":\"https:\/\/francois-pelletant.fr\/blog\/?s={search_term_string}\"},\"query-input\":{\"@type\":\"PropertyValueSpecification\",\"valueRequired\":true,\"valueName\":\"search_term_string\"}}],\"inLanguage\":\"fr-FR\"},{\"@type\":\"Organization\",\"@id\":\"https:\/\/francois-pelletant.fr\/blog\/#organization\",\"name\":\"Fran\u00e7ois Pelletant\",\"url\":\"https:\/\/francois-pelletant.fr\/blog\/\",\"logo\":{\"@type\":\"ImageObject\",\"inLanguage\":\"fr-FR\",\"@id\":\"https:\/\/francois-pelletant.fr\/blog\/#\/schema\/logo\/image\/\",\"url\":\"https:\/\/francois-pelletant.fr\/blog\/wp-content\/uploads\/2024\/07\/icone-francois-centre-500p.png\",\"contentUrl\":\"https:\/\/francois-pelletant.fr\/blog\/wp-content\/uploads\/2024\/07\/icone-francois-centre-500p.png\",\"width\":559,\"height\":447,\"caption\":\"Fran\u00e7ois Pelletant\"},\"image\":{\"@id\":\"https:\/\/francois-pelletant.fr\/blog\/#\/schema\/logo\/image\/\"},\"sameAs\":[\"https:\/\/www.facebook.com\/francois.pelletant.7\",\"https:\/\/x.com\/pelletant\"]},{\"@type\":\"Person\",\"@id\":\"https:\/\/francois-pelletant.fr\/blog\/#\/schema\/person\/2be41acb171dff8f31aaed1f40cee9f3\",\"name\":\"Francois\"}]}<\/script>\n<!-- \/ Yoast SEO plugin. -->","yoast_head_json":{"title":"Exposition artistique \u00e0 Carzou ce week-end - Fran\u00e7ois Pelletant","description":"L'atelier des Mirettes organise son exposition annuelle de sculptures et peintures r\u00e9alis\u00e9 par l'association Linoise.","robots":{"index":"index","follow":"follow","max-snippet":"max-snippet:-1","max-image-preview":"max-image-preview:large","max-video-preview":"max-video-preview:-1"},"canonical":"https:\/\/francois-pelletant.fr\/blog\/exposition-artistique-carzou-ce-week-end\/","og_locale":"fr_FR","og_type":"article","og_title":"Exposition artistique \u00e0 Carzou ce week-end - Fran\u00e7ois Pelletant","og_description":"L'atelier des Mirettes organise son exposition annuelle de sculptures et peintures r\u00e9alis\u00e9 par l'association Linoise.","og_url":"https:\/\/francois-pelletant.fr\/blog\/exposition-artistique-carzou-ce-week-end\/","og_site_name":"Fran\u00e7ois Pelletant","article_publisher":"https:\/\/www.facebook.com\/francois.pelletant.7","article_published_time":"2013-06-14T07:46:23+00:00","article_modified_time":"2017-05-12T11:57:24+00:00","og_image":[{"width":250,"height":239,"url":"https:\/\/francois-pelletant.fr\/blog\/wp-content\/uploads\/2013\/06\/aapcm-13-copie-2.jpg","type":"image\/jpeg"}],"author":"Francois","twitter_card":"summary_large_image","twitter_creator":"@pelletant","twitter_site":"@pelletant","twitter_misc":{"\u00c9crit par":"Francois"},"schema":{"@context":"https:\/\/schema.org","@graph":[{"@type":"Article","@id":"https:\/\/francois-pelletant.fr\/blog\/exposition-artistique-carzou-ce-week-end\/#article","isPartOf":{"@id":"https:\/\/francois-pelletant.fr\/blog\/exposition-artistique-carzou-ce-week-end\/"},"author":{"name":"Francois","@id":"https:\/\/francois-pelletant.fr\/blog\/#\/schema\/person\/2be41acb171dff8f31aaed1f40cee9f3"},"headline":"Expo artistique \u00e0 Carzou ce week-end","datePublished":"2013-06-14T07:46:23+00:00","dateModified":"2017-05-12T11:57:24+00:00","mainEntityOfPage":{"@id":"https:\/\/francois-pelletant.fr\/blog\/exposition-artistique-carzou-ce-week-end\/"},"wordCount":54,"commentCount":0,"publisher":{"@id":"https:\/\/francois-pelletant.fr\/blog\/#organization"},"image":{"@id":"https:\/\/francois-pelletant.fr\/blog\/exposition-artistique-carzou-ce-week-end\/#primaryimage"},"thumbnailUrl":"https:\/\/francois-pelletant.fr\/blog\/wp-content\/uploads\/2013\/06\/aapcm-13-copie-2.jpg","articleSection":["Infos"],"inLanguage":"fr-FR","potentialAction":[{"@type":"CommentAction","name":"Comment","target":["https:\/\/francois-pelletant.fr\/blog\/exposition-artistique-carzou-ce-week-end\/#respond"]}]},{"@type":"WebPage","@id":"https:\/\/francois-pelletant.fr\/blog\/exposition-artistique-carzou-ce-week-end\/","url":"https:\/\/francois-pelletant.fr\/blog\/exposition-artistique-carzou-ce-week-end\/","name":"Exposition artistique \u00e0 Carzou ce week-end - Fran\u00e7ois Pelletant","isPartOf":{"@id":"https:\/\/francois-pelletant.fr\/blog\/#website"},"primaryImageOfPage":{"@id":"https:\/\/francois-pelletant.fr\/blog\/exposition-artistique-carzou-ce-week-end\/#primaryimage"},"image":{"@id":"https:\/\/francois-pelletant.fr\/blog\/exposition-artistique-carzou-ce-week-end\/#primaryimage"},"thumbnailUrl":"https:\/\/francois-pelletant.fr\/blog\/wp-content\/uploads\/2013\/06\/aapcm-13-copie-2.jpg","datePublished":"2013-06-14T07:46:23+00:00","dateModified":"2017-05-12T11:57:24+00:00","description":"L'atelier des Mirettes organise son exposition annuelle de sculptures et peintures r\u00e9alis\u00e9 par l'association Linoise.","breadcrumb":{"@id":"https:\/\/francois-pelletant.fr\/blog\/exposition-artistique-carzou-ce-week-end\/#breadcrumb"},"inLanguage":"fr-FR","potentialAction":[{"@type":"ReadAction","target":["https:\/\/francois-pelletant.fr\/blog\/exposition-artistique-carzou-ce-week-end\/"]}]},{"@type":"ImageObject","inLanguage":"fr-FR","@id":"https:\/\/francois-pelletant.fr\/blog\/exposition-artistique-carzou-ce-week-end\/#primaryimage","url":"https:\/\/francois-pelletant.fr\/blog\/wp-content\/uploads\/2013\/06\/aapcm-13-copie-2.jpg","contentUrl":"https:\/\/francois-pelletant.fr\/blog\/wp-content\/uploads\/2013\/06\/aapcm-13-copie-2.jpg","width":250,"height":239},{"@type":"BreadcrumbList","@id":"https:\/\/francois-pelletant.fr\/blog\/exposition-artistique-carzou-ce-week-end\/#breadcrumb","itemListElement":[{"@type":"ListItem","position":1,"name":"Accueil","item":"https:\/\/francois-pelletant.fr\/blog\/"},{"@type":"ListItem","position":2,"name":"Expo artistique \u00e0 Carzou ce week-end"}]},{"@type":"WebSite","@id":"https:\/\/francois-pelletant.fr\/blog\/#website","url":"https:\/\/francois-pelletant.fr\/blog\/","name":"Fran\u00e7ois Pelletant","description":"Maire de Linas, pour toujours.","publisher":{"@id":"https:\/\/francois-pelletant.fr\/blog\/#organization"},"potentialAction":[{"@type":"SearchAction","target":{"@type":"EntryPoint","urlTemplate":"https:\/\/francois-pelletant.fr\/blog\/?s={search_term_string}"},"query-input":{"@type":"PropertyValueSpecification","valueRequired":true,"valueName":"search_term_string"}}],"inLanguage":"fr-FR"},{"@type":"Organization","@id":"https:\/\/francois-pelletant.fr\/blog\/#organization","name":"Fran\u00e7ois Pelletant","url":"https:\/\/francois-pelletant.fr\/blog\/","logo":{"@type":"ImageObject","inLanguage":"fr-FR","@id":"https:\/\/francois-pelletant.fr\/blog\/#\/schema\/logo\/image\/","url":"https:\/\/francois-pelletant.fr\/blog\/wp-content\/uploads\/2024\/07\/icone-francois-centre-500p.png","contentUrl":"https:\/\/francois-pelletant.fr\/blog\/wp-content\/uploads\/2024\/07\/icone-francois-centre-500p.png","width":559,"height":447,"caption":"Fran\u00e7ois Pelletant"},"image":{"@id":"https:\/\/francois-pelletant.fr\/blog\/#\/schema\/logo\/image\/"},"sameAs":["https:\/\/www.facebook.com\/francois.pelletant.7","https:\/\/x.com\/pelletant"]},{"@type":"Person","@id":"https:\/\/francois-pelletant.fr\/blog\/#\/schema\/person\/2be41acb171dff8f31aaed1f40cee9f3","name":"Francois"}]}},"_links":{"self":[{"href":"https:\/\/francois-pelletant.fr\/blog\/wp-json\/wp\/v2\/posts\/3445","targetHints":{"allow":["GET"]}}],"collection":[{"href":"https:\/\/francois-pelletant.fr\/blog\/wp-json\/wp\/v2\/posts"}],"about":[{"href":"https:\/\/francois-pelletant.fr\/blog\/wp-json\/wp\/v2\/types\/post"}],"author":[{"embeddable":true,"href":"https:\/\/francois-pelletant.fr\/blog\/wp-json\/wp\/v2\/users\/1"}],"replies":[{"embeddable":true,"href":"https:\/\/francois-pelletant.fr\/blog\/wp-json\/wp\/v2\/comments?post=3445"}],"version-history":[{"count":0,"href":"https:\/\/francois-pelletant.fr\/blog\/wp-json\/wp\/v2\/posts\/3445\/revisions"}],"wp:featuredmedia":[{"embeddable":true,"href":"https:\/\/francois-pelletant.fr\/blog\/wp-json\/wp\/v2\/media\/3446"}],"wp:attachment":[{"href":"https:\/\/francois-pelletant.fr\/blog\/wp-json\/wp\/v2\/media?parent=3445"}],"wp:term":[{"taxonomy":"category","embeddable":true,"href":"https:\/\/francois-pelletant.fr\/blog\/wp-json\/wp\/v2\/categories?post=3445"},{"taxonomy":"post_tag","embeddable":true,"href":"https:\/\/francois-pelletant.fr\/blog\/wp-json\/wp\/v2\/tags?post=3445"}],"curies":[{"name":"wp","href":"https:\/\/api.w.org\/{rel}","templated":true}]}}