{"id":3481,"date":"2013-06-18T16:16:27","date_gmt":"2013-06-18T14:16:27","guid":{"rendered":"https:\/\/francois-pelletant.fr\/blog\/?p=3481"},"modified":"2017-05-29T10:29:08","modified_gmt":"2017-05-29T10:29:08","slug":"un-peu-de-respect-pour-les-victimes","status":"publish","type":"post","link":"https:\/\/francois-pelletant.fr\/blog\/un-peu-de-respect-pour-les-victimes\/","title":{"rendered":"Un peu de respect pour les victimes"},"content":{"rendered":"<figure id=\"attachment_3482\" aria-describedby=\"caption-attachment-3482\" style=\"width: 300px\" class=\"wp-caption alignleft\"><a href=\"https:\/\/francois-pelletant.fr\/blog\/wp-content\/uploads\/2013\/06\/inondations-linas-web.jpg\"><img loading=\"lazy\" decoding=\"async\" class=\"size-medium wp-image-3482\" title=\"inondations linas web\" src=\"https:\/\/francois-pelletant.fr\/blog\/wp-content\/uploads\/2013\/06\/inondations-linas-web-300x214.jpg\" alt=\"\" width=\"300\" height=\"214\" srcset=\"https:\/\/francois-pelletant.fr\/blog\/wp-content\/uploads\/2013\/06\/inondations-linas-web-300x214.jpg 300w, https:\/\/francois-pelletant.fr\/blog\/wp-content\/uploads\/2013\/06\/inondations-linas-web-768x549.jpg 768w, https:\/\/francois-pelletant.fr\/blog\/wp-content\/uploads\/2013\/06\/inondations-linas-web-600x429.jpg 600w, https:\/\/francois-pelletant.fr\/blog\/wp-content\/uploads\/2013\/06\/inondations-linas-web-370x265.jpg 370w, https:\/\/francois-pelletant.fr\/blog\/wp-content\/uploads\/2013\/06\/inondations-linas-web.jpg 886w\" sizes=\"auto, (max-width: 300px) 100vw, 300px\" \/><\/a><figcaption id=\"caption-attachment-3482\" class=\"wp-caption-text\">inondations chemin de Tabor \u00e0 Linas<\/figcaption><\/figure>\n<h3>La municipalit\u00e9 soutient les victimes des inondations<\/h3>\n<p>Certaines personnes impliqu\u00e9es dans la vie politique locale saisissent toute occasion pour aller photographier les Linois en prise avec les inondations du 17 juin et exploiter ensuite ces images. On peut chercher la responsabilit\u00e9 de la municipalit\u00e9 dans toutes choses, y compris les ph\u00e9nom\u00e8ne climatiques ; mais cela manque profond\u00e9ment de respect pour nos concitoyens qui en sont victimes. Nos concitoyens\u00a0ont plut\u00f4t besoin d&#8217;aide que d&#8217;\u00eatre pris en photo alors qu&#8217;ils sont emp\u00eatr\u00e9 dans les ennuis.<\/p>\n<p>Pour information, la municipalit\u00e9 va demander en Pr\u00e9fecture la reconnaissance d\u2019\u00e9tat de catastrophe naturelle ; ce qui permet aux victimes d\u2019\u00eatre mieux indemnis\u00e9es.<\/p>\n<p>Afin de mener \u00e0 bien ce projet, nous remercions tous les Linois qui ont subi des dommages de s\u2019adresser en mairie. Nous vous demandons \u00e9galement t de confier les copies des dossiers, photos ou vid\u00e9os transmis aux assurances.<\/p>\n","protected":false},"excerpt":{"rendered":"<p>La municipalit\u00e9 soutient les victimes des inondations Certaines personnes impliqu\u00e9es dans la vie politique locale saisissent toute occasion pour aller photographier les Linois en prise avec les inondations du 17 juin et exploiter ensuite ces images. On peut chercher la responsabilit\u00e9 de la municipalit\u00e9 dans toutes choses, y compris les ph\u00e9nom\u00e8ne climatiques ; mais cela [&hellip;]<\/p>\n","protected":false},"author":1,"featured_media":3482,"comment_status":"open","ping_status":"open","sticky":false,"template":"","format":"standard","meta":{"footnotes":""},"categories":[10],"tags":[],"class_list":["post-3481","post","type-post","status-publish","format-standard","has-post-thumbnail","hentry","category-1pelletant"],"yoast_head":"<!-- This site is optimized with the Yoast SEO plugin v25.6 - https:\/\/yoast.com\/wordpress\/plugins\/seo\/ -->\n<title>Un peu de respect pour les victimes - Fran\u00e7ois Pelletant<\/title>\n<meta name=\"description\" content=\"Certains Linois victimes des inondations se retrouvent en difficult\u00e9s face \u00e0 cette catastrophe naturelle.\" \/>\n<meta name=\"robots\" content=\"index, follow, max-snippet:-1, max-image-preview:large, max-video-preview:-1\" \/>\n<link rel=\"canonical\" href=\"https:\/\/francois-pelletant.fr\/blog\/un-peu-de-respect-pour-les-victimes\/\" \/>\n<meta property=\"og:locale\" content=\"fr_FR\" \/>\n<meta property=\"og:type\" content=\"article\" \/>\n<meta property=\"og:title\" content=\"Un peu de respect pour les victimes - Fran\u00e7ois Pelletant\" \/>\n<meta property=\"og:description\" content=\"Certains Linois victimes des inondations se retrouvent en difficult\u00e9s face \u00e0 cette catastrophe naturelle.\" \/>\n<meta property=\"og:url\" content=\"https:\/\/francois-pelletant.fr\/blog\/un-peu-de-respect-pour-les-victimes\/\" \/>\n<meta property=\"og:site_name\" content=\"Fran\u00e7ois Pelletant\" \/>\n<meta property=\"article:publisher\" content=\"https:\/\/www.facebook.com\/francois.pelletant.7\" \/>\n<meta property=\"article:published_time\" content=\"2013-06-18T14:16:27+00:00\" \/>\n<meta property=\"article:modified_time\" content=\"2017-05-29T10:29:08+00:00\" \/>\n<meta property=\"og:image\" content=\"https:\/\/francois-pelletant.fr\/blog\/wp-content\/uploads\/2013\/06\/inondations-linas-web.jpg\" \/>\n\t<meta property=\"og:image:width\" content=\"886\" \/>\n\t<meta property=\"og:image:height\" content=\"633\" \/>\n\t<meta property=\"og:image:type\" content=\"image\/jpeg\" \/>\n<meta name=\"author\" content=\"Francois\" \/>\n<meta name=\"twitter:card\" content=\"summary_large_image\" \/>\n<meta name=\"twitter:creator\" content=\"@pelletant\" \/>\n<meta name=\"twitter:site\" content=\"@pelletant\" \/>\n<meta name=\"twitter:label1\" content=\"\u00c9crit par\" \/>\n\t<meta name=\"twitter:data1\" content=\"Francois\" \/>\n\t<meta name=\"twitter:label2\" content=\"Dur\u00e9e de lecture estim\u00e9e\" \/>\n\t<meta name=\"twitter:data2\" content=\"1 minute\" \/>\n<script type=\"application\/ld+json\" class=\"yoast-schema-graph\">{\"@context\":\"https:\/\/schema.org\",\"@graph\":[{\"@type\":\"Article\",\"@id\":\"https:\/\/francois-pelletant.fr\/blog\/un-peu-de-respect-pour-les-victimes\/#article\",\"isPartOf\":{\"@id\":\"https:\/\/francois-pelletant.fr\/blog\/un-peu-de-respect-pour-les-victimes\/\"},\"author\":{\"name\":\"Francois\",\"@id\":\"https:\/\/francois-pelletant.fr\/blog\/#\/schema\/person\/2be41acb171dff8f31aaed1f40cee9f3\"},\"headline\":\"Un peu de respect pour les victimes\",\"datePublished\":\"2013-06-18T14:16:27+00:00\",\"dateModified\":\"2017-05-29T10:29:08+00:00\",\"mainEntityOfPage\":{\"@id\":\"https:\/\/francois-pelletant.fr\/blog\/un-peu-de-respect-pour-les-victimes\/\"},\"wordCount\":175,\"commentCount\":0,\"publisher\":{\"@id\":\"https:\/\/francois-pelletant.fr\/blog\/#organization\"},\"image\":{\"@id\":\"https:\/\/francois-pelletant.fr\/blog\/un-peu-de-respect-pour-les-victimes\/#primaryimage\"},\"thumbnailUrl\":\"https:\/\/francois-pelletant.fr\/blog\/wp-content\/uploads\/2013\/06\/inondations-linas-web.jpg\",\"articleSection\":[\"Infos\"],\"inLanguage\":\"fr-FR\",\"potentialAction\":[{\"@type\":\"CommentAction\",\"name\":\"Comment\",\"target\":[\"https:\/\/francois-pelletant.fr\/blog\/un-peu-de-respect-pour-les-victimes\/#respond\"]}]},{\"@type\":\"WebPage\",\"@id\":\"https:\/\/francois-pelletant.fr\/blog\/un-peu-de-respect-pour-les-victimes\/\",\"url\":\"https:\/\/francois-pelletant.fr\/blog\/un-peu-de-respect-pour-les-victimes\/\",\"name\":\"Un peu de respect pour les victimes - Fran\u00e7ois Pelletant\",\"isPartOf\":{\"@id\":\"https:\/\/francois-pelletant.fr\/blog\/#website\"},\"primaryImageOfPage\":{\"@id\":\"https:\/\/francois-pelletant.fr\/blog\/un-peu-de-respect-pour-les-victimes\/#primaryimage\"},\"image\":{\"@id\":\"https:\/\/francois-pelletant.fr\/blog\/un-peu-de-respect-pour-les-victimes\/#primaryimage\"},\"thumbnailUrl\":\"https:\/\/francois-pelletant.fr\/blog\/wp-content\/uploads\/2013\/06\/inondations-linas-web.jpg\",\"datePublished\":\"2013-06-18T14:16:27+00:00\",\"dateModified\":\"2017-05-29T10:29:08+00:00\",\"description\":\"Certains Linois victimes des inondations se retrouvent en difficult\u00e9s face \u00e0 cette catastrophe naturelle.\",\"breadcrumb\":{\"@id\":\"https:\/\/francois-pelletant.fr\/blog\/un-peu-de-respect-pour-les-victimes\/#breadcrumb\"},\"inLanguage\":\"fr-FR\",\"potentialAction\":[{\"@type\":\"ReadAction\",\"target\":[\"https:\/\/francois-pelletant.fr\/blog\/un-peu-de-respect-pour-les-victimes\/\"]}]},{\"@type\":\"ImageObject\",\"inLanguage\":\"fr-FR\",\"@id\":\"https:\/\/francois-pelletant.fr\/blog\/un-peu-de-respect-pour-les-victimes\/#primaryimage\",\"url\":\"https:\/\/francois-pelletant.fr\/blog\/wp-content\/uploads\/2013\/06\/inondations-linas-web.jpg\",\"contentUrl\":\"https:\/\/francois-pelletant.fr\/blog\/wp-content\/uploads\/2013\/06\/inondations-linas-web.jpg\",\"width\":886,\"height\":633,\"caption\":\"inondations chemin de Tabor \u00e0 Linas\"},{\"@type\":\"BreadcrumbList\",\"@id\":\"https:\/\/francois-pelletant.fr\/blog\/un-peu-de-respect-pour-les-victimes\/#breadcrumb\",\"itemListElement\":[{\"@type\":\"ListItem\",\"position\":1,\"name\":\"Accueil\",\"item\":\"https:\/\/francois-pelletant.fr\/blog\/\"},{\"@type\":\"ListItem\",\"position\":2,\"name\":\"Un peu de respect pour les victimes\"}]},{\"@type\":\"WebSite\",\"@id\":\"https:\/\/francois-pelletant.fr\/blog\/#website\",\"url\":\"https:\/\/francois-pelletant.fr\/blog\/\",\"name\":\"Fran\u00e7ois Pelletant\",\"description\":\"Maire de Linas, pour toujours.\",\"publisher\":{\"@id\":\"https:\/\/francois-pelletant.fr\/blog\/#organization\"},\"potentialAction\":[{\"@type\":\"SearchAction\",\"target\":{\"@type\":\"EntryPoint\",\"urlTemplate\":\"https:\/\/francois-pelletant.fr\/blog\/?s={search_term_string}\"},\"query-input\":{\"@type\":\"PropertyValueSpecification\",\"valueRequired\":true,\"valueName\":\"search_term_string\"}}],\"inLanguage\":\"fr-FR\"},{\"@type\":\"Organization\",\"@id\":\"https:\/\/francois-pelletant.fr\/blog\/#organization\",\"name\":\"Fran\u00e7ois Pelletant\",\"url\":\"https:\/\/francois-pelletant.fr\/blog\/\",\"logo\":{\"@type\":\"ImageObject\",\"inLanguage\":\"fr-FR\",\"@id\":\"https:\/\/francois-pelletant.fr\/blog\/#\/schema\/logo\/image\/\",\"url\":\"https:\/\/francois-pelletant.fr\/blog\/wp-content\/uploads\/2024\/07\/icone-francois-centre-500p.png\",\"contentUrl\":\"https:\/\/francois-pelletant.fr\/blog\/wp-content\/uploads\/2024\/07\/icone-francois-centre-500p.png\",\"width\":559,\"height\":447,\"caption\":\"Fran\u00e7ois Pelletant\"},\"image\":{\"@id\":\"https:\/\/francois-pelletant.fr\/blog\/#\/schema\/logo\/image\/\"},\"sameAs\":[\"https:\/\/www.facebook.com\/francois.pelletant.7\",\"https:\/\/x.com\/pelletant\"]},{\"@type\":\"Person\",\"@id\":\"https:\/\/francois-pelletant.fr\/blog\/#\/schema\/person\/2be41acb171dff8f31aaed1f40cee9f3\",\"name\":\"Francois\"}]}<\/script>\n<!-- \/ Yoast SEO plugin. -->","yoast_head_json":{"title":"Un peu de respect pour les victimes - Fran\u00e7ois Pelletant","description":"Certains Linois victimes des inondations se retrouvent en difficult\u00e9s face \u00e0 cette catastrophe naturelle.","robots":{"index":"index","follow":"follow","max-snippet":"max-snippet:-1","max-image-preview":"max-image-preview:large","max-video-preview":"max-video-preview:-1"},"canonical":"https:\/\/francois-pelletant.fr\/blog\/un-peu-de-respect-pour-les-victimes\/","og_locale":"fr_FR","og_type":"article","og_title":"Un peu de respect pour les victimes - Fran\u00e7ois Pelletant","og_description":"Certains Linois victimes des inondations se retrouvent en difficult\u00e9s face \u00e0 cette catastrophe naturelle.","og_url":"https:\/\/francois-pelletant.fr\/blog\/un-peu-de-respect-pour-les-victimes\/","og_site_name":"Fran\u00e7ois Pelletant","article_publisher":"https:\/\/www.facebook.com\/francois.pelletant.7","article_published_time":"2013-06-18T14:16:27+00:00","article_modified_time":"2017-05-29T10:29:08+00:00","og_image":[{"width":886,"height":633,"url":"https:\/\/francois-pelletant.fr\/blog\/wp-content\/uploads\/2013\/06\/inondations-linas-web.jpg","type":"image\/jpeg"}],"author":"Francois","twitter_card":"summary_large_image","twitter_creator":"@pelletant","twitter_site":"@pelletant","twitter_misc":{"\u00c9crit par":"Francois","Dur\u00e9e de lecture estim\u00e9e":"1 minute"},"schema":{"@context":"https:\/\/schema.org","@graph":[{"@type":"Article","@id":"https:\/\/francois-pelletant.fr\/blog\/un-peu-de-respect-pour-les-victimes\/#article","isPartOf":{"@id":"https:\/\/francois-pelletant.fr\/blog\/un-peu-de-respect-pour-les-victimes\/"},"author":{"name":"Francois","@id":"https:\/\/francois-pelletant.fr\/blog\/#\/schema\/person\/2be41acb171dff8f31aaed1f40cee9f3"},"headline":"Un peu de respect pour les victimes","datePublished":"2013-06-18T14:16:27+00:00","dateModified":"2017-05-29T10:29:08+00:00","mainEntityOfPage":{"@id":"https:\/\/francois-pelletant.fr\/blog\/un-peu-de-respect-pour-les-victimes\/"},"wordCount":175,"commentCount":0,"publisher":{"@id":"https:\/\/francois-pelletant.fr\/blog\/#organization"},"image":{"@id":"https:\/\/francois-pelletant.fr\/blog\/un-peu-de-respect-pour-les-victimes\/#primaryimage"},"thumbnailUrl":"https:\/\/francois-pelletant.fr\/blog\/wp-content\/uploads\/2013\/06\/inondations-linas-web.jpg","articleSection":["Infos"],"inLanguage":"fr-FR","potentialAction":[{"@type":"CommentAction","name":"Comment","target":["https:\/\/francois-pelletant.fr\/blog\/un-peu-de-respect-pour-les-victimes\/#respond"]}]},{"@type":"WebPage","@id":"https:\/\/francois-pelletant.fr\/blog\/un-peu-de-respect-pour-les-victimes\/","url":"https:\/\/francois-pelletant.fr\/blog\/un-peu-de-respect-pour-les-victimes\/","name":"Un peu de respect pour les victimes - Fran\u00e7ois Pelletant","isPartOf":{"@id":"https:\/\/francois-pelletant.fr\/blog\/#website"},"primaryImageOfPage":{"@id":"https:\/\/francois-pelletant.fr\/blog\/un-peu-de-respect-pour-les-victimes\/#primaryimage"},"image":{"@id":"https:\/\/francois-pelletant.fr\/blog\/un-peu-de-respect-pour-les-victimes\/#primaryimage"},"thumbnailUrl":"https:\/\/francois-pelletant.fr\/blog\/wp-content\/uploads\/2013\/06\/inondations-linas-web.jpg","datePublished":"2013-06-18T14:16:27+00:00","dateModified":"2017-05-29T10:29:08+00:00","description":"Certains Linois victimes des inondations se retrouvent en difficult\u00e9s face \u00e0 cette catastrophe naturelle.","breadcrumb":{"@id":"https:\/\/francois-pelletant.fr\/blog\/un-peu-de-respect-pour-les-victimes\/#breadcrumb"},"inLanguage":"fr-FR","potentialAction":[{"@type":"ReadAction","target":["https:\/\/francois-pelletant.fr\/blog\/un-peu-de-respect-pour-les-victimes\/"]}]},{"@type":"ImageObject","inLanguage":"fr-FR","@id":"https:\/\/francois-pelletant.fr\/blog\/un-peu-de-respect-pour-les-victimes\/#primaryimage","url":"https:\/\/francois-pelletant.fr\/blog\/wp-content\/uploads\/2013\/06\/inondations-linas-web.jpg","contentUrl":"https:\/\/francois-pelletant.fr\/blog\/wp-content\/uploads\/2013\/06\/inondations-linas-web.jpg","width":886,"height":633,"caption":"inondations chemin de Tabor \u00e0 Linas"},{"@type":"BreadcrumbList","@id":"https:\/\/francois-pelletant.fr\/blog\/un-peu-de-respect-pour-les-victimes\/#breadcrumb","itemListElement":[{"@type":"ListItem","position":1,"name":"Accueil","item":"https:\/\/francois-pelletant.fr\/blog\/"},{"@type":"ListItem","position":2,"name":"Un peu de respect pour les victimes"}]},{"@type":"WebSite","@id":"https:\/\/francois-pelletant.fr\/blog\/#website","url":"https:\/\/francois-pelletant.fr\/blog\/","name":"Fran\u00e7ois Pelletant","description":"Maire de Linas, pour toujours.","publisher":{"@id":"https:\/\/francois-pelletant.fr\/blog\/#organization"},"potentialAction":[{"@type":"SearchAction","target":{"@type":"EntryPoint","urlTemplate":"https:\/\/francois-pelletant.fr\/blog\/?s={search_term_string}"},"query-input":{"@type":"PropertyValueSpecification","valueRequired":true,"valueName":"search_term_string"}}],"inLanguage":"fr-FR"},{"@type":"Organization","@id":"https:\/\/francois-pelletant.fr\/blog\/#organization","name":"Fran\u00e7ois Pelletant","url":"https:\/\/francois-pelletant.fr\/blog\/","logo":{"@type":"ImageObject","inLanguage":"fr-FR","@id":"https:\/\/francois-pelletant.fr\/blog\/#\/schema\/logo\/image\/","url":"https:\/\/francois-pelletant.fr\/blog\/wp-content\/uploads\/2024\/07\/icone-francois-centre-500p.png","contentUrl":"https:\/\/francois-pelletant.fr\/blog\/wp-content\/uploads\/2024\/07\/icone-francois-centre-500p.png","width":559,"height":447,"caption":"Fran\u00e7ois Pelletant"},"image":{"@id":"https:\/\/francois-pelletant.fr\/blog\/#\/schema\/logo\/image\/"},"sameAs":["https:\/\/www.facebook.com\/francois.pelletant.7","https:\/\/x.com\/pelletant"]},{"@type":"Person","@id":"https:\/\/francois-pelletant.fr\/blog\/#\/schema\/person\/2be41acb171dff8f31aaed1f40cee9f3","name":"Francois"}]}},"_links":{"self":[{"href":"https:\/\/francois-pelletant.fr\/blog\/wp-json\/wp\/v2\/posts\/3481","targetHints":{"allow":["GET"]}}],"collection":[{"href":"https:\/\/francois-pelletant.fr\/blog\/wp-json\/wp\/v2\/posts"}],"about":[{"href":"https:\/\/francois-pelletant.fr\/blog\/wp-json\/wp\/v2\/types\/post"}],"author":[{"embeddable":true,"href":"https:\/\/francois-pelletant.fr\/blog\/wp-json\/wp\/v2\/users\/1"}],"replies":[{"embeddable":true,"href":"https:\/\/francois-pelletant.fr\/blog\/wp-json\/wp\/v2\/comments?post=3481"}],"version-history":[{"count":0,"href":"https:\/\/francois-pelletant.fr\/blog\/wp-json\/wp\/v2\/posts\/3481\/revisions"}],"wp:featuredmedia":[{"embeddable":true,"href":"https:\/\/francois-pelletant.fr\/blog\/wp-json\/wp\/v2\/media\/3482"}],"wp:attachment":[{"href":"https:\/\/francois-pelletant.fr\/blog\/wp-json\/wp\/v2\/media?parent=3481"}],"wp:term":[{"taxonomy":"category","embeddable":true,"href":"https:\/\/francois-pelletant.fr\/blog\/wp-json\/wp\/v2\/categories?post=3481"},{"taxonomy":"post_tag","embeddable":true,"href":"https:\/\/francois-pelletant.fr\/blog\/wp-json\/wp\/v2\/tags?post=3481"}],"curies":[{"name":"wp","href":"https:\/\/api.w.org\/{rel}","templated":true}]}}