{"id":3521,"date":"2013-06-30T08:55:47","date_gmt":"2013-06-30T06:55:47","guid":{"rendered":"https:\/\/francois-pelletant.fr\/blog\/?p=3521"},"modified":"2013-06-30T08:55:47","modified_gmt":"2013-06-30T06:55:47","slug":"dessins-de-presse-le-meilleur-de-la-semaine-7","status":"publish","type":"post","link":"https:\/\/francois-pelletant.fr\/blog\/dessins-de-presse-le-meilleur-de-la-semaine-7\/","title":{"rendered":"Dessins de presse : le meilleur de la semaine"},"content":{"rendered":"<figure id=\"attachment_3522\" aria-describedby=\"caption-attachment-3522\" style=\"width: 300px\" class=\"wp-caption alignleft\"><a href=\"https:\/\/francois-pelletant.fr\/blog\/wp-content\/uploads\/2013\/06\/urtikan.net-26-juin.jpg\"><img loading=\"lazy\" decoding=\"async\" class=\"size-medium wp-image-3522\" title=\"urtikan.net 26 juin\" src=\"https:\/\/francois-pelletant.fr\/blog\/wp-content\/uploads\/2013\/06\/urtikan.net-26-juin-300x300.jpg\" alt=\"\" width=\"300\" height=\"300\" srcset=\"https:\/\/francois-pelletant.fr\/blog\/wp-content\/uploads\/2013\/06\/urtikan.net-26-juin-300x300.jpg 300w, https:\/\/francois-pelletant.fr\/blog\/wp-content\/uploads\/2013\/06\/urtikan.net-26-juin-150x150.jpg 150w, https:\/\/francois-pelletant.fr\/blog\/wp-content\/uploads\/2013\/06\/urtikan.net-26-juin-230x230.jpg 230w, https:\/\/francois-pelletant.fr\/blog\/wp-content\/uploads\/2013\/06\/urtikan.net-26-juin-400x400.jpg 400w, https:\/\/francois-pelletant.fr\/blog\/wp-content\/uploads\/2013\/06\/urtikan.net-26-juin.jpg 580w\" sizes=\"auto, (max-width: 300px) 100vw, 300px\" \/><\/a><figcaption id=\"caption-attachment-3522\" class=\"wp-caption-text\">urtikan.net 26 juin<\/figcaption><\/figure>\n<p>Nouveau floril\u00e8ge des dessins parus dans la presse web et print cette semaine : les affaires de dopage dans le cyclisme, les soldes, la situation \u00e9conomique et sociale, les inondations&#8230; Bon dimanche !<\/p>\n<p>&nbsp;<\/p>\n<figure id=\"attachment_3523\" aria-describedby=\"caption-attachment-3523\" style=\"width: 300px\" class=\"wp-caption aligncenter\"><a href=\"https:\/\/francois-pelletant.fr\/blog\/wp-content\/uploads\/2013\/06\/agoravox.fr-26-juin.jpg\"><img loading=\"lazy\" decoding=\"async\" class=\"size-medium wp-image-3523\" title=\"agoravox.fr 26 juin\" src=\"https:\/\/francois-pelletant.fr\/blog\/wp-content\/uploads\/2013\/06\/agoravox.fr-26-juin-300x280.jpg\" alt=\"\" width=\"300\" height=\"280\" \/><\/a><figcaption id=\"caption-attachment-3523\" class=\"wp-caption-text\">agoravox.fr 26 juin<\/figcaption><\/figure>\n<p>&nbsp;<\/p>\n<figure id=\"attachment_3524\" aria-describedby=\"caption-attachment-3524\" style=\"width: 300px\" class=\"wp-caption aligncenter\"><a href=\"https:\/\/francois-pelletant.fr\/blog\/wp-content\/uploads\/2013\/06\/Le-Canard-enchain\u00e9-26-juin.jpg\"><img loading=\"lazy\" decoding=\"async\" class=\"size-medium wp-image-3524\" title=\"Le Canard enchain\u00e9 26 juin\" src=\"https:\/\/francois-pelletant.fr\/blog\/wp-content\/uploads\/2013\/06\/Le-Canard-enchain\u00e9-26-juin-300x266.jpg\" alt=\"\" width=\"300\" height=\"266\" srcset=\"https:\/\/francois-pelletant.fr\/blog\/wp-content\/uploads\/2013\/06\/Le-Canard-enchain\u00e9-26-juin-300x266.jpg 300w, https:\/\/francois-pelletant.fr\/blog\/wp-content\/uploads\/2013\/06\/Le-Canard-enchain\u00e9-26-juin.jpg 410w\" sizes=\"auto, (max-width: 300px) 100vw, 300px\" \/><\/a><figcaption id=\"caption-attachment-3524\" class=\"wp-caption-text\">Le Canard enchain\u00e9 26 juin<\/figcaption><\/figure>\n<p>&nbsp;<\/p>\n<figure id=\"attachment_3525\" aria-describedby=\"caption-attachment-3525\" style=\"width: 300px\" class=\"wp-caption aligncenter\"><a href=\"https:\/\/francois-pelletant.fr\/blog\/wp-content\/uploads\/2013\/06\/Le-courrier-Picard-24-juin.jpg\"><img loading=\"lazy\" decoding=\"async\" class=\"size-medium wp-image-3525\" title=\"Le courrier Picard 24 juin\" src=\"https:\/\/francois-pelletant.fr\/blog\/wp-content\/uploads\/2013\/06\/Le-courrier-Picard-24-juin-300x237.jpg\" alt=\"\" width=\"300\" height=\"237\" srcset=\"https:\/\/francois-pelletant.fr\/blog\/wp-content\/uploads\/2013\/06\/Le-courrier-Picard-24-juin-300x237.jpg 300w, https:\/\/francois-pelletant.fr\/blog\/wp-content\/uploads\/2013\/06\/Le-courrier-Picard-24-juin-570x450.jpg 570w, https:\/\/francois-pelletant.fr\/blog\/wp-content\/uploads\/2013\/06\/Le-courrier-Picard-24-juin.jpg 589w\" sizes=\"auto, (max-width: 300px) 100vw, 300px\" \/><\/a><figcaption id=\"caption-attachment-3525\" class=\"wp-caption-text\">Le courrier Picard 24 juin<\/figcaption><\/figure>\n<p>&nbsp;<\/p>\n<figure id=\"attachment_3526\" aria-describedby=\"caption-attachment-3526\" style=\"width: 300px\" class=\"wp-caption aligncenter\"><a href=\"https:\/\/francois-pelletant.fr\/blog\/wp-content\/uploads\/2013\/06\/Le-Parisien-26-juin.jpg\"><img loading=\"lazy\" decoding=\"async\" class=\"size-medium wp-image-3526\" title=\"Le Parisien 26 juin\" src=\"https:\/\/francois-pelletant.fr\/blog\/wp-content\/uploads\/2013\/06\/Le-Parisien-26-juin-300x295.jpg\" alt=\"\" width=\"300\" height=\"295\" srcset=\"https:\/\/francois-pelletant.fr\/blog\/wp-content\/uploads\/2013\/06\/Le-Parisien-26-juin-300x295.jpg 300w, https:\/\/francois-pelletant.fr\/blog\/wp-content\/uploads\/2013\/06\/Le-Parisien-26-juin.jpg 446w\" sizes=\"auto, (max-width: 300px) 100vw, 300px\" \/><\/a><figcaption id=\"caption-attachment-3526\" class=\"wp-caption-text\">Le Parisien 26 juin<\/figcaption><\/figure>\n<p>&nbsp;<\/p>\n<figure id=\"attachment_3527\" aria-describedby=\"caption-attachment-3527\" style=\"width: 300px\" class=\"wp-caption aligncenter\"><a href=\"https:\/\/francois-pelletant.fr\/blog\/wp-content\/uploads\/2013\/06\/slate.fr-24-juin.jpg\"><img loading=\"lazy\" decoding=\"async\" class=\"size-medium wp-image-3527\" title=\"slate.fr 24 juin\" src=\"https:\/\/francois-pelletant.fr\/blog\/wp-content\/uploads\/2013\/06\/slate.fr-24-juin-300x170.jpg\" alt=\"\" width=\"300\" height=\"170\" srcset=\"https:\/\/francois-pelletant.fr\/blog\/wp-content\/uploads\/2013\/06\/slate.fr-24-juin-300x170.jpg 300w, https:\/\/francois-pelletant.fr\/blog\/wp-content\/uploads\/2013\/06\/slate.fr-24-juin-150x85.jpg 150w, https:\/\/francois-pelletant.fr\/blog\/wp-content\/uploads\/2013\/06\/slate.fr-24-juin.jpg 600w\" sizes=\"auto, (max-width: 300px) 100vw, 300px\" \/><\/a><figcaption id=\"caption-attachment-3527\" class=\"wp-caption-text\">slate.fr 24 juin<\/figcaption><\/figure>\n","protected":false},"excerpt":{"rendered":"<p>Nouveau floril\u00e8ge des dessins parus dans la presse web et print cette semaine : les affaires de dopage dans le cyclisme, les soldes, la situation \u00e9conomique et sociale, les inondations&#8230; Bon dimanche ! &nbsp; &nbsp; &nbsp; &nbsp; &nbsp;<\/p>\n","protected":false},"author":1,"featured_media":3522,"comment_status":"open","ping_status":"open","sticky":false,"template":"","format":"standard","meta":{"footnotes":""},"categories":[17],"tags":[],"class_list":["post-3521","post","type-post","status-publish","format-standard","has-post-thumbnail","hentry","category-prix-du-meilleur-dessin-de-presse"],"yoast_head":"<!-- This site is optimized with the Yoast SEO plugin v25.6 - https:\/\/yoast.com\/wordpress\/plugins\/seo\/ -->\n<title>Dessins de presse : le meilleur de la semaine - Fran\u00e7ois Pelletant<\/title>\n<meta name=\"robots\" content=\"index, follow, max-snippet:-1, max-image-preview:large, max-video-preview:-1\" \/>\n<link rel=\"canonical\" href=\"https:\/\/francois-pelletant.fr\/blog\/dessins-de-presse-le-meilleur-de-la-semaine-7\/\" \/>\n<meta property=\"og:locale\" content=\"fr_FR\" \/>\n<meta property=\"og:type\" content=\"article\" \/>\n<meta property=\"og:title\" content=\"Dessins de presse : le meilleur de la semaine - Fran\u00e7ois Pelletant\" \/>\n<meta property=\"og:description\" content=\"Nouveau floril\u00e8ge des dessins parus dans la presse web et print cette semaine : les affaires de dopage dans le cyclisme, les soldes, la situation \u00e9conomique et sociale, les inondations&#8230; Bon dimanche ! &nbsp; &nbsp; &nbsp; &nbsp; &nbsp;\" \/>\n<meta property=\"og:url\" content=\"https:\/\/francois-pelletant.fr\/blog\/dessins-de-presse-le-meilleur-de-la-semaine-7\/\" \/>\n<meta property=\"og:site_name\" content=\"Fran\u00e7ois Pelletant\" \/>\n<meta property=\"article:publisher\" content=\"https:\/\/www.facebook.com\/francois.pelletant.7\" \/>\n<meta property=\"article:published_time\" content=\"2013-06-30T06:55:47+00:00\" \/>\n<meta property=\"og:image\" content=\"https:\/\/francois-pelletant.fr\/blog\/wp-content\/uploads\/2013\/06\/urtikan.net-26-juin.jpg\" \/>\n\t<meta property=\"og:image:width\" content=\"580\" \/>\n\t<meta property=\"og:image:height\" content=\"580\" \/>\n\t<meta property=\"og:image:type\" content=\"image\/jpeg\" \/>\n<meta name=\"author\" content=\"Francois\" \/>\n<meta name=\"twitter:card\" content=\"summary_large_image\" \/>\n<meta name=\"twitter:creator\" content=\"@pelletant\" \/>\n<meta name=\"twitter:site\" content=\"@pelletant\" \/>\n<meta name=\"twitter:label1\" content=\"\u00c9crit par\" \/>\n\t<meta name=\"twitter:data1\" content=\"Francois\" \/>\n\t<meta name=\"twitter:label2\" content=\"Dur\u00e9e de lecture estim\u00e9e\" \/>\n\t<meta name=\"twitter:data2\" content=\"1 minute\" \/>\n<script type=\"application\/ld+json\" class=\"yoast-schema-graph\">{\"@context\":\"https:\/\/schema.org\",\"@graph\":[{\"@type\":\"Article\",\"@id\":\"https:\/\/francois-pelletant.fr\/blog\/dessins-de-presse-le-meilleur-de-la-semaine-7\/#article\",\"isPartOf\":{\"@id\":\"https:\/\/francois-pelletant.fr\/blog\/dessins-de-presse-le-meilleur-de-la-semaine-7\/\"},\"author\":{\"name\":\"Francois\",\"@id\":\"https:\/\/francois-pelletant.fr\/blog\/#\/schema\/person\/2be41acb171dff8f31aaed1f40cee9f3\"},\"headline\":\"Dessins de presse : le meilleur de la semaine\",\"datePublished\":\"2013-06-30T06:55:47+00:00\",\"mainEntityOfPage\":{\"@id\":\"https:\/\/francois-pelletant.fr\/blog\/dessins-de-presse-le-meilleur-de-la-semaine-7\/\"},\"wordCount\":113,\"commentCount\":0,\"publisher\":{\"@id\":\"https:\/\/francois-pelletant.fr\/blog\/#organization\"},\"image\":{\"@id\":\"https:\/\/francois-pelletant.fr\/blog\/dessins-de-presse-le-meilleur-de-la-semaine-7\/#primaryimage\"},\"thumbnailUrl\":\"https:\/\/francois-pelletant.fr\/blog\/wp-content\/uploads\/2013\/06\/urtikan.net-26-juin.jpg\",\"articleSection\":[\"Prix du meilleur dessin de presse\"],\"inLanguage\":\"fr-FR\",\"potentialAction\":[{\"@type\":\"CommentAction\",\"name\":\"Comment\",\"target\":[\"https:\/\/francois-pelletant.fr\/blog\/dessins-de-presse-le-meilleur-de-la-semaine-7\/#respond\"]}]},{\"@type\":\"WebPage\",\"@id\":\"https:\/\/francois-pelletant.fr\/blog\/dessins-de-presse-le-meilleur-de-la-semaine-7\/\",\"url\":\"https:\/\/francois-pelletant.fr\/blog\/dessins-de-presse-le-meilleur-de-la-semaine-7\/\",\"name\":\"Dessins de presse : le meilleur de la semaine - Fran\u00e7ois Pelletant\",\"isPartOf\":{\"@id\":\"https:\/\/francois-pelletant.fr\/blog\/#website\"},\"primaryImageOfPage\":{\"@id\":\"https:\/\/francois-pelletant.fr\/blog\/dessins-de-presse-le-meilleur-de-la-semaine-7\/#primaryimage\"},\"image\":{\"@id\":\"https:\/\/francois-pelletant.fr\/blog\/dessins-de-presse-le-meilleur-de-la-semaine-7\/#primaryimage\"},\"thumbnailUrl\":\"https:\/\/francois-pelletant.fr\/blog\/wp-content\/uploads\/2013\/06\/urtikan.net-26-juin.jpg\",\"datePublished\":\"2013-06-30T06:55:47+00:00\",\"breadcrumb\":{\"@id\":\"https:\/\/francois-pelletant.fr\/blog\/dessins-de-presse-le-meilleur-de-la-semaine-7\/#breadcrumb\"},\"inLanguage\":\"fr-FR\",\"potentialAction\":[{\"@type\":\"ReadAction\",\"target\":[\"https:\/\/francois-pelletant.fr\/blog\/dessins-de-presse-le-meilleur-de-la-semaine-7\/\"]}]},{\"@type\":\"ImageObject\",\"inLanguage\":\"fr-FR\",\"@id\":\"https:\/\/francois-pelletant.fr\/blog\/dessins-de-presse-le-meilleur-de-la-semaine-7\/#primaryimage\",\"url\":\"https:\/\/francois-pelletant.fr\/blog\/wp-content\/uploads\/2013\/06\/urtikan.net-26-juin.jpg\",\"contentUrl\":\"https:\/\/francois-pelletant.fr\/blog\/wp-content\/uploads\/2013\/06\/urtikan.net-26-juin.jpg\",\"width\":580,\"height\":580,\"caption\":\"urtikan.net 26 juin\"},{\"@type\":\"BreadcrumbList\",\"@id\":\"https:\/\/francois-pelletant.fr\/blog\/dessins-de-presse-le-meilleur-de-la-semaine-7\/#breadcrumb\",\"itemListElement\":[{\"@type\":\"ListItem\",\"position\":1,\"name\":\"Accueil\",\"item\":\"https:\/\/francois-pelletant.fr\/blog\/\"},{\"@type\":\"ListItem\",\"position\":2,\"name\":\"Dessins de presse : le meilleur de la semaine\"}]},{\"@type\":\"WebSite\",\"@id\":\"https:\/\/francois-pelletant.fr\/blog\/#website\",\"url\":\"https:\/\/francois-pelletant.fr\/blog\/\",\"name\":\"Fran\u00e7ois Pelletant\",\"description\":\"Maire de Linas, pour toujours.\",\"publisher\":{\"@id\":\"https:\/\/francois-pelletant.fr\/blog\/#organization\"},\"potentialAction\":[{\"@type\":\"SearchAction\",\"target\":{\"@type\":\"EntryPoint\",\"urlTemplate\":\"https:\/\/francois-pelletant.fr\/blog\/?s={search_term_string}\"},\"query-input\":{\"@type\":\"PropertyValueSpecification\",\"valueRequired\":true,\"valueName\":\"search_term_string\"}}],\"inLanguage\":\"fr-FR\"},{\"@type\":\"Organization\",\"@id\":\"https:\/\/francois-pelletant.fr\/blog\/#organization\",\"name\":\"Fran\u00e7ois Pelletant\",\"url\":\"https:\/\/francois-pelletant.fr\/blog\/\",\"logo\":{\"@type\":\"ImageObject\",\"inLanguage\":\"fr-FR\",\"@id\":\"https:\/\/francois-pelletant.fr\/blog\/#\/schema\/logo\/image\/\",\"url\":\"https:\/\/francois-pelletant.fr\/blog\/wp-content\/uploads\/2024\/07\/icone-francois-centre-500p.png\",\"contentUrl\":\"https:\/\/francois-pelletant.fr\/blog\/wp-content\/uploads\/2024\/07\/icone-francois-centre-500p.png\",\"width\":559,\"height\":447,\"caption\":\"Fran\u00e7ois Pelletant\"},\"image\":{\"@id\":\"https:\/\/francois-pelletant.fr\/blog\/#\/schema\/logo\/image\/\"},\"sameAs\":[\"https:\/\/www.facebook.com\/francois.pelletant.7\",\"https:\/\/x.com\/pelletant\"]},{\"@type\":\"Person\",\"@id\":\"https:\/\/francois-pelletant.fr\/blog\/#\/schema\/person\/2be41acb171dff8f31aaed1f40cee9f3\",\"name\":\"Francois\"}]}<\/script>\n<!-- \/ Yoast SEO plugin. -->","yoast_head_json":{"title":"Dessins de presse : le meilleur de la semaine - Fran\u00e7ois Pelletant","robots":{"index":"index","follow":"follow","max-snippet":"max-snippet:-1","max-image-preview":"max-image-preview:large","max-video-preview":"max-video-preview:-1"},"canonical":"https:\/\/francois-pelletant.fr\/blog\/dessins-de-presse-le-meilleur-de-la-semaine-7\/","og_locale":"fr_FR","og_type":"article","og_title":"Dessins de presse : le meilleur de la semaine - Fran\u00e7ois Pelletant","og_description":"Nouveau floril\u00e8ge des dessins parus dans la presse web et print cette semaine : les affaires de dopage dans le cyclisme, les soldes, la situation \u00e9conomique et sociale, les inondations&#8230; Bon dimanche ! &nbsp; &nbsp; &nbsp; &nbsp; &nbsp;","og_url":"https:\/\/francois-pelletant.fr\/blog\/dessins-de-presse-le-meilleur-de-la-semaine-7\/","og_site_name":"Fran\u00e7ois Pelletant","article_publisher":"https:\/\/www.facebook.com\/francois.pelletant.7","article_published_time":"2013-06-30T06:55:47+00:00","og_image":[{"width":580,"height":580,"url":"https:\/\/francois-pelletant.fr\/blog\/wp-content\/uploads\/2013\/06\/urtikan.net-26-juin.jpg","type":"image\/jpeg"}],"author":"Francois","twitter_card":"summary_large_image","twitter_creator":"@pelletant","twitter_site":"@pelletant","twitter_misc":{"\u00c9crit par":"Francois","Dur\u00e9e de lecture estim\u00e9e":"1 minute"},"schema":{"@context":"https:\/\/schema.org","@graph":[{"@type":"Article","@id":"https:\/\/francois-pelletant.fr\/blog\/dessins-de-presse-le-meilleur-de-la-semaine-7\/#article","isPartOf":{"@id":"https:\/\/francois-pelletant.fr\/blog\/dessins-de-presse-le-meilleur-de-la-semaine-7\/"},"author":{"name":"Francois","@id":"https:\/\/francois-pelletant.fr\/blog\/#\/schema\/person\/2be41acb171dff8f31aaed1f40cee9f3"},"headline":"Dessins de presse : le meilleur de la semaine","datePublished":"2013-06-30T06:55:47+00:00","mainEntityOfPage":{"@id":"https:\/\/francois-pelletant.fr\/blog\/dessins-de-presse-le-meilleur-de-la-semaine-7\/"},"wordCount":113,"commentCount":0,"publisher":{"@id":"https:\/\/francois-pelletant.fr\/blog\/#organization"},"image":{"@id":"https:\/\/francois-pelletant.fr\/blog\/dessins-de-presse-le-meilleur-de-la-semaine-7\/#primaryimage"},"thumbnailUrl":"https:\/\/francois-pelletant.fr\/blog\/wp-content\/uploads\/2013\/06\/urtikan.net-26-juin.jpg","articleSection":["Prix du meilleur dessin de presse"],"inLanguage":"fr-FR","potentialAction":[{"@type":"CommentAction","name":"Comment","target":["https:\/\/francois-pelletant.fr\/blog\/dessins-de-presse-le-meilleur-de-la-semaine-7\/#respond"]}]},{"@type":"WebPage","@id":"https:\/\/francois-pelletant.fr\/blog\/dessins-de-presse-le-meilleur-de-la-semaine-7\/","url":"https:\/\/francois-pelletant.fr\/blog\/dessins-de-presse-le-meilleur-de-la-semaine-7\/","name":"Dessins de presse : le meilleur de la semaine - Fran\u00e7ois Pelletant","isPartOf":{"@id":"https:\/\/francois-pelletant.fr\/blog\/#website"},"primaryImageOfPage":{"@id":"https:\/\/francois-pelletant.fr\/blog\/dessins-de-presse-le-meilleur-de-la-semaine-7\/#primaryimage"},"image":{"@id":"https:\/\/francois-pelletant.fr\/blog\/dessins-de-presse-le-meilleur-de-la-semaine-7\/#primaryimage"},"thumbnailUrl":"https:\/\/francois-pelletant.fr\/blog\/wp-content\/uploads\/2013\/06\/urtikan.net-26-juin.jpg","datePublished":"2013-06-30T06:55:47+00:00","breadcrumb":{"@id":"https:\/\/francois-pelletant.fr\/blog\/dessins-de-presse-le-meilleur-de-la-semaine-7\/#breadcrumb"},"inLanguage":"fr-FR","potentialAction":[{"@type":"ReadAction","target":["https:\/\/francois-pelletant.fr\/blog\/dessins-de-presse-le-meilleur-de-la-semaine-7\/"]}]},{"@type":"ImageObject","inLanguage":"fr-FR","@id":"https:\/\/francois-pelletant.fr\/blog\/dessins-de-presse-le-meilleur-de-la-semaine-7\/#primaryimage","url":"https:\/\/francois-pelletant.fr\/blog\/wp-content\/uploads\/2013\/06\/urtikan.net-26-juin.jpg","contentUrl":"https:\/\/francois-pelletant.fr\/blog\/wp-content\/uploads\/2013\/06\/urtikan.net-26-juin.jpg","width":580,"height":580,"caption":"urtikan.net 26 juin"},{"@type":"BreadcrumbList","@id":"https:\/\/francois-pelletant.fr\/blog\/dessins-de-presse-le-meilleur-de-la-semaine-7\/#breadcrumb","itemListElement":[{"@type":"ListItem","position":1,"name":"Accueil","item":"https:\/\/francois-pelletant.fr\/blog\/"},{"@type":"ListItem","position":2,"name":"Dessins de presse : le meilleur de la semaine"}]},{"@type":"WebSite","@id":"https:\/\/francois-pelletant.fr\/blog\/#website","url":"https:\/\/francois-pelletant.fr\/blog\/","name":"Fran\u00e7ois Pelletant","description":"Maire de Linas, pour toujours.","publisher":{"@id":"https:\/\/francois-pelletant.fr\/blog\/#organization"},"potentialAction":[{"@type":"SearchAction","target":{"@type":"EntryPoint","urlTemplate":"https:\/\/francois-pelletant.fr\/blog\/?s={search_term_string}"},"query-input":{"@type":"PropertyValueSpecification","valueRequired":true,"valueName":"search_term_string"}}],"inLanguage":"fr-FR"},{"@type":"Organization","@id":"https:\/\/francois-pelletant.fr\/blog\/#organization","name":"Fran\u00e7ois Pelletant","url":"https:\/\/francois-pelletant.fr\/blog\/","logo":{"@type":"ImageObject","inLanguage":"fr-FR","@id":"https:\/\/francois-pelletant.fr\/blog\/#\/schema\/logo\/image\/","url":"https:\/\/francois-pelletant.fr\/blog\/wp-content\/uploads\/2024\/07\/icone-francois-centre-500p.png","contentUrl":"https:\/\/francois-pelletant.fr\/blog\/wp-content\/uploads\/2024\/07\/icone-francois-centre-500p.png","width":559,"height":447,"caption":"Fran\u00e7ois Pelletant"},"image":{"@id":"https:\/\/francois-pelletant.fr\/blog\/#\/schema\/logo\/image\/"},"sameAs":["https:\/\/www.facebook.com\/francois.pelletant.7","https:\/\/x.com\/pelletant"]},{"@type":"Person","@id":"https:\/\/francois-pelletant.fr\/blog\/#\/schema\/person\/2be41acb171dff8f31aaed1f40cee9f3","name":"Francois"}]}},"_links":{"self":[{"href":"https:\/\/francois-pelletant.fr\/blog\/wp-json\/wp\/v2\/posts\/3521","targetHints":{"allow":["GET"]}}],"collection":[{"href":"https:\/\/francois-pelletant.fr\/blog\/wp-json\/wp\/v2\/posts"}],"about":[{"href":"https:\/\/francois-pelletant.fr\/blog\/wp-json\/wp\/v2\/types\/post"}],"author":[{"embeddable":true,"href":"https:\/\/francois-pelletant.fr\/blog\/wp-json\/wp\/v2\/users\/1"}],"replies":[{"embeddable":true,"href":"https:\/\/francois-pelletant.fr\/blog\/wp-json\/wp\/v2\/comments?post=3521"}],"version-history":[{"count":0,"href":"https:\/\/francois-pelletant.fr\/blog\/wp-json\/wp\/v2\/posts\/3521\/revisions"}],"wp:featuredmedia":[{"embeddable":true,"href":"https:\/\/francois-pelletant.fr\/blog\/wp-json\/wp\/v2\/media\/3522"}],"wp:attachment":[{"href":"https:\/\/francois-pelletant.fr\/blog\/wp-json\/wp\/v2\/media?parent=3521"}],"wp:term":[{"taxonomy":"category","embeddable":true,"href":"https:\/\/francois-pelletant.fr\/blog\/wp-json\/wp\/v2\/categories?post=3521"},{"taxonomy":"post_tag","embeddable":true,"href":"https:\/\/francois-pelletant.fr\/blog\/wp-json\/wp\/v2\/tags?post=3521"}],"curies":[{"name":"wp","href":"https:\/\/api.w.org\/{rel}","templated":true}]}}