{"id":3532,"date":"2013-07-01T08:56:59","date_gmt":"2013-07-01T06:56:59","guid":{"rendered":"https:\/\/francois-pelletant.fr\/blog\/?p=3532"},"modified":"2017-05-22T14:04:42","modified_gmt":"2017-05-22T14:04:42","slug":"bravo-nos-champions-2013","status":"publish","type":"post","link":"https:\/\/francois-pelletant.fr\/blog\/bravo-nos-champions-2013\/","title":{"rendered":"Bravo \u00e0 nos champions 2013 !"},"content":{"rendered":"<p><a href=\"https:\/\/francois-pelletant.fr\/blog\/wp-content\/uploads\/2013\/07\/prix.jpg\"><img loading=\"lazy\" decoding=\"async\" class=\"alignleft size-full wp-image-3540\" title=\"prix\" src=\"https:\/\/francois-pelletant.fr\/blog\/wp-content\/uploads\/2013\/07\/prix.jpg\" alt=\"\" width=\"240\" height=\"225\" \/><\/a>Des sportifs \u00e9taient \u00e0 l\u2019honneur lors la F\u00eate des Fleurs de Linas ce 29 juin. Bravo \u00e0 eux !<\/p>\n<h5>Classement des sportifs en cyclisme et sports de combats<\/h5>\n<p>&#8211; Tanguy TURGIS du club de cyclisme US M\u00e9tro\u00a0: \u00e2g\u00e9 de 15 ans, a termin\u00e9 9\u00e8me\u00a0 au championnat de France de Cyclocross \u00a0puis 2<sup>\u00e8me<\/sup> au championnat d\u2019Ile-de-France de Cyclocross. 3 victoires sur route en 2013 et il vient d\u2019\u00eatre Champion de Paris Cadet 2013.<\/p>\n<p>&#8211; Ad\u00e8le CASSAING du Club des Arts Martiaux en judo\u00a0et \u00e2g\u00e9e de 12 ans. Elle a termin\u00e9 2<sup>\u00e8me<\/sup> de la coupe d\u2019automne minime, 1<sup>\u00e8re<\/sup> de la coupe d\u2019hiver, 2<sup>\u00e8me<\/sup> \u00e0 la coupe de l\u2019Essonne et 7<sup>\u00e8me <\/sup>de la coupe Ile-de-France<\/p>\n<p>&#8211; Arthur DANTHIER\u00a0du Club des Arts Martiaux en judo\u00a0et \u00e2g\u00e9 de 12 ans. Il a termin\u00e9 3<sup>\u00e8me<\/sup> de la coupe d\u2019automne, 1<sup>er<\/sup> de la coupe d\u2019hiver, 1<sup>er<\/sup> de la coupe de l\u2019Essonne, 5<sup>\u00e8me<\/sup> \u00e0 la coupe d\u2019Ile de France.<\/p>\n<p>&#8211; Yoann LOZA du Club des Arts Martiaux en karat\u00e9 et \u00e2g\u00e9 de 15 ans.\u00a0<span style=\"font-size: 11px;\">Il a termin\u00e9 2<\/span><sup>\u00e8me<\/sup><span style=\"font-size: 11px;\"> des championnats de l\u2019Essonne en Combat cat\u00e9gorie cadet.<\/span> Ce bon r\u00e9sultat lui a permis d\u2019\u00eatre qualifi\u00e9 pour les championnats de France.<\/p>\n<h5>Classement des sportifs en Gymnastiques et Cyclotourisme rythmiques et sportives<\/h5>\n<p>&#8211; Juliette VIGNON CHAMBON, 16 ans du club de GRS. Elle est\u00a0 vice- championne de l\u2019Essonne.<\/p>\n<p>-Aur\u00e9liane BOILOT, 12 ans du club de GRS. Elle est vice-championne de l\u2019Essonne cat\u00e9gorie Minime.<\/p>\n<p>-Elina YAMA, 12 ans du club de GRS.\u00a0 3<sup>\u00e8me<\/sup> de la Cat\u00e9gorie Individuelle Excellence des championnats de l\u2019Essonne.<\/p>\n<p>-Blanche CASSAING du Club Cyclotourisme de Linas Montlh\u00e9ry a termin\u00e9 2<sup>\u00e8me<\/sup> f\u00e9minine toutes cat\u00e9gories du crit\u00e9rium d\u00e9partemental du jeune v\u00e9t\u00e9tiste<\/p>\n<p>-Tanguy DESCROIX du Club Cyclotourisme de Linas Montlh\u00e9ry a termin\u00e9 2<sup>\u00e8me<\/sup> des 13-14 ans du crit\u00e9rium d\u00e9partemental du jeune v\u00e9t\u00e9tiste.<\/p>\n<p>-Pierre CASSAING du Club Cyclotourisme de Linas Montlh\u00e9ry a termin\u00e9 2<sup>\u00e8me<\/sup> des 15-16 ans du crit\u00e9rium d\u00e9partemental du jeune v\u00e9t\u00e9tiste.<\/p>\n<p>&#8211; L\u2019\u00e9quipe des seniors de l\u2019ESALM football s\u2019est distingu\u00e9e en remportant le championnat de Promotion d\u2019honneur cette ann\u00e9e et montera l\u2019an prochain en Division d\u2019honneur R\u00e9gional.<\/p>\n","protected":false},"excerpt":{"rendered":"<p>Des sportifs \u00e9taient \u00e0 l\u2019honneur lors la F\u00eate des Fleurs de Linas ce 29 juin. Bravo \u00e0 eux ! Classement des sportifs en cyclisme et sports de combats &#8211; Tanguy TURGIS du club de cyclisme US M\u00e9tro\u00a0: \u00e2g\u00e9 de 15 ans, a termin\u00e9 9\u00e8me\u00a0 au championnat de France de Cyclocross \u00a0puis 2\u00e8me au championnat d\u2019Ile-de-France [&hellip;]<\/p>\n","protected":false},"author":1,"featured_media":0,"comment_status":"open","ping_status":"open","sticky":false,"template":"","format":"standard","meta":{"footnotes":""},"categories":[10],"tags":[],"class_list":["post-3532","post","type-post","status-publish","format-standard","hentry","category-1pelletant"],"yoast_head":"<!-- This site is optimized with the Yoast SEO plugin v25.6 - https:\/\/yoast.com\/wordpress\/plugins\/seo\/ -->\n<title>Bravo \u00e0 nos champions 2013 ! - Fran\u00e7ois Pelletant<\/title>\n<meta name=\"description\" content=\"Nos jeunes sportifs essonniens se sont class\u00e9s en tr\u00e8s bonne position lors du championnat du d\u00e9partement 2013.\" \/>\n<meta name=\"robots\" content=\"index, follow, max-snippet:-1, max-image-preview:large, max-video-preview:-1\" \/>\n<link rel=\"canonical\" href=\"https:\/\/francois-pelletant.fr\/blog\/bravo-nos-champions-2013\/\" \/>\n<meta property=\"og:locale\" content=\"fr_FR\" \/>\n<meta property=\"og:type\" content=\"article\" \/>\n<meta property=\"og:title\" content=\"Bravo \u00e0 nos champions 2013 ! - Fran\u00e7ois Pelletant\" \/>\n<meta property=\"og:description\" content=\"Nos jeunes sportifs essonniens se sont class\u00e9s en tr\u00e8s bonne position lors du championnat du d\u00e9partement 2013.\" \/>\n<meta property=\"og:url\" content=\"https:\/\/francois-pelletant.fr\/blog\/bravo-nos-champions-2013\/\" \/>\n<meta property=\"og:site_name\" content=\"Fran\u00e7ois Pelletant\" \/>\n<meta property=\"article:publisher\" content=\"https:\/\/www.facebook.com\/francois.pelletant.7\" \/>\n<meta property=\"article:published_time\" content=\"2013-07-01T06:56:59+00:00\" \/>\n<meta property=\"article:modified_time\" content=\"2017-05-22T14:04:42+00:00\" \/>\n<meta property=\"og:image\" content=\"https:\/\/francois-pelletant.fr\/blog\/wp-content\/uploads\/2013\/07\/prix.jpg\" \/>\n\t<meta property=\"og:image:width\" content=\"300\" \/>\n\t<meta property=\"og:image:height\" content=\"281\" \/>\n\t<meta property=\"og:image:type\" content=\"image\/jpeg\" \/>\n<meta name=\"author\" content=\"Francois\" \/>\n<meta name=\"twitter:card\" content=\"summary_large_image\" \/>\n<meta name=\"twitter:creator\" content=\"@pelletant\" \/>\n<meta name=\"twitter:site\" content=\"@pelletant\" \/>\n<meta name=\"twitter:label1\" content=\"\u00c9crit par\" \/>\n\t<meta name=\"twitter:data1\" content=\"Francois\" \/>\n\t<meta name=\"twitter:label2\" content=\"Dur\u00e9e de lecture estim\u00e9e\" \/>\n\t<meta name=\"twitter:data2\" content=\"2 minutes\" \/>\n<script type=\"application\/ld+json\" class=\"yoast-schema-graph\">{\"@context\":\"https:\/\/schema.org\",\"@graph\":[{\"@type\":\"Article\",\"@id\":\"https:\/\/francois-pelletant.fr\/blog\/bravo-nos-champions-2013\/#article\",\"isPartOf\":{\"@id\":\"https:\/\/francois-pelletant.fr\/blog\/bravo-nos-champions-2013\/\"},\"author\":{\"name\":\"Francois\",\"@id\":\"https:\/\/francois-pelletant.fr\/blog\/#\/schema\/person\/2be41acb171dff8f31aaed1f40cee9f3\"},\"headline\":\"Bravo \u00e0 nos champions 2013 !\",\"datePublished\":\"2013-07-01T06:56:59+00:00\",\"dateModified\":\"2017-05-22T14:04:42+00:00\",\"mainEntityOfPage\":{\"@id\":\"https:\/\/francois-pelletant.fr\/blog\/bravo-nos-champions-2013\/\"},\"wordCount\":376,\"commentCount\":0,\"publisher\":{\"@id\":\"https:\/\/francois-pelletant.fr\/blog\/#organization\"},\"image\":{\"@id\":\"https:\/\/francois-pelletant.fr\/blog\/bravo-nos-champions-2013\/#primaryimage\"},\"thumbnailUrl\":\"https:\/\/francois-pelletant.fr\/blog\/wp-content\/uploads\/2013\/07\/prix.jpg\",\"articleSection\":[\"Infos\"],\"inLanguage\":\"fr-FR\",\"potentialAction\":[{\"@type\":\"CommentAction\",\"name\":\"Comment\",\"target\":[\"https:\/\/francois-pelletant.fr\/blog\/bravo-nos-champions-2013\/#respond\"]}]},{\"@type\":\"WebPage\",\"@id\":\"https:\/\/francois-pelletant.fr\/blog\/bravo-nos-champions-2013\/\",\"url\":\"https:\/\/francois-pelletant.fr\/blog\/bravo-nos-champions-2013\/\",\"name\":\"Bravo \u00e0 nos champions 2013 ! - Fran\u00e7ois Pelletant\",\"isPartOf\":{\"@id\":\"https:\/\/francois-pelletant.fr\/blog\/#website\"},\"primaryImageOfPage\":{\"@id\":\"https:\/\/francois-pelletant.fr\/blog\/bravo-nos-champions-2013\/#primaryimage\"},\"image\":{\"@id\":\"https:\/\/francois-pelletant.fr\/blog\/bravo-nos-champions-2013\/#primaryimage\"},\"thumbnailUrl\":\"https:\/\/francois-pelletant.fr\/blog\/wp-content\/uploads\/2013\/07\/prix.jpg\",\"datePublished\":\"2013-07-01T06:56:59+00:00\",\"dateModified\":\"2017-05-22T14:04:42+00:00\",\"description\":\"Nos jeunes sportifs essonniens se sont class\u00e9s en tr\u00e8s bonne position lors du championnat du d\u00e9partement 2013.\",\"breadcrumb\":{\"@id\":\"https:\/\/francois-pelletant.fr\/blog\/bravo-nos-champions-2013\/#breadcrumb\"},\"inLanguage\":\"fr-FR\",\"potentialAction\":[{\"@type\":\"ReadAction\",\"target\":[\"https:\/\/francois-pelletant.fr\/blog\/bravo-nos-champions-2013\/\"]}]},{\"@type\":\"ImageObject\",\"inLanguage\":\"fr-FR\",\"@id\":\"https:\/\/francois-pelletant.fr\/blog\/bravo-nos-champions-2013\/#primaryimage\",\"url\":\"https:\/\/francois-pelletant.fr\/blog\/wp-content\/uploads\/2013\/07\/prix.jpg\",\"contentUrl\":\"https:\/\/francois-pelletant.fr\/blog\/wp-content\/uploads\/2013\/07\/prix.jpg\",\"width\":300,\"height\":281},{\"@type\":\"BreadcrumbList\",\"@id\":\"https:\/\/francois-pelletant.fr\/blog\/bravo-nos-champions-2013\/#breadcrumb\",\"itemListElement\":[{\"@type\":\"ListItem\",\"position\":1,\"name\":\"Accueil\",\"item\":\"https:\/\/francois-pelletant.fr\/blog\/\"},{\"@type\":\"ListItem\",\"position\":2,\"name\":\"Bravo \u00e0 nos champions 2013 !\"}]},{\"@type\":\"WebSite\",\"@id\":\"https:\/\/francois-pelletant.fr\/blog\/#website\",\"url\":\"https:\/\/francois-pelletant.fr\/blog\/\",\"name\":\"Fran\u00e7ois Pelletant\",\"description\":\"Maire de Linas, pour toujours.\",\"publisher\":{\"@id\":\"https:\/\/francois-pelletant.fr\/blog\/#organization\"},\"potentialAction\":[{\"@type\":\"SearchAction\",\"target\":{\"@type\":\"EntryPoint\",\"urlTemplate\":\"https:\/\/francois-pelletant.fr\/blog\/?s={search_term_string}\"},\"query-input\":{\"@type\":\"PropertyValueSpecification\",\"valueRequired\":true,\"valueName\":\"search_term_string\"}}],\"inLanguage\":\"fr-FR\"},{\"@type\":\"Organization\",\"@id\":\"https:\/\/francois-pelletant.fr\/blog\/#organization\",\"name\":\"Fran\u00e7ois Pelletant\",\"url\":\"https:\/\/francois-pelletant.fr\/blog\/\",\"logo\":{\"@type\":\"ImageObject\",\"inLanguage\":\"fr-FR\",\"@id\":\"https:\/\/francois-pelletant.fr\/blog\/#\/schema\/logo\/image\/\",\"url\":\"https:\/\/francois-pelletant.fr\/blog\/wp-content\/uploads\/2024\/07\/icone-francois-centre-500p.png\",\"contentUrl\":\"https:\/\/francois-pelletant.fr\/blog\/wp-content\/uploads\/2024\/07\/icone-francois-centre-500p.png\",\"width\":559,\"height\":447,\"caption\":\"Fran\u00e7ois Pelletant\"},\"image\":{\"@id\":\"https:\/\/francois-pelletant.fr\/blog\/#\/schema\/logo\/image\/\"},\"sameAs\":[\"https:\/\/www.facebook.com\/francois.pelletant.7\",\"https:\/\/x.com\/pelletant\"]},{\"@type\":\"Person\",\"@id\":\"https:\/\/francois-pelletant.fr\/blog\/#\/schema\/person\/2be41acb171dff8f31aaed1f40cee9f3\",\"name\":\"Francois\"}]}<\/script>\n<!-- \/ Yoast SEO plugin. -->","yoast_head_json":{"title":"Bravo \u00e0 nos champions 2013 ! - Fran\u00e7ois Pelletant","description":"Nos jeunes sportifs essonniens se sont class\u00e9s en tr\u00e8s bonne position lors du championnat du d\u00e9partement 2013.","robots":{"index":"index","follow":"follow","max-snippet":"max-snippet:-1","max-image-preview":"max-image-preview:large","max-video-preview":"max-video-preview:-1"},"canonical":"https:\/\/francois-pelletant.fr\/blog\/bravo-nos-champions-2013\/","og_locale":"fr_FR","og_type":"article","og_title":"Bravo \u00e0 nos champions 2013 ! - Fran\u00e7ois Pelletant","og_description":"Nos jeunes sportifs essonniens se sont class\u00e9s en tr\u00e8s bonne position lors du championnat du d\u00e9partement 2013.","og_url":"https:\/\/francois-pelletant.fr\/blog\/bravo-nos-champions-2013\/","og_site_name":"Fran\u00e7ois Pelletant","article_publisher":"https:\/\/www.facebook.com\/francois.pelletant.7","article_published_time":"2013-07-01T06:56:59+00:00","article_modified_time":"2017-05-22T14:04:42+00:00","og_image":[{"width":300,"height":281,"url":"https:\/\/francois-pelletant.fr\/blog\/wp-content\/uploads\/2013\/07\/prix.jpg","type":"image\/jpeg"}],"author":"Francois","twitter_card":"summary_large_image","twitter_creator":"@pelletant","twitter_site":"@pelletant","twitter_misc":{"\u00c9crit par":"Francois","Dur\u00e9e de lecture estim\u00e9e":"2 minutes"},"schema":{"@context":"https:\/\/schema.org","@graph":[{"@type":"Article","@id":"https:\/\/francois-pelletant.fr\/blog\/bravo-nos-champions-2013\/#article","isPartOf":{"@id":"https:\/\/francois-pelletant.fr\/blog\/bravo-nos-champions-2013\/"},"author":{"name":"Francois","@id":"https:\/\/francois-pelletant.fr\/blog\/#\/schema\/person\/2be41acb171dff8f31aaed1f40cee9f3"},"headline":"Bravo \u00e0 nos champions 2013 !","datePublished":"2013-07-01T06:56:59+00:00","dateModified":"2017-05-22T14:04:42+00:00","mainEntityOfPage":{"@id":"https:\/\/francois-pelletant.fr\/blog\/bravo-nos-champions-2013\/"},"wordCount":376,"commentCount":0,"publisher":{"@id":"https:\/\/francois-pelletant.fr\/blog\/#organization"},"image":{"@id":"https:\/\/francois-pelletant.fr\/blog\/bravo-nos-champions-2013\/#primaryimage"},"thumbnailUrl":"https:\/\/francois-pelletant.fr\/blog\/wp-content\/uploads\/2013\/07\/prix.jpg","articleSection":["Infos"],"inLanguage":"fr-FR","potentialAction":[{"@type":"CommentAction","name":"Comment","target":["https:\/\/francois-pelletant.fr\/blog\/bravo-nos-champions-2013\/#respond"]}]},{"@type":"WebPage","@id":"https:\/\/francois-pelletant.fr\/blog\/bravo-nos-champions-2013\/","url":"https:\/\/francois-pelletant.fr\/blog\/bravo-nos-champions-2013\/","name":"Bravo \u00e0 nos champions 2013 ! - Fran\u00e7ois Pelletant","isPartOf":{"@id":"https:\/\/francois-pelletant.fr\/blog\/#website"},"primaryImageOfPage":{"@id":"https:\/\/francois-pelletant.fr\/blog\/bravo-nos-champions-2013\/#primaryimage"},"image":{"@id":"https:\/\/francois-pelletant.fr\/blog\/bravo-nos-champions-2013\/#primaryimage"},"thumbnailUrl":"https:\/\/francois-pelletant.fr\/blog\/wp-content\/uploads\/2013\/07\/prix.jpg","datePublished":"2013-07-01T06:56:59+00:00","dateModified":"2017-05-22T14:04:42+00:00","description":"Nos jeunes sportifs essonniens se sont class\u00e9s en tr\u00e8s bonne position lors du championnat du d\u00e9partement 2013.","breadcrumb":{"@id":"https:\/\/francois-pelletant.fr\/blog\/bravo-nos-champions-2013\/#breadcrumb"},"inLanguage":"fr-FR","potentialAction":[{"@type":"ReadAction","target":["https:\/\/francois-pelletant.fr\/blog\/bravo-nos-champions-2013\/"]}]},{"@type":"ImageObject","inLanguage":"fr-FR","@id":"https:\/\/francois-pelletant.fr\/blog\/bravo-nos-champions-2013\/#primaryimage","url":"https:\/\/francois-pelletant.fr\/blog\/wp-content\/uploads\/2013\/07\/prix.jpg","contentUrl":"https:\/\/francois-pelletant.fr\/blog\/wp-content\/uploads\/2013\/07\/prix.jpg","width":300,"height":281},{"@type":"BreadcrumbList","@id":"https:\/\/francois-pelletant.fr\/blog\/bravo-nos-champions-2013\/#breadcrumb","itemListElement":[{"@type":"ListItem","position":1,"name":"Accueil","item":"https:\/\/francois-pelletant.fr\/blog\/"},{"@type":"ListItem","position":2,"name":"Bravo \u00e0 nos champions 2013 !"}]},{"@type":"WebSite","@id":"https:\/\/francois-pelletant.fr\/blog\/#website","url":"https:\/\/francois-pelletant.fr\/blog\/","name":"Fran\u00e7ois Pelletant","description":"Maire de Linas, pour toujours.","publisher":{"@id":"https:\/\/francois-pelletant.fr\/blog\/#organization"},"potentialAction":[{"@type":"SearchAction","target":{"@type":"EntryPoint","urlTemplate":"https:\/\/francois-pelletant.fr\/blog\/?s={search_term_string}"},"query-input":{"@type":"PropertyValueSpecification","valueRequired":true,"valueName":"search_term_string"}}],"inLanguage":"fr-FR"},{"@type":"Organization","@id":"https:\/\/francois-pelletant.fr\/blog\/#organization","name":"Fran\u00e7ois Pelletant","url":"https:\/\/francois-pelletant.fr\/blog\/","logo":{"@type":"ImageObject","inLanguage":"fr-FR","@id":"https:\/\/francois-pelletant.fr\/blog\/#\/schema\/logo\/image\/","url":"https:\/\/francois-pelletant.fr\/blog\/wp-content\/uploads\/2024\/07\/icone-francois-centre-500p.png","contentUrl":"https:\/\/francois-pelletant.fr\/blog\/wp-content\/uploads\/2024\/07\/icone-francois-centre-500p.png","width":559,"height":447,"caption":"Fran\u00e7ois Pelletant"},"image":{"@id":"https:\/\/francois-pelletant.fr\/blog\/#\/schema\/logo\/image\/"},"sameAs":["https:\/\/www.facebook.com\/francois.pelletant.7","https:\/\/x.com\/pelletant"]},{"@type":"Person","@id":"https:\/\/francois-pelletant.fr\/blog\/#\/schema\/person\/2be41acb171dff8f31aaed1f40cee9f3","name":"Francois"}]}},"_links":{"self":[{"href":"https:\/\/francois-pelletant.fr\/blog\/wp-json\/wp\/v2\/posts\/3532","targetHints":{"allow":["GET"]}}],"collection":[{"href":"https:\/\/francois-pelletant.fr\/blog\/wp-json\/wp\/v2\/posts"}],"about":[{"href":"https:\/\/francois-pelletant.fr\/blog\/wp-json\/wp\/v2\/types\/post"}],"author":[{"embeddable":true,"href":"https:\/\/francois-pelletant.fr\/blog\/wp-json\/wp\/v2\/users\/1"}],"replies":[{"embeddable":true,"href":"https:\/\/francois-pelletant.fr\/blog\/wp-json\/wp\/v2\/comments?post=3532"}],"version-history":[{"count":0,"href":"https:\/\/francois-pelletant.fr\/blog\/wp-json\/wp\/v2\/posts\/3532\/revisions"}],"wp:attachment":[{"href":"https:\/\/francois-pelletant.fr\/blog\/wp-json\/wp\/v2\/media?parent=3532"}],"wp:term":[{"taxonomy":"category","embeddable":true,"href":"https:\/\/francois-pelletant.fr\/blog\/wp-json\/wp\/v2\/categories?post=3532"},{"taxonomy":"post_tag","embeddable":true,"href":"https:\/\/francois-pelletant.fr\/blog\/wp-json\/wp\/v2\/tags?post=3532"}],"curies":[{"name":"wp","href":"https:\/\/api.w.org\/{rel}","templated":true}]}}