{"id":3549,"date":"2013-07-12T11:24:20","date_gmt":"2013-07-12T09:24:20","guid":{"rendered":"https:\/\/francois-pelletant.fr\/blog\/?p=3549"},"modified":"2017-05-19T09:54:42","modified_gmt":"2017-05-19T09:54:42","slug":"spectacle-du-13-juillet","status":"publish","type":"post","link":"https:\/\/francois-pelletant.fr\/blog\/spectacle-du-13-juillet\/","title":{"rendered":"Spectacle du 13 juillet"},"content":{"rendered":"<h4><a href=\"https:\/\/francois-pelletant.fr\/blog\/wp-content\/uploads\/2013\/07\/13-juillet1.jpg\"><img loading=\"lazy\" decoding=\"async\" class=\"alignleft size-medium wp-image-3558\" title=\"13 juillet\" src=\"https:\/\/francois-pelletant.fr\/blog\/wp-content\/uploads\/2013\/07\/13-juillet1-215x300.jpg\" alt=\"\" width=\"215\" height=\"300\" \/><\/a>Le spectacle son et lumi\u00e8re pr\u00e9sente : La L\u00e9gende de la pierre de Lumi\u00e8re&#8221;.<\/h4>\n<p>Le spectacle Son et Lumi\u00e8re \u00a0se d\u00e9roule chaque ann\u00e9e \u00e0 Linas le 13 juillet au soir. La repr\u00e9sentation s\u2019annonce une nouvelle fois encore de grande qualit\u00e9. Le th\u00e8me du fantastique sera \u00e0 l\u2019honneur de ce show exceptionnel et unique, intitul\u00e9 \u00ab\u00a0La l\u00e9gende de la pierre de lumi\u00e8re\u00a0\u00bb. Cr\u00e9\u00e9 il y a une quarantaine d\u2019ann\u00e9es, cet \u00e9v\u00e9nement du 13 juillet \u00e0 Linas est devenu une v\u00e9ritable institution. En effet, il g\u00e9n\u00e8re une v\u00e9ritable attente, un moment de f\u00eate et de communion, \u00e0 Linas et aux alentours.<\/p>\n<p>R\u00e9alis\u00e9 par une association compos\u00e9e de b\u00e9n\u00e9voles, cet \u00e9v\u00e9nement n\u00e9cessite le concours de la ville de Linas (pr\u00eat de mat\u00e9riel, mise en place de moyens techniques\u2026) et de personnes ext\u00e9rieures pour assurer la bonne tenue du spectacle (acteurs et figurants, techniciens\u2026).<\/p>\n<p>Rendez-vous le samedi13 juillet 2013 \u00e0 partir de 22h30 au complexe sportif du COSOM, rue de Carcassonne.<\/p>\n","protected":false},"excerpt":{"rendered":"<p>Le spectacle son et lumi\u00e8re pr\u00e9sente : La L\u00e9gende de la pierre de Lumi\u00e8re&#8221;. Le spectacle Son et Lumi\u00e8re \u00a0se d\u00e9roule chaque ann\u00e9e \u00e0 Linas le 13 juillet au soir. La repr\u00e9sentation s\u2019annonce une nouvelle fois encore de grande qualit\u00e9. Le th\u00e8me du fantastique sera \u00e0 l\u2019honneur de ce show exceptionnel et unique, intitul\u00e9 \u00ab\u00a0La [&hellip;]<\/p>\n","protected":false},"author":1,"featured_media":3558,"comment_status":"open","ping_status":"open","sticky":false,"template":"","format":"standard","meta":{"footnotes":""},"categories":[10],"tags":[],"class_list":["post-3549","post","type-post","status-publish","format-standard","has-post-thumbnail","hentry","category-1pelletant"],"yoast_head":"<!-- This site is optimized with the Yoast SEO plugin v25.6 - https:\/\/yoast.com\/wordpress\/plugins\/seo\/ -->\n<title>Spectacle du 13 juillet - Fran\u00e7ois Pelletant<\/title>\n<meta name=\"description\" content=\"Le th\u00e8me du fantastique sera \u00e0 l\u2019honneur lors du spectacle du 13 juillet, \u00e0 partir 22h30 au sportif du COSOM, rue de Carcassonne.\" \/>\n<meta name=\"robots\" content=\"index, follow, max-snippet:-1, max-image-preview:large, max-video-preview:-1\" \/>\n<link rel=\"canonical\" href=\"https:\/\/francois-pelletant.fr\/blog\/spectacle-du-13-juillet\/\" \/>\n<meta property=\"og:locale\" content=\"fr_FR\" \/>\n<meta property=\"og:type\" content=\"article\" \/>\n<meta property=\"og:title\" content=\"Spectacle du 13 juillet - Fran\u00e7ois Pelletant\" \/>\n<meta property=\"og:description\" content=\"Le th\u00e8me du fantastique sera \u00e0 l\u2019honneur lors du spectacle du 13 juillet, \u00e0 partir 22h30 au sportif du COSOM, rue de Carcassonne.\" \/>\n<meta property=\"og:url\" content=\"https:\/\/francois-pelletant.fr\/blog\/spectacle-du-13-juillet\/\" \/>\n<meta property=\"og:site_name\" content=\"Fran\u00e7ois Pelletant\" \/>\n<meta property=\"article:publisher\" content=\"https:\/\/www.facebook.com\/francois.pelletant.7\" \/>\n<meta property=\"article:published_time\" content=\"2013-07-12T09:24:20+00:00\" \/>\n<meta property=\"article:modified_time\" content=\"2017-05-19T09:54:42+00:00\" \/>\n<meta property=\"og:image\" content=\"https:\/\/francois-pelletant.fr\/blog\/wp-content\/uploads\/2013\/07\/13-juillet11.jpg\" \/>\n\t<meta property=\"og:image:width\" content=\"1287\" \/>\n\t<meta property=\"og:image:height\" content=\"1795\" \/>\n\t<meta property=\"og:image:type\" content=\"image\/jpeg\" \/>\n<meta name=\"author\" content=\"Francois\" \/>\n<meta name=\"twitter:card\" content=\"summary_large_image\" \/>\n<meta name=\"twitter:creator\" content=\"@pelletant\" \/>\n<meta name=\"twitter:site\" content=\"@pelletant\" \/>\n<meta name=\"twitter:label1\" content=\"\u00c9crit par\" \/>\n\t<meta name=\"twitter:data1\" content=\"Francois\" \/>\n\t<meta name=\"twitter:label2\" content=\"Dur\u00e9e de lecture estim\u00e9e\" \/>\n\t<meta name=\"twitter:data2\" content=\"1 minute\" \/>\n<script type=\"application\/ld+json\" class=\"yoast-schema-graph\">{\"@context\":\"https:\/\/schema.org\",\"@graph\":[{\"@type\":\"Article\",\"@id\":\"https:\/\/francois-pelletant.fr\/blog\/spectacle-du-13-juillet\/#article\",\"isPartOf\":{\"@id\":\"https:\/\/francois-pelletant.fr\/blog\/spectacle-du-13-juillet\/\"},\"author\":{\"name\":\"Francois\",\"@id\":\"https:\/\/francois-pelletant.fr\/blog\/#\/schema\/person\/2be41acb171dff8f31aaed1f40cee9f3\"},\"headline\":\"Spectacle du 13 juillet\",\"datePublished\":\"2013-07-12T09:24:20+00:00\",\"dateModified\":\"2017-05-19T09:54:42+00:00\",\"mainEntityOfPage\":{\"@id\":\"https:\/\/francois-pelletant.fr\/blog\/spectacle-du-13-juillet\/\"},\"wordCount\":181,\"commentCount\":0,\"publisher\":{\"@id\":\"https:\/\/francois-pelletant.fr\/blog\/#organization\"},\"image\":{\"@id\":\"https:\/\/francois-pelletant.fr\/blog\/spectacle-du-13-juillet\/#primaryimage\"},\"thumbnailUrl\":\"https:\/\/francois-pelletant.fr\/blog\/wp-content\/uploads\/2013\/07\/13-juillet11.jpg\",\"articleSection\":[\"Infos\"],\"inLanguage\":\"fr-FR\",\"potentialAction\":[{\"@type\":\"CommentAction\",\"name\":\"Comment\",\"target\":[\"https:\/\/francois-pelletant.fr\/blog\/spectacle-du-13-juillet\/#respond\"]}]},{\"@type\":\"WebPage\",\"@id\":\"https:\/\/francois-pelletant.fr\/blog\/spectacle-du-13-juillet\/\",\"url\":\"https:\/\/francois-pelletant.fr\/blog\/spectacle-du-13-juillet\/\",\"name\":\"Spectacle du 13 juillet - Fran\u00e7ois Pelletant\",\"isPartOf\":{\"@id\":\"https:\/\/francois-pelletant.fr\/blog\/#website\"},\"primaryImageOfPage\":{\"@id\":\"https:\/\/francois-pelletant.fr\/blog\/spectacle-du-13-juillet\/#primaryimage\"},\"image\":{\"@id\":\"https:\/\/francois-pelletant.fr\/blog\/spectacle-du-13-juillet\/#primaryimage\"},\"thumbnailUrl\":\"https:\/\/francois-pelletant.fr\/blog\/wp-content\/uploads\/2013\/07\/13-juillet11.jpg\",\"datePublished\":\"2013-07-12T09:24:20+00:00\",\"dateModified\":\"2017-05-19T09:54:42+00:00\",\"description\":\"Le th\u00e8me du fantastique sera \u00e0 l\u2019honneur lors du spectacle du 13 juillet, \u00e0 partir 22h30 au sportif du COSOM, rue de Carcassonne.\",\"breadcrumb\":{\"@id\":\"https:\/\/francois-pelletant.fr\/blog\/spectacle-du-13-juillet\/#breadcrumb\"},\"inLanguage\":\"fr-FR\",\"potentialAction\":[{\"@type\":\"ReadAction\",\"target\":[\"https:\/\/francois-pelletant.fr\/blog\/spectacle-du-13-juillet\/\"]}]},{\"@type\":\"ImageObject\",\"inLanguage\":\"fr-FR\",\"@id\":\"https:\/\/francois-pelletant.fr\/blog\/spectacle-du-13-juillet\/#primaryimage\",\"url\":\"https:\/\/francois-pelletant.fr\/blog\/wp-content\/uploads\/2013\/07\/13-juillet11.jpg\",\"contentUrl\":\"https:\/\/francois-pelletant.fr\/blog\/wp-content\/uploads\/2013\/07\/13-juillet11.jpg\",\"width\":1287,\"height\":1795},{\"@type\":\"BreadcrumbList\",\"@id\":\"https:\/\/francois-pelletant.fr\/blog\/spectacle-du-13-juillet\/#breadcrumb\",\"itemListElement\":[{\"@type\":\"ListItem\",\"position\":1,\"name\":\"Accueil\",\"item\":\"https:\/\/francois-pelletant.fr\/blog\/\"},{\"@type\":\"ListItem\",\"position\":2,\"name\":\"Spectacle du 13 juillet\"}]},{\"@type\":\"WebSite\",\"@id\":\"https:\/\/francois-pelletant.fr\/blog\/#website\",\"url\":\"https:\/\/francois-pelletant.fr\/blog\/\",\"name\":\"Fran\u00e7ois Pelletant\",\"description\":\"Maire de Linas, pour toujours.\",\"publisher\":{\"@id\":\"https:\/\/francois-pelletant.fr\/blog\/#organization\"},\"potentialAction\":[{\"@type\":\"SearchAction\",\"target\":{\"@type\":\"EntryPoint\",\"urlTemplate\":\"https:\/\/francois-pelletant.fr\/blog\/?s={search_term_string}\"},\"query-input\":{\"@type\":\"PropertyValueSpecification\",\"valueRequired\":true,\"valueName\":\"search_term_string\"}}],\"inLanguage\":\"fr-FR\"},{\"@type\":\"Organization\",\"@id\":\"https:\/\/francois-pelletant.fr\/blog\/#organization\",\"name\":\"Fran\u00e7ois Pelletant\",\"url\":\"https:\/\/francois-pelletant.fr\/blog\/\",\"logo\":{\"@type\":\"ImageObject\",\"inLanguage\":\"fr-FR\",\"@id\":\"https:\/\/francois-pelletant.fr\/blog\/#\/schema\/logo\/image\/\",\"url\":\"https:\/\/francois-pelletant.fr\/blog\/wp-content\/uploads\/2024\/07\/icone-francois-centre-500p.png\",\"contentUrl\":\"https:\/\/francois-pelletant.fr\/blog\/wp-content\/uploads\/2024\/07\/icone-francois-centre-500p.png\",\"width\":559,\"height\":447,\"caption\":\"Fran\u00e7ois Pelletant\"},\"image\":{\"@id\":\"https:\/\/francois-pelletant.fr\/blog\/#\/schema\/logo\/image\/\"},\"sameAs\":[\"https:\/\/www.facebook.com\/francois.pelletant.7\",\"https:\/\/x.com\/pelletant\"]},{\"@type\":\"Person\",\"@id\":\"https:\/\/francois-pelletant.fr\/blog\/#\/schema\/person\/2be41acb171dff8f31aaed1f40cee9f3\",\"name\":\"Francois\"}]}<\/script>\n<!-- \/ Yoast SEO plugin. -->","yoast_head_json":{"title":"Spectacle du 13 juillet - Fran\u00e7ois Pelletant","description":"Le th\u00e8me du fantastique sera \u00e0 l\u2019honneur lors du spectacle du 13 juillet, \u00e0 partir 22h30 au sportif du COSOM, rue de Carcassonne.","robots":{"index":"index","follow":"follow","max-snippet":"max-snippet:-1","max-image-preview":"max-image-preview:large","max-video-preview":"max-video-preview:-1"},"canonical":"https:\/\/francois-pelletant.fr\/blog\/spectacle-du-13-juillet\/","og_locale":"fr_FR","og_type":"article","og_title":"Spectacle du 13 juillet - Fran\u00e7ois Pelletant","og_description":"Le th\u00e8me du fantastique sera \u00e0 l\u2019honneur lors du spectacle du 13 juillet, \u00e0 partir 22h30 au sportif du COSOM, rue de Carcassonne.","og_url":"https:\/\/francois-pelletant.fr\/blog\/spectacle-du-13-juillet\/","og_site_name":"Fran\u00e7ois Pelletant","article_publisher":"https:\/\/www.facebook.com\/francois.pelletant.7","article_published_time":"2013-07-12T09:24:20+00:00","article_modified_time":"2017-05-19T09:54:42+00:00","og_image":[{"width":1287,"height":1795,"url":"https:\/\/francois-pelletant.fr\/blog\/wp-content\/uploads\/2013\/07\/13-juillet11.jpg","type":"image\/jpeg"}],"author":"Francois","twitter_card":"summary_large_image","twitter_creator":"@pelletant","twitter_site":"@pelletant","twitter_misc":{"\u00c9crit par":"Francois","Dur\u00e9e de lecture estim\u00e9e":"1 minute"},"schema":{"@context":"https:\/\/schema.org","@graph":[{"@type":"Article","@id":"https:\/\/francois-pelletant.fr\/blog\/spectacle-du-13-juillet\/#article","isPartOf":{"@id":"https:\/\/francois-pelletant.fr\/blog\/spectacle-du-13-juillet\/"},"author":{"name":"Francois","@id":"https:\/\/francois-pelletant.fr\/blog\/#\/schema\/person\/2be41acb171dff8f31aaed1f40cee9f3"},"headline":"Spectacle du 13 juillet","datePublished":"2013-07-12T09:24:20+00:00","dateModified":"2017-05-19T09:54:42+00:00","mainEntityOfPage":{"@id":"https:\/\/francois-pelletant.fr\/blog\/spectacle-du-13-juillet\/"},"wordCount":181,"commentCount":0,"publisher":{"@id":"https:\/\/francois-pelletant.fr\/blog\/#organization"},"image":{"@id":"https:\/\/francois-pelletant.fr\/blog\/spectacle-du-13-juillet\/#primaryimage"},"thumbnailUrl":"https:\/\/francois-pelletant.fr\/blog\/wp-content\/uploads\/2013\/07\/13-juillet11.jpg","articleSection":["Infos"],"inLanguage":"fr-FR","potentialAction":[{"@type":"CommentAction","name":"Comment","target":["https:\/\/francois-pelletant.fr\/blog\/spectacle-du-13-juillet\/#respond"]}]},{"@type":"WebPage","@id":"https:\/\/francois-pelletant.fr\/blog\/spectacle-du-13-juillet\/","url":"https:\/\/francois-pelletant.fr\/blog\/spectacle-du-13-juillet\/","name":"Spectacle du 13 juillet - Fran\u00e7ois Pelletant","isPartOf":{"@id":"https:\/\/francois-pelletant.fr\/blog\/#website"},"primaryImageOfPage":{"@id":"https:\/\/francois-pelletant.fr\/blog\/spectacle-du-13-juillet\/#primaryimage"},"image":{"@id":"https:\/\/francois-pelletant.fr\/blog\/spectacle-du-13-juillet\/#primaryimage"},"thumbnailUrl":"https:\/\/francois-pelletant.fr\/blog\/wp-content\/uploads\/2013\/07\/13-juillet11.jpg","datePublished":"2013-07-12T09:24:20+00:00","dateModified":"2017-05-19T09:54:42+00:00","description":"Le th\u00e8me du fantastique sera \u00e0 l\u2019honneur lors du spectacle du 13 juillet, \u00e0 partir 22h30 au sportif du COSOM, rue de Carcassonne.","breadcrumb":{"@id":"https:\/\/francois-pelletant.fr\/blog\/spectacle-du-13-juillet\/#breadcrumb"},"inLanguage":"fr-FR","potentialAction":[{"@type":"ReadAction","target":["https:\/\/francois-pelletant.fr\/blog\/spectacle-du-13-juillet\/"]}]},{"@type":"ImageObject","inLanguage":"fr-FR","@id":"https:\/\/francois-pelletant.fr\/blog\/spectacle-du-13-juillet\/#primaryimage","url":"https:\/\/francois-pelletant.fr\/blog\/wp-content\/uploads\/2013\/07\/13-juillet11.jpg","contentUrl":"https:\/\/francois-pelletant.fr\/blog\/wp-content\/uploads\/2013\/07\/13-juillet11.jpg","width":1287,"height":1795},{"@type":"BreadcrumbList","@id":"https:\/\/francois-pelletant.fr\/blog\/spectacle-du-13-juillet\/#breadcrumb","itemListElement":[{"@type":"ListItem","position":1,"name":"Accueil","item":"https:\/\/francois-pelletant.fr\/blog\/"},{"@type":"ListItem","position":2,"name":"Spectacle du 13 juillet"}]},{"@type":"WebSite","@id":"https:\/\/francois-pelletant.fr\/blog\/#website","url":"https:\/\/francois-pelletant.fr\/blog\/","name":"Fran\u00e7ois Pelletant","description":"Maire de Linas, pour toujours.","publisher":{"@id":"https:\/\/francois-pelletant.fr\/blog\/#organization"},"potentialAction":[{"@type":"SearchAction","target":{"@type":"EntryPoint","urlTemplate":"https:\/\/francois-pelletant.fr\/blog\/?s={search_term_string}"},"query-input":{"@type":"PropertyValueSpecification","valueRequired":true,"valueName":"search_term_string"}}],"inLanguage":"fr-FR"},{"@type":"Organization","@id":"https:\/\/francois-pelletant.fr\/blog\/#organization","name":"Fran\u00e7ois Pelletant","url":"https:\/\/francois-pelletant.fr\/blog\/","logo":{"@type":"ImageObject","inLanguage":"fr-FR","@id":"https:\/\/francois-pelletant.fr\/blog\/#\/schema\/logo\/image\/","url":"https:\/\/francois-pelletant.fr\/blog\/wp-content\/uploads\/2024\/07\/icone-francois-centre-500p.png","contentUrl":"https:\/\/francois-pelletant.fr\/blog\/wp-content\/uploads\/2024\/07\/icone-francois-centre-500p.png","width":559,"height":447,"caption":"Fran\u00e7ois Pelletant"},"image":{"@id":"https:\/\/francois-pelletant.fr\/blog\/#\/schema\/logo\/image\/"},"sameAs":["https:\/\/www.facebook.com\/francois.pelletant.7","https:\/\/x.com\/pelletant"]},{"@type":"Person","@id":"https:\/\/francois-pelletant.fr\/blog\/#\/schema\/person\/2be41acb171dff8f31aaed1f40cee9f3","name":"Francois"}]}},"_links":{"self":[{"href":"https:\/\/francois-pelletant.fr\/blog\/wp-json\/wp\/v2\/posts\/3549","targetHints":{"allow":["GET"]}}],"collection":[{"href":"https:\/\/francois-pelletant.fr\/blog\/wp-json\/wp\/v2\/posts"}],"about":[{"href":"https:\/\/francois-pelletant.fr\/blog\/wp-json\/wp\/v2\/types\/post"}],"author":[{"embeddable":true,"href":"https:\/\/francois-pelletant.fr\/blog\/wp-json\/wp\/v2\/users\/1"}],"replies":[{"embeddable":true,"href":"https:\/\/francois-pelletant.fr\/blog\/wp-json\/wp\/v2\/comments?post=3549"}],"version-history":[{"count":0,"href":"https:\/\/francois-pelletant.fr\/blog\/wp-json\/wp\/v2\/posts\/3549\/revisions"}],"wp:featuredmedia":[{"embeddable":true,"href":"https:\/\/francois-pelletant.fr\/blog\/wp-json\/wp\/v2\/media\/3558"}],"wp:attachment":[{"href":"https:\/\/francois-pelletant.fr\/blog\/wp-json\/wp\/v2\/media?parent=3549"}],"wp:term":[{"taxonomy":"category","embeddable":true,"href":"https:\/\/francois-pelletant.fr\/blog\/wp-json\/wp\/v2\/categories?post=3549"},{"taxonomy":"post_tag","embeddable":true,"href":"https:\/\/francois-pelletant.fr\/blog\/wp-json\/wp\/v2\/tags?post=3549"}],"curies":[{"name":"wp","href":"https:\/\/api.w.org\/{rel}","templated":true}]}}