{"id":3580,"date":"2013-08-19T09:55:27","date_gmt":"2013-08-19T07:55:27","guid":{"rendered":"https:\/\/francois-pelletant.fr\/blog\/?p=3580"},"modified":"2017-05-17T13:41:13","modified_gmt":"2017-05-17T13:41:13","slug":"linas-sengage-pour-legalite","status":"publish","type":"post","link":"https:\/\/francois-pelletant.fr\/blog\/linas-sengage-pour-legalite\/","title":{"rendered":"Linas s&#8217;engage pour l\u2019\u00e9galit\u00e9 des femmes et des hommes dans la vie locale"},"content":{"rendered":"<h4><a href=\"https:\/\/francois-pelletant.fr\/blog\/wp-content\/uploads\/2013\/08\/charte-europeenne.jpg\"><img loading=\"lazy\" decoding=\"async\" class=\"alignleft wp-image-3581 size-medium\" title=\"charte europeenne\" src=\"https:\/\/francois-pelletant.fr\/blog\/wp-content\/uploads\/2013\/08\/charte-europeenne-212x300.jpg\" alt=\"image-Linas \u00e9galit\u00e9 homme femme\" width=\"212\" height=\"300\" srcset=\"https:\/\/francois-pelletant.fr\/blog\/wp-content\/uploads\/2013\/08\/charte-europeenne-212x300.jpg 212w, https:\/\/francois-pelletant.fr\/blog\/wp-content\/uploads\/2013\/08\/charte-europeenne-724x1024.jpg 724w, https:\/\/francois-pelletant.fr\/blog\/wp-content\/uploads\/2013\/08\/charte-europeenne-768x1087.jpg 768w, https:\/\/francois-pelletant.fr\/blog\/wp-content\/uploads\/2013\/08\/charte-europeenne-600x849.jpg 600w, https:\/\/francois-pelletant.fr\/blog\/wp-content\/uploads\/2013\/08\/charte-europeenne.jpg 798w\" sizes=\"auto, (max-width: 212px) 100vw, 212px\" \/><\/a>Linas en faveur de la l&#8217;\u00e9galit\u00e9 des femmes et des hommes dans la vie locale<\/h4>\n<p>Linas a d\u00e9cid\u00e9 d\u2019int\u00e9grer l\u2019\u00e9galit\u00e9 des femmes et des hommes comme pr\u00e9occupation \u00e0 prendre en compte dans la d\u00e9finition de ses politiques \u00e0 destination des habitants. Ce projet sera concr\u00e9tis\u00e9 par la signature de la Charte Europ\u00e9enne. le 13 septembre 2013, prochain \u00e0 l\u2019H\u00f4tel du D\u00e9partement. Cet acte aura lieu en pr\u00e9sence de repr\u00e9sentants des communes de l\u2019Essonne. Maud Olivier D\u00e9put\u00e9e et Conseill\u00e8re G\u00e9n\u00e9rale d\u00e9l\u00e9gu\u00e9e \u00e0 la lutte contre les discriminations et \u00e0 la promotion de l\u2019\u00e9galit\u00e9 sera \u00e9galement pr\u00e9sent.<\/p>\n<p>La signature de la Charte signifie que les services de la ville mettront tout en \u0153uvre pour am\u00e9liorer durablement la vie de tous et de toutes sur son territoire ; notamment dans l\u2019acc\u00e8s aux services sociaux, aux sports, \u00e0 l\u2019\u00e9ducation et aux loisirs. Pour ce faire, un r\u00e9el travail de r\u00e9flexion est d\u2019ores et d\u00e9j\u00e0 men\u00e9 par les agents et les \u00e9lus pour d\u00e9terminer les actions favorables \u00e0 la parit\u00e9. N\u2019h\u00e9sitez pas \u00e0 vous faire connaitre en Mairie si ce sujet vous int\u00e9resse.<\/p>\n","protected":false},"excerpt":{"rendered":"<p>Linas en faveur de la l&#8217;\u00e9galit\u00e9 des femmes et des hommes dans la vie locale Linas a d\u00e9cid\u00e9 d\u2019int\u00e9grer l\u2019\u00e9galit\u00e9 des femmes et des hommes comme pr\u00e9occupation \u00e0 prendre en compte dans la d\u00e9finition de ses politiques \u00e0 destination des habitants. Ce projet sera concr\u00e9tis\u00e9 par la signature de la Charte Europ\u00e9enne. le 13 septembre [&hellip;]<\/p>\n","protected":false},"author":1,"featured_media":3581,"comment_status":"open","ping_status":"open","sticky":false,"template":"","format":"standard","meta":{"footnotes":""},"categories":[10],"tags":[],"class_list":["post-3580","post","type-post","status-publish","format-standard","has-post-thumbnail","hentry","category-1pelletant"],"yoast_head":"<!-- This site is optimized with the Yoast SEO plugin v25.6 - https:\/\/yoast.com\/wordpress\/plugins\/seo\/ -->\n<title>La ville de Linas s&#039;engage pour l\u2019\u00e9galit\u00e9 ! Fran\u00e7ois Pelletant<\/title>\n<meta name=\"description\" content=\"La ville de Linas souhaite am\u00e9liorer la vie de ses habitants. Elle \u00e0 donc int\u00e9gr\u00e9e l&#039;\u00e9galit\u00e9 des hommes et des femmes.\" \/>\n<meta name=\"robots\" content=\"index, follow, max-snippet:-1, max-image-preview:large, max-video-preview:-1\" \/>\n<link rel=\"canonical\" href=\"https:\/\/francois-pelletant.fr\/blog\/linas-sengage-pour-legalite\/\" \/>\n<meta property=\"og:locale\" content=\"fr_FR\" \/>\n<meta property=\"og:type\" content=\"article\" \/>\n<meta property=\"og:title\" content=\"La ville de Linas s&#039;engage pour l\u2019\u00e9galit\u00e9 ! Fran\u00e7ois Pelletant\" \/>\n<meta property=\"og:description\" content=\"La ville de Linas souhaite am\u00e9liorer la vie de ses habitants. Elle \u00e0 donc int\u00e9gr\u00e9e l&#039;\u00e9galit\u00e9 des hommes et des femmes.\" \/>\n<meta property=\"og:url\" content=\"https:\/\/francois-pelletant.fr\/blog\/linas-sengage-pour-legalite\/\" \/>\n<meta property=\"og:site_name\" content=\"Fran\u00e7ois Pelletant\" \/>\n<meta property=\"article:publisher\" content=\"https:\/\/www.facebook.com\/francois.pelletant.7\" \/>\n<meta property=\"article:published_time\" content=\"2013-08-19T07:55:27+00:00\" \/>\n<meta property=\"article:modified_time\" content=\"2017-05-17T13:41:13+00:00\" \/>\n<meta property=\"og:image\" content=\"https:\/\/francois-pelletant.fr\/blog\/wp-content\/uploads\/2013\/08\/charte-europeenne.jpg\" \/>\n\t<meta property=\"og:image:width\" content=\"798\" \/>\n\t<meta property=\"og:image:height\" content=\"1129\" \/>\n\t<meta property=\"og:image:type\" content=\"image\/jpeg\" \/>\n<meta name=\"author\" content=\"Francois\" \/>\n<meta name=\"twitter:card\" content=\"summary_large_image\" \/>\n<meta name=\"twitter:creator\" content=\"@pelletant\" \/>\n<meta name=\"twitter:site\" content=\"@pelletant\" \/>\n<meta name=\"twitter:label1\" content=\"\u00c9crit par\" \/>\n\t<meta name=\"twitter:data1\" content=\"Francois\" \/>\n\t<meta name=\"twitter:label2\" content=\"Dur\u00e9e de lecture estim\u00e9e\" \/>\n\t<meta name=\"twitter:data2\" content=\"1 minute\" \/>\n<script type=\"application\/ld+json\" class=\"yoast-schema-graph\">{\"@context\":\"https:\/\/schema.org\",\"@graph\":[{\"@type\":\"Article\",\"@id\":\"https:\/\/francois-pelletant.fr\/blog\/linas-sengage-pour-legalite\/#article\",\"isPartOf\":{\"@id\":\"https:\/\/francois-pelletant.fr\/blog\/linas-sengage-pour-legalite\/\"},\"author\":{\"name\":\"Francois\",\"@id\":\"https:\/\/francois-pelletant.fr\/blog\/#\/schema\/person\/2be41acb171dff8f31aaed1f40cee9f3\"},\"headline\":\"Linas s&#8217;engage pour l\u2019\u00e9galit\u00e9 des femmes et des hommes dans la vie locale\",\"datePublished\":\"2013-08-19T07:55:27+00:00\",\"dateModified\":\"2017-05-17T13:41:13+00:00\",\"mainEntityOfPage\":{\"@id\":\"https:\/\/francois-pelletant.fr\/blog\/linas-sengage-pour-legalite\/\"},\"wordCount\":219,\"commentCount\":0,\"publisher\":{\"@id\":\"https:\/\/francois-pelletant.fr\/blog\/#organization\"},\"image\":{\"@id\":\"https:\/\/francois-pelletant.fr\/blog\/linas-sengage-pour-legalite\/#primaryimage\"},\"thumbnailUrl\":\"https:\/\/francois-pelletant.fr\/blog\/wp-content\/uploads\/2013\/08\/charte-europeenne.jpg\",\"articleSection\":[\"Infos\"],\"inLanguage\":\"fr-FR\",\"potentialAction\":[{\"@type\":\"CommentAction\",\"name\":\"Comment\",\"target\":[\"https:\/\/francois-pelletant.fr\/blog\/linas-sengage-pour-legalite\/#respond\"]}]},{\"@type\":\"WebPage\",\"@id\":\"https:\/\/francois-pelletant.fr\/blog\/linas-sengage-pour-legalite\/\",\"url\":\"https:\/\/francois-pelletant.fr\/blog\/linas-sengage-pour-legalite\/\",\"name\":\"La ville de Linas s'engage pour l\u2019\u00e9galit\u00e9 ! Fran\u00e7ois Pelletant\",\"isPartOf\":{\"@id\":\"https:\/\/francois-pelletant.fr\/blog\/#website\"},\"primaryImageOfPage\":{\"@id\":\"https:\/\/francois-pelletant.fr\/blog\/linas-sengage-pour-legalite\/#primaryimage\"},\"image\":{\"@id\":\"https:\/\/francois-pelletant.fr\/blog\/linas-sengage-pour-legalite\/#primaryimage\"},\"thumbnailUrl\":\"https:\/\/francois-pelletant.fr\/blog\/wp-content\/uploads\/2013\/08\/charte-europeenne.jpg\",\"datePublished\":\"2013-08-19T07:55:27+00:00\",\"dateModified\":\"2017-05-17T13:41:13+00:00\",\"description\":\"La ville de Linas souhaite am\u00e9liorer la vie de ses habitants. Elle \u00e0 donc int\u00e9gr\u00e9e l'\u00e9galit\u00e9 des hommes et des femmes.\",\"breadcrumb\":{\"@id\":\"https:\/\/francois-pelletant.fr\/blog\/linas-sengage-pour-legalite\/#breadcrumb\"},\"inLanguage\":\"fr-FR\",\"potentialAction\":[{\"@type\":\"ReadAction\",\"target\":[\"https:\/\/francois-pelletant.fr\/blog\/linas-sengage-pour-legalite\/\"]}]},{\"@type\":\"ImageObject\",\"inLanguage\":\"fr-FR\",\"@id\":\"https:\/\/francois-pelletant.fr\/blog\/linas-sengage-pour-legalite\/#primaryimage\",\"url\":\"https:\/\/francois-pelletant.fr\/blog\/wp-content\/uploads\/2013\/08\/charte-europeenne.jpg\",\"contentUrl\":\"https:\/\/francois-pelletant.fr\/blog\/wp-content\/uploads\/2013\/08\/charte-europeenne.jpg\",\"width\":798,\"height\":1129},{\"@type\":\"BreadcrumbList\",\"@id\":\"https:\/\/francois-pelletant.fr\/blog\/linas-sengage-pour-legalite\/#breadcrumb\",\"itemListElement\":[{\"@type\":\"ListItem\",\"position\":1,\"name\":\"Accueil\",\"item\":\"https:\/\/francois-pelletant.fr\/blog\/\"},{\"@type\":\"ListItem\",\"position\":2,\"name\":\"Linas s&#8217;engage pour l\u2019\u00e9galit\u00e9 des femmes et des hommes dans la vie locale\"}]},{\"@type\":\"WebSite\",\"@id\":\"https:\/\/francois-pelletant.fr\/blog\/#website\",\"url\":\"https:\/\/francois-pelletant.fr\/blog\/\",\"name\":\"Fran\u00e7ois Pelletant\",\"description\":\"Maire de Linas, pour toujours.\",\"publisher\":{\"@id\":\"https:\/\/francois-pelletant.fr\/blog\/#organization\"},\"potentialAction\":[{\"@type\":\"SearchAction\",\"target\":{\"@type\":\"EntryPoint\",\"urlTemplate\":\"https:\/\/francois-pelletant.fr\/blog\/?s={search_term_string}\"},\"query-input\":{\"@type\":\"PropertyValueSpecification\",\"valueRequired\":true,\"valueName\":\"search_term_string\"}}],\"inLanguage\":\"fr-FR\"},{\"@type\":\"Organization\",\"@id\":\"https:\/\/francois-pelletant.fr\/blog\/#organization\",\"name\":\"Fran\u00e7ois Pelletant\",\"url\":\"https:\/\/francois-pelletant.fr\/blog\/\",\"logo\":{\"@type\":\"ImageObject\",\"inLanguage\":\"fr-FR\",\"@id\":\"https:\/\/francois-pelletant.fr\/blog\/#\/schema\/logo\/image\/\",\"url\":\"https:\/\/francois-pelletant.fr\/blog\/wp-content\/uploads\/2024\/07\/icone-francois-centre-500p.png\",\"contentUrl\":\"https:\/\/francois-pelletant.fr\/blog\/wp-content\/uploads\/2024\/07\/icone-francois-centre-500p.png\",\"width\":559,\"height\":447,\"caption\":\"Fran\u00e7ois Pelletant\"},\"image\":{\"@id\":\"https:\/\/francois-pelletant.fr\/blog\/#\/schema\/logo\/image\/\"},\"sameAs\":[\"https:\/\/www.facebook.com\/francois.pelletant.7\",\"https:\/\/x.com\/pelletant\"]},{\"@type\":\"Person\",\"@id\":\"https:\/\/francois-pelletant.fr\/blog\/#\/schema\/person\/2be41acb171dff8f31aaed1f40cee9f3\",\"name\":\"Francois\"}]}<\/script>\n<!-- \/ Yoast SEO plugin. -->","yoast_head_json":{"title":"La ville de Linas s'engage pour l\u2019\u00e9galit\u00e9 ! Fran\u00e7ois Pelletant","description":"La ville de Linas souhaite am\u00e9liorer la vie de ses habitants. Elle \u00e0 donc int\u00e9gr\u00e9e l'\u00e9galit\u00e9 des hommes et des femmes.","robots":{"index":"index","follow":"follow","max-snippet":"max-snippet:-1","max-image-preview":"max-image-preview:large","max-video-preview":"max-video-preview:-1"},"canonical":"https:\/\/francois-pelletant.fr\/blog\/linas-sengage-pour-legalite\/","og_locale":"fr_FR","og_type":"article","og_title":"La ville de Linas s'engage pour l\u2019\u00e9galit\u00e9 ! Fran\u00e7ois Pelletant","og_description":"La ville de Linas souhaite am\u00e9liorer la vie de ses habitants. Elle \u00e0 donc int\u00e9gr\u00e9e l'\u00e9galit\u00e9 des hommes et des femmes.","og_url":"https:\/\/francois-pelletant.fr\/blog\/linas-sengage-pour-legalite\/","og_site_name":"Fran\u00e7ois Pelletant","article_publisher":"https:\/\/www.facebook.com\/francois.pelletant.7","article_published_time":"2013-08-19T07:55:27+00:00","article_modified_time":"2017-05-17T13:41:13+00:00","og_image":[{"width":798,"height":1129,"url":"https:\/\/francois-pelletant.fr\/blog\/wp-content\/uploads\/2013\/08\/charte-europeenne.jpg","type":"image\/jpeg"}],"author":"Francois","twitter_card":"summary_large_image","twitter_creator":"@pelletant","twitter_site":"@pelletant","twitter_misc":{"\u00c9crit par":"Francois","Dur\u00e9e de lecture estim\u00e9e":"1 minute"},"schema":{"@context":"https:\/\/schema.org","@graph":[{"@type":"Article","@id":"https:\/\/francois-pelletant.fr\/blog\/linas-sengage-pour-legalite\/#article","isPartOf":{"@id":"https:\/\/francois-pelletant.fr\/blog\/linas-sengage-pour-legalite\/"},"author":{"name":"Francois","@id":"https:\/\/francois-pelletant.fr\/blog\/#\/schema\/person\/2be41acb171dff8f31aaed1f40cee9f3"},"headline":"Linas s&#8217;engage pour l\u2019\u00e9galit\u00e9 des femmes et des hommes dans la vie locale","datePublished":"2013-08-19T07:55:27+00:00","dateModified":"2017-05-17T13:41:13+00:00","mainEntityOfPage":{"@id":"https:\/\/francois-pelletant.fr\/blog\/linas-sengage-pour-legalite\/"},"wordCount":219,"commentCount":0,"publisher":{"@id":"https:\/\/francois-pelletant.fr\/blog\/#organization"},"image":{"@id":"https:\/\/francois-pelletant.fr\/blog\/linas-sengage-pour-legalite\/#primaryimage"},"thumbnailUrl":"https:\/\/francois-pelletant.fr\/blog\/wp-content\/uploads\/2013\/08\/charte-europeenne.jpg","articleSection":["Infos"],"inLanguage":"fr-FR","potentialAction":[{"@type":"CommentAction","name":"Comment","target":["https:\/\/francois-pelletant.fr\/blog\/linas-sengage-pour-legalite\/#respond"]}]},{"@type":"WebPage","@id":"https:\/\/francois-pelletant.fr\/blog\/linas-sengage-pour-legalite\/","url":"https:\/\/francois-pelletant.fr\/blog\/linas-sengage-pour-legalite\/","name":"La ville de Linas s'engage pour l\u2019\u00e9galit\u00e9 ! Fran\u00e7ois Pelletant","isPartOf":{"@id":"https:\/\/francois-pelletant.fr\/blog\/#website"},"primaryImageOfPage":{"@id":"https:\/\/francois-pelletant.fr\/blog\/linas-sengage-pour-legalite\/#primaryimage"},"image":{"@id":"https:\/\/francois-pelletant.fr\/blog\/linas-sengage-pour-legalite\/#primaryimage"},"thumbnailUrl":"https:\/\/francois-pelletant.fr\/blog\/wp-content\/uploads\/2013\/08\/charte-europeenne.jpg","datePublished":"2013-08-19T07:55:27+00:00","dateModified":"2017-05-17T13:41:13+00:00","description":"La ville de Linas souhaite am\u00e9liorer la vie de ses habitants. Elle \u00e0 donc int\u00e9gr\u00e9e l'\u00e9galit\u00e9 des hommes et des femmes.","breadcrumb":{"@id":"https:\/\/francois-pelletant.fr\/blog\/linas-sengage-pour-legalite\/#breadcrumb"},"inLanguage":"fr-FR","potentialAction":[{"@type":"ReadAction","target":["https:\/\/francois-pelletant.fr\/blog\/linas-sengage-pour-legalite\/"]}]},{"@type":"ImageObject","inLanguage":"fr-FR","@id":"https:\/\/francois-pelletant.fr\/blog\/linas-sengage-pour-legalite\/#primaryimage","url":"https:\/\/francois-pelletant.fr\/blog\/wp-content\/uploads\/2013\/08\/charte-europeenne.jpg","contentUrl":"https:\/\/francois-pelletant.fr\/blog\/wp-content\/uploads\/2013\/08\/charte-europeenne.jpg","width":798,"height":1129},{"@type":"BreadcrumbList","@id":"https:\/\/francois-pelletant.fr\/blog\/linas-sengage-pour-legalite\/#breadcrumb","itemListElement":[{"@type":"ListItem","position":1,"name":"Accueil","item":"https:\/\/francois-pelletant.fr\/blog\/"},{"@type":"ListItem","position":2,"name":"Linas s&#8217;engage pour l\u2019\u00e9galit\u00e9 des femmes et des hommes dans la vie locale"}]},{"@type":"WebSite","@id":"https:\/\/francois-pelletant.fr\/blog\/#website","url":"https:\/\/francois-pelletant.fr\/blog\/","name":"Fran\u00e7ois Pelletant","description":"Maire de Linas, pour toujours.","publisher":{"@id":"https:\/\/francois-pelletant.fr\/blog\/#organization"},"potentialAction":[{"@type":"SearchAction","target":{"@type":"EntryPoint","urlTemplate":"https:\/\/francois-pelletant.fr\/blog\/?s={search_term_string}"},"query-input":{"@type":"PropertyValueSpecification","valueRequired":true,"valueName":"search_term_string"}}],"inLanguage":"fr-FR"},{"@type":"Organization","@id":"https:\/\/francois-pelletant.fr\/blog\/#organization","name":"Fran\u00e7ois Pelletant","url":"https:\/\/francois-pelletant.fr\/blog\/","logo":{"@type":"ImageObject","inLanguage":"fr-FR","@id":"https:\/\/francois-pelletant.fr\/blog\/#\/schema\/logo\/image\/","url":"https:\/\/francois-pelletant.fr\/blog\/wp-content\/uploads\/2024\/07\/icone-francois-centre-500p.png","contentUrl":"https:\/\/francois-pelletant.fr\/blog\/wp-content\/uploads\/2024\/07\/icone-francois-centre-500p.png","width":559,"height":447,"caption":"Fran\u00e7ois Pelletant"},"image":{"@id":"https:\/\/francois-pelletant.fr\/blog\/#\/schema\/logo\/image\/"},"sameAs":["https:\/\/www.facebook.com\/francois.pelletant.7","https:\/\/x.com\/pelletant"]},{"@type":"Person","@id":"https:\/\/francois-pelletant.fr\/blog\/#\/schema\/person\/2be41acb171dff8f31aaed1f40cee9f3","name":"Francois"}]}},"_links":{"self":[{"href":"https:\/\/francois-pelletant.fr\/blog\/wp-json\/wp\/v2\/posts\/3580","targetHints":{"allow":["GET"]}}],"collection":[{"href":"https:\/\/francois-pelletant.fr\/blog\/wp-json\/wp\/v2\/posts"}],"about":[{"href":"https:\/\/francois-pelletant.fr\/blog\/wp-json\/wp\/v2\/types\/post"}],"author":[{"embeddable":true,"href":"https:\/\/francois-pelletant.fr\/blog\/wp-json\/wp\/v2\/users\/1"}],"replies":[{"embeddable":true,"href":"https:\/\/francois-pelletant.fr\/blog\/wp-json\/wp\/v2\/comments?post=3580"}],"version-history":[{"count":0,"href":"https:\/\/francois-pelletant.fr\/blog\/wp-json\/wp\/v2\/posts\/3580\/revisions"}],"wp:featuredmedia":[{"embeddable":true,"href":"https:\/\/francois-pelletant.fr\/blog\/wp-json\/wp\/v2\/media\/3581"}],"wp:attachment":[{"href":"https:\/\/francois-pelletant.fr\/blog\/wp-json\/wp\/v2\/media?parent=3580"}],"wp:term":[{"taxonomy":"category","embeddable":true,"href":"https:\/\/francois-pelletant.fr\/blog\/wp-json\/wp\/v2\/categories?post=3580"},{"taxonomy":"post_tag","embeddable":true,"href":"https:\/\/francois-pelletant.fr\/blog\/wp-json\/wp\/v2\/tags?post=3580"}],"curies":[{"name":"wp","href":"https:\/\/api.w.org\/{rel}","templated":true}]}}