{"id":3631,"date":"2013-09-09T10:31:39","date_gmt":"2013-09-09T08:31:39","guid":{"rendered":"https:\/\/francois-pelletant.fr\/blog\/?p=3631"},"modified":"2017-05-17T09:44:50","modified_gmt":"2017-05-17T09:44:50","slug":"le-guide-du-promeneur-deuropessonne","status":"publish","type":"post","link":"https:\/\/francois-pelletant.fr\/blog\/le-guide-du-promeneur-deuropessonne\/","title":{"rendered":"Le Guide du promeneur d\u2019Europ\u2019Essonne est arriv\u00e9"},"content":{"rendered":"<h4><a href=\"https:\/\/francois-pelletant.fr\/blog\/wp-content\/uploads\/2013\/09\/guide-du-promeneur.jpg\"><img loading=\"lazy\" decoding=\"async\" class=\"alignleft wp-image-3632 size-medium\" title=\"guide du promeneur\" src=\"https:\/\/francois-pelletant.fr\/blog\/wp-content\/uploads\/2013\/09\/guide-du-promeneur-300x244.jpg\" alt=\"image- le Guide du promeneur\" width=\"300\" height=\"244\" srcset=\"https:\/\/francois-pelletant.fr\/blog\/wp-content\/uploads\/2013\/09\/guide-du-promeneur-300x244.jpg 300w, https:\/\/francois-pelletant.fr\/blog\/wp-content\/uploads\/2013\/09\/guide-du-promeneur.jpg 591w\" sizes=\"auto, (max-width: 300px) 100vw, 300px\" \/><\/a>Partez \u00e0 l&#8217;aventure avec le Guide du promeneur !<\/h4>\n<p>Pour mettre en valeur tous les am\u00e9nagements cyclos et pi\u00e9tons du territoire, \u00e0 l\u2019occasion des journ\u00e9es du patrimoine, les 14 et 15 septembre prochains et de la semaine de la mobilit\u00e9, Europ\u2019Essonne \u00e9dite son \u00a0 \u00a0 \u00a0 \u00a0\u00ab \u00a0Guide du promeneur\u00a0\u00bb. Plus de 60 km d\u2019\u00e9quipements cyclables am\u00e9nag\u00e9s vous attendent. Les pi\u00e9tons et les v\u00e9los peuvent dor\u00e9navant circuler en toute s\u00e9curit\u00e9 pour parcourir l\u2019ensemble du territoire. Non seulement, a grande carte int\u00e9rieure permet de d\u00e9couvrir ces nouveaux am\u00e9nagements ; mais aussi tous les chemins, sentiers et pistes pour aller \u00e0 la d\u00e9couverte d\u2019un autre visage d\u2019Europ\u2019Essonne. Les espaces verts, les for\u00eats et les cours d\u2019eau qui traversent le territoire offrent un v\u00e9ritable poumon vert. Le guide et le plan sont t\u00e9l\u00e9chargeables ici :\u00a0www.calameo.com\/read\/<wbr><\/wbr>000179680c599276b9172\u00a0et\u00a0www.calameo.com\/read\/<wbr><\/wbr>0001796809a2bf7441d2d<\/p>\n","protected":false},"excerpt":{"rendered":"<p>Partez \u00e0 l&#8217;aventure avec le Guide du promeneur ! Pour mettre en valeur tous les am\u00e9nagements cyclos et pi\u00e9tons du territoire, \u00e0 l\u2019occasion des journ\u00e9es du patrimoine, les 14 et 15 septembre prochains et de la semaine de la mobilit\u00e9, Europ\u2019Essonne \u00e9dite son \u00a0 \u00a0 \u00a0 \u00a0\u00ab \u00a0Guide du promeneur\u00a0\u00bb. Plus de 60 km d\u2019\u00e9quipements [&hellip;]<\/p>\n","protected":false},"author":1,"featured_media":3632,"comment_status":"open","ping_status":"open","sticky":false,"template":"","format":"standard","meta":{"footnotes":""},"categories":[15],"tags":[],"class_list":["post-3631","post","type-post","status-publish","format-standard","has-post-thumbnail","hentry","category-patrimoi"],"yoast_head":"<!-- This site is optimized with the Yoast SEO plugin v25.6 - https:\/\/yoast.com\/wordpress\/plugins\/seo\/ -->\n<title>Le Guide du promeneur d\u2019Europ\u2019Essonne est arriv\u00e9 - Fran\u00e7ois Pelletant<\/title>\n<meta name=\"description\" content=\"D\u00e9couvrez les nouveaux am\u00e9nagements pour les cyclos et les pi\u00e9tons dans le Guide du promeneur \u00e9dit\u00e9 par Europ&#039;Essonne.\" \/>\n<meta name=\"robots\" content=\"index, follow, max-snippet:-1, max-image-preview:large, max-video-preview:-1\" \/>\n<link rel=\"canonical\" href=\"https:\/\/francois-pelletant.fr\/blog\/le-guide-du-promeneur-deuropessonne\/\" \/>\n<meta property=\"og:locale\" content=\"fr_FR\" \/>\n<meta property=\"og:type\" content=\"article\" \/>\n<meta property=\"og:title\" content=\"Le Guide du promeneur d\u2019Europ\u2019Essonne est arriv\u00e9 - Fran\u00e7ois Pelletant\" \/>\n<meta property=\"og:description\" content=\"D\u00e9couvrez les nouveaux am\u00e9nagements pour les cyclos et les pi\u00e9tons dans le Guide du promeneur \u00e9dit\u00e9 par Europ&#039;Essonne.\" \/>\n<meta property=\"og:url\" content=\"https:\/\/francois-pelletant.fr\/blog\/le-guide-du-promeneur-deuropessonne\/\" \/>\n<meta property=\"og:site_name\" content=\"Fran\u00e7ois Pelletant\" \/>\n<meta property=\"article:publisher\" content=\"https:\/\/www.facebook.com\/francois.pelletant.7\" \/>\n<meta property=\"article:published_time\" content=\"2013-09-09T08:31:39+00:00\" \/>\n<meta property=\"article:modified_time\" content=\"2017-05-17T09:44:50+00:00\" \/>\n<meta property=\"og:image\" content=\"https:\/\/francois-pelletant.fr\/blog\/wp-content\/uploads\/2013\/09\/guide-du-promeneur.jpg\" \/>\n\t<meta property=\"og:image:width\" content=\"591\" \/>\n\t<meta property=\"og:image:height\" content=\"480\" \/>\n\t<meta property=\"og:image:type\" content=\"image\/jpeg\" \/>\n<meta name=\"author\" content=\"Francois\" \/>\n<meta name=\"twitter:card\" content=\"summary_large_image\" \/>\n<meta name=\"twitter:creator\" content=\"@pelletant\" \/>\n<meta name=\"twitter:site\" content=\"@pelletant\" \/>\n<meta name=\"twitter:label1\" content=\"\u00c9crit par\" \/>\n\t<meta name=\"twitter:data1\" content=\"Francois\" \/>\n\t<meta name=\"twitter:label2\" content=\"Dur\u00e9e de lecture estim\u00e9e\" \/>\n\t<meta name=\"twitter:data2\" content=\"1 minute\" \/>\n<script type=\"application\/ld+json\" class=\"yoast-schema-graph\">{\"@context\":\"https:\/\/schema.org\",\"@graph\":[{\"@type\":\"Article\",\"@id\":\"https:\/\/francois-pelletant.fr\/blog\/le-guide-du-promeneur-deuropessonne\/#article\",\"isPartOf\":{\"@id\":\"https:\/\/francois-pelletant.fr\/blog\/le-guide-du-promeneur-deuropessonne\/\"},\"author\":{\"name\":\"Francois\",\"@id\":\"https:\/\/francois-pelletant.fr\/blog\/#\/schema\/person\/2be41acb171dff8f31aaed1f40cee9f3\"},\"headline\":\"Le Guide du promeneur d\u2019Europ\u2019Essonne est arriv\u00e9\",\"datePublished\":\"2013-09-09T08:31:39+00:00\",\"dateModified\":\"2017-05-17T09:44:50+00:00\",\"mainEntityOfPage\":{\"@id\":\"https:\/\/francois-pelletant.fr\/blog\/le-guide-du-promeneur-deuropessonne\/\"},\"wordCount\":169,\"commentCount\":0,\"publisher\":{\"@id\":\"https:\/\/francois-pelletant.fr\/blog\/#organization\"},\"image\":{\"@id\":\"https:\/\/francois-pelletant.fr\/blog\/le-guide-du-promeneur-deuropessonne\/#primaryimage\"},\"thumbnailUrl\":\"https:\/\/francois-pelletant.fr\/blog\/wp-content\/uploads\/2013\/09\/guide-du-promeneur.jpg\",\"articleSection\":[\"Patrimoine\"],\"inLanguage\":\"fr-FR\",\"potentialAction\":[{\"@type\":\"CommentAction\",\"name\":\"Comment\",\"target\":[\"https:\/\/francois-pelletant.fr\/blog\/le-guide-du-promeneur-deuropessonne\/#respond\"]}]},{\"@type\":\"WebPage\",\"@id\":\"https:\/\/francois-pelletant.fr\/blog\/le-guide-du-promeneur-deuropessonne\/\",\"url\":\"https:\/\/francois-pelletant.fr\/blog\/le-guide-du-promeneur-deuropessonne\/\",\"name\":\"Le Guide du promeneur d\u2019Europ\u2019Essonne est arriv\u00e9 - Fran\u00e7ois Pelletant\",\"isPartOf\":{\"@id\":\"https:\/\/francois-pelletant.fr\/blog\/#website\"},\"primaryImageOfPage\":{\"@id\":\"https:\/\/francois-pelletant.fr\/blog\/le-guide-du-promeneur-deuropessonne\/#primaryimage\"},\"image\":{\"@id\":\"https:\/\/francois-pelletant.fr\/blog\/le-guide-du-promeneur-deuropessonne\/#primaryimage\"},\"thumbnailUrl\":\"https:\/\/francois-pelletant.fr\/blog\/wp-content\/uploads\/2013\/09\/guide-du-promeneur.jpg\",\"datePublished\":\"2013-09-09T08:31:39+00:00\",\"dateModified\":\"2017-05-17T09:44:50+00:00\",\"description\":\"D\u00e9couvrez les nouveaux am\u00e9nagements pour les cyclos et les pi\u00e9tons dans le Guide du promeneur \u00e9dit\u00e9 par Europ'Essonne.\",\"breadcrumb\":{\"@id\":\"https:\/\/francois-pelletant.fr\/blog\/le-guide-du-promeneur-deuropessonne\/#breadcrumb\"},\"inLanguage\":\"fr-FR\",\"potentialAction\":[{\"@type\":\"ReadAction\",\"target\":[\"https:\/\/francois-pelletant.fr\/blog\/le-guide-du-promeneur-deuropessonne\/\"]}]},{\"@type\":\"ImageObject\",\"inLanguage\":\"fr-FR\",\"@id\":\"https:\/\/francois-pelletant.fr\/blog\/le-guide-du-promeneur-deuropessonne\/#primaryimage\",\"url\":\"https:\/\/francois-pelletant.fr\/blog\/wp-content\/uploads\/2013\/09\/guide-du-promeneur.jpg\",\"contentUrl\":\"https:\/\/francois-pelletant.fr\/blog\/wp-content\/uploads\/2013\/09\/guide-du-promeneur.jpg\",\"width\":591,\"height\":480},{\"@type\":\"BreadcrumbList\",\"@id\":\"https:\/\/francois-pelletant.fr\/blog\/le-guide-du-promeneur-deuropessonne\/#breadcrumb\",\"itemListElement\":[{\"@type\":\"ListItem\",\"position\":1,\"name\":\"Accueil\",\"item\":\"https:\/\/francois-pelletant.fr\/blog\/\"},{\"@type\":\"ListItem\",\"position\":2,\"name\":\"Le Guide du promeneur d\u2019Europ\u2019Essonne est arriv\u00e9\"}]},{\"@type\":\"WebSite\",\"@id\":\"https:\/\/francois-pelletant.fr\/blog\/#website\",\"url\":\"https:\/\/francois-pelletant.fr\/blog\/\",\"name\":\"Fran\u00e7ois Pelletant\",\"description\":\"Maire de Linas, pour toujours.\",\"publisher\":{\"@id\":\"https:\/\/francois-pelletant.fr\/blog\/#organization\"},\"potentialAction\":[{\"@type\":\"SearchAction\",\"target\":{\"@type\":\"EntryPoint\",\"urlTemplate\":\"https:\/\/francois-pelletant.fr\/blog\/?s={search_term_string}\"},\"query-input\":{\"@type\":\"PropertyValueSpecification\",\"valueRequired\":true,\"valueName\":\"search_term_string\"}}],\"inLanguage\":\"fr-FR\"},{\"@type\":\"Organization\",\"@id\":\"https:\/\/francois-pelletant.fr\/blog\/#organization\",\"name\":\"Fran\u00e7ois Pelletant\",\"url\":\"https:\/\/francois-pelletant.fr\/blog\/\",\"logo\":{\"@type\":\"ImageObject\",\"inLanguage\":\"fr-FR\",\"@id\":\"https:\/\/francois-pelletant.fr\/blog\/#\/schema\/logo\/image\/\",\"url\":\"https:\/\/francois-pelletant.fr\/blog\/wp-content\/uploads\/2024\/07\/icone-francois-centre-500p.png\",\"contentUrl\":\"https:\/\/francois-pelletant.fr\/blog\/wp-content\/uploads\/2024\/07\/icone-francois-centre-500p.png\",\"width\":559,\"height\":447,\"caption\":\"Fran\u00e7ois Pelletant\"},\"image\":{\"@id\":\"https:\/\/francois-pelletant.fr\/blog\/#\/schema\/logo\/image\/\"},\"sameAs\":[\"https:\/\/www.facebook.com\/francois.pelletant.7\",\"https:\/\/x.com\/pelletant\"]},{\"@type\":\"Person\",\"@id\":\"https:\/\/francois-pelletant.fr\/blog\/#\/schema\/person\/2be41acb171dff8f31aaed1f40cee9f3\",\"name\":\"Francois\"}]}<\/script>\n<!-- \/ Yoast SEO plugin. -->","yoast_head_json":{"title":"Le Guide du promeneur d\u2019Europ\u2019Essonne est arriv\u00e9 - Fran\u00e7ois Pelletant","description":"D\u00e9couvrez les nouveaux am\u00e9nagements pour les cyclos et les pi\u00e9tons dans le Guide du promeneur \u00e9dit\u00e9 par Europ'Essonne.","robots":{"index":"index","follow":"follow","max-snippet":"max-snippet:-1","max-image-preview":"max-image-preview:large","max-video-preview":"max-video-preview:-1"},"canonical":"https:\/\/francois-pelletant.fr\/blog\/le-guide-du-promeneur-deuropessonne\/","og_locale":"fr_FR","og_type":"article","og_title":"Le Guide du promeneur d\u2019Europ\u2019Essonne est arriv\u00e9 - Fran\u00e7ois Pelletant","og_description":"D\u00e9couvrez les nouveaux am\u00e9nagements pour les cyclos et les pi\u00e9tons dans le Guide du promeneur \u00e9dit\u00e9 par Europ'Essonne.","og_url":"https:\/\/francois-pelletant.fr\/blog\/le-guide-du-promeneur-deuropessonne\/","og_site_name":"Fran\u00e7ois Pelletant","article_publisher":"https:\/\/www.facebook.com\/francois.pelletant.7","article_published_time":"2013-09-09T08:31:39+00:00","article_modified_time":"2017-05-17T09:44:50+00:00","og_image":[{"width":591,"height":480,"url":"https:\/\/francois-pelletant.fr\/blog\/wp-content\/uploads\/2013\/09\/guide-du-promeneur.jpg","type":"image\/jpeg"}],"author":"Francois","twitter_card":"summary_large_image","twitter_creator":"@pelletant","twitter_site":"@pelletant","twitter_misc":{"\u00c9crit par":"Francois","Dur\u00e9e de lecture estim\u00e9e":"1 minute"},"schema":{"@context":"https:\/\/schema.org","@graph":[{"@type":"Article","@id":"https:\/\/francois-pelletant.fr\/blog\/le-guide-du-promeneur-deuropessonne\/#article","isPartOf":{"@id":"https:\/\/francois-pelletant.fr\/blog\/le-guide-du-promeneur-deuropessonne\/"},"author":{"name":"Francois","@id":"https:\/\/francois-pelletant.fr\/blog\/#\/schema\/person\/2be41acb171dff8f31aaed1f40cee9f3"},"headline":"Le Guide du promeneur d\u2019Europ\u2019Essonne est arriv\u00e9","datePublished":"2013-09-09T08:31:39+00:00","dateModified":"2017-05-17T09:44:50+00:00","mainEntityOfPage":{"@id":"https:\/\/francois-pelletant.fr\/blog\/le-guide-du-promeneur-deuropessonne\/"},"wordCount":169,"commentCount":0,"publisher":{"@id":"https:\/\/francois-pelletant.fr\/blog\/#organization"},"image":{"@id":"https:\/\/francois-pelletant.fr\/blog\/le-guide-du-promeneur-deuropessonne\/#primaryimage"},"thumbnailUrl":"https:\/\/francois-pelletant.fr\/blog\/wp-content\/uploads\/2013\/09\/guide-du-promeneur.jpg","articleSection":["Patrimoine"],"inLanguage":"fr-FR","potentialAction":[{"@type":"CommentAction","name":"Comment","target":["https:\/\/francois-pelletant.fr\/blog\/le-guide-du-promeneur-deuropessonne\/#respond"]}]},{"@type":"WebPage","@id":"https:\/\/francois-pelletant.fr\/blog\/le-guide-du-promeneur-deuropessonne\/","url":"https:\/\/francois-pelletant.fr\/blog\/le-guide-du-promeneur-deuropessonne\/","name":"Le Guide du promeneur d\u2019Europ\u2019Essonne est arriv\u00e9 - Fran\u00e7ois Pelletant","isPartOf":{"@id":"https:\/\/francois-pelletant.fr\/blog\/#website"},"primaryImageOfPage":{"@id":"https:\/\/francois-pelletant.fr\/blog\/le-guide-du-promeneur-deuropessonne\/#primaryimage"},"image":{"@id":"https:\/\/francois-pelletant.fr\/blog\/le-guide-du-promeneur-deuropessonne\/#primaryimage"},"thumbnailUrl":"https:\/\/francois-pelletant.fr\/blog\/wp-content\/uploads\/2013\/09\/guide-du-promeneur.jpg","datePublished":"2013-09-09T08:31:39+00:00","dateModified":"2017-05-17T09:44:50+00:00","description":"D\u00e9couvrez les nouveaux am\u00e9nagements pour les cyclos et les pi\u00e9tons dans le Guide du promeneur \u00e9dit\u00e9 par Europ'Essonne.","breadcrumb":{"@id":"https:\/\/francois-pelletant.fr\/blog\/le-guide-du-promeneur-deuropessonne\/#breadcrumb"},"inLanguage":"fr-FR","potentialAction":[{"@type":"ReadAction","target":["https:\/\/francois-pelletant.fr\/blog\/le-guide-du-promeneur-deuropessonne\/"]}]},{"@type":"ImageObject","inLanguage":"fr-FR","@id":"https:\/\/francois-pelletant.fr\/blog\/le-guide-du-promeneur-deuropessonne\/#primaryimage","url":"https:\/\/francois-pelletant.fr\/blog\/wp-content\/uploads\/2013\/09\/guide-du-promeneur.jpg","contentUrl":"https:\/\/francois-pelletant.fr\/blog\/wp-content\/uploads\/2013\/09\/guide-du-promeneur.jpg","width":591,"height":480},{"@type":"BreadcrumbList","@id":"https:\/\/francois-pelletant.fr\/blog\/le-guide-du-promeneur-deuropessonne\/#breadcrumb","itemListElement":[{"@type":"ListItem","position":1,"name":"Accueil","item":"https:\/\/francois-pelletant.fr\/blog\/"},{"@type":"ListItem","position":2,"name":"Le Guide du promeneur d\u2019Europ\u2019Essonne est arriv\u00e9"}]},{"@type":"WebSite","@id":"https:\/\/francois-pelletant.fr\/blog\/#website","url":"https:\/\/francois-pelletant.fr\/blog\/","name":"Fran\u00e7ois Pelletant","description":"Maire de Linas, pour toujours.","publisher":{"@id":"https:\/\/francois-pelletant.fr\/blog\/#organization"},"potentialAction":[{"@type":"SearchAction","target":{"@type":"EntryPoint","urlTemplate":"https:\/\/francois-pelletant.fr\/blog\/?s={search_term_string}"},"query-input":{"@type":"PropertyValueSpecification","valueRequired":true,"valueName":"search_term_string"}}],"inLanguage":"fr-FR"},{"@type":"Organization","@id":"https:\/\/francois-pelletant.fr\/blog\/#organization","name":"Fran\u00e7ois Pelletant","url":"https:\/\/francois-pelletant.fr\/blog\/","logo":{"@type":"ImageObject","inLanguage":"fr-FR","@id":"https:\/\/francois-pelletant.fr\/blog\/#\/schema\/logo\/image\/","url":"https:\/\/francois-pelletant.fr\/blog\/wp-content\/uploads\/2024\/07\/icone-francois-centre-500p.png","contentUrl":"https:\/\/francois-pelletant.fr\/blog\/wp-content\/uploads\/2024\/07\/icone-francois-centre-500p.png","width":559,"height":447,"caption":"Fran\u00e7ois Pelletant"},"image":{"@id":"https:\/\/francois-pelletant.fr\/blog\/#\/schema\/logo\/image\/"},"sameAs":["https:\/\/www.facebook.com\/francois.pelletant.7","https:\/\/x.com\/pelletant"]},{"@type":"Person","@id":"https:\/\/francois-pelletant.fr\/blog\/#\/schema\/person\/2be41acb171dff8f31aaed1f40cee9f3","name":"Francois"}]}},"_links":{"self":[{"href":"https:\/\/francois-pelletant.fr\/blog\/wp-json\/wp\/v2\/posts\/3631","targetHints":{"allow":["GET"]}}],"collection":[{"href":"https:\/\/francois-pelletant.fr\/blog\/wp-json\/wp\/v2\/posts"}],"about":[{"href":"https:\/\/francois-pelletant.fr\/blog\/wp-json\/wp\/v2\/types\/post"}],"author":[{"embeddable":true,"href":"https:\/\/francois-pelletant.fr\/blog\/wp-json\/wp\/v2\/users\/1"}],"replies":[{"embeddable":true,"href":"https:\/\/francois-pelletant.fr\/blog\/wp-json\/wp\/v2\/comments?post=3631"}],"version-history":[{"count":0,"href":"https:\/\/francois-pelletant.fr\/blog\/wp-json\/wp\/v2\/posts\/3631\/revisions"}],"wp:featuredmedia":[{"embeddable":true,"href":"https:\/\/francois-pelletant.fr\/blog\/wp-json\/wp\/v2\/media\/3632"}],"wp:attachment":[{"href":"https:\/\/francois-pelletant.fr\/blog\/wp-json\/wp\/v2\/media?parent=3631"}],"wp:term":[{"taxonomy":"category","embeddable":true,"href":"https:\/\/francois-pelletant.fr\/blog\/wp-json\/wp\/v2\/categories?post=3631"},{"taxonomy":"post_tag","embeddable":true,"href":"https:\/\/francois-pelletant.fr\/blog\/wp-json\/wp\/v2\/tags?post=3631"}],"curies":[{"name":"wp","href":"https:\/\/api.w.org\/{rel}","templated":true}]}}