{"id":3643,"date":"2013-09-15T08:34:05","date_gmt":"2013-09-15T06:34:05","guid":{"rendered":"https:\/\/francois-pelletant.fr\/blog\/?p=3643"},"modified":"2013-09-15T08:34:05","modified_gmt":"2013-09-15T06:34:05","slug":"le-meilleur-de-lactualite-en-illustrations","status":"publish","type":"post","link":"https:\/\/francois-pelletant.fr\/blog\/le-meilleur-de-lactualite-en-illustrations\/","title":{"rendered":"Le meilleur de l&#039;actualit\u00e9 en illustrations"},"content":{"rendered":"<figure id=\"attachment_3644\" aria-describedby=\"caption-attachment-3644\" style=\"width: 300px\" class=\"wp-caption alignleft\"><a href=\"https:\/\/francois-pelletant.fr\/blog\/wp-content\/uploads\/2013\/09\/leplacide.com-12-septembre.jpg\"><img loading=\"lazy\" decoding=\"async\" class=\"size-medium wp-image-3644\" title=\"leplacide.com 12 septembre\" src=\"https:\/\/francois-pelletant.fr\/blog\/wp-content\/uploads\/2013\/09\/leplacide.com-12-septembre-300x217.jpg\" alt=\"\" width=\"300\" height=\"217\" \/><\/a><figcaption id=\"caption-attachment-3644\" class=\"wp-caption-text\">leplacide.com 12 septembre<\/figcaption><\/figure>\n<p>Impots, retraites, la\u00efcit\u00e9, vie politique, s\u00e9curit\u00e9 sociale&#8230; L&#8217;actualit\u00e9, ce sont les caricaturistes de presse qui en parlent le mieux.<\/p>\n<p>&nbsp;<\/p>\n<figure id=\"attachment_3645\" aria-describedby=\"caption-attachment-3645\" style=\"width: 300px\" class=\"wp-caption aligncenter\"><a href=\"https:\/\/francois-pelletant.fr\/blog\/wp-content\/uploads\/2013\/09\/Le-Canard-enchain\u00e9-11-septembre.jpg\"><img loading=\"lazy\" decoding=\"async\" class=\"size-medium wp-image-3645\" title=\"Le Canard enchain\u00e9 11 septembre\" src=\"https:\/\/francois-pelletant.fr\/blog\/wp-content\/uploads\/2013\/09\/Le-Canard-enchain\u00e9-11-septembre-300x233.jpg\" alt=\"\" width=\"300\" height=\"233\" \/><\/a><figcaption id=\"caption-attachment-3645\" class=\"wp-caption-text\">Le Canard enchain\u00e9 11 septembre<\/figcaption><\/figure>\n<p>&nbsp;<\/p>\n<figure id=\"attachment_3646\" aria-describedby=\"caption-attachment-3646\" style=\"width: 300px\" class=\"wp-caption aligncenter\"><a href=\"https:\/\/francois-pelletant.fr\/blog\/wp-content\/uploads\/2013\/09\/Le-Parisien-12-septembre1.jpg\"><img loading=\"lazy\" decoding=\"async\" class=\"size-medium wp-image-3646\" title=\"Le Parisien 12 septembre\" src=\"https:\/\/francois-pelletant.fr\/blog\/wp-content\/uploads\/2013\/09\/Le-Parisien-12-septembre1-300x277.jpg\" alt=\"\" width=\"300\" height=\"277\" \/><\/a><figcaption id=\"caption-attachment-3646\" class=\"wp-caption-text\">Le Parisien 12 septembre<\/figcaption><\/figure>\n<p>&nbsp;<\/p>\n<figure id=\"attachment_3647\" aria-describedby=\"caption-attachment-3647\" style=\"width: 300px\" class=\"wp-caption aligncenter\"><a href=\"https:\/\/francois-pelletant.fr\/blog\/wp-content\/uploads\/2013\/09\/Marianne-7-septembre.jpg\"><img loading=\"lazy\" decoding=\"async\" class=\"size-medium wp-image-3647\" title=\"Marianne 7 septembre\" src=\"https:\/\/francois-pelletant.fr\/blog\/wp-content\/uploads\/2013\/09\/Marianne-7-septembre-300x295.jpg\" alt=\"\" width=\"300\" height=\"295\" \/><\/a><figcaption id=\"caption-attachment-3647\" class=\"wp-caption-text\">Marianne 7 septembre<\/figcaption><\/figure>\n<p>&nbsp;<\/p>\n<figure id=\"attachment_3648\" aria-describedby=\"caption-attachment-3648\" style=\"width: 190px\" class=\"wp-caption aligncenter\"><a href=\"https:\/\/francois-pelletant.fr\/blog\/wp-content\/uploads\/2013\/09\/Urtikan.net-11-septembre.jpg\"><img loading=\"lazy\" decoding=\"async\" class=\"size-full wp-image-3648\" title=\"Urtikan.net 11 septembre\" src=\"https:\/\/francois-pelletant.fr\/blog\/wp-content\/uploads\/2013\/09\/Urtikan.net-11-septembre.jpg\" alt=\"\" width=\"190\" height=\"180\" \/><\/a><figcaption id=\"caption-attachment-3648\" class=\"wp-caption-text\">Urtikan.net 11 septembre<\/figcaption><\/figure>\n<p>&nbsp;<\/p>\n<figure id=\"attachment_3649\" aria-describedby=\"caption-attachment-3649\" style=\"width: 300px\" class=\"wp-caption aligncenter\"><a href=\"https:\/\/francois-pelletant.fr\/blog\/wp-content\/uploads\/2013\/09\/wingz.fr-10-septembre.jpg\"><img loading=\"lazy\" decoding=\"async\" class=\"size-medium wp-image-3649\" title=\"wingz.fr 10 septembre\" src=\"https:\/\/francois-pelletant.fr\/blog\/wp-content\/uploads\/2013\/09\/wingz.fr-10-septembre-300x242.jpg\" alt=\"\" width=\"300\" height=\"242\" srcset=\"https:\/\/francois-pelletant.fr\/blog\/wp-content\/uploads\/2013\/09\/wingz.fr-10-septembre-300x242.jpg 300w, https:\/\/francois-pelletant.fr\/blog\/wp-content\/uploads\/2013\/09\/wingz.fr-10-septembre.jpg 472w\" sizes=\"auto, (max-width: 300px) 100vw, 300px\" \/><\/a><figcaption id=\"caption-attachment-3649\" class=\"wp-caption-text\">wingz.fr 10 septembre<\/figcaption><\/figure>\n","protected":false},"excerpt":{"rendered":"<p>Impots, retraites, la\u00efcit\u00e9, vie politique, s\u00e9curit\u00e9 sociale&#8230; L&#8217;actualit\u00e9, ce sont les caricaturistes de presse qui en parlent le mieux. &nbsp; &nbsp; &nbsp; &nbsp; &nbsp;<\/p>\n","protected":false},"author":1,"featured_media":3644,"comment_status":"open","ping_status":"open","sticky":false,"template":"","format":"standard","meta":{"footnotes":""},"categories":[18],"tags":[],"class_list":["post-3643","post","type-post","status-publish","format-standard","has-post-thumbnail","hentry","category-gags-et-bon-moments"],"yoast_head":"<!-- This site is optimized with the Yoast SEO plugin v25.6 - https:\/\/yoast.com\/wordpress\/plugins\/seo\/ -->\n<title>Le meilleur de l&#039;actualit\u00e9 en illustrations - Fran\u00e7ois Pelletant<\/title>\n<meta name=\"robots\" content=\"index, follow, max-snippet:-1, max-image-preview:large, max-video-preview:-1\" \/>\n<link rel=\"canonical\" href=\"https:\/\/francois-pelletant.fr\/blog\/le-meilleur-de-lactualite-en-illustrations\/\" \/>\n<meta property=\"og:locale\" content=\"fr_FR\" \/>\n<meta property=\"og:type\" content=\"article\" \/>\n<meta property=\"og:title\" content=\"Le meilleur de l&#039;actualit\u00e9 en illustrations - Fran\u00e7ois Pelletant\" \/>\n<meta property=\"og:description\" content=\"Impots, retraites, la\u00efcit\u00e9, vie politique, s\u00e9curit\u00e9 sociale&#8230; L&#8217;actualit\u00e9, ce sont les caricaturistes de presse qui en parlent le mieux. &nbsp; &nbsp; &nbsp; &nbsp; &nbsp;\" \/>\n<meta property=\"og:url\" content=\"https:\/\/francois-pelletant.fr\/blog\/le-meilleur-de-lactualite-en-illustrations\/\" \/>\n<meta property=\"og:site_name\" content=\"Fran\u00e7ois Pelletant\" \/>\n<meta property=\"article:publisher\" content=\"https:\/\/www.facebook.com\/francois.pelletant.7\" \/>\n<meta property=\"article:published_time\" content=\"2013-09-15T06:34:05+00:00\" \/>\n<meta property=\"og:image\" content=\"https:\/\/francois-pelletant.fr\/blog\/wp-content\/uploads\/2013\/09\/leplacide.com-12-septembre.jpg\" \/>\n\t<meta property=\"og:image:width\" content=\"501\" \/>\n\t<meta property=\"og:image:height\" content=\"364\" \/>\n\t<meta property=\"og:image:type\" content=\"image\/jpeg\" \/>\n<meta name=\"author\" content=\"Francois\" \/>\n<meta name=\"twitter:card\" content=\"summary_large_image\" \/>\n<meta name=\"twitter:creator\" content=\"@pelletant\" \/>\n<meta name=\"twitter:site\" content=\"@pelletant\" \/>\n<meta name=\"twitter:label1\" content=\"\u00c9crit par\" \/>\n\t<meta name=\"twitter:data1\" content=\"Francois\" \/>\n<script type=\"application\/ld+json\" class=\"yoast-schema-graph\">{\"@context\":\"https:\/\/schema.org\",\"@graph\":[{\"@type\":\"Article\",\"@id\":\"https:\/\/francois-pelletant.fr\/blog\/le-meilleur-de-lactualite-en-illustrations\/#article\",\"isPartOf\":{\"@id\":\"https:\/\/francois-pelletant.fr\/blog\/le-meilleur-de-lactualite-en-illustrations\/\"},\"author\":{\"name\":\"Francois\",\"@id\":\"https:\/\/francois-pelletant.fr\/blog\/#\/schema\/person\/2be41acb171dff8f31aaed1f40cee9f3\"},\"headline\":\"Le meilleur de l&#039;actualit\u00e9 en illustrations\",\"datePublished\":\"2013-09-15T06:34:05+00:00\",\"mainEntityOfPage\":{\"@id\":\"https:\/\/francois-pelletant.fr\/blog\/le-meilleur-de-lactualite-en-illustrations\/\"},\"wordCount\":100,\"commentCount\":0,\"publisher\":{\"@id\":\"https:\/\/francois-pelletant.fr\/blog\/#organization\"},\"image\":{\"@id\":\"https:\/\/francois-pelletant.fr\/blog\/le-meilleur-de-lactualite-en-illustrations\/#primaryimage\"},\"thumbnailUrl\":\"https:\/\/francois-pelletant.fr\/blog\/wp-content\/uploads\/2013\/09\/leplacide.com-12-septembre.jpg\",\"articleSection\":[\"Rires, gags et bon moments\"],\"inLanguage\":\"fr-FR\",\"potentialAction\":[{\"@type\":\"CommentAction\",\"name\":\"Comment\",\"target\":[\"https:\/\/francois-pelletant.fr\/blog\/le-meilleur-de-lactualite-en-illustrations\/#respond\"]}]},{\"@type\":\"WebPage\",\"@id\":\"https:\/\/francois-pelletant.fr\/blog\/le-meilleur-de-lactualite-en-illustrations\/\",\"url\":\"https:\/\/francois-pelletant.fr\/blog\/le-meilleur-de-lactualite-en-illustrations\/\",\"name\":\"Le meilleur de l&#039;actualit\u00e9 en illustrations - Fran\u00e7ois Pelletant\",\"isPartOf\":{\"@id\":\"https:\/\/francois-pelletant.fr\/blog\/#website\"},\"primaryImageOfPage\":{\"@id\":\"https:\/\/francois-pelletant.fr\/blog\/le-meilleur-de-lactualite-en-illustrations\/#primaryimage\"},\"image\":{\"@id\":\"https:\/\/francois-pelletant.fr\/blog\/le-meilleur-de-lactualite-en-illustrations\/#primaryimage\"},\"thumbnailUrl\":\"https:\/\/francois-pelletant.fr\/blog\/wp-content\/uploads\/2013\/09\/leplacide.com-12-septembre.jpg\",\"datePublished\":\"2013-09-15T06:34:05+00:00\",\"breadcrumb\":{\"@id\":\"https:\/\/francois-pelletant.fr\/blog\/le-meilleur-de-lactualite-en-illustrations\/#breadcrumb\"},\"inLanguage\":\"fr-FR\",\"potentialAction\":[{\"@type\":\"ReadAction\",\"target\":[\"https:\/\/francois-pelletant.fr\/blog\/le-meilleur-de-lactualite-en-illustrations\/\"]}]},{\"@type\":\"ImageObject\",\"inLanguage\":\"fr-FR\",\"@id\":\"https:\/\/francois-pelletant.fr\/blog\/le-meilleur-de-lactualite-en-illustrations\/#primaryimage\",\"url\":\"https:\/\/francois-pelletant.fr\/blog\/wp-content\/uploads\/2013\/09\/leplacide.com-12-septembre.jpg\",\"contentUrl\":\"https:\/\/francois-pelletant.fr\/blog\/wp-content\/uploads\/2013\/09\/leplacide.com-12-septembre.jpg\",\"width\":501,\"height\":364,\"caption\":\"leplacide.com 12 septembre\"},{\"@type\":\"BreadcrumbList\",\"@id\":\"https:\/\/francois-pelletant.fr\/blog\/le-meilleur-de-lactualite-en-illustrations\/#breadcrumb\",\"itemListElement\":[{\"@type\":\"ListItem\",\"position\":1,\"name\":\"Accueil\",\"item\":\"https:\/\/francois-pelletant.fr\/blog\/\"},{\"@type\":\"ListItem\",\"position\":2,\"name\":\"Le meilleur de l&#039;actualit\u00e9 en illustrations\"}]},{\"@type\":\"WebSite\",\"@id\":\"https:\/\/francois-pelletant.fr\/blog\/#website\",\"url\":\"https:\/\/francois-pelletant.fr\/blog\/\",\"name\":\"Fran\u00e7ois Pelletant\",\"description\":\"Maire de Linas, pour toujours.\",\"publisher\":{\"@id\":\"https:\/\/francois-pelletant.fr\/blog\/#organization\"},\"potentialAction\":[{\"@type\":\"SearchAction\",\"target\":{\"@type\":\"EntryPoint\",\"urlTemplate\":\"https:\/\/francois-pelletant.fr\/blog\/?s={search_term_string}\"},\"query-input\":{\"@type\":\"PropertyValueSpecification\",\"valueRequired\":true,\"valueName\":\"search_term_string\"}}],\"inLanguage\":\"fr-FR\"},{\"@type\":\"Organization\",\"@id\":\"https:\/\/francois-pelletant.fr\/blog\/#organization\",\"name\":\"Fran\u00e7ois Pelletant\",\"url\":\"https:\/\/francois-pelletant.fr\/blog\/\",\"logo\":{\"@type\":\"ImageObject\",\"inLanguage\":\"fr-FR\",\"@id\":\"https:\/\/francois-pelletant.fr\/blog\/#\/schema\/logo\/image\/\",\"url\":\"https:\/\/francois-pelletant.fr\/blog\/wp-content\/uploads\/2024\/07\/icone-francois-centre-500p.png\",\"contentUrl\":\"https:\/\/francois-pelletant.fr\/blog\/wp-content\/uploads\/2024\/07\/icone-francois-centre-500p.png\",\"width\":559,\"height\":447,\"caption\":\"Fran\u00e7ois Pelletant\"},\"image\":{\"@id\":\"https:\/\/francois-pelletant.fr\/blog\/#\/schema\/logo\/image\/\"},\"sameAs\":[\"https:\/\/www.facebook.com\/francois.pelletant.7\",\"https:\/\/x.com\/pelletant\"]},{\"@type\":\"Person\",\"@id\":\"https:\/\/francois-pelletant.fr\/blog\/#\/schema\/person\/2be41acb171dff8f31aaed1f40cee9f3\",\"name\":\"Francois\"}]}<\/script>\n<!-- \/ Yoast SEO plugin. -->","yoast_head_json":{"title":"Le meilleur de l&#039;actualit\u00e9 en illustrations - Fran\u00e7ois Pelletant","robots":{"index":"index","follow":"follow","max-snippet":"max-snippet:-1","max-image-preview":"max-image-preview:large","max-video-preview":"max-video-preview:-1"},"canonical":"https:\/\/francois-pelletant.fr\/blog\/le-meilleur-de-lactualite-en-illustrations\/","og_locale":"fr_FR","og_type":"article","og_title":"Le meilleur de l&#039;actualit\u00e9 en illustrations - Fran\u00e7ois Pelletant","og_description":"Impots, retraites, la\u00efcit\u00e9, vie politique, s\u00e9curit\u00e9 sociale&#8230; L&#8217;actualit\u00e9, ce sont les caricaturistes de presse qui en parlent le mieux. &nbsp; &nbsp; &nbsp; &nbsp; &nbsp;","og_url":"https:\/\/francois-pelletant.fr\/blog\/le-meilleur-de-lactualite-en-illustrations\/","og_site_name":"Fran\u00e7ois Pelletant","article_publisher":"https:\/\/www.facebook.com\/francois.pelletant.7","article_published_time":"2013-09-15T06:34:05+00:00","og_image":[{"width":501,"height":364,"url":"https:\/\/francois-pelletant.fr\/blog\/wp-content\/uploads\/2013\/09\/leplacide.com-12-septembre.jpg","type":"image\/jpeg"}],"author":"Francois","twitter_card":"summary_large_image","twitter_creator":"@pelletant","twitter_site":"@pelletant","twitter_misc":{"\u00c9crit par":"Francois"},"schema":{"@context":"https:\/\/schema.org","@graph":[{"@type":"Article","@id":"https:\/\/francois-pelletant.fr\/blog\/le-meilleur-de-lactualite-en-illustrations\/#article","isPartOf":{"@id":"https:\/\/francois-pelletant.fr\/blog\/le-meilleur-de-lactualite-en-illustrations\/"},"author":{"name":"Francois","@id":"https:\/\/francois-pelletant.fr\/blog\/#\/schema\/person\/2be41acb171dff8f31aaed1f40cee9f3"},"headline":"Le meilleur de l&#039;actualit\u00e9 en illustrations","datePublished":"2013-09-15T06:34:05+00:00","mainEntityOfPage":{"@id":"https:\/\/francois-pelletant.fr\/blog\/le-meilleur-de-lactualite-en-illustrations\/"},"wordCount":100,"commentCount":0,"publisher":{"@id":"https:\/\/francois-pelletant.fr\/blog\/#organization"},"image":{"@id":"https:\/\/francois-pelletant.fr\/blog\/le-meilleur-de-lactualite-en-illustrations\/#primaryimage"},"thumbnailUrl":"https:\/\/francois-pelletant.fr\/blog\/wp-content\/uploads\/2013\/09\/leplacide.com-12-septembre.jpg","articleSection":["Rires, gags et bon moments"],"inLanguage":"fr-FR","potentialAction":[{"@type":"CommentAction","name":"Comment","target":["https:\/\/francois-pelletant.fr\/blog\/le-meilleur-de-lactualite-en-illustrations\/#respond"]}]},{"@type":"WebPage","@id":"https:\/\/francois-pelletant.fr\/blog\/le-meilleur-de-lactualite-en-illustrations\/","url":"https:\/\/francois-pelletant.fr\/blog\/le-meilleur-de-lactualite-en-illustrations\/","name":"Le meilleur de l&#039;actualit\u00e9 en illustrations - Fran\u00e7ois Pelletant","isPartOf":{"@id":"https:\/\/francois-pelletant.fr\/blog\/#website"},"primaryImageOfPage":{"@id":"https:\/\/francois-pelletant.fr\/blog\/le-meilleur-de-lactualite-en-illustrations\/#primaryimage"},"image":{"@id":"https:\/\/francois-pelletant.fr\/blog\/le-meilleur-de-lactualite-en-illustrations\/#primaryimage"},"thumbnailUrl":"https:\/\/francois-pelletant.fr\/blog\/wp-content\/uploads\/2013\/09\/leplacide.com-12-septembre.jpg","datePublished":"2013-09-15T06:34:05+00:00","breadcrumb":{"@id":"https:\/\/francois-pelletant.fr\/blog\/le-meilleur-de-lactualite-en-illustrations\/#breadcrumb"},"inLanguage":"fr-FR","potentialAction":[{"@type":"ReadAction","target":["https:\/\/francois-pelletant.fr\/blog\/le-meilleur-de-lactualite-en-illustrations\/"]}]},{"@type":"ImageObject","inLanguage":"fr-FR","@id":"https:\/\/francois-pelletant.fr\/blog\/le-meilleur-de-lactualite-en-illustrations\/#primaryimage","url":"https:\/\/francois-pelletant.fr\/blog\/wp-content\/uploads\/2013\/09\/leplacide.com-12-septembre.jpg","contentUrl":"https:\/\/francois-pelletant.fr\/blog\/wp-content\/uploads\/2013\/09\/leplacide.com-12-septembre.jpg","width":501,"height":364,"caption":"leplacide.com 12 septembre"},{"@type":"BreadcrumbList","@id":"https:\/\/francois-pelletant.fr\/blog\/le-meilleur-de-lactualite-en-illustrations\/#breadcrumb","itemListElement":[{"@type":"ListItem","position":1,"name":"Accueil","item":"https:\/\/francois-pelletant.fr\/blog\/"},{"@type":"ListItem","position":2,"name":"Le meilleur de l&#039;actualit\u00e9 en illustrations"}]},{"@type":"WebSite","@id":"https:\/\/francois-pelletant.fr\/blog\/#website","url":"https:\/\/francois-pelletant.fr\/blog\/","name":"Fran\u00e7ois Pelletant","description":"Maire de Linas, pour toujours.","publisher":{"@id":"https:\/\/francois-pelletant.fr\/blog\/#organization"},"potentialAction":[{"@type":"SearchAction","target":{"@type":"EntryPoint","urlTemplate":"https:\/\/francois-pelletant.fr\/blog\/?s={search_term_string}"},"query-input":{"@type":"PropertyValueSpecification","valueRequired":true,"valueName":"search_term_string"}}],"inLanguage":"fr-FR"},{"@type":"Organization","@id":"https:\/\/francois-pelletant.fr\/blog\/#organization","name":"Fran\u00e7ois Pelletant","url":"https:\/\/francois-pelletant.fr\/blog\/","logo":{"@type":"ImageObject","inLanguage":"fr-FR","@id":"https:\/\/francois-pelletant.fr\/blog\/#\/schema\/logo\/image\/","url":"https:\/\/francois-pelletant.fr\/blog\/wp-content\/uploads\/2024\/07\/icone-francois-centre-500p.png","contentUrl":"https:\/\/francois-pelletant.fr\/blog\/wp-content\/uploads\/2024\/07\/icone-francois-centre-500p.png","width":559,"height":447,"caption":"Fran\u00e7ois Pelletant"},"image":{"@id":"https:\/\/francois-pelletant.fr\/blog\/#\/schema\/logo\/image\/"},"sameAs":["https:\/\/www.facebook.com\/francois.pelletant.7","https:\/\/x.com\/pelletant"]},{"@type":"Person","@id":"https:\/\/francois-pelletant.fr\/blog\/#\/schema\/person\/2be41acb171dff8f31aaed1f40cee9f3","name":"Francois"}]}},"_links":{"self":[{"href":"https:\/\/francois-pelletant.fr\/blog\/wp-json\/wp\/v2\/posts\/3643","targetHints":{"allow":["GET"]}}],"collection":[{"href":"https:\/\/francois-pelletant.fr\/blog\/wp-json\/wp\/v2\/posts"}],"about":[{"href":"https:\/\/francois-pelletant.fr\/blog\/wp-json\/wp\/v2\/types\/post"}],"author":[{"embeddable":true,"href":"https:\/\/francois-pelletant.fr\/blog\/wp-json\/wp\/v2\/users\/1"}],"replies":[{"embeddable":true,"href":"https:\/\/francois-pelletant.fr\/blog\/wp-json\/wp\/v2\/comments?post=3643"}],"version-history":[{"count":0,"href":"https:\/\/francois-pelletant.fr\/blog\/wp-json\/wp\/v2\/posts\/3643\/revisions"}],"wp:featuredmedia":[{"embeddable":true,"href":"https:\/\/francois-pelletant.fr\/blog\/wp-json\/wp\/v2\/media\/3644"}],"wp:attachment":[{"href":"https:\/\/francois-pelletant.fr\/blog\/wp-json\/wp\/v2\/media?parent=3643"}],"wp:term":[{"taxonomy":"category","embeddable":true,"href":"https:\/\/francois-pelletant.fr\/blog\/wp-json\/wp\/v2\/categories?post=3643"},{"taxonomy":"post_tag","embeddable":true,"href":"https:\/\/francois-pelletant.fr\/blog\/wp-json\/wp\/v2\/tags?post=3643"}],"curies":[{"name":"wp","href":"https:\/\/api.w.org\/{rel}","templated":true}]}}