{"id":3699,"date":"2013-10-01T10:09:06","date_gmt":"2013-10-01T08:09:06","guid":{"rendered":"https:\/\/francois-pelletant.fr\/blog\/?p=3699"},"modified":"2017-05-17T07:34:53","modified_gmt":"2017-05-17T07:34:53","slug":"raccordements-illegaux-linas-agit","status":"publish","type":"post","link":"https:\/\/francois-pelletant.fr\/blog\/raccordements-illegaux-linas-agit\/","title":{"rendered":"Raccordements ill\u00e9gaux : Linas agit !"},"content":{"rendered":"<figure id=\"attachment_3700\" aria-describedby=\"caption-attachment-3700\" style=\"width: 300px\" class=\"wp-caption alignleft\"><a href=\"https:\/\/francois-pelletant.fr\/blog\/wp-content\/uploads\/2013\/10\/IMG_16671.jpg\"><img loading=\"lazy\" decoding=\"async\" class=\"wp-image-3700 size-medium\" title=\"IMG_1667\" src=\"https:\/\/francois-pelletant.fr\/blog\/wp-content\/uploads\/2013\/10\/IMG_1667-300x225.jpg\" alt=\"image-Linas-manifestation-raccordement-ill\u00e9gaux\" width=\"300\" height=\"225\" srcset=\"https:\/\/francois-pelletant.fr\/blog\/wp-content\/uploads\/2013\/10\/IMG_1667-300x225.jpg 300w, https:\/\/francois-pelletant.fr\/blog\/wp-content\/uploads\/2013\/10\/IMG_1667-1024x768.jpg 1024w, https:\/\/francois-pelletant.fr\/blog\/wp-content\/uploads\/2013\/10\/IMG_1667-768x576.jpg 768w, https:\/\/francois-pelletant.fr\/blog\/wp-content\/uploads\/2013\/10\/IMG_1667-600x450.jpg 600w, https:\/\/francois-pelletant.fr\/blog\/wp-content\/uploads\/2013\/10\/IMG_1667-1536x1152.jpg 1536w, https:\/\/francois-pelletant.fr\/blog\/wp-content\/uploads\/2013\/10\/IMG_1667-2048x1536.jpg 2048w\" sizes=\"auto, (max-width: 300px) 100vw, 300px\" \/><\/a><figcaption id=\"caption-attachment-3700\" class=\"wp-caption-text\">devant la mairie de Linas, lundi 30 septembre apr\u00e8s-midi<\/figcaption><\/figure>\n<h3>Linas agit face aux raccordements dangereux et ill\u00e9gaux<\/h3>\n<p>Ce lundi 30 septembre 2013, avec des agents de la soci\u00e9t\u00e9 ERDF, je suis pass\u00e9 contr\u00f4ler le r\u00e9seau \u00e9lectrique des habitations sans permis du quartier des Hauts Chupins \u00e0 Linas. Une op\u00e9ration qui avait pour but de constater les raccordements ill\u00e9gaux pour engager ensuite les poursuites appropri\u00e9es. Certains de ces raccordements, jug\u00e9s dangereux, ont \u00e9t\u00e9 coup\u00e9s sur le champ. En r\u00e9action \u00e0 cette op\u00e9ration, des gens du voyage ont improvis\u00e9 une manifestation l\u2019apr\u00e8s-midi devant la Mairie. Nous avons re\u00e7u une d\u00e9l\u00e9gation afin de calmer la situation et leur expliquer notre d\u00e9marche de lutte contre les constructions ill\u00e9gales. Bien entendu, on ne peut tol\u00e9rer des raccordements pirates sur le r\u00e9seau \u00e9lectrique qui sont tr\u00e8s dangereux et ill\u00e9gaux. ERDF a r\u00e9alis\u00e9 un PV pour transmission \u00e0 la justice.<\/p>\n","protected":false},"excerpt":{"rendered":"<p>Linas agit face aux raccordements dangereux et ill\u00e9gaux Ce lundi 30 septembre 2013, avec des agents de la soci\u00e9t\u00e9 ERDF, je suis pass\u00e9 contr\u00f4ler le r\u00e9seau \u00e9lectrique des habitations sans permis du quartier des Hauts Chupins \u00e0 Linas. Une op\u00e9ration qui avait pour but de constater les raccordements ill\u00e9gaux pour engager ensuite les poursuites appropri\u00e9es. [&hellip;]<\/p>\n","protected":false},"author":1,"featured_media":0,"comment_status":"open","ping_status":"open","sticky":false,"template":"","format":"standard","meta":{"footnotes":""},"categories":[16],"tags":[],"class_list":["post-3699","post","type-post","status-publish","format-standard","hentry","category-prises-de-positions"],"yoast_head":"<!-- This site is optimized with the Yoast SEO plugin v25.6 - https:\/\/yoast.com\/wordpress\/plugins\/seo\/ -->\n<title>Raccordements ill\u00e9gaux : Linas agit ! - Fran\u00e7ois Pelletant<\/title>\n<meta name=\"description\" content=\"Linas : la commune lance une op\u00e9ration afin de contr\u00f4ler les raccordements, certains d&#039;entre eux ill\u00e9gaux m\u00e8ne alors a engag\u00e9 des poursuites.\" \/>\n<meta name=\"robots\" content=\"index, follow, max-snippet:-1, max-image-preview:large, max-video-preview:-1\" \/>\n<link rel=\"canonical\" href=\"https:\/\/francois-pelletant.fr\/blog\/raccordements-illegaux-linas-agit\/\" \/>\n<meta property=\"og:locale\" content=\"fr_FR\" \/>\n<meta property=\"og:type\" content=\"article\" \/>\n<meta property=\"og:title\" content=\"Raccordements ill\u00e9gaux : Linas agit ! - Fran\u00e7ois Pelletant\" \/>\n<meta property=\"og:description\" content=\"Linas : la commune lance une op\u00e9ration afin de contr\u00f4ler les raccordements, certains d&#039;entre eux ill\u00e9gaux m\u00e8ne alors a engag\u00e9 des poursuites.\" \/>\n<meta property=\"og:url\" content=\"https:\/\/francois-pelletant.fr\/blog\/raccordements-illegaux-linas-agit\/\" \/>\n<meta property=\"og:site_name\" content=\"Fran\u00e7ois Pelletant\" \/>\n<meta property=\"article:publisher\" content=\"https:\/\/www.facebook.com\/francois.pelletant.7\" \/>\n<meta property=\"article:published_time\" content=\"2013-10-01T08:09:06+00:00\" \/>\n<meta property=\"article:modified_time\" content=\"2017-05-17T07:34:53+00:00\" \/>\n<meta property=\"og:image\" content=\"https:\/\/francois-pelletant.fr\/blog\/wp-content\/uploads\/2013\/10\/IMG_1667-scaled.jpg\" \/>\n\t<meta property=\"og:image:width\" content=\"2560\" \/>\n\t<meta property=\"og:image:height\" content=\"1920\" \/>\n\t<meta property=\"og:image:type\" content=\"image\/jpeg\" \/>\n<meta name=\"author\" content=\"Francois\" \/>\n<meta name=\"twitter:card\" content=\"summary_large_image\" \/>\n<meta name=\"twitter:creator\" content=\"@pelletant\" \/>\n<meta name=\"twitter:site\" content=\"@pelletant\" \/>\n<meta name=\"twitter:label1\" content=\"\u00c9crit par\" \/>\n\t<meta name=\"twitter:data1\" content=\"Francois\" \/>\n\t<meta name=\"twitter:label2\" content=\"Dur\u00e9e de lecture estim\u00e9e\" \/>\n\t<meta name=\"twitter:data2\" content=\"1 minute\" \/>\n<script type=\"application\/ld+json\" class=\"yoast-schema-graph\">{\"@context\":\"https:\/\/schema.org\",\"@graph\":[{\"@type\":\"Article\",\"@id\":\"https:\/\/francois-pelletant.fr\/blog\/raccordements-illegaux-linas-agit\/#article\",\"isPartOf\":{\"@id\":\"https:\/\/francois-pelletant.fr\/blog\/raccordements-illegaux-linas-agit\/\"},\"author\":{\"name\":\"Francois\",\"@id\":\"https:\/\/francois-pelletant.fr\/blog\/#\/schema\/person\/2be41acb171dff8f31aaed1f40cee9f3\"},\"headline\":\"Raccordements ill\u00e9gaux : Linas agit !\",\"datePublished\":\"2013-10-01T08:09:06+00:00\",\"dateModified\":\"2017-05-17T07:34:53+00:00\",\"mainEntityOfPage\":{\"@id\":\"https:\/\/francois-pelletant.fr\/blog\/raccordements-illegaux-linas-agit\/\"},\"wordCount\":173,\"commentCount\":0,\"publisher\":{\"@id\":\"https:\/\/francois-pelletant.fr\/blog\/#organization\"},\"image\":{\"@id\":\"https:\/\/francois-pelletant.fr\/blog\/raccordements-illegaux-linas-agit\/#primaryimage\"},\"thumbnailUrl\":\"https:\/\/francois-pelletant.fr\/blog\/wp-content\/uploads\/2013\/10\/IMG_1667-300x225.jpg\",\"articleSection\":[\"Prises de positions\"],\"inLanguage\":\"fr-FR\",\"potentialAction\":[{\"@type\":\"CommentAction\",\"name\":\"Comment\",\"target\":[\"https:\/\/francois-pelletant.fr\/blog\/raccordements-illegaux-linas-agit\/#respond\"]}]},{\"@type\":\"WebPage\",\"@id\":\"https:\/\/francois-pelletant.fr\/blog\/raccordements-illegaux-linas-agit\/\",\"url\":\"https:\/\/francois-pelletant.fr\/blog\/raccordements-illegaux-linas-agit\/\",\"name\":\"Raccordements ill\u00e9gaux : Linas agit ! - Fran\u00e7ois Pelletant\",\"isPartOf\":{\"@id\":\"https:\/\/francois-pelletant.fr\/blog\/#website\"},\"primaryImageOfPage\":{\"@id\":\"https:\/\/francois-pelletant.fr\/blog\/raccordements-illegaux-linas-agit\/#primaryimage\"},\"image\":{\"@id\":\"https:\/\/francois-pelletant.fr\/blog\/raccordements-illegaux-linas-agit\/#primaryimage\"},\"thumbnailUrl\":\"https:\/\/francois-pelletant.fr\/blog\/wp-content\/uploads\/2013\/10\/IMG_1667-300x225.jpg\",\"datePublished\":\"2013-10-01T08:09:06+00:00\",\"dateModified\":\"2017-05-17T07:34:53+00:00\",\"description\":\"Linas : la commune lance une op\u00e9ration afin de contr\u00f4ler les raccordements, certains d'entre eux ill\u00e9gaux m\u00e8ne alors a engag\u00e9 des poursuites.\",\"breadcrumb\":{\"@id\":\"https:\/\/francois-pelletant.fr\/blog\/raccordements-illegaux-linas-agit\/#breadcrumb\"},\"inLanguage\":\"fr-FR\",\"potentialAction\":[{\"@type\":\"ReadAction\",\"target\":[\"https:\/\/francois-pelletant.fr\/blog\/raccordements-illegaux-linas-agit\/\"]}]},{\"@type\":\"ImageObject\",\"inLanguage\":\"fr-FR\",\"@id\":\"https:\/\/francois-pelletant.fr\/blog\/raccordements-illegaux-linas-agit\/#primaryimage\",\"url\":\"https:\/\/francois-pelletant.fr\/blog\/wp-content\/uploads\/2013\/10\/IMG_1667-scaled.jpg\",\"contentUrl\":\"https:\/\/francois-pelletant.fr\/blog\/wp-content\/uploads\/2013\/10\/IMG_1667-scaled.jpg\",\"width\":2560,\"height\":1920,\"caption\":\"devant la mairie de Linas, lundi 30 septembre apr\u00e8s-midi\"},{\"@type\":\"BreadcrumbList\",\"@id\":\"https:\/\/francois-pelletant.fr\/blog\/raccordements-illegaux-linas-agit\/#breadcrumb\",\"itemListElement\":[{\"@type\":\"ListItem\",\"position\":1,\"name\":\"Accueil\",\"item\":\"https:\/\/francois-pelletant.fr\/blog\/\"},{\"@type\":\"ListItem\",\"position\":2,\"name\":\"Raccordements ill\u00e9gaux : Linas agit !\"}]},{\"@type\":\"WebSite\",\"@id\":\"https:\/\/francois-pelletant.fr\/blog\/#website\",\"url\":\"https:\/\/francois-pelletant.fr\/blog\/\",\"name\":\"Fran\u00e7ois Pelletant\",\"description\":\"Maire de Linas, pour toujours.\",\"publisher\":{\"@id\":\"https:\/\/francois-pelletant.fr\/blog\/#organization\"},\"potentialAction\":[{\"@type\":\"SearchAction\",\"target\":{\"@type\":\"EntryPoint\",\"urlTemplate\":\"https:\/\/francois-pelletant.fr\/blog\/?s={search_term_string}\"},\"query-input\":{\"@type\":\"PropertyValueSpecification\",\"valueRequired\":true,\"valueName\":\"search_term_string\"}}],\"inLanguage\":\"fr-FR\"},{\"@type\":\"Organization\",\"@id\":\"https:\/\/francois-pelletant.fr\/blog\/#organization\",\"name\":\"Fran\u00e7ois Pelletant\",\"url\":\"https:\/\/francois-pelletant.fr\/blog\/\",\"logo\":{\"@type\":\"ImageObject\",\"inLanguage\":\"fr-FR\",\"@id\":\"https:\/\/francois-pelletant.fr\/blog\/#\/schema\/logo\/image\/\",\"url\":\"https:\/\/francois-pelletant.fr\/blog\/wp-content\/uploads\/2024\/07\/icone-francois-centre-500p.png\",\"contentUrl\":\"https:\/\/francois-pelletant.fr\/blog\/wp-content\/uploads\/2024\/07\/icone-francois-centre-500p.png\",\"width\":559,\"height\":447,\"caption\":\"Fran\u00e7ois Pelletant\"},\"image\":{\"@id\":\"https:\/\/francois-pelletant.fr\/blog\/#\/schema\/logo\/image\/\"},\"sameAs\":[\"https:\/\/www.facebook.com\/francois.pelletant.7\",\"https:\/\/x.com\/pelletant\"]},{\"@type\":\"Person\",\"@id\":\"https:\/\/francois-pelletant.fr\/blog\/#\/schema\/person\/2be41acb171dff8f31aaed1f40cee9f3\",\"name\":\"Francois\"}]}<\/script>\n<!-- \/ Yoast SEO plugin. -->","yoast_head_json":{"title":"Raccordements ill\u00e9gaux : Linas agit ! - Fran\u00e7ois Pelletant","description":"Linas : la commune lance une op\u00e9ration afin de contr\u00f4ler les raccordements, certains d'entre eux ill\u00e9gaux m\u00e8ne alors a engag\u00e9 des poursuites.","robots":{"index":"index","follow":"follow","max-snippet":"max-snippet:-1","max-image-preview":"max-image-preview:large","max-video-preview":"max-video-preview:-1"},"canonical":"https:\/\/francois-pelletant.fr\/blog\/raccordements-illegaux-linas-agit\/","og_locale":"fr_FR","og_type":"article","og_title":"Raccordements ill\u00e9gaux : Linas agit ! - Fran\u00e7ois Pelletant","og_description":"Linas : la commune lance une op\u00e9ration afin de contr\u00f4ler les raccordements, certains d'entre eux ill\u00e9gaux m\u00e8ne alors a engag\u00e9 des poursuites.","og_url":"https:\/\/francois-pelletant.fr\/blog\/raccordements-illegaux-linas-agit\/","og_site_name":"Fran\u00e7ois Pelletant","article_publisher":"https:\/\/www.facebook.com\/francois.pelletant.7","article_published_time":"2013-10-01T08:09:06+00:00","article_modified_time":"2017-05-17T07:34:53+00:00","og_image":[{"width":2560,"height":1920,"url":"https:\/\/francois-pelletant.fr\/blog\/wp-content\/uploads\/2013\/10\/IMG_1667-scaled.jpg","type":"image\/jpeg"}],"author":"Francois","twitter_card":"summary_large_image","twitter_creator":"@pelletant","twitter_site":"@pelletant","twitter_misc":{"\u00c9crit par":"Francois","Dur\u00e9e de lecture estim\u00e9e":"1 minute"},"schema":{"@context":"https:\/\/schema.org","@graph":[{"@type":"Article","@id":"https:\/\/francois-pelletant.fr\/blog\/raccordements-illegaux-linas-agit\/#article","isPartOf":{"@id":"https:\/\/francois-pelletant.fr\/blog\/raccordements-illegaux-linas-agit\/"},"author":{"name":"Francois","@id":"https:\/\/francois-pelletant.fr\/blog\/#\/schema\/person\/2be41acb171dff8f31aaed1f40cee9f3"},"headline":"Raccordements ill\u00e9gaux : Linas agit !","datePublished":"2013-10-01T08:09:06+00:00","dateModified":"2017-05-17T07:34:53+00:00","mainEntityOfPage":{"@id":"https:\/\/francois-pelletant.fr\/blog\/raccordements-illegaux-linas-agit\/"},"wordCount":173,"commentCount":0,"publisher":{"@id":"https:\/\/francois-pelletant.fr\/blog\/#organization"},"image":{"@id":"https:\/\/francois-pelletant.fr\/blog\/raccordements-illegaux-linas-agit\/#primaryimage"},"thumbnailUrl":"https:\/\/francois-pelletant.fr\/blog\/wp-content\/uploads\/2013\/10\/IMG_1667-300x225.jpg","articleSection":["Prises de positions"],"inLanguage":"fr-FR","potentialAction":[{"@type":"CommentAction","name":"Comment","target":["https:\/\/francois-pelletant.fr\/blog\/raccordements-illegaux-linas-agit\/#respond"]}]},{"@type":"WebPage","@id":"https:\/\/francois-pelletant.fr\/blog\/raccordements-illegaux-linas-agit\/","url":"https:\/\/francois-pelletant.fr\/blog\/raccordements-illegaux-linas-agit\/","name":"Raccordements ill\u00e9gaux : Linas agit ! - Fran\u00e7ois Pelletant","isPartOf":{"@id":"https:\/\/francois-pelletant.fr\/blog\/#website"},"primaryImageOfPage":{"@id":"https:\/\/francois-pelletant.fr\/blog\/raccordements-illegaux-linas-agit\/#primaryimage"},"image":{"@id":"https:\/\/francois-pelletant.fr\/blog\/raccordements-illegaux-linas-agit\/#primaryimage"},"thumbnailUrl":"https:\/\/francois-pelletant.fr\/blog\/wp-content\/uploads\/2013\/10\/IMG_1667-300x225.jpg","datePublished":"2013-10-01T08:09:06+00:00","dateModified":"2017-05-17T07:34:53+00:00","description":"Linas : la commune lance une op\u00e9ration afin de contr\u00f4ler les raccordements, certains d'entre eux ill\u00e9gaux m\u00e8ne alors a engag\u00e9 des poursuites.","breadcrumb":{"@id":"https:\/\/francois-pelletant.fr\/blog\/raccordements-illegaux-linas-agit\/#breadcrumb"},"inLanguage":"fr-FR","potentialAction":[{"@type":"ReadAction","target":["https:\/\/francois-pelletant.fr\/blog\/raccordements-illegaux-linas-agit\/"]}]},{"@type":"ImageObject","inLanguage":"fr-FR","@id":"https:\/\/francois-pelletant.fr\/blog\/raccordements-illegaux-linas-agit\/#primaryimage","url":"https:\/\/francois-pelletant.fr\/blog\/wp-content\/uploads\/2013\/10\/IMG_1667-scaled.jpg","contentUrl":"https:\/\/francois-pelletant.fr\/blog\/wp-content\/uploads\/2013\/10\/IMG_1667-scaled.jpg","width":2560,"height":1920,"caption":"devant la mairie de Linas, lundi 30 septembre apr\u00e8s-midi"},{"@type":"BreadcrumbList","@id":"https:\/\/francois-pelletant.fr\/blog\/raccordements-illegaux-linas-agit\/#breadcrumb","itemListElement":[{"@type":"ListItem","position":1,"name":"Accueil","item":"https:\/\/francois-pelletant.fr\/blog\/"},{"@type":"ListItem","position":2,"name":"Raccordements ill\u00e9gaux : Linas agit !"}]},{"@type":"WebSite","@id":"https:\/\/francois-pelletant.fr\/blog\/#website","url":"https:\/\/francois-pelletant.fr\/blog\/","name":"Fran\u00e7ois Pelletant","description":"Maire de Linas, pour toujours.","publisher":{"@id":"https:\/\/francois-pelletant.fr\/blog\/#organization"},"potentialAction":[{"@type":"SearchAction","target":{"@type":"EntryPoint","urlTemplate":"https:\/\/francois-pelletant.fr\/blog\/?s={search_term_string}"},"query-input":{"@type":"PropertyValueSpecification","valueRequired":true,"valueName":"search_term_string"}}],"inLanguage":"fr-FR"},{"@type":"Organization","@id":"https:\/\/francois-pelletant.fr\/blog\/#organization","name":"Fran\u00e7ois Pelletant","url":"https:\/\/francois-pelletant.fr\/blog\/","logo":{"@type":"ImageObject","inLanguage":"fr-FR","@id":"https:\/\/francois-pelletant.fr\/blog\/#\/schema\/logo\/image\/","url":"https:\/\/francois-pelletant.fr\/blog\/wp-content\/uploads\/2024\/07\/icone-francois-centre-500p.png","contentUrl":"https:\/\/francois-pelletant.fr\/blog\/wp-content\/uploads\/2024\/07\/icone-francois-centre-500p.png","width":559,"height":447,"caption":"Fran\u00e7ois Pelletant"},"image":{"@id":"https:\/\/francois-pelletant.fr\/blog\/#\/schema\/logo\/image\/"},"sameAs":["https:\/\/www.facebook.com\/francois.pelletant.7","https:\/\/x.com\/pelletant"]},{"@type":"Person","@id":"https:\/\/francois-pelletant.fr\/blog\/#\/schema\/person\/2be41acb171dff8f31aaed1f40cee9f3","name":"Francois"}]}},"_links":{"self":[{"href":"https:\/\/francois-pelletant.fr\/blog\/wp-json\/wp\/v2\/posts\/3699","targetHints":{"allow":["GET"]}}],"collection":[{"href":"https:\/\/francois-pelletant.fr\/blog\/wp-json\/wp\/v2\/posts"}],"about":[{"href":"https:\/\/francois-pelletant.fr\/blog\/wp-json\/wp\/v2\/types\/post"}],"author":[{"embeddable":true,"href":"https:\/\/francois-pelletant.fr\/blog\/wp-json\/wp\/v2\/users\/1"}],"replies":[{"embeddable":true,"href":"https:\/\/francois-pelletant.fr\/blog\/wp-json\/wp\/v2\/comments?post=3699"}],"version-history":[{"count":0,"href":"https:\/\/francois-pelletant.fr\/blog\/wp-json\/wp\/v2\/posts\/3699\/revisions"}],"wp:attachment":[{"href":"https:\/\/francois-pelletant.fr\/blog\/wp-json\/wp\/v2\/media?parent=3699"}],"wp:term":[{"taxonomy":"category","embeddable":true,"href":"https:\/\/francois-pelletant.fr\/blog\/wp-json\/wp\/v2\/categories?post=3699"},{"taxonomy":"post_tag","embeddable":true,"href":"https:\/\/francois-pelletant.fr\/blog\/wp-json\/wp\/v2\/tags?post=3699"}],"curies":[{"name":"wp","href":"https:\/\/api.w.org\/{rel}","templated":true}]}}