{"id":3704,"date":"2013-10-03T09:59:36","date_gmt":"2013-10-03T07:59:36","guid":{"rendered":"https:\/\/francois-pelletant.fr\/blog\/?p=3704"},"modified":"2017-05-17T07:27:16","modified_gmt":"2017-05-17T07:27:16","slug":"ecole-linas-donne-lexemple","status":"publish","type":"post","link":"https:\/\/francois-pelletant.fr\/blog\/ecole-linas-donne-lexemple\/","title":{"rendered":"Ecole : Linas donne l&#8217;exemple"},"content":{"rendered":"<h4><a href=\"https:\/\/francois-pelletant.fr\/blog\/wp-content\/uploads\/2013\/10\/P1180416.jpg\"><img loading=\"lazy\" decoding=\"async\" class=\"alignleft wp-image-3705 size-medium\" title=\"P1180416\" src=\"https:\/\/francois-pelletant.fr\/blog\/wp-content\/uploads\/2013\/10\/P1180416-300x225.jpg\" alt=\"image-\u00e9cole-maternelle-Linas\" width=\"300\" height=\"225\" srcset=\"https:\/\/francois-pelletant.fr\/blog\/wp-content\/uploads\/2013\/10\/P1180416-300x225.jpg 300w, https:\/\/francois-pelletant.fr\/blog\/wp-content\/uploads\/2013\/10\/P1180416-1024x768.jpg 1024w, https:\/\/francois-pelletant.fr\/blog\/wp-content\/uploads\/2013\/10\/P1180416-768x576.jpg 768w, https:\/\/francois-pelletant.fr\/blog\/wp-content\/uploads\/2013\/10\/P1180416-600x450.jpg 600w, https:\/\/francois-pelletant.fr\/blog\/wp-content\/uploads\/2013\/10\/P1180416-1536x1152.jpg 1536w, https:\/\/francois-pelletant.fr\/blog\/wp-content\/uploads\/2013\/10\/P1180416-2048x1536.jpg 2048w\" sizes=\"auto, (max-width: 300px) 100vw, 300px\" \/><\/a>Linas recrute des agents suppl\u00e9mentaires pour les \u00e9coles maternelles<\/h4>\n<p>En attribuant 8 agents territoriaux sp\u00e9cialis\u00e9s dans les \u00e9coles maternelles (ATSEM) \u00e0 l&#8217;\u00e9cole maternelle, alors que la r\u00e9glementation en recommande seulement 6, la mairie de Linas a fait le choix de faciliter le travail des enseignants et d&#8217;am\u00e9liorer la scolarisation des jeunes Linois. A pr\u00e9sent, c&#8217;est \u00e0 l&#8217;Education Nationale de mettre les effectifs enseignants n\u00e9cessaires. C&#8217;est ce qu&#8217;avec les parents, nous avons exig\u00e9 du DASEN lors d&#8217;une r\u00e9union en Pr\u00e9fecture le 1er octobre 2013.<\/p>\n","protected":false},"excerpt":{"rendered":"<p>Linas recrute des agents suppl\u00e9mentaires pour les \u00e9coles maternelles En attribuant 8 agents territoriaux sp\u00e9cialis\u00e9s dans les \u00e9coles maternelles (ATSEM) \u00e0 l&#8217;\u00e9cole maternelle, alors que la r\u00e9glementation en recommande seulement 6, la mairie de Linas a fait le choix de faciliter le travail des enseignants et d&#8217;am\u00e9liorer la scolarisation des jeunes Linois. A pr\u00e9sent, c&#8217;est [&hellip;]<\/p>\n","protected":false},"author":1,"featured_media":3705,"comment_status":"open","ping_status":"open","sticky":false,"template":"","format":"standard","meta":{"footnotes":""},"categories":[16],"tags":[],"class_list":["post-3704","post","type-post","status-publish","format-standard","has-post-thumbnail","hentry","category-prises-de-positions"],"yoast_head":"<!-- This site is optimized with the Yoast SEO plugin v25.6 - https:\/\/yoast.com\/wordpress\/plugins\/seo\/ -->\n<title>Ecole : Linas donne l&#039;exemple - Fran\u00e7ois Pelletant<\/title>\n<meta name=\"description\" content=\"La mairie de Linas, prends position et recrute des ATSEM suppl\u00e9mentaires afin de faciliter la scolarisation des jeunes Linois.\" \/>\n<meta name=\"robots\" content=\"index, follow, max-snippet:-1, max-image-preview:large, max-video-preview:-1\" \/>\n<link rel=\"canonical\" href=\"https:\/\/francois-pelletant.fr\/blog\/ecole-linas-donne-lexemple\/\" \/>\n<meta property=\"og:locale\" content=\"fr_FR\" \/>\n<meta property=\"og:type\" content=\"article\" \/>\n<meta property=\"og:title\" content=\"Ecole : Linas donne l&#039;exemple - Fran\u00e7ois Pelletant\" \/>\n<meta property=\"og:description\" content=\"La mairie de Linas, prends position et recrute des ATSEM suppl\u00e9mentaires afin de faciliter la scolarisation des jeunes Linois.\" \/>\n<meta property=\"og:url\" content=\"https:\/\/francois-pelletant.fr\/blog\/ecole-linas-donne-lexemple\/\" \/>\n<meta property=\"og:site_name\" content=\"Fran\u00e7ois Pelletant\" \/>\n<meta property=\"article:publisher\" content=\"https:\/\/www.facebook.com\/francois.pelletant.7\" \/>\n<meta property=\"article:published_time\" content=\"2013-10-03T07:59:36+00:00\" \/>\n<meta property=\"article:modified_time\" content=\"2017-05-17T07:27:16+00:00\" \/>\n<meta property=\"og:image\" content=\"https:\/\/francois-pelletant.fr\/blog\/wp-content\/uploads\/2013\/10\/P1180416-scaled.jpg\" \/>\n\t<meta property=\"og:image:width\" content=\"2560\" \/>\n\t<meta property=\"og:image:height\" content=\"1920\" \/>\n\t<meta property=\"og:image:type\" content=\"image\/jpeg\" \/>\n<meta name=\"author\" content=\"Francois\" \/>\n<meta name=\"twitter:card\" content=\"summary_large_image\" \/>\n<meta name=\"twitter:creator\" content=\"@pelletant\" \/>\n<meta name=\"twitter:site\" content=\"@pelletant\" \/>\n<meta name=\"twitter:label1\" content=\"\u00c9crit par\" \/>\n\t<meta name=\"twitter:data1\" content=\"Francois\" \/>\n<script type=\"application\/ld+json\" class=\"yoast-schema-graph\">{\"@context\":\"https:\/\/schema.org\",\"@graph\":[{\"@type\":\"Article\",\"@id\":\"https:\/\/francois-pelletant.fr\/blog\/ecole-linas-donne-lexemple\/#article\",\"isPartOf\":{\"@id\":\"https:\/\/francois-pelletant.fr\/blog\/ecole-linas-donne-lexemple\/\"},\"author\":{\"name\":\"Francois\",\"@id\":\"https:\/\/francois-pelletant.fr\/blog\/#\/schema\/person\/2be41acb171dff8f31aaed1f40cee9f3\"},\"headline\":\"Ecole : Linas donne l&#8217;exemple\",\"datePublished\":\"2013-10-03T07:59:36+00:00\",\"dateModified\":\"2017-05-17T07:27:16+00:00\",\"mainEntityOfPage\":{\"@id\":\"https:\/\/francois-pelletant.fr\/blog\/ecole-linas-donne-lexemple\/\"},\"wordCount\":99,\"commentCount\":0,\"publisher\":{\"@id\":\"https:\/\/francois-pelletant.fr\/blog\/#organization\"},\"image\":{\"@id\":\"https:\/\/francois-pelletant.fr\/blog\/ecole-linas-donne-lexemple\/#primaryimage\"},\"thumbnailUrl\":\"https:\/\/francois-pelletant.fr\/blog\/wp-content\/uploads\/2013\/10\/P1180416-scaled.jpg\",\"articleSection\":[\"Prises de positions\"],\"inLanguage\":\"fr-FR\",\"potentialAction\":[{\"@type\":\"CommentAction\",\"name\":\"Comment\",\"target\":[\"https:\/\/francois-pelletant.fr\/blog\/ecole-linas-donne-lexemple\/#respond\"]}]},{\"@type\":\"WebPage\",\"@id\":\"https:\/\/francois-pelletant.fr\/blog\/ecole-linas-donne-lexemple\/\",\"url\":\"https:\/\/francois-pelletant.fr\/blog\/ecole-linas-donne-lexemple\/\",\"name\":\"Ecole : Linas donne l'exemple - Fran\u00e7ois Pelletant\",\"isPartOf\":{\"@id\":\"https:\/\/francois-pelletant.fr\/blog\/#website\"},\"primaryImageOfPage\":{\"@id\":\"https:\/\/francois-pelletant.fr\/blog\/ecole-linas-donne-lexemple\/#primaryimage\"},\"image\":{\"@id\":\"https:\/\/francois-pelletant.fr\/blog\/ecole-linas-donne-lexemple\/#primaryimage\"},\"thumbnailUrl\":\"https:\/\/francois-pelletant.fr\/blog\/wp-content\/uploads\/2013\/10\/P1180416-scaled.jpg\",\"datePublished\":\"2013-10-03T07:59:36+00:00\",\"dateModified\":\"2017-05-17T07:27:16+00:00\",\"description\":\"La mairie de Linas, prends position et recrute des ATSEM suppl\u00e9mentaires afin de faciliter la scolarisation des jeunes Linois.\",\"breadcrumb\":{\"@id\":\"https:\/\/francois-pelletant.fr\/blog\/ecole-linas-donne-lexemple\/#breadcrumb\"},\"inLanguage\":\"fr-FR\",\"potentialAction\":[{\"@type\":\"ReadAction\",\"target\":[\"https:\/\/francois-pelletant.fr\/blog\/ecole-linas-donne-lexemple\/\"]}]},{\"@type\":\"ImageObject\",\"inLanguage\":\"fr-FR\",\"@id\":\"https:\/\/francois-pelletant.fr\/blog\/ecole-linas-donne-lexemple\/#primaryimage\",\"url\":\"https:\/\/francois-pelletant.fr\/blog\/wp-content\/uploads\/2013\/10\/P1180416-scaled.jpg\",\"contentUrl\":\"https:\/\/francois-pelletant.fr\/blog\/wp-content\/uploads\/2013\/10\/P1180416-scaled.jpg\",\"width\":2560,\"height\":1920},{\"@type\":\"BreadcrumbList\",\"@id\":\"https:\/\/francois-pelletant.fr\/blog\/ecole-linas-donne-lexemple\/#breadcrumb\",\"itemListElement\":[{\"@type\":\"ListItem\",\"position\":1,\"name\":\"Accueil\",\"item\":\"https:\/\/francois-pelletant.fr\/blog\/\"},{\"@type\":\"ListItem\",\"position\":2,\"name\":\"Ecole : Linas donne l&#8217;exemple\"}]},{\"@type\":\"WebSite\",\"@id\":\"https:\/\/francois-pelletant.fr\/blog\/#website\",\"url\":\"https:\/\/francois-pelletant.fr\/blog\/\",\"name\":\"Fran\u00e7ois Pelletant\",\"description\":\"Maire de Linas, pour toujours.\",\"publisher\":{\"@id\":\"https:\/\/francois-pelletant.fr\/blog\/#organization\"},\"potentialAction\":[{\"@type\":\"SearchAction\",\"target\":{\"@type\":\"EntryPoint\",\"urlTemplate\":\"https:\/\/francois-pelletant.fr\/blog\/?s={search_term_string}\"},\"query-input\":{\"@type\":\"PropertyValueSpecification\",\"valueRequired\":true,\"valueName\":\"search_term_string\"}}],\"inLanguage\":\"fr-FR\"},{\"@type\":\"Organization\",\"@id\":\"https:\/\/francois-pelletant.fr\/blog\/#organization\",\"name\":\"Fran\u00e7ois Pelletant\",\"url\":\"https:\/\/francois-pelletant.fr\/blog\/\",\"logo\":{\"@type\":\"ImageObject\",\"inLanguage\":\"fr-FR\",\"@id\":\"https:\/\/francois-pelletant.fr\/blog\/#\/schema\/logo\/image\/\",\"url\":\"https:\/\/francois-pelletant.fr\/blog\/wp-content\/uploads\/2024\/07\/icone-francois-centre-500p.png\",\"contentUrl\":\"https:\/\/francois-pelletant.fr\/blog\/wp-content\/uploads\/2024\/07\/icone-francois-centre-500p.png\",\"width\":559,\"height\":447,\"caption\":\"Fran\u00e7ois Pelletant\"},\"image\":{\"@id\":\"https:\/\/francois-pelletant.fr\/blog\/#\/schema\/logo\/image\/\"},\"sameAs\":[\"https:\/\/www.facebook.com\/francois.pelletant.7\",\"https:\/\/x.com\/pelletant\"]},{\"@type\":\"Person\",\"@id\":\"https:\/\/francois-pelletant.fr\/blog\/#\/schema\/person\/2be41acb171dff8f31aaed1f40cee9f3\",\"name\":\"Francois\"}]}<\/script>\n<!-- \/ Yoast SEO plugin. -->","yoast_head_json":{"title":"Ecole : Linas donne l'exemple - Fran\u00e7ois Pelletant","description":"La mairie de Linas, prends position et recrute des ATSEM suppl\u00e9mentaires afin de faciliter la scolarisation des jeunes Linois.","robots":{"index":"index","follow":"follow","max-snippet":"max-snippet:-1","max-image-preview":"max-image-preview:large","max-video-preview":"max-video-preview:-1"},"canonical":"https:\/\/francois-pelletant.fr\/blog\/ecole-linas-donne-lexemple\/","og_locale":"fr_FR","og_type":"article","og_title":"Ecole : Linas donne l'exemple - Fran\u00e7ois Pelletant","og_description":"La mairie de Linas, prends position et recrute des ATSEM suppl\u00e9mentaires afin de faciliter la scolarisation des jeunes Linois.","og_url":"https:\/\/francois-pelletant.fr\/blog\/ecole-linas-donne-lexemple\/","og_site_name":"Fran\u00e7ois Pelletant","article_publisher":"https:\/\/www.facebook.com\/francois.pelletant.7","article_published_time":"2013-10-03T07:59:36+00:00","article_modified_time":"2017-05-17T07:27:16+00:00","og_image":[{"width":2560,"height":1920,"url":"https:\/\/francois-pelletant.fr\/blog\/wp-content\/uploads\/2013\/10\/P1180416-scaled.jpg","type":"image\/jpeg"}],"author":"Francois","twitter_card":"summary_large_image","twitter_creator":"@pelletant","twitter_site":"@pelletant","twitter_misc":{"\u00c9crit par":"Francois"},"schema":{"@context":"https:\/\/schema.org","@graph":[{"@type":"Article","@id":"https:\/\/francois-pelletant.fr\/blog\/ecole-linas-donne-lexemple\/#article","isPartOf":{"@id":"https:\/\/francois-pelletant.fr\/blog\/ecole-linas-donne-lexemple\/"},"author":{"name":"Francois","@id":"https:\/\/francois-pelletant.fr\/blog\/#\/schema\/person\/2be41acb171dff8f31aaed1f40cee9f3"},"headline":"Ecole : Linas donne l&#8217;exemple","datePublished":"2013-10-03T07:59:36+00:00","dateModified":"2017-05-17T07:27:16+00:00","mainEntityOfPage":{"@id":"https:\/\/francois-pelletant.fr\/blog\/ecole-linas-donne-lexemple\/"},"wordCount":99,"commentCount":0,"publisher":{"@id":"https:\/\/francois-pelletant.fr\/blog\/#organization"},"image":{"@id":"https:\/\/francois-pelletant.fr\/blog\/ecole-linas-donne-lexemple\/#primaryimage"},"thumbnailUrl":"https:\/\/francois-pelletant.fr\/blog\/wp-content\/uploads\/2013\/10\/P1180416-scaled.jpg","articleSection":["Prises de positions"],"inLanguage":"fr-FR","potentialAction":[{"@type":"CommentAction","name":"Comment","target":["https:\/\/francois-pelletant.fr\/blog\/ecole-linas-donne-lexemple\/#respond"]}]},{"@type":"WebPage","@id":"https:\/\/francois-pelletant.fr\/blog\/ecole-linas-donne-lexemple\/","url":"https:\/\/francois-pelletant.fr\/blog\/ecole-linas-donne-lexemple\/","name":"Ecole : Linas donne l'exemple - Fran\u00e7ois Pelletant","isPartOf":{"@id":"https:\/\/francois-pelletant.fr\/blog\/#website"},"primaryImageOfPage":{"@id":"https:\/\/francois-pelletant.fr\/blog\/ecole-linas-donne-lexemple\/#primaryimage"},"image":{"@id":"https:\/\/francois-pelletant.fr\/blog\/ecole-linas-donne-lexemple\/#primaryimage"},"thumbnailUrl":"https:\/\/francois-pelletant.fr\/blog\/wp-content\/uploads\/2013\/10\/P1180416-scaled.jpg","datePublished":"2013-10-03T07:59:36+00:00","dateModified":"2017-05-17T07:27:16+00:00","description":"La mairie de Linas, prends position et recrute des ATSEM suppl\u00e9mentaires afin de faciliter la scolarisation des jeunes Linois.","breadcrumb":{"@id":"https:\/\/francois-pelletant.fr\/blog\/ecole-linas-donne-lexemple\/#breadcrumb"},"inLanguage":"fr-FR","potentialAction":[{"@type":"ReadAction","target":["https:\/\/francois-pelletant.fr\/blog\/ecole-linas-donne-lexemple\/"]}]},{"@type":"ImageObject","inLanguage":"fr-FR","@id":"https:\/\/francois-pelletant.fr\/blog\/ecole-linas-donne-lexemple\/#primaryimage","url":"https:\/\/francois-pelletant.fr\/blog\/wp-content\/uploads\/2013\/10\/P1180416-scaled.jpg","contentUrl":"https:\/\/francois-pelletant.fr\/blog\/wp-content\/uploads\/2013\/10\/P1180416-scaled.jpg","width":2560,"height":1920},{"@type":"BreadcrumbList","@id":"https:\/\/francois-pelletant.fr\/blog\/ecole-linas-donne-lexemple\/#breadcrumb","itemListElement":[{"@type":"ListItem","position":1,"name":"Accueil","item":"https:\/\/francois-pelletant.fr\/blog\/"},{"@type":"ListItem","position":2,"name":"Ecole : Linas donne l&#8217;exemple"}]},{"@type":"WebSite","@id":"https:\/\/francois-pelletant.fr\/blog\/#website","url":"https:\/\/francois-pelletant.fr\/blog\/","name":"Fran\u00e7ois Pelletant","description":"Maire de Linas, pour toujours.","publisher":{"@id":"https:\/\/francois-pelletant.fr\/blog\/#organization"},"potentialAction":[{"@type":"SearchAction","target":{"@type":"EntryPoint","urlTemplate":"https:\/\/francois-pelletant.fr\/blog\/?s={search_term_string}"},"query-input":{"@type":"PropertyValueSpecification","valueRequired":true,"valueName":"search_term_string"}}],"inLanguage":"fr-FR"},{"@type":"Organization","@id":"https:\/\/francois-pelletant.fr\/blog\/#organization","name":"Fran\u00e7ois Pelletant","url":"https:\/\/francois-pelletant.fr\/blog\/","logo":{"@type":"ImageObject","inLanguage":"fr-FR","@id":"https:\/\/francois-pelletant.fr\/blog\/#\/schema\/logo\/image\/","url":"https:\/\/francois-pelletant.fr\/blog\/wp-content\/uploads\/2024\/07\/icone-francois-centre-500p.png","contentUrl":"https:\/\/francois-pelletant.fr\/blog\/wp-content\/uploads\/2024\/07\/icone-francois-centre-500p.png","width":559,"height":447,"caption":"Fran\u00e7ois Pelletant"},"image":{"@id":"https:\/\/francois-pelletant.fr\/blog\/#\/schema\/logo\/image\/"},"sameAs":["https:\/\/www.facebook.com\/francois.pelletant.7","https:\/\/x.com\/pelletant"]},{"@type":"Person","@id":"https:\/\/francois-pelletant.fr\/blog\/#\/schema\/person\/2be41acb171dff8f31aaed1f40cee9f3","name":"Francois"}]}},"_links":{"self":[{"href":"https:\/\/francois-pelletant.fr\/blog\/wp-json\/wp\/v2\/posts\/3704","targetHints":{"allow":["GET"]}}],"collection":[{"href":"https:\/\/francois-pelletant.fr\/blog\/wp-json\/wp\/v2\/posts"}],"about":[{"href":"https:\/\/francois-pelletant.fr\/blog\/wp-json\/wp\/v2\/types\/post"}],"author":[{"embeddable":true,"href":"https:\/\/francois-pelletant.fr\/blog\/wp-json\/wp\/v2\/users\/1"}],"replies":[{"embeddable":true,"href":"https:\/\/francois-pelletant.fr\/blog\/wp-json\/wp\/v2\/comments?post=3704"}],"version-history":[{"count":0,"href":"https:\/\/francois-pelletant.fr\/blog\/wp-json\/wp\/v2\/posts\/3704\/revisions"}],"wp:featuredmedia":[{"embeddable":true,"href":"https:\/\/francois-pelletant.fr\/blog\/wp-json\/wp\/v2\/media\/3705"}],"wp:attachment":[{"href":"https:\/\/francois-pelletant.fr\/blog\/wp-json\/wp\/v2\/media?parent=3704"}],"wp:term":[{"taxonomy":"category","embeddable":true,"href":"https:\/\/francois-pelletant.fr\/blog\/wp-json\/wp\/v2\/categories?post=3704"},{"taxonomy":"post_tag","embeddable":true,"href":"https:\/\/francois-pelletant.fr\/blog\/wp-json\/wp\/v2\/tags?post=3704"}],"curies":[{"name":"wp","href":"https:\/\/api.w.org\/{rel}","templated":true}]}}