{"id":3792,"date":"2013-10-30T10:51:29","date_gmt":"2013-10-30T08:51:29","guid":{"rendered":"https:\/\/francois-pelletant.fr\/blog\/?p=3792"},"modified":"2017-06-28T08:28:03","modified_gmt":"2017-06-28T08:28:03","slug":"theatre-de-longjumeau-places","status":"publish","type":"post","link":"https:\/\/francois-pelletant.fr\/blog\/theatre-de-longjumeau-places\/","title":{"rendered":"Th\u00e9\u00e2tre\u00a0de\u00a0Longjumeau\u00a0: il reste quelques places !"},"content":{"rendered":"<h3><a href=\"https:\/\/francois-pelletant.fr\/blog\/wp-content\/uploads\/2013\/10\/longjumeau.jpg\"><img loading=\"lazy\" decoding=\"async\" class=\"alignleft size-medium wp-image-3793\" title=\"longjumeau\" src=\"https:\/\/francois-pelletant.fr\/blog\/wp-content\/uploads\/2013\/10\/longjumeau-300x261.jpg\" alt=\"\" width=\"300\" height=\"261\" srcset=\"https:\/\/francois-pelletant.fr\/blog\/wp-content\/uploads\/2013\/10\/longjumeau-300x261.jpg 300w, https:\/\/francois-pelletant.fr\/blog\/wp-content\/uploads\/2013\/10\/longjumeau-768x669.jpg 768w, https:\/\/francois-pelletant.fr\/blog\/wp-content\/uploads\/2013\/10\/longjumeau-600x523.jpg 600w, https:\/\/francois-pelletant.fr\/blog\/wp-content\/uploads\/2013\/10\/longjumeau.jpg 800w\" sizes=\"auto, (max-width: 300px) 100vw, 300px\" \/><\/a>Le th\u00e9\u00e2tre de Longjumeau vous attends !<\/h3>\n<p>Que ce soit avec Pascal Obispo, Jean-Marie Bigard, ou alors Mariane Chazel\u00a0: les planches du th\u00e9\u00e2tre de Longjumeau sauront vous distraire\u00a0!Gr\u00e2ce au partenariat conclu entre la ville de Linas et le ce th\u00e9\u00e2tre, les linois b\u00e9n\u00e9ficient de tarifs pr\u00e9f\u00e9rentiels\u00a0! Mais profitez-en vite, car il ne reste plus que quelques places pour chaque date. Plus d\u2019infos aupr\u00e8s du service culturel (01 69 80 14 00), ou sur le site du th\u00e9\u00e2tre de Longjumeau (<a title=\"th\u00e9\u00e2tre de Longjumeau\" href=\"http:\/\/www.theatre-longjumeau.com\" target=\"_blank\" rel=\"nofollow\">www.theatre-longjumeau.com<\/a>)<\/p>\n","protected":false},"excerpt":{"rendered":"<p>Le th\u00e9\u00e2tre de Longjumeau vous attends ! Que ce soit avec Pascal Obispo, Jean-Marie Bigard, ou alors Mariane Chazel\u00a0: les planches du th\u00e9\u00e2tre de Longjumeau sauront vous distraire\u00a0!Gr\u00e2ce au partenariat conclu entre la ville de Linas et le ce th\u00e9\u00e2tre, les linois b\u00e9n\u00e9ficient de tarifs pr\u00e9f\u00e9rentiels\u00a0! Mais profitez-en vite, car il ne reste plus que [&hellip;]<\/p>\n","protected":false},"author":1,"featured_media":3793,"comment_status":"open","ping_status":"open","sticky":false,"template":"","format":"standard","meta":{"footnotes":""},"categories":[10],"tags":[],"class_list":["post-3792","post","type-post","status-publish","format-standard","has-post-thumbnail","hentry","category-1pelletant"],"yoast_head":"<!-- This site is optimized with the Yoast SEO plugin v25.6 - https:\/\/yoast.com\/wordpress\/plugins\/seo\/ -->\n<title>Th\u00e9\u00e2tre\u00a0de\u00a0Longjumeau\u00a0: il reste quelques places ! - Fran\u00e7ois Pelletant<\/title>\n<meta name=\"description\" content=\"Les linois b\u00e9n\u00e9ficient de tarifs pr\u00e9f\u00e9rentiels gr\u00e2ce au partenariat conclu entre la ville de Linas et le th\u00e9\u00e2tre de Longjumeau.\" \/>\n<meta name=\"robots\" content=\"index, follow, max-snippet:-1, max-image-preview:large, max-video-preview:-1\" \/>\n<link rel=\"canonical\" href=\"https:\/\/francois-pelletant.fr\/blog\/theatre-de-longjumeau-places\/\" \/>\n<meta property=\"og:locale\" content=\"fr_FR\" \/>\n<meta property=\"og:type\" content=\"article\" \/>\n<meta property=\"og:title\" content=\"Th\u00e9\u00e2tre\u00a0de\u00a0Longjumeau\u00a0: il reste quelques places ! - Fran\u00e7ois Pelletant\" \/>\n<meta property=\"og:description\" content=\"Les linois b\u00e9n\u00e9ficient de tarifs pr\u00e9f\u00e9rentiels gr\u00e2ce au partenariat conclu entre la ville de Linas et le th\u00e9\u00e2tre de Longjumeau.\" \/>\n<meta property=\"og:url\" content=\"https:\/\/francois-pelletant.fr\/blog\/theatre-de-longjumeau-places\/\" \/>\n<meta property=\"og:site_name\" content=\"Fran\u00e7ois Pelletant\" \/>\n<meta property=\"article:publisher\" content=\"https:\/\/www.facebook.com\/francois.pelletant.7\" \/>\n<meta property=\"article:published_time\" content=\"2013-10-30T08:51:29+00:00\" \/>\n<meta property=\"article:modified_time\" content=\"2017-06-28T08:28:03+00:00\" \/>\n<meta property=\"og:image\" content=\"https:\/\/francois-pelletant.fr\/blog\/wp-content\/uploads\/2013\/10\/longjumeau.jpg\" \/>\n\t<meta property=\"og:image:width\" content=\"800\" \/>\n\t<meta property=\"og:image:height\" content=\"697\" \/>\n\t<meta property=\"og:image:type\" content=\"image\/jpeg\" \/>\n<meta name=\"author\" content=\"Francois\" \/>\n<meta name=\"twitter:card\" content=\"summary_large_image\" \/>\n<meta name=\"twitter:creator\" content=\"@pelletant\" \/>\n<meta name=\"twitter:site\" content=\"@pelletant\" \/>\n<meta name=\"twitter:label1\" content=\"\u00c9crit par\" \/>\n\t<meta name=\"twitter:data1\" content=\"Francois\" \/>\n<script type=\"application\/ld+json\" class=\"yoast-schema-graph\">{\"@context\":\"https:\/\/schema.org\",\"@graph\":[{\"@type\":\"Article\",\"@id\":\"https:\/\/francois-pelletant.fr\/blog\/theatre-de-longjumeau-places\/#article\",\"isPartOf\":{\"@id\":\"https:\/\/francois-pelletant.fr\/blog\/theatre-de-longjumeau-places\/\"},\"author\":{\"name\":\"Francois\",\"@id\":\"https:\/\/francois-pelletant.fr\/blog\/#\/schema\/person\/2be41acb171dff8f31aaed1f40cee9f3\"},\"headline\":\"Th\u00e9\u00e2tre\u00a0de\u00a0Longjumeau\u00a0: il reste quelques places !\",\"datePublished\":\"2013-10-30T08:51:29+00:00\",\"dateModified\":\"2017-06-28T08:28:03+00:00\",\"mainEntityOfPage\":{\"@id\":\"https:\/\/francois-pelletant.fr\/blog\/theatre-de-longjumeau-places\/\"},\"wordCount\":96,\"commentCount\":0,\"publisher\":{\"@id\":\"https:\/\/francois-pelletant.fr\/blog\/#organization\"},\"image\":{\"@id\":\"https:\/\/francois-pelletant.fr\/blog\/theatre-de-longjumeau-places\/#primaryimage\"},\"thumbnailUrl\":\"https:\/\/francois-pelletant.fr\/blog\/wp-content\/uploads\/2013\/10\/longjumeau.jpg\",\"articleSection\":[\"Infos\"],\"inLanguage\":\"fr-FR\",\"potentialAction\":[{\"@type\":\"CommentAction\",\"name\":\"Comment\",\"target\":[\"https:\/\/francois-pelletant.fr\/blog\/theatre-de-longjumeau-places\/#respond\"]}]},{\"@type\":\"WebPage\",\"@id\":\"https:\/\/francois-pelletant.fr\/blog\/theatre-de-longjumeau-places\/\",\"url\":\"https:\/\/francois-pelletant.fr\/blog\/theatre-de-longjumeau-places\/\",\"name\":\"Th\u00e9\u00e2tre\u00a0de\u00a0Longjumeau\u00a0: il reste quelques places ! - Fran\u00e7ois Pelletant\",\"isPartOf\":{\"@id\":\"https:\/\/francois-pelletant.fr\/blog\/#website\"},\"primaryImageOfPage\":{\"@id\":\"https:\/\/francois-pelletant.fr\/blog\/theatre-de-longjumeau-places\/#primaryimage\"},\"image\":{\"@id\":\"https:\/\/francois-pelletant.fr\/blog\/theatre-de-longjumeau-places\/#primaryimage\"},\"thumbnailUrl\":\"https:\/\/francois-pelletant.fr\/blog\/wp-content\/uploads\/2013\/10\/longjumeau.jpg\",\"datePublished\":\"2013-10-30T08:51:29+00:00\",\"dateModified\":\"2017-06-28T08:28:03+00:00\",\"description\":\"Les linois b\u00e9n\u00e9ficient de tarifs pr\u00e9f\u00e9rentiels gr\u00e2ce au partenariat conclu entre la ville de Linas et le th\u00e9\u00e2tre de Longjumeau.\",\"breadcrumb\":{\"@id\":\"https:\/\/francois-pelletant.fr\/blog\/theatre-de-longjumeau-places\/#breadcrumb\"},\"inLanguage\":\"fr-FR\",\"potentialAction\":[{\"@type\":\"ReadAction\",\"target\":[\"https:\/\/francois-pelletant.fr\/blog\/theatre-de-longjumeau-places\/\"]}]},{\"@type\":\"ImageObject\",\"inLanguage\":\"fr-FR\",\"@id\":\"https:\/\/francois-pelletant.fr\/blog\/theatre-de-longjumeau-places\/#primaryimage\",\"url\":\"https:\/\/francois-pelletant.fr\/blog\/wp-content\/uploads\/2013\/10\/longjumeau.jpg\",\"contentUrl\":\"https:\/\/francois-pelletant.fr\/blog\/wp-content\/uploads\/2013\/10\/longjumeau.jpg\",\"width\":800,\"height\":697},{\"@type\":\"BreadcrumbList\",\"@id\":\"https:\/\/francois-pelletant.fr\/blog\/theatre-de-longjumeau-places\/#breadcrumb\",\"itemListElement\":[{\"@type\":\"ListItem\",\"position\":1,\"name\":\"Accueil\",\"item\":\"https:\/\/francois-pelletant.fr\/blog\/\"},{\"@type\":\"ListItem\",\"position\":2,\"name\":\"Th\u00e9\u00e2tre\u00a0de\u00a0Longjumeau\u00a0: il reste quelques places !\"}]},{\"@type\":\"WebSite\",\"@id\":\"https:\/\/francois-pelletant.fr\/blog\/#website\",\"url\":\"https:\/\/francois-pelletant.fr\/blog\/\",\"name\":\"Fran\u00e7ois Pelletant\",\"description\":\"Maire de Linas, pour toujours.\",\"publisher\":{\"@id\":\"https:\/\/francois-pelletant.fr\/blog\/#organization\"},\"potentialAction\":[{\"@type\":\"SearchAction\",\"target\":{\"@type\":\"EntryPoint\",\"urlTemplate\":\"https:\/\/francois-pelletant.fr\/blog\/?s={search_term_string}\"},\"query-input\":{\"@type\":\"PropertyValueSpecification\",\"valueRequired\":true,\"valueName\":\"search_term_string\"}}],\"inLanguage\":\"fr-FR\"},{\"@type\":\"Organization\",\"@id\":\"https:\/\/francois-pelletant.fr\/blog\/#organization\",\"name\":\"Fran\u00e7ois Pelletant\",\"url\":\"https:\/\/francois-pelletant.fr\/blog\/\",\"logo\":{\"@type\":\"ImageObject\",\"inLanguage\":\"fr-FR\",\"@id\":\"https:\/\/francois-pelletant.fr\/blog\/#\/schema\/logo\/image\/\",\"url\":\"https:\/\/francois-pelletant.fr\/blog\/wp-content\/uploads\/2024\/07\/icone-francois-centre-500p.png\",\"contentUrl\":\"https:\/\/francois-pelletant.fr\/blog\/wp-content\/uploads\/2024\/07\/icone-francois-centre-500p.png\",\"width\":559,\"height\":447,\"caption\":\"Fran\u00e7ois Pelletant\"},\"image\":{\"@id\":\"https:\/\/francois-pelletant.fr\/blog\/#\/schema\/logo\/image\/\"},\"sameAs\":[\"https:\/\/www.facebook.com\/francois.pelletant.7\",\"https:\/\/x.com\/pelletant\"]},{\"@type\":\"Person\",\"@id\":\"https:\/\/francois-pelletant.fr\/blog\/#\/schema\/person\/2be41acb171dff8f31aaed1f40cee9f3\",\"name\":\"Francois\"}]}<\/script>\n<!-- \/ Yoast SEO plugin. -->","yoast_head_json":{"title":"Th\u00e9\u00e2tre\u00a0de\u00a0Longjumeau\u00a0: il reste quelques places ! - Fran\u00e7ois Pelletant","description":"Les linois b\u00e9n\u00e9ficient de tarifs pr\u00e9f\u00e9rentiels gr\u00e2ce au partenariat conclu entre la ville de Linas et le th\u00e9\u00e2tre de Longjumeau.","robots":{"index":"index","follow":"follow","max-snippet":"max-snippet:-1","max-image-preview":"max-image-preview:large","max-video-preview":"max-video-preview:-1"},"canonical":"https:\/\/francois-pelletant.fr\/blog\/theatre-de-longjumeau-places\/","og_locale":"fr_FR","og_type":"article","og_title":"Th\u00e9\u00e2tre\u00a0de\u00a0Longjumeau\u00a0: il reste quelques places ! - Fran\u00e7ois Pelletant","og_description":"Les linois b\u00e9n\u00e9ficient de tarifs pr\u00e9f\u00e9rentiels gr\u00e2ce au partenariat conclu entre la ville de Linas et le th\u00e9\u00e2tre de Longjumeau.","og_url":"https:\/\/francois-pelletant.fr\/blog\/theatre-de-longjumeau-places\/","og_site_name":"Fran\u00e7ois Pelletant","article_publisher":"https:\/\/www.facebook.com\/francois.pelletant.7","article_published_time":"2013-10-30T08:51:29+00:00","article_modified_time":"2017-06-28T08:28:03+00:00","og_image":[{"width":800,"height":697,"url":"https:\/\/francois-pelletant.fr\/blog\/wp-content\/uploads\/2013\/10\/longjumeau.jpg","type":"image\/jpeg"}],"author":"Francois","twitter_card":"summary_large_image","twitter_creator":"@pelletant","twitter_site":"@pelletant","twitter_misc":{"\u00c9crit par":"Francois"},"schema":{"@context":"https:\/\/schema.org","@graph":[{"@type":"Article","@id":"https:\/\/francois-pelletant.fr\/blog\/theatre-de-longjumeau-places\/#article","isPartOf":{"@id":"https:\/\/francois-pelletant.fr\/blog\/theatre-de-longjumeau-places\/"},"author":{"name":"Francois","@id":"https:\/\/francois-pelletant.fr\/blog\/#\/schema\/person\/2be41acb171dff8f31aaed1f40cee9f3"},"headline":"Th\u00e9\u00e2tre\u00a0de\u00a0Longjumeau\u00a0: il reste quelques places !","datePublished":"2013-10-30T08:51:29+00:00","dateModified":"2017-06-28T08:28:03+00:00","mainEntityOfPage":{"@id":"https:\/\/francois-pelletant.fr\/blog\/theatre-de-longjumeau-places\/"},"wordCount":96,"commentCount":0,"publisher":{"@id":"https:\/\/francois-pelletant.fr\/blog\/#organization"},"image":{"@id":"https:\/\/francois-pelletant.fr\/blog\/theatre-de-longjumeau-places\/#primaryimage"},"thumbnailUrl":"https:\/\/francois-pelletant.fr\/blog\/wp-content\/uploads\/2013\/10\/longjumeau.jpg","articleSection":["Infos"],"inLanguage":"fr-FR","potentialAction":[{"@type":"CommentAction","name":"Comment","target":["https:\/\/francois-pelletant.fr\/blog\/theatre-de-longjumeau-places\/#respond"]}]},{"@type":"WebPage","@id":"https:\/\/francois-pelletant.fr\/blog\/theatre-de-longjumeau-places\/","url":"https:\/\/francois-pelletant.fr\/blog\/theatre-de-longjumeau-places\/","name":"Th\u00e9\u00e2tre\u00a0de\u00a0Longjumeau\u00a0: il reste quelques places ! - Fran\u00e7ois Pelletant","isPartOf":{"@id":"https:\/\/francois-pelletant.fr\/blog\/#website"},"primaryImageOfPage":{"@id":"https:\/\/francois-pelletant.fr\/blog\/theatre-de-longjumeau-places\/#primaryimage"},"image":{"@id":"https:\/\/francois-pelletant.fr\/blog\/theatre-de-longjumeau-places\/#primaryimage"},"thumbnailUrl":"https:\/\/francois-pelletant.fr\/blog\/wp-content\/uploads\/2013\/10\/longjumeau.jpg","datePublished":"2013-10-30T08:51:29+00:00","dateModified":"2017-06-28T08:28:03+00:00","description":"Les linois b\u00e9n\u00e9ficient de tarifs pr\u00e9f\u00e9rentiels gr\u00e2ce au partenariat conclu entre la ville de Linas et le th\u00e9\u00e2tre de Longjumeau.","breadcrumb":{"@id":"https:\/\/francois-pelletant.fr\/blog\/theatre-de-longjumeau-places\/#breadcrumb"},"inLanguage":"fr-FR","potentialAction":[{"@type":"ReadAction","target":["https:\/\/francois-pelletant.fr\/blog\/theatre-de-longjumeau-places\/"]}]},{"@type":"ImageObject","inLanguage":"fr-FR","@id":"https:\/\/francois-pelletant.fr\/blog\/theatre-de-longjumeau-places\/#primaryimage","url":"https:\/\/francois-pelletant.fr\/blog\/wp-content\/uploads\/2013\/10\/longjumeau.jpg","contentUrl":"https:\/\/francois-pelletant.fr\/blog\/wp-content\/uploads\/2013\/10\/longjumeau.jpg","width":800,"height":697},{"@type":"BreadcrumbList","@id":"https:\/\/francois-pelletant.fr\/blog\/theatre-de-longjumeau-places\/#breadcrumb","itemListElement":[{"@type":"ListItem","position":1,"name":"Accueil","item":"https:\/\/francois-pelletant.fr\/blog\/"},{"@type":"ListItem","position":2,"name":"Th\u00e9\u00e2tre\u00a0de\u00a0Longjumeau\u00a0: il reste quelques places !"}]},{"@type":"WebSite","@id":"https:\/\/francois-pelletant.fr\/blog\/#website","url":"https:\/\/francois-pelletant.fr\/blog\/","name":"Fran\u00e7ois Pelletant","description":"Maire de Linas, pour toujours.","publisher":{"@id":"https:\/\/francois-pelletant.fr\/blog\/#organization"},"potentialAction":[{"@type":"SearchAction","target":{"@type":"EntryPoint","urlTemplate":"https:\/\/francois-pelletant.fr\/blog\/?s={search_term_string}"},"query-input":{"@type":"PropertyValueSpecification","valueRequired":true,"valueName":"search_term_string"}}],"inLanguage":"fr-FR"},{"@type":"Organization","@id":"https:\/\/francois-pelletant.fr\/blog\/#organization","name":"Fran\u00e7ois Pelletant","url":"https:\/\/francois-pelletant.fr\/blog\/","logo":{"@type":"ImageObject","inLanguage":"fr-FR","@id":"https:\/\/francois-pelletant.fr\/blog\/#\/schema\/logo\/image\/","url":"https:\/\/francois-pelletant.fr\/blog\/wp-content\/uploads\/2024\/07\/icone-francois-centre-500p.png","contentUrl":"https:\/\/francois-pelletant.fr\/blog\/wp-content\/uploads\/2024\/07\/icone-francois-centre-500p.png","width":559,"height":447,"caption":"Fran\u00e7ois Pelletant"},"image":{"@id":"https:\/\/francois-pelletant.fr\/blog\/#\/schema\/logo\/image\/"},"sameAs":["https:\/\/www.facebook.com\/francois.pelletant.7","https:\/\/x.com\/pelletant"]},{"@type":"Person","@id":"https:\/\/francois-pelletant.fr\/blog\/#\/schema\/person\/2be41acb171dff8f31aaed1f40cee9f3","name":"Francois"}]}},"_links":{"self":[{"href":"https:\/\/francois-pelletant.fr\/blog\/wp-json\/wp\/v2\/posts\/3792","targetHints":{"allow":["GET"]}}],"collection":[{"href":"https:\/\/francois-pelletant.fr\/blog\/wp-json\/wp\/v2\/posts"}],"about":[{"href":"https:\/\/francois-pelletant.fr\/blog\/wp-json\/wp\/v2\/types\/post"}],"author":[{"embeddable":true,"href":"https:\/\/francois-pelletant.fr\/blog\/wp-json\/wp\/v2\/users\/1"}],"replies":[{"embeddable":true,"href":"https:\/\/francois-pelletant.fr\/blog\/wp-json\/wp\/v2\/comments?post=3792"}],"version-history":[{"count":0,"href":"https:\/\/francois-pelletant.fr\/blog\/wp-json\/wp\/v2\/posts\/3792\/revisions"}],"wp:featuredmedia":[{"embeddable":true,"href":"https:\/\/francois-pelletant.fr\/blog\/wp-json\/wp\/v2\/media\/3793"}],"wp:attachment":[{"href":"https:\/\/francois-pelletant.fr\/blog\/wp-json\/wp\/v2\/media?parent=3792"}],"wp:term":[{"taxonomy":"category","embeddable":true,"href":"https:\/\/francois-pelletant.fr\/blog\/wp-json\/wp\/v2\/categories?post=3792"},{"taxonomy":"post_tag","embeddable":true,"href":"https:\/\/francois-pelletant.fr\/blog\/wp-json\/wp\/v2\/tags?post=3792"}],"curies":[{"name":"wp","href":"https:\/\/api.w.org\/{rel}","templated":true}]}}