{"id":3890,"date":"2013-12-02T10:55:36","date_gmt":"2013-12-02T08:55:36","guid":{"rendered":"https:\/\/francois-pelletant.fr\/blog\/?p=3890"},"modified":"2017-05-31T07:45:30","modified_gmt":"2017-05-31T07:45:30","slug":"les-animateurs-en-formation","status":"publish","type":"post","link":"https:\/\/francois-pelletant.fr\/blog\/les-animateurs-en-formation\/","title":{"rendered":"Les animateurs du temps repas en formation"},"content":{"rendered":"<h3><a href=\"https:\/\/francois-pelletant.fr\/blog\/wp-content\/uploads\/2013\/12\/animateurs-temps-repas12.jpg\"><img loading=\"lazy\" decoding=\"async\" class=\"alignleft size-medium wp-image-3892\" title=\"animateurs temps repas\" src=\"https:\/\/francois-pelletant.fr\/blog\/wp-content\/uploads\/2013\/12\/animateurs-temps-repas12-300x208.jpg\" alt=\"\" width=\"300\" height=\"208\" \/><\/a>Les animateurs du temps repas effectuent une formation indispensable<\/h3>\n<p>Les animateurs encadrant les enfants durant le temps repas \u00e0 Linas ont r\u00e9cemment b\u00e9n\u00e9fici\u00e9 d\u2019une formation. Des th\u00e8mes aussi diff\u00e9rents que la r\u00e9glementation en vigueur, la gestion des PAI (Projets d\u2019Accueil Individualis\u00e9s) ou le comportement \u00e0 adopter dans certaines situations ont \u00e9t\u00e9 abord\u00e9s. Ces formations, se d\u00e9roulent sur deux apr\u00e8s-midi et sont un passage oblig\u00e9 pour le nouveau personnel de la mairie. Celle-ci \u00e0 alors pour objectif de garantir aux enfants un d\u00e9jeuner agr\u00e9able et serein\u00a0!<\/p>\n","protected":false},"excerpt":{"rendered":"<p>Les animateurs du temps repas effectuent une formation indispensable Les animateurs encadrant les enfants durant le temps repas \u00e0 Linas ont r\u00e9cemment b\u00e9n\u00e9fici\u00e9 d\u2019une formation. Des th\u00e8mes aussi diff\u00e9rents que la r\u00e9glementation en vigueur, la gestion des PAI (Projets d\u2019Accueil Individualis\u00e9s) ou le comportement \u00e0 adopter dans certaines situations ont \u00e9t\u00e9 abord\u00e9s. Ces formations, se [&hellip;]<\/p>\n","protected":false},"author":1,"featured_media":3894,"comment_status":"open","ping_status":"open","sticky":false,"template":"","format":"standard","meta":{"footnotes":""},"categories":[10],"tags":[],"class_list":["post-3890","post","type-post","status-publish","format-standard","has-post-thumbnail","hentry","category-1pelletant"],"yoast_head":"<!-- This site is optimized with the Yoast SEO plugin v25.6 - https:\/\/yoast.com\/wordpress\/plugins\/seo\/ -->\n<title>Les animateurs du temps repas en formation - Fran\u00e7ois Pelletant<\/title>\n<meta name=\"description\" content=\"Les animateurs encadre les enfants du temps du repas ont b\u00e9n\u00e9fici\u00e9 d&#039;une formation sur la gestion des projets d&#039;accueil individualis\u00e9s.\" \/>\n<meta name=\"robots\" content=\"index, follow, max-snippet:-1, max-image-preview:large, max-video-preview:-1\" \/>\n<link rel=\"canonical\" href=\"https:\/\/francois-pelletant.fr\/blog\/les-animateurs-en-formation\/\" \/>\n<meta property=\"og:locale\" content=\"fr_FR\" \/>\n<meta property=\"og:type\" content=\"article\" \/>\n<meta property=\"og:title\" content=\"Les animateurs du temps repas en formation - Fran\u00e7ois Pelletant\" \/>\n<meta property=\"og:description\" content=\"Les animateurs encadre les enfants du temps du repas ont b\u00e9n\u00e9fici\u00e9 d&#039;une formation sur la gestion des projets d&#039;accueil individualis\u00e9s.\" \/>\n<meta property=\"og:url\" content=\"https:\/\/francois-pelletant.fr\/blog\/les-animateurs-en-formation\/\" \/>\n<meta property=\"og:site_name\" content=\"Fran\u00e7ois Pelletant\" \/>\n<meta property=\"article:publisher\" content=\"https:\/\/www.facebook.com\/francois.pelletant.7\" \/>\n<meta property=\"article:published_time\" content=\"2013-12-02T08:55:36+00:00\" \/>\n<meta property=\"article:modified_time\" content=\"2017-05-31T07:45:30+00:00\" \/>\n<meta property=\"og:image\" content=\"https:\/\/francois-pelletant.fr\/blog\/wp-content\/uploads\/2013\/12\/animateurs-temps-repas11.jpg\" \/>\n\t<meta property=\"og:image:width\" content=\"591\" \/>\n\t<meta property=\"og:image:height\" content=\"410\" \/>\n\t<meta property=\"og:image:type\" content=\"image\/jpeg\" \/>\n<meta name=\"author\" content=\"Francois\" \/>\n<meta name=\"twitter:card\" content=\"summary_large_image\" \/>\n<meta name=\"twitter:creator\" content=\"@pelletant\" \/>\n<meta name=\"twitter:site\" content=\"@pelletant\" \/>\n<meta name=\"twitter:label1\" content=\"\u00c9crit par\" \/>\n\t<meta name=\"twitter:data1\" content=\"Francois\" \/>\n<script type=\"application\/ld+json\" class=\"yoast-schema-graph\">{\"@context\":\"https:\/\/schema.org\",\"@graph\":[{\"@type\":\"Article\",\"@id\":\"https:\/\/francois-pelletant.fr\/blog\/les-animateurs-en-formation\/#article\",\"isPartOf\":{\"@id\":\"https:\/\/francois-pelletant.fr\/blog\/les-animateurs-en-formation\/\"},\"author\":{\"name\":\"Francois\",\"@id\":\"https:\/\/francois-pelletant.fr\/blog\/#\/schema\/person\/2be41acb171dff8f31aaed1f40cee9f3\"},\"headline\":\"Les animateurs du temps repas en formation\",\"datePublished\":\"2013-12-02T08:55:36+00:00\",\"dateModified\":\"2017-05-31T07:45:30+00:00\",\"mainEntityOfPage\":{\"@id\":\"https:\/\/francois-pelletant.fr\/blog\/les-animateurs-en-formation\/\"},\"wordCount\":103,\"commentCount\":0,\"publisher\":{\"@id\":\"https:\/\/francois-pelletant.fr\/blog\/#organization\"},\"image\":{\"@id\":\"https:\/\/francois-pelletant.fr\/blog\/les-animateurs-en-formation\/#primaryimage\"},\"thumbnailUrl\":\"https:\/\/francois-pelletant.fr\/blog\/wp-content\/uploads\/2013\/12\/animateurs-temps-repas11.jpg\",\"articleSection\":[\"Infos\"],\"inLanguage\":\"fr-FR\",\"potentialAction\":[{\"@type\":\"CommentAction\",\"name\":\"Comment\",\"target\":[\"https:\/\/francois-pelletant.fr\/blog\/les-animateurs-en-formation\/#respond\"]}]},{\"@type\":\"WebPage\",\"@id\":\"https:\/\/francois-pelletant.fr\/blog\/les-animateurs-en-formation\/\",\"url\":\"https:\/\/francois-pelletant.fr\/blog\/les-animateurs-en-formation\/\",\"name\":\"Les animateurs du temps repas en formation - Fran\u00e7ois Pelletant\",\"isPartOf\":{\"@id\":\"https:\/\/francois-pelletant.fr\/blog\/#website\"},\"primaryImageOfPage\":{\"@id\":\"https:\/\/francois-pelletant.fr\/blog\/les-animateurs-en-formation\/#primaryimage\"},\"image\":{\"@id\":\"https:\/\/francois-pelletant.fr\/blog\/les-animateurs-en-formation\/#primaryimage\"},\"thumbnailUrl\":\"https:\/\/francois-pelletant.fr\/blog\/wp-content\/uploads\/2013\/12\/animateurs-temps-repas11.jpg\",\"datePublished\":\"2013-12-02T08:55:36+00:00\",\"dateModified\":\"2017-05-31T07:45:30+00:00\",\"description\":\"Les animateurs encadre les enfants du temps du repas ont b\u00e9n\u00e9fici\u00e9 d'une formation sur la gestion des projets d'accueil individualis\u00e9s.\",\"breadcrumb\":{\"@id\":\"https:\/\/francois-pelletant.fr\/blog\/les-animateurs-en-formation\/#breadcrumb\"},\"inLanguage\":\"fr-FR\",\"potentialAction\":[{\"@type\":\"ReadAction\",\"target\":[\"https:\/\/francois-pelletant.fr\/blog\/les-animateurs-en-formation\/\"]}]},{\"@type\":\"ImageObject\",\"inLanguage\":\"fr-FR\",\"@id\":\"https:\/\/francois-pelletant.fr\/blog\/les-animateurs-en-formation\/#primaryimage\",\"url\":\"https:\/\/francois-pelletant.fr\/blog\/wp-content\/uploads\/2013\/12\/animateurs-temps-repas11.jpg\",\"contentUrl\":\"https:\/\/francois-pelletant.fr\/blog\/wp-content\/uploads\/2013\/12\/animateurs-temps-repas11.jpg\",\"width\":591,\"height\":410},{\"@type\":\"BreadcrumbList\",\"@id\":\"https:\/\/francois-pelletant.fr\/blog\/les-animateurs-en-formation\/#breadcrumb\",\"itemListElement\":[{\"@type\":\"ListItem\",\"position\":1,\"name\":\"Accueil\",\"item\":\"https:\/\/francois-pelletant.fr\/blog\/\"},{\"@type\":\"ListItem\",\"position\":2,\"name\":\"Les animateurs du temps repas en formation\"}]},{\"@type\":\"WebSite\",\"@id\":\"https:\/\/francois-pelletant.fr\/blog\/#website\",\"url\":\"https:\/\/francois-pelletant.fr\/blog\/\",\"name\":\"Fran\u00e7ois Pelletant\",\"description\":\"Maire de Linas, pour toujours.\",\"publisher\":{\"@id\":\"https:\/\/francois-pelletant.fr\/blog\/#organization\"},\"potentialAction\":[{\"@type\":\"SearchAction\",\"target\":{\"@type\":\"EntryPoint\",\"urlTemplate\":\"https:\/\/francois-pelletant.fr\/blog\/?s={search_term_string}\"},\"query-input\":{\"@type\":\"PropertyValueSpecification\",\"valueRequired\":true,\"valueName\":\"search_term_string\"}}],\"inLanguage\":\"fr-FR\"},{\"@type\":\"Organization\",\"@id\":\"https:\/\/francois-pelletant.fr\/blog\/#organization\",\"name\":\"Fran\u00e7ois Pelletant\",\"url\":\"https:\/\/francois-pelletant.fr\/blog\/\",\"logo\":{\"@type\":\"ImageObject\",\"inLanguage\":\"fr-FR\",\"@id\":\"https:\/\/francois-pelletant.fr\/blog\/#\/schema\/logo\/image\/\",\"url\":\"https:\/\/francois-pelletant.fr\/blog\/wp-content\/uploads\/2024\/07\/icone-francois-centre-500p.png\",\"contentUrl\":\"https:\/\/francois-pelletant.fr\/blog\/wp-content\/uploads\/2024\/07\/icone-francois-centre-500p.png\",\"width\":559,\"height\":447,\"caption\":\"Fran\u00e7ois Pelletant\"},\"image\":{\"@id\":\"https:\/\/francois-pelletant.fr\/blog\/#\/schema\/logo\/image\/\"},\"sameAs\":[\"https:\/\/www.facebook.com\/francois.pelletant.7\",\"https:\/\/x.com\/pelletant\"]},{\"@type\":\"Person\",\"@id\":\"https:\/\/francois-pelletant.fr\/blog\/#\/schema\/person\/2be41acb171dff8f31aaed1f40cee9f3\",\"name\":\"Francois\"}]}<\/script>\n<!-- \/ Yoast SEO plugin. -->","yoast_head_json":{"title":"Les animateurs du temps repas en formation - Fran\u00e7ois Pelletant","description":"Les animateurs encadre les enfants du temps du repas ont b\u00e9n\u00e9fici\u00e9 d'une formation sur la gestion des projets d'accueil individualis\u00e9s.","robots":{"index":"index","follow":"follow","max-snippet":"max-snippet:-1","max-image-preview":"max-image-preview:large","max-video-preview":"max-video-preview:-1"},"canonical":"https:\/\/francois-pelletant.fr\/blog\/les-animateurs-en-formation\/","og_locale":"fr_FR","og_type":"article","og_title":"Les animateurs du temps repas en formation - Fran\u00e7ois Pelletant","og_description":"Les animateurs encadre les enfants du temps du repas ont b\u00e9n\u00e9fici\u00e9 d'une formation sur la gestion des projets d'accueil individualis\u00e9s.","og_url":"https:\/\/francois-pelletant.fr\/blog\/les-animateurs-en-formation\/","og_site_name":"Fran\u00e7ois Pelletant","article_publisher":"https:\/\/www.facebook.com\/francois.pelletant.7","article_published_time":"2013-12-02T08:55:36+00:00","article_modified_time":"2017-05-31T07:45:30+00:00","og_image":[{"width":591,"height":410,"url":"https:\/\/francois-pelletant.fr\/blog\/wp-content\/uploads\/2013\/12\/animateurs-temps-repas11.jpg","type":"image\/jpeg"}],"author":"Francois","twitter_card":"summary_large_image","twitter_creator":"@pelletant","twitter_site":"@pelletant","twitter_misc":{"\u00c9crit par":"Francois"},"schema":{"@context":"https:\/\/schema.org","@graph":[{"@type":"Article","@id":"https:\/\/francois-pelletant.fr\/blog\/les-animateurs-en-formation\/#article","isPartOf":{"@id":"https:\/\/francois-pelletant.fr\/blog\/les-animateurs-en-formation\/"},"author":{"name":"Francois","@id":"https:\/\/francois-pelletant.fr\/blog\/#\/schema\/person\/2be41acb171dff8f31aaed1f40cee9f3"},"headline":"Les animateurs du temps repas en formation","datePublished":"2013-12-02T08:55:36+00:00","dateModified":"2017-05-31T07:45:30+00:00","mainEntityOfPage":{"@id":"https:\/\/francois-pelletant.fr\/blog\/les-animateurs-en-formation\/"},"wordCount":103,"commentCount":0,"publisher":{"@id":"https:\/\/francois-pelletant.fr\/blog\/#organization"},"image":{"@id":"https:\/\/francois-pelletant.fr\/blog\/les-animateurs-en-formation\/#primaryimage"},"thumbnailUrl":"https:\/\/francois-pelletant.fr\/blog\/wp-content\/uploads\/2013\/12\/animateurs-temps-repas11.jpg","articleSection":["Infos"],"inLanguage":"fr-FR","potentialAction":[{"@type":"CommentAction","name":"Comment","target":["https:\/\/francois-pelletant.fr\/blog\/les-animateurs-en-formation\/#respond"]}]},{"@type":"WebPage","@id":"https:\/\/francois-pelletant.fr\/blog\/les-animateurs-en-formation\/","url":"https:\/\/francois-pelletant.fr\/blog\/les-animateurs-en-formation\/","name":"Les animateurs du temps repas en formation - Fran\u00e7ois Pelletant","isPartOf":{"@id":"https:\/\/francois-pelletant.fr\/blog\/#website"},"primaryImageOfPage":{"@id":"https:\/\/francois-pelletant.fr\/blog\/les-animateurs-en-formation\/#primaryimage"},"image":{"@id":"https:\/\/francois-pelletant.fr\/blog\/les-animateurs-en-formation\/#primaryimage"},"thumbnailUrl":"https:\/\/francois-pelletant.fr\/blog\/wp-content\/uploads\/2013\/12\/animateurs-temps-repas11.jpg","datePublished":"2013-12-02T08:55:36+00:00","dateModified":"2017-05-31T07:45:30+00:00","description":"Les animateurs encadre les enfants du temps du repas ont b\u00e9n\u00e9fici\u00e9 d'une formation sur la gestion des projets d'accueil individualis\u00e9s.","breadcrumb":{"@id":"https:\/\/francois-pelletant.fr\/blog\/les-animateurs-en-formation\/#breadcrumb"},"inLanguage":"fr-FR","potentialAction":[{"@type":"ReadAction","target":["https:\/\/francois-pelletant.fr\/blog\/les-animateurs-en-formation\/"]}]},{"@type":"ImageObject","inLanguage":"fr-FR","@id":"https:\/\/francois-pelletant.fr\/blog\/les-animateurs-en-formation\/#primaryimage","url":"https:\/\/francois-pelletant.fr\/blog\/wp-content\/uploads\/2013\/12\/animateurs-temps-repas11.jpg","contentUrl":"https:\/\/francois-pelletant.fr\/blog\/wp-content\/uploads\/2013\/12\/animateurs-temps-repas11.jpg","width":591,"height":410},{"@type":"BreadcrumbList","@id":"https:\/\/francois-pelletant.fr\/blog\/les-animateurs-en-formation\/#breadcrumb","itemListElement":[{"@type":"ListItem","position":1,"name":"Accueil","item":"https:\/\/francois-pelletant.fr\/blog\/"},{"@type":"ListItem","position":2,"name":"Les animateurs du temps repas en formation"}]},{"@type":"WebSite","@id":"https:\/\/francois-pelletant.fr\/blog\/#website","url":"https:\/\/francois-pelletant.fr\/blog\/","name":"Fran\u00e7ois Pelletant","description":"Maire de Linas, pour toujours.","publisher":{"@id":"https:\/\/francois-pelletant.fr\/blog\/#organization"},"potentialAction":[{"@type":"SearchAction","target":{"@type":"EntryPoint","urlTemplate":"https:\/\/francois-pelletant.fr\/blog\/?s={search_term_string}"},"query-input":{"@type":"PropertyValueSpecification","valueRequired":true,"valueName":"search_term_string"}}],"inLanguage":"fr-FR"},{"@type":"Organization","@id":"https:\/\/francois-pelletant.fr\/blog\/#organization","name":"Fran\u00e7ois Pelletant","url":"https:\/\/francois-pelletant.fr\/blog\/","logo":{"@type":"ImageObject","inLanguage":"fr-FR","@id":"https:\/\/francois-pelletant.fr\/blog\/#\/schema\/logo\/image\/","url":"https:\/\/francois-pelletant.fr\/blog\/wp-content\/uploads\/2024\/07\/icone-francois-centre-500p.png","contentUrl":"https:\/\/francois-pelletant.fr\/blog\/wp-content\/uploads\/2024\/07\/icone-francois-centre-500p.png","width":559,"height":447,"caption":"Fran\u00e7ois Pelletant"},"image":{"@id":"https:\/\/francois-pelletant.fr\/blog\/#\/schema\/logo\/image\/"},"sameAs":["https:\/\/www.facebook.com\/francois.pelletant.7","https:\/\/x.com\/pelletant"]},{"@type":"Person","@id":"https:\/\/francois-pelletant.fr\/blog\/#\/schema\/person\/2be41acb171dff8f31aaed1f40cee9f3","name":"Francois"}]}},"_links":{"self":[{"href":"https:\/\/francois-pelletant.fr\/blog\/wp-json\/wp\/v2\/posts\/3890","targetHints":{"allow":["GET"]}}],"collection":[{"href":"https:\/\/francois-pelletant.fr\/blog\/wp-json\/wp\/v2\/posts"}],"about":[{"href":"https:\/\/francois-pelletant.fr\/blog\/wp-json\/wp\/v2\/types\/post"}],"author":[{"embeddable":true,"href":"https:\/\/francois-pelletant.fr\/blog\/wp-json\/wp\/v2\/users\/1"}],"replies":[{"embeddable":true,"href":"https:\/\/francois-pelletant.fr\/blog\/wp-json\/wp\/v2\/comments?post=3890"}],"version-history":[{"count":0,"href":"https:\/\/francois-pelletant.fr\/blog\/wp-json\/wp\/v2\/posts\/3890\/revisions"}],"wp:featuredmedia":[{"embeddable":true,"href":"https:\/\/francois-pelletant.fr\/blog\/wp-json\/wp\/v2\/media\/3894"}],"wp:attachment":[{"href":"https:\/\/francois-pelletant.fr\/blog\/wp-json\/wp\/v2\/media?parent=3890"}],"wp:term":[{"taxonomy":"category","embeddable":true,"href":"https:\/\/francois-pelletant.fr\/blog\/wp-json\/wp\/v2\/categories?post=3890"},{"taxonomy":"post_tag","embeddable":true,"href":"https:\/\/francois-pelletant.fr\/blog\/wp-json\/wp\/v2\/tags?post=3890"}],"curies":[{"name":"wp","href":"https:\/\/api.w.org\/{rel}","templated":true}]}}