{"id":3922,"date":"2013-12-15T08:29:06","date_gmt":"2013-12-15T06:29:06","guid":{"rendered":"https:\/\/francois-pelletant.fr\/blog\/?p=3922"},"modified":"2013-12-15T08:29:06","modified_gmt":"2013-12-15T06:29:06","slug":"illustrations-de-presse-best-of-de-decembre","status":"publish","type":"post","link":"https:\/\/francois-pelletant.fr\/blog\/illustrations-de-presse-best-of-de-decembre\/","title":{"rendered":"Illustrations de presse : best of de d\u00e9cembre"},"content":{"rendered":"<p><a href=\"https:\/\/francois-pelletant.fr\/blog\/wp-content\/uploads\/2013\/12\/Marianne-7-d\u00e9cembre.jpg\"><img loading=\"lazy\" decoding=\"async\" class=\"alignleft size-medium wp-image-3923\" title=\"Marianne 7 d\u00e9cembre\" src=\"https:\/\/francois-pelletant.fr\/blog\/wp-content\/uploads\/2013\/12\/Marianne-7-d\u00e9cembre-258x300.jpg\" alt=\"\" width=\"258\" height=\"300\" \/><\/a>Chaque semaine, je vous propose de faire un tour d&#8217;horizon de l&#8217;actualit\u00e9 \u00e0 travers les illustrations et dessins parus dans la presse hexagonale.<\/p>\n<p>&nbsp;<\/p>\n<figure id=\"attachment_3924\" aria-describedby=\"caption-attachment-3924\" style=\"width: 300px\" class=\"wp-caption aligncenter\"><a href=\"https:\/\/francois-pelletant.fr\/blog\/wp-content\/uploads\/2013\/12\/Bakchich.info-5-d\u00e9cembre.jpg\"><img loading=\"lazy\" decoding=\"async\" class=\"size-medium wp-image-3924\" title=\"Bakchich.info 5 d\u00e9cembre\" src=\"https:\/\/francois-pelletant.fr\/blog\/wp-content\/uploads\/2013\/12\/Bakchich.info-5-d\u00e9cembre-300x240.jpg\" alt=\"\" width=\"300\" height=\"240\" srcset=\"https:\/\/francois-pelletant.fr\/blog\/wp-content\/uploads\/2013\/12\/Bakchich.info-5-d\u00e9cembre-300x240.jpg 300w, https:\/\/francois-pelletant.fr\/blog\/wp-content\/uploads\/2013\/12\/Bakchich.info-5-d\u00e9cembre.jpg 600w\" sizes=\"auto, (max-width: 300px) 100vw, 300px\" \/><\/a><figcaption id=\"caption-attachment-3924\" class=\"wp-caption-text\">Bakchich.info 5 d\u00e9cembre<\/figcaption><\/figure>\n<p>&nbsp;<\/p>\n<figure id=\"attachment_3925\" aria-describedby=\"caption-attachment-3925\" style=\"width: 300px\" class=\"wp-caption aligncenter\"><a href=\"https:\/\/francois-pelletant.fr\/blog\/wp-content\/uploads\/2013\/12\/Le-Canard-enchain\u00e9-11-d\u00e9cembre.jpg\"><img loading=\"lazy\" decoding=\"async\" class=\"size-medium wp-image-3925\" title=\"Le Canard enchain\u00e9 11 d\u00e9cembre\" src=\"https:\/\/francois-pelletant.fr\/blog\/wp-content\/uploads\/2013\/12\/Le-Canard-enchain\u00e9-11-d\u00e9cembre-300x244.jpg\" alt=\"\" width=\"300\" height=\"244\" \/><\/a><figcaption id=\"caption-attachment-3925\" class=\"wp-caption-text\">Le Canard enchain\u00e9 11 d\u00e9cembre<\/figcaption><\/figure>\n<p>&nbsp;<\/p>\n<figure id=\"attachment_3926\" aria-describedby=\"caption-attachment-3926\" style=\"width: 300px\" class=\"wp-caption aligncenter\"><a href=\"https:\/\/francois-pelletant.fr\/blog\/wp-content\/uploads\/2013\/12\/Le-courrier-picard-11-d\u00e9cembre.jpg\"><img loading=\"lazy\" decoding=\"async\" class=\"size-medium wp-image-3926\" title=\"Le courrier picard 11 d\u00e9cembre\" src=\"https:\/\/francois-pelletant.fr\/blog\/wp-content\/uploads\/2013\/12\/Le-courrier-picard-11-d\u00e9cembre-300x237.jpg\" alt=\"\" width=\"300\" height=\"237\" srcset=\"https:\/\/francois-pelletant.fr\/blog\/wp-content\/uploads\/2013\/12\/Le-courrier-picard-11-d\u00e9cembre-300x237.jpg 300w, https:\/\/francois-pelletant.fr\/blog\/wp-content\/uploads\/2013\/12\/Le-courrier-picard-11-d\u00e9cembre-570x450.jpg 570w, https:\/\/francois-pelletant.fr\/blog\/wp-content\/uploads\/2013\/12\/Le-courrier-picard-11-d\u00e9cembre.jpg 589w\" sizes=\"auto, (max-width: 300px) 100vw, 300px\" \/><\/a><figcaption id=\"caption-attachment-3926\" class=\"wp-caption-text\">Le courrier picard 11 d\u00e9cembre<\/figcaption><\/figure>\n<p>&nbsp;<\/p>\n<figure id=\"attachment_3927\" aria-describedby=\"caption-attachment-3927\" style=\"width: 201px\" class=\"wp-caption aligncenter\"><a href=\"https:\/\/francois-pelletant.fr\/blog\/wp-content\/uploads\/2013\/12\/Marianne-7-d\u00e9cembre-20131.jpg\"><img loading=\"lazy\" decoding=\"async\" class=\"size-medium wp-image-3927\" title=\"Marianne 7 d\u00e9cembre 2013\" src=\"https:\/\/francois-pelletant.fr\/blog\/wp-content\/uploads\/2013\/12\/Marianne-7-d\u00e9cembre-20131-201x300.jpg\" alt=\"\" width=\"201\" height=\"300\" \/><\/a><figcaption id=\"caption-attachment-3927\" class=\"wp-caption-text\">Marianne 7 d\u00e9cembre 2013<\/figcaption><\/figure>\n<p>&nbsp;<\/p>\n<figure id=\"attachment_3928\" aria-describedby=\"caption-attachment-3928\" style=\"width: 300px\" class=\"wp-caption aligncenter\"><a href=\"https:\/\/francois-pelletant.fr\/blog\/wp-content\/uploads\/2013\/12\/Urtikan.net-7-d\u00e9cembre.jpg\"><img loading=\"lazy\" decoding=\"async\" class=\"size-medium wp-image-3928\" title=\"Urtikan.net 7 d\u00e9cembre\" src=\"https:\/\/francois-pelletant.fr\/blog\/wp-content\/uploads\/2013\/12\/Urtikan.net-7-d\u00e9cembre-300x300.jpg\" alt=\"\" width=\"300\" height=\"300\" srcset=\"https:\/\/francois-pelletant.fr\/blog\/wp-content\/uploads\/2013\/12\/Urtikan.net-7-d\u00e9cembre-300x300.jpg 300w, https:\/\/francois-pelletant.fr\/blog\/wp-content\/uploads\/2013\/12\/Urtikan.net-7-d\u00e9cembre-150x150.jpg 150w, https:\/\/francois-pelletant.fr\/blog\/wp-content\/uploads\/2013\/12\/Urtikan.net-7-d\u00e9cembre-230x230.jpg 230w, https:\/\/francois-pelletant.fr\/blog\/wp-content\/uploads\/2013\/12\/Urtikan.net-7-d\u00e9cembre-400x400.jpg 400w, https:\/\/francois-pelletant.fr\/blog\/wp-content\/uploads\/2013\/12\/Urtikan.net-7-d\u00e9cembre.jpg 580w\" sizes=\"auto, (max-width: 300px) 100vw, 300px\" \/><\/a><figcaption id=\"caption-attachment-3928\" class=\"wp-caption-text\">Urtikan.net 7 d\u00e9cembre<\/figcaption><\/figure>\n","protected":false},"excerpt":{"rendered":"<p>Chaque semaine, je vous propose de faire un tour d&#8217;horizon de l&#8217;actualit\u00e9 \u00e0 travers les illustrations et dessins parus dans la presse hexagonale. &nbsp; &nbsp; &nbsp; &nbsp; &nbsp;<\/p>\n","protected":false},"author":1,"featured_media":3923,"comment_status":"open","ping_status":"open","sticky":false,"template":"","format":"standard","meta":{"footnotes":""},"categories":[17],"tags":[],"class_list":["post-3922","post","type-post","status-publish","format-standard","has-post-thumbnail","hentry","category-prix-du-meilleur-dessin-de-presse"],"yoast_head":"<!-- This site is optimized with the Yoast SEO plugin v25.6 - https:\/\/yoast.com\/wordpress\/plugins\/seo\/ -->\n<title>Illustrations de presse : best of de d\u00e9cembre - Fran\u00e7ois Pelletant<\/title>\n<meta name=\"robots\" content=\"index, follow, max-snippet:-1, max-image-preview:large, max-video-preview:-1\" \/>\n<link rel=\"canonical\" href=\"https:\/\/francois-pelletant.fr\/blog\/illustrations-de-presse-best-of-de-decembre\/\" \/>\n<meta property=\"og:locale\" content=\"fr_FR\" \/>\n<meta property=\"og:type\" content=\"article\" \/>\n<meta property=\"og:title\" content=\"Illustrations de presse : best of de d\u00e9cembre - Fran\u00e7ois Pelletant\" \/>\n<meta property=\"og:description\" content=\"Chaque semaine, je vous propose de faire un tour d&#8217;horizon de l&#8217;actualit\u00e9 \u00e0 travers les illustrations et dessins parus dans la presse hexagonale. &nbsp; &nbsp; &nbsp; &nbsp; &nbsp;\" \/>\n<meta property=\"og:url\" content=\"https:\/\/francois-pelletant.fr\/blog\/illustrations-de-presse-best-of-de-decembre\/\" \/>\n<meta property=\"og:site_name\" content=\"Fran\u00e7ois Pelletant\" \/>\n<meta property=\"article:publisher\" content=\"https:\/\/www.facebook.com\/francois.pelletant.7\" \/>\n<meta property=\"article:published_time\" content=\"2013-12-15T06:29:06+00:00\" \/>\n<meta property=\"og:image\" content=\"https:\/\/francois-pelletant.fr\/blog\/wp-content\/uploads\/2013\/12\/Marianne-7-d\u00e9cembre.jpg\" \/>\n\t<meta property=\"og:image:width\" content=\"1512\" \/>\n\t<meta property=\"og:image:height\" content=\"1752\" \/>\n\t<meta property=\"og:image:type\" content=\"image\/jpeg\" \/>\n<meta name=\"author\" content=\"Francois\" \/>\n<meta name=\"twitter:card\" content=\"summary_large_image\" \/>\n<meta name=\"twitter:creator\" content=\"@pelletant\" \/>\n<meta name=\"twitter:site\" content=\"@pelletant\" \/>\n<meta name=\"twitter:label1\" content=\"\u00c9crit par\" \/>\n\t<meta name=\"twitter:data1\" content=\"Francois\" \/>\n<script type=\"application\/ld+json\" class=\"yoast-schema-graph\">{\"@context\":\"https:\/\/schema.org\",\"@graph\":[{\"@type\":\"Article\",\"@id\":\"https:\/\/francois-pelletant.fr\/blog\/illustrations-de-presse-best-of-de-decembre\/#article\",\"isPartOf\":{\"@id\":\"https:\/\/francois-pelletant.fr\/blog\/illustrations-de-presse-best-of-de-decembre\/\"},\"author\":{\"name\":\"Francois\",\"@id\":\"https:\/\/francois-pelletant.fr\/blog\/#\/schema\/person\/2be41acb171dff8f31aaed1f40cee9f3\"},\"headline\":\"Illustrations de presse : best of de d\u00e9cembre\",\"datePublished\":\"2013-12-15T06:29:06+00:00\",\"mainEntityOfPage\":{\"@id\":\"https:\/\/francois-pelletant.fr\/blog\/illustrations-de-presse-best-of-de-decembre\/\"},\"wordCount\":98,\"commentCount\":0,\"publisher\":{\"@id\":\"https:\/\/francois-pelletant.fr\/blog\/#organization\"},\"image\":{\"@id\":\"https:\/\/francois-pelletant.fr\/blog\/illustrations-de-presse-best-of-de-decembre\/#primaryimage\"},\"thumbnailUrl\":\"https:\/\/francois-pelletant.fr\/blog\/wp-content\/uploads\/2013\/12\/Marianne-7-d\u00e9cembre.jpg\",\"articleSection\":[\"Prix du meilleur dessin de presse\"],\"inLanguage\":\"fr-FR\",\"potentialAction\":[{\"@type\":\"CommentAction\",\"name\":\"Comment\",\"target\":[\"https:\/\/francois-pelletant.fr\/blog\/illustrations-de-presse-best-of-de-decembre\/#respond\"]}]},{\"@type\":\"WebPage\",\"@id\":\"https:\/\/francois-pelletant.fr\/blog\/illustrations-de-presse-best-of-de-decembre\/\",\"url\":\"https:\/\/francois-pelletant.fr\/blog\/illustrations-de-presse-best-of-de-decembre\/\",\"name\":\"Illustrations de presse : best of de d\u00e9cembre - Fran\u00e7ois Pelletant\",\"isPartOf\":{\"@id\":\"https:\/\/francois-pelletant.fr\/blog\/#website\"},\"primaryImageOfPage\":{\"@id\":\"https:\/\/francois-pelletant.fr\/blog\/illustrations-de-presse-best-of-de-decembre\/#primaryimage\"},\"image\":{\"@id\":\"https:\/\/francois-pelletant.fr\/blog\/illustrations-de-presse-best-of-de-decembre\/#primaryimage\"},\"thumbnailUrl\":\"https:\/\/francois-pelletant.fr\/blog\/wp-content\/uploads\/2013\/12\/Marianne-7-d\u00e9cembre.jpg\",\"datePublished\":\"2013-12-15T06:29:06+00:00\",\"breadcrumb\":{\"@id\":\"https:\/\/francois-pelletant.fr\/blog\/illustrations-de-presse-best-of-de-decembre\/#breadcrumb\"},\"inLanguage\":\"fr-FR\",\"potentialAction\":[{\"@type\":\"ReadAction\",\"target\":[\"https:\/\/francois-pelletant.fr\/blog\/illustrations-de-presse-best-of-de-decembre\/\"]}]},{\"@type\":\"ImageObject\",\"inLanguage\":\"fr-FR\",\"@id\":\"https:\/\/francois-pelletant.fr\/blog\/illustrations-de-presse-best-of-de-decembre\/#primaryimage\",\"url\":\"https:\/\/francois-pelletant.fr\/blog\/wp-content\/uploads\/2013\/12\/Marianne-7-d\u00e9cembre.jpg\",\"contentUrl\":\"https:\/\/francois-pelletant.fr\/blog\/wp-content\/uploads\/2013\/12\/Marianne-7-d\u00e9cembre.jpg\",\"width\":1512,\"height\":1752},{\"@type\":\"BreadcrumbList\",\"@id\":\"https:\/\/francois-pelletant.fr\/blog\/illustrations-de-presse-best-of-de-decembre\/#breadcrumb\",\"itemListElement\":[{\"@type\":\"ListItem\",\"position\":1,\"name\":\"Accueil\",\"item\":\"https:\/\/francois-pelletant.fr\/blog\/\"},{\"@type\":\"ListItem\",\"position\":2,\"name\":\"Illustrations de presse : best of de d\u00e9cembre\"}]},{\"@type\":\"WebSite\",\"@id\":\"https:\/\/francois-pelletant.fr\/blog\/#website\",\"url\":\"https:\/\/francois-pelletant.fr\/blog\/\",\"name\":\"Fran\u00e7ois Pelletant\",\"description\":\"Maire de Linas, pour toujours.\",\"publisher\":{\"@id\":\"https:\/\/francois-pelletant.fr\/blog\/#organization\"},\"potentialAction\":[{\"@type\":\"SearchAction\",\"target\":{\"@type\":\"EntryPoint\",\"urlTemplate\":\"https:\/\/francois-pelletant.fr\/blog\/?s={search_term_string}\"},\"query-input\":{\"@type\":\"PropertyValueSpecification\",\"valueRequired\":true,\"valueName\":\"search_term_string\"}}],\"inLanguage\":\"fr-FR\"},{\"@type\":\"Organization\",\"@id\":\"https:\/\/francois-pelletant.fr\/blog\/#organization\",\"name\":\"Fran\u00e7ois Pelletant\",\"url\":\"https:\/\/francois-pelletant.fr\/blog\/\",\"logo\":{\"@type\":\"ImageObject\",\"inLanguage\":\"fr-FR\",\"@id\":\"https:\/\/francois-pelletant.fr\/blog\/#\/schema\/logo\/image\/\",\"url\":\"https:\/\/francois-pelletant.fr\/blog\/wp-content\/uploads\/2024\/07\/icone-francois-centre-500p.png\",\"contentUrl\":\"https:\/\/francois-pelletant.fr\/blog\/wp-content\/uploads\/2024\/07\/icone-francois-centre-500p.png\",\"width\":559,\"height\":447,\"caption\":\"Fran\u00e7ois Pelletant\"},\"image\":{\"@id\":\"https:\/\/francois-pelletant.fr\/blog\/#\/schema\/logo\/image\/\"},\"sameAs\":[\"https:\/\/www.facebook.com\/francois.pelletant.7\",\"https:\/\/x.com\/pelletant\"]},{\"@type\":\"Person\",\"@id\":\"https:\/\/francois-pelletant.fr\/blog\/#\/schema\/person\/2be41acb171dff8f31aaed1f40cee9f3\",\"name\":\"Francois\"}]}<\/script>\n<!-- \/ Yoast SEO plugin. -->","yoast_head_json":{"title":"Illustrations de presse : best of de d\u00e9cembre - Fran\u00e7ois Pelletant","robots":{"index":"index","follow":"follow","max-snippet":"max-snippet:-1","max-image-preview":"max-image-preview:large","max-video-preview":"max-video-preview:-1"},"canonical":"https:\/\/francois-pelletant.fr\/blog\/illustrations-de-presse-best-of-de-decembre\/","og_locale":"fr_FR","og_type":"article","og_title":"Illustrations de presse : best of de d\u00e9cembre - Fran\u00e7ois Pelletant","og_description":"Chaque semaine, je vous propose de faire un tour d&#8217;horizon de l&#8217;actualit\u00e9 \u00e0 travers les illustrations et dessins parus dans la presse hexagonale. &nbsp; &nbsp; &nbsp; &nbsp; &nbsp;","og_url":"https:\/\/francois-pelletant.fr\/blog\/illustrations-de-presse-best-of-de-decembre\/","og_site_name":"Fran\u00e7ois Pelletant","article_publisher":"https:\/\/www.facebook.com\/francois.pelletant.7","article_published_time":"2013-12-15T06:29:06+00:00","og_image":[{"width":1512,"height":1752,"url":"https:\/\/francois-pelletant.fr\/blog\/wp-content\/uploads\/2013\/12\/Marianne-7-d\u00e9cembre.jpg","type":"image\/jpeg"}],"author":"Francois","twitter_card":"summary_large_image","twitter_creator":"@pelletant","twitter_site":"@pelletant","twitter_misc":{"\u00c9crit par":"Francois"},"schema":{"@context":"https:\/\/schema.org","@graph":[{"@type":"Article","@id":"https:\/\/francois-pelletant.fr\/blog\/illustrations-de-presse-best-of-de-decembre\/#article","isPartOf":{"@id":"https:\/\/francois-pelletant.fr\/blog\/illustrations-de-presse-best-of-de-decembre\/"},"author":{"name":"Francois","@id":"https:\/\/francois-pelletant.fr\/blog\/#\/schema\/person\/2be41acb171dff8f31aaed1f40cee9f3"},"headline":"Illustrations de presse : best of de d\u00e9cembre","datePublished":"2013-12-15T06:29:06+00:00","mainEntityOfPage":{"@id":"https:\/\/francois-pelletant.fr\/blog\/illustrations-de-presse-best-of-de-decembre\/"},"wordCount":98,"commentCount":0,"publisher":{"@id":"https:\/\/francois-pelletant.fr\/blog\/#organization"},"image":{"@id":"https:\/\/francois-pelletant.fr\/blog\/illustrations-de-presse-best-of-de-decembre\/#primaryimage"},"thumbnailUrl":"https:\/\/francois-pelletant.fr\/blog\/wp-content\/uploads\/2013\/12\/Marianne-7-d\u00e9cembre.jpg","articleSection":["Prix du meilleur dessin de presse"],"inLanguage":"fr-FR","potentialAction":[{"@type":"CommentAction","name":"Comment","target":["https:\/\/francois-pelletant.fr\/blog\/illustrations-de-presse-best-of-de-decembre\/#respond"]}]},{"@type":"WebPage","@id":"https:\/\/francois-pelletant.fr\/blog\/illustrations-de-presse-best-of-de-decembre\/","url":"https:\/\/francois-pelletant.fr\/blog\/illustrations-de-presse-best-of-de-decembre\/","name":"Illustrations de presse : best of de d\u00e9cembre - Fran\u00e7ois Pelletant","isPartOf":{"@id":"https:\/\/francois-pelletant.fr\/blog\/#website"},"primaryImageOfPage":{"@id":"https:\/\/francois-pelletant.fr\/blog\/illustrations-de-presse-best-of-de-decembre\/#primaryimage"},"image":{"@id":"https:\/\/francois-pelletant.fr\/blog\/illustrations-de-presse-best-of-de-decembre\/#primaryimage"},"thumbnailUrl":"https:\/\/francois-pelletant.fr\/blog\/wp-content\/uploads\/2013\/12\/Marianne-7-d\u00e9cembre.jpg","datePublished":"2013-12-15T06:29:06+00:00","breadcrumb":{"@id":"https:\/\/francois-pelletant.fr\/blog\/illustrations-de-presse-best-of-de-decembre\/#breadcrumb"},"inLanguage":"fr-FR","potentialAction":[{"@type":"ReadAction","target":["https:\/\/francois-pelletant.fr\/blog\/illustrations-de-presse-best-of-de-decembre\/"]}]},{"@type":"ImageObject","inLanguage":"fr-FR","@id":"https:\/\/francois-pelletant.fr\/blog\/illustrations-de-presse-best-of-de-decembre\/#primaryimage","url":"https:\/\/francois-pelletant.fr\/blog\/wp-content\/uploads\/2013\/12\/Marianne-7-d\u00e9cembre.jpg","contentUrl":"https:\/\/francois-pelletant.fr\/blog\/wp-content\/uploads\/2013\/12\/Marianne-7-d\u00e9cembre.jpg","width":1512,"height":1752},{"@type":"BreadcrumbList","@id":"https:\/\/francois-pelletant.fr\/blog\/illustrations-de-presse-best-of-de-decembre\/#breadcrumb","itemListElement":[{"@type":"ListItem","position":1,"name":"Accueil","item":"https:\/\/francois-pelletant.fr\/blog\/"},{"@type":"ListItem","position":2,"name":"Illustrations de presse : best of de d\u00e9cembre"}]},{"@type":"WebSite","@id":"https:\/\/francois-pelletant.fr\/blog\/#website","url":"https:\/\/francois-pelletant.fr\/blog\/","name":"Fran\u00e7ois Pelletant","description":"Maire de Linas, pour toujours.","publisher":{"@id":"https:\/\/francois-pelletant.fr\/blog\/#organization"},"potentialAction":[{"@type":"SearchAction","target":{"@type":"EntryPoint","urlTemplate":"https:\/\/francois-pelletant.fr\/blog\/?s={search_term_string}"},"query-input":{"@type":"PropertyValueSpecification","valueRequired":true,"valueName":"search_term_string"}}],"inLanguage":"fr-FR"},{"@type":"Organization","@id":"https:\/\/francois-pelletant.fr\/blog\/#organization","name":"Fran\u00e7ois Pelletant","url":"https:\/\/francois-pelletant.fr\/blog\/","logo":{"@type":"ImageObject","inLanguage":"fr-FR","@id":"https:\/\/francois-pelletant.fr\/blog\/#\/schema\/logo\/image\/","url":"https:\/\/francois-pelletant.fr\/blog\/wp-content\/uploads\/2024\/07\/icone-francois-centre-500p.png","contentUrl":"https:\/\/francois-pelletant.fr\/blog\/wp-content\/uploads\/2024\/07\/icone-francois-centre-500p.png","width":559,"height":447,"caption":"Fran\u00e7ois Pelletant"},"image":{"@id":"https:\/\/francois-pelletant.fr\/blog\/#\/schema\/logo\/image\/"},"sameAs":["https:\/\/www.facebook.com\/francois.pelletant.7","https:\/\/x.com\/pelletant"]},{"@type":"Person","@id":"https:\/\/francois-pelletant.fr\/blog\/#\/schema\/person\/2be41acb171dff8f31aaed1f40cee9f3","name":"Francois"}]}},"_links":{"self":[{"href":"https:\/\/francois-pelletant.fr\/blog\/wp-json\/wp\/v2\/posts\/3922","targetHints":{"allow":["GET"]}}],"collection":[{"href":"https:\/\/francois-pelletant.fr\/blog\/wp-json\/wp\/v2\/posts"}],"about":[{"href":"https:\/\/francois-pelletant.fr\/blog\/wp-json\/wp\/v2\/types\/post"}],"author":[{"embeddable":true,"href":"https:\/\/francois-pelletant.fr\/blog\/wp-json\/wp\/v2\/users\/1"}],"replies":[{"embeddable":true,"href":"https:\/\/francois-pelletant.fr\/blog\/wp-json\/wp\/v2\/comments?post=3922"}],"version-history":[{"count":0,"href":"https:\/\/francois-pelletant.fr\/blog\/wp-json\/wp\/v2\/posts\/3922\/revisions"}],"wp:featuredmedia":[{"embeddable":true,"href":"https:\/\/francois-pelletant.fr\/blog\/wp-json\/wp\/v2\/media\/3923"}],"wp:attachment":[{"href":"https:\/\/francois-pelletant.fr\/blog\/wp-json\/wp\/v2\/media?parent=3922"}],"wp:term":[{"taxonomy":"category","embeddable":true,"href":"https:\/\/francois-pelletant.fr\/blog\/wp-json\/wp\/v2\/categories?post=3922"},{"taxonomy":"post_tag","embeddable":true,"href":"https:\/\/francois-pelletant.fr\/blog\/wp-json\/wp\/v2\/tags?post=3922"}],"curies":[{"name":"wp","href":"https:\/\/api.w.org\/{rel}","templated":true}]}}