{"id":3981,"date":"2014-01-06T11:12:28","date_gmt":"2014-01-06T09:12:28","guid":{"rendered":"https:\/\/francois-pelletant.fr\/blog\/?p=3981"},"modified":"2017-05-11T12:51:03","modified_gmt":"2017-05-11T12:51:03","slug":"linas-phyteaux-cites-3-etoiles","status":"publish","type":"post","link":"https:\/\/francois-pelletant.fr\/blog\/linas-phyteaux-cites-3-etoiles\/","title":{"rendered":"Linas : \u00ab Phyt\u2019Eaux Cit\u00e9s \u00bb 3 \u00e9toiles"},"content":{"rendered":"<p><a href=\"https:\/\/francois-pelletant.fr\/blog\/wp-content\/uploads\/2014\/01\/MSL_1170.jpg\"><img loading=\"lazy\" decoding=\"async\" class=\"alignleft wp-image-3982 size-medium\" title=\"MSL_1170\" src=\"https:\/\/francois-pelletant.fr\/blog\/wp-content\/uploads\/2014\/01\/MSL_1170-300x200.jpg\" alt=\"image- Phyt'Eaux-Linas\" width=\"300\" height=\"200\" srcset=\"https:\/\/francois-pelletant.fr\/blog\/wp-content\/uploads\/2014\/01\/MSL_1170-300x200.jpg 300w, https:\/\/francois-pelletant.fr\/blog\/wp-content\/uploads\/2014\/01\/MSL_1170-768x512.jpg 768w, https:\/\/francois-pelletant.fr\/blog\/wp-content\/uploads\/2014\/01\/MSL_1170-600x400.jpg 600w, https:\/\/francois-pelletant.fr\/blog\/wp-content\/uploads\/2014\/01\/MSL_1170.jpg 850w\" sizes=\"auto, (max-width: 300px) 100vw, 300px\" \/><\/a><\/p>\n<h3>L&#8217;utilisation de produits phytosanitaires une mauvaise id\u00e9e<\/h3>\n<p>L\u2019usage croissant des produits phytosanitaires (herbicides, insecticides\u2026) est une cause majeure de pollution des rivi\u00e8res. La\u00a0mise en \u0153uvre de traitements toujours plus performants et co\u00fbteux est alors n\u00e9cessaire.<\/p>\n<h3>Linas s&#8217;engage dans le programme &#8220;Phy&#8217;Eaux Cit\u00e9s&#8221;<\/h3>\n<p>Fid\u00e8le \u00e0 sa politique environnementale, la municipalit\u00e9 s\u2019est en effet, engag\u00e9e dans une d\u00e9marche \u00e9cologique. Celle ci a pour but d\u2019offrir aux Linois un cadre de vie sain. C\u2019est pourquoi elle s\u2019est impliqu\u00e9e depuis plusieurs ann\u00e9es dans le programme \u00ab\u00a0Phyt\u2019Eaux Cit\u00e9s\u00a0\u00bb ; mis en place par le Syndicat des Eaux d\u2019Ile-de-France. Aujourd\u2019hui, les services techniques de la ville n\u2019utilisent plus aucun produit phytosanitaire pour l\u2019entretien des espaces verts et de la voirie. D&#8217;ailleurs ce travail et cette action ont \u00e9t\u00e9 r\u00e9compens\u00e9s lors du dernier Salon des Maires o\u00f9 la ville s\u2019est vue remettre la mention \u00ab\u00a0niveau 3 \u2013 z\u00e9ro phyto\u00a0\u00bb.<\/p>\n","protected":false},"excerpt":{"rendered":"<p>L&#8217;utilisation de produits phytosanitaires une mauvaise id\u00e9e L\u2019usage croissant des produits phytosanitaires (herbicides, insecticides\u2026) est une cause majeure de pollution des rivi\u00e8res. La\u00a0mise en \u0153uvre de traitements toujours plus performants et co\u00fbteux est alors n\u00e9cessaire. Linas s&#8217;engage dans le programme &#8220;Phy&#8217;Eaux Cit\u00e9s&#8221; Fid\u00e8le \u00e0 sa politique environnementale, la municipalit\u00e9 s\u2019est en effet, engag\u00e9e dans une [&hellip;]<\/p>\n","protected":false},"author":1,"featured_media":3982,"comment_status":"open","ping_status":"open","sticky":false,"template":"","format":"standard","meta":{"footnotes":""},"categories":[6],"tags":[],"class_list":["post-3981","post","type-post","status-publish","format-standard","has-post-thumbnail","hentry","category-environnement"],"yoast_head":"<!-- This site is optimized with the Yoast SEO plugin v25.6 - https:\/\/yoast.com\/wordpress\/plugins\/seo\/ -->\n<title>Linas : \u00ab Phyt\u2019Eaux Cit\u00e9s \u00bb 3 \u00e9toiles - Fran\u00e7ois Pelletant<\/title>\n<meta name=\"description\" content=\"L&#039;utilisation de certains produits cause la pollution des rivi\u00e8re. La ville de Linas \u00e0 donc d\u00e9cid\u00e9 de s&#039;engager dans le programme &quot;Phyt&#039;Eaux&quot;\" \/>\n<meta name=\"robots\" content=\"index, follow, max-snippet:-1, max-image-preview:large, max-video-preview:-1\" \/>\n<link rel=\"canonical\" href=\"https:\/\/francois-pelletant.fr\/blog\/linas-phyteaux-cites-3-etoiles\/\" \/>\n<meta property=\"og:locale\" content=\"fr_FR\" \/>\n<meta property=\"og:type\" content=\"article\" \/>\n<meta property=\"og:title\" content=\"Linas : \u00ab Phyt\u2019Eaux Cit\u00e9s \u00bb 3 \u00e9toiles - Fran\u00e7ois Pelletant\" \/>\n<meta property=\"og:description\" content=\"L&#039;utilisation de certains produits cause la pollution des rivi\u00e8re. La ville de Linas \u00e0 donc d\u00e9cid\u00e9 de s&#039;engager dans le programme &quot;Phyt&#039;Eaux&quot;\" \/>\n<meta property=\"og:url\" content=\"https:\/\/francois-pelletant.fr\/blog\/linas-phyteaux-cites-3-etoiles\/\" \/>\n<meta property=\"og:site_name\" content=\"Fran\u00e7ois Pelletant\" \/>\n<meta property=\"article:publisher\" content=\"https:\/\/www.facebook.com\/francois.pelletant.7\" \/>\n<meta property=\"article:published_time\" content=\"2014-01-06T09:12:28+00:00\" \/>\n<meta property=\"article:modified_time\" content=\"2017-05-11T12:51:03+00:00\" \/>\n<meta property=\"og:image\" content=\"https:\/\/francois-pelletant.fr\/blog\/wp-content\/uploads\/2014\/01\/MSL_1170.jpg\" \/>\n\t<meta property=\"og:image:width\" content=\"850\" \/>\n\t<meta property=\"og:image:height\" content=\"567\" \/>\n\t<meta property=\"og:image:type\" content=\"image\/jpeg\" \/>\n<meta name=\"author\" content=\"Francois\" \/>\n<meta name=\"twitter:card\" content=\"summary_large_image\" \/>\n<meta name=\"twitter:creator\" content=\"@pelletant\" \/>\n<meta name=\"twitter:site\" content=\"@pelletant\" \/>\n<meta name=\"twitter:label1\" content=\"\u00c9crit par\" \/>\n\t<meta name=\"twitter:data1\" content=\"Francois\" \/>\n\t<meta name=\"twitter:label2\" content=\"Dur\u00e9e de lecture estim\u00e9e\" \/>\n\t<meta name=\"twitter:data2\" content=\"1 minute\" \/>\n<script type=\"application\/ld+json\" class=\"yoast-schema-graph\">{\"@context\":\"https:\/\/schema.org\",\"@graph\":[{\"@type\":\"Article\",\"@id\":\"https:\/\/francois-pelletant.fr\/blog\/linas-phyteaux-cites-3-etoiles\/#article\",\"isPartOf\":{\"@id\":\"https:\/\/francois-pelletant.fr\/blog\/linas-phyteaux-cites-3-etoiles\/\"},\"author\":{\"name\":\"Francois\",\"@id\":\"https:\/\/francois-pelletant.fr\/blog\/#\/schema\/person\/2be41acb171dff8f31aaed1f40cee9f3\"},\"headline\":\"Linas : \u00ab Phyt\u2019Eaux Cit\u00e9s \u00bb 3 \u00e9toiles\",\"datePublished\":\"2014-01-06T09:12:28+00:00\",\"dateModified\":\"2017-05-11T12:51:03+00:00\",\"mainEntityOfPage\":{\"@id\":\"https:\/\/francois-pelletant.fr\/blog\/linas-phyteaux-cites-3-etoiles\/\"},\"wordCount\":174,\"commentCount\":0,\"publisher\":{\"@id\":\"https:\/\/francois-pelletant.fr\/blog\/#organization\"},\"image\":{\"@id\":\"https:\/\/francois-pelletant.fr\/blog\/linas-phyteaux-cites-3-etoiles\/#primaryimage\"},\"thumbnailUrl\":\"https:\/\/francois-pelletant.fr\/blog\/wp-content\/uploads\/2014\/01\/MSL_1170.jpg\",\"articleSection\":[\"Environnement\"],\"inLanguage\":\"fr-FR\",\"potentialAction\":[{\"@type\":\"CommentAction\",\"name\":\"Comment\",\"target\":[\"https:\/\/francois-pelletant.fr\/blog\/linas-phyteaux-cites-3-etoiles\/#respond\"]}]},{\"@type\":\"WebPage\",\"@id\":\"https:\/\/francois-pelletant.fr\/blog\/linas-phyteaux-cites-3-etoiles\/\",\"url\":\"https:\/\/francois-pelletant.fr\/blog\/linas-phyteaux-cites-3-etoiles\/\",\"name\":\"Linas : \u00ab Phyt\u2019Eaux Cit\u00e9s \u00bb 3 \u00e9toiles - Fran\u00e7ois Pelletant\",\"isPartOf\":{\"@id\":\"https:\/\/francois-pelletant.fr\/blog\/#website\"},\"primaryImageOfPage\":{\"@id\":\"https:\/\/francois-pelletant.fr\/blog\/linas-phyteaux-cites-3-etoiles\/#primaryimage\"},\"image\":{\"@id\":\"https:\/\/francois-pelletant.fr\/blog\/linas-phyteaux-cites-3-etoiles\/#primaryimage\"},\"thumbnailUrl\":\"https:\/\/francois-pelletant.fr\/blog\/wp-content\/uploads\/2014\/01\/MSL_1170.jpg\",\"datePublished\":\"2014-01-06T09:12:28+00:00\",\"dateModified\":\"2017-05-11T12:51:03+00:00\",\"description\":\"L'utilisation de certains produits cause la pollution des rivi\u00e8re. La ville de Linas \u00e0 donc d\u00e9cid\u00e9 de s'engager dans le programme \\\"Phyt'Eaux\\\"\",\"breadcrumb\":{\"@id\":\"https:\/\/francois-pelletant.fr\/blog\/linas-phyteaux-cites-3-etoiles\/#breadcrumb\"},\"inLanguage\":\"fr-FR\",\"potentialAction\":[{\"@type\":\"ReadAction\",\"target\":[\"https:\/\/francois-pelletant.fr\/blog\/linas-phyteaux-cites-3-etoiles\/\"]}]},{\"@type\":\"ImageObject\",\"inLanguage\":\"fr-FR\",\"@id\":\"https:\/\/francois-pelletant.fr\/blog\/linas-phyteaux-cites-3-etoiles\/#primaryimage\",\"url\":\"https:\/\/francois-pelletant.fr\/blog\/wp-content\/uploads\/2014\/01\/MSL_1170.jpg\",\"contentUrl\":\"https:\/\/francois-pelletant.fr\/blog\/wp-content\/uploads\/2014\/01\/MSL_1170.jpg\",\"width\":850,\"height\":567},{\"@type\":\"BreadcrumbList\",\"@id\":\"https:\/\/francois-pelletant.fr\/blog\/linas-phyteaux-cites-3-etoiles\/#breadcrumb\",\"itemListElement\":[{\"@type\":\"ListItem\",\"position\":1,\"name\":\"Accueil\",\"item\":\"https:\/\/francois-pelletant.fr\/blog\/\"},{\"@type\":\"ListItem\",\"position\":2,\"name\":\"Linas : \u00ab Phyt\u2019Eaux Cit\u00e9s \u00bb 3 \u00e9toiles\"}]},{\"@type\":\"WebSite\",\"@id\":\"https:\/\/francois-pelletant.fr\/blog\/#website\",\"url\":\"https:\/\/francois-pelletant.fr\/blog\/\",\"name\":\"Fran\u00e7ois Pelletant\",\"description\":\"Maire de Linas, pour toujours.\",\"publisher\":{\"@id\":\"https:\/\/francois-pelletant.fr\/blog\/#organization\"},\"potentialAction\":[{\"@type\":\"SearchAction\",\"target\":{\"@type\":\"EntryPoint\",\"urlTemplate\":\"https:\/\/francois-pelletant.fr\/blog\/?s={search_term_string}\"},\"query-input\":{\"@type\":\"PropertyValueSpecification\",\"valueRequired\":true,\"valueName\":\"search_term_string\"}}],\"inLanguage\":\"fr-FR\"},{\"@type\":\"Organization\",\"@id\":\"https:\/\/francois-pelletant.fr\/blog\/#organization\",\"name\":\"Fran\u00e7ois Pelletant\",\"url\":\"https:\/\/francois-pelletant.fr\/blog\/\",\"logo\":{\"@type\":\"ImageObject\",\"inLanguage\":\"fr-FR\",\"@id\":\"https:\/\/francois-pelletant.fr\/blog\/#\/schema\/logo\/image\/\",\"url\":\"https:\/\/francois-pelletant.fr\/blog\/wp-content\/uploads\/2024\/07\/icone-francois-centre-500p.png\",\"contentUrl\":\"https:\/\/francois-pelletant.fr\/blog\/wp-content\/uploads\/2024\/07\/icone-francois-centre-500p.png\",\"width\":559,\"height\":447,\"caption\":\"Fran\u00e7ois Pelletant\"},\"image\":{\"@id\":\"https:\/\/francois-pelletant.fr\/blog\/#\/schema\/logo\/image\/\"},\"sameAs\":[\"https:\/\/www.facebook.com\/francois.pelletant.7\",\"https:\/\/x.com\/pelletant\"]},{\"@type\":\"Person\",\"@id\":\"https:\/\/francois-pelletant.fr\/blog\/#\/schema\/person\/2be41acb171dff8f31aaed1f40cee9f3\",\"name\":\"Francois\"}]}<\/script>\n<!-- \/ Yoast SEO plugin. -->","yoast_head_json":{"title":"Linas : \u00ab Phyt\u2019Eaux Cit\u00e9s \u00bb 3 \u00e9toiles - Fran\u00e7ois Pelletant","description":"L'utilisation de certains produits cause la pollution des rivi\u00e8re. La ville de Linas \u00e0 donc d\u00e9cid\u00e9 de s'engager dans le programme \"Phyt'Eaux\"","robots":{"index":"index","follow":"follow","max-snippet":"max-snippet:-1","max-image-preview":"max-image-preview:large","max-video-preview":"max-video-preview:-1"},"canonical":"https:\/\/francois-pelletant.fr\/blog\/linas-phyteaux-cites-3-etoiles\/","og_locale":"fr_FR","og_type":"article","og_title":"Linas : \u00ab Phyt\u2019Eaux Cit\u00e9s \u00bb 3 \u00e9toiles - Fran\u00e7ois Pelletant","og_description":"L'utilisation de certains produits cause la pollution des rivi\u00e8re. La ville de Linas \u00e0 donc d\u00e9cid\u00e9 de s'engager dans le programme \"Phyt'Eaux\"","og_url":"https:\/\/francois-pelletant.fr\/blog\/linas-phyteaux-cites-3-etoiles\/","og_site_name":"Fran\u00e7ois Pelletant","article_publisher":"https:\/\/www.facebook.com\/francois.pelletant.7","article_published_time":"2014-01-06T09:12:28+00:00","article_modified_time":"2017-05-11T12:51:03+00:00","og_image":[{"width":850,"height":567,"url":"https:\/\/francois-pelletant.fr\/blog\/wp-content\/uploads\/2014\/01\/MSL_1170.jpg","type":"image\/jpeg"}],"author":"Francois","twitter_card":"summary_large_image","twitter_creator":"@pelletant","twitter_site":"@pelletant","twitter_misc":{"\u00c9crit par":"Francois","Dur\u00e9e de lecture estim\u00e9e":"1 minute"},"schema":{"@context":"https:\/\/schema.org","@graph":[{"@type":"Article","@id":"https:\/\/francois-pelletant.fr\/blog\/linas-phyteaux-cites-3-etoiles\/#article","isPartOf":{"@id":"https:\/\/francois-pelletant.fr\/blog\/linas-phyteaux-cites-3-etoiles\/"},"author":{"name":"Francois","@id":"https:\/\/francois-pelletant.fr\/blog\/#\/schema\/person\/2be41acb171dff8f31aaed1f40cee9f3"},"headline":"Linas : \u00ab Phyt\u2019Eaux Cit\u00e9s \u00bb 3 \u00e9toiles","datePublished":"2014-01-06T09:12:28+00:00","dateModified":"2017-05-11T12:51:03+00:00","mainEntityOfPage":{"@id":"https:\/\/francois-pelletant.fr\/blog\/linas-phyteaux-cites-3-etoiles\/"},"wordCount":174,"commentCount":0,"publisher":{"@id":"https:\/\/francois-pelletant.fr\/blog\/#organization"},"image":{"@id":"https:\/\/francois-pelletant.fr\/blog\/linas-phyteaux-cites-3-etoiles\/#primaryimage"},"thumbnailUrl":"https:\/\/francois-pelletant.fr\/blog\/wp-content\/uploads\/2014\/01\/MSL_1170.jpg","articleSection":["Environnement"],"inLanguage":"fr-FR","potentialAction":[{"@type":"CommentAction","name":"Comment","target":["https:\/\/francois-pelletant.fr\/blog\/linas-phyteaux-cites-3-etoiles\/#respond"]}]},{"@type":"WebPage","@id":"https:\/\/francois-pelletant.fr\/blog\/linas-phyteaux-cites-3-etoiles\/","url":"https:\/\/francois-pelletant.fr\/blog\/linas-phyteaux-cites-3-etoiles\/","name":"Linas : \u00ab Phyt\u2019Eaux Cit\u00e9s \u00bb 3 \u00e9toiles - Fran\u00e7ois Pelletant","isPartOf":{"@id":"https:\/\/francois-pelletant.fr\/blog\/#website"},"primaryImageOfPage":{"@id":"https:\/\/francois-pelletant.fr\/blog\/linas-phyteaux-cites-3-etoiles\/#primaryimage"},"image":{"@id":"https:\/\/francois-pelletant.fr\/blog\/linas-phyteaux-cites-3-etoiles\/#primaryimage"},"thumbnailUrl":"https:\/\/francois-pelletant.fr\/blog\/wp-content\/uploads\/2014\/01\/MSL_1170.jpg","datePublished":"2014-01-06T09:12:28+00:00","dateModified":"2017-05-11T12:51:03+00:00","description":"L'utilisation de certains produits cause la pollution des rivi\u00e8re. La ville de Linas \u00e0 donc d\u00e9cid\u00e9 de s'engager dans le programme \"Phyt'Eaux\"","breadcrumb":{"@id":"https:\/\/francois-pelletant.fr\/blog\/linas-phyteaux-cites-3-etoiles\/#breadcrumb"},"inLanguage":"fr-FR","potentialAction":[{"@type":"ReadAction","target":["https:\/\/francois-pelletant.fr\/blog\/linas-phyteaux-cites-3-etoiles\/"]}]},{"@type":"ImageObject","inLanguage":"fr-FR","@id":"https:\/\/francois-pelletant.fr\/blog\/linas-phyteaux-cites-3-etoiles\/#primaryimage","url":"https:\/\/francois-pelletant.fr\/blog\/wp-content\/uploads\/2014\/01\/MSL_1170.jpg","contentUrl":"https:\/\/francois-pelletant.fr\/blog\/wp-content\/uploads\/2014\/01\/MSL_1170.jpg","width":850,"height":567},{"@type":"BreadcrumbList","@id":"https:\/\/francois-pelletant.fr\/blog\/linas-phyteaux-cites-3-etoiles\/#breadcrumb","itemListElement":[{"@type":"ListItem","position":1,"name":"Accueil","item":"https:\/\/francois-pelletant.fr\/blog\/"},{"@type":"ListItem","position":2,"name":"Linas : \u00ab Phyt\u2019Eaux Cit\u00e9s \u00bb 3 \u00e9toiles"}]},{"@type":"WebSite","@id":"https:\/\/francois-pelletant.fr\/blog\/#website","url":"https:\/\/francois-pelletant.fr\/blog\/","name":"Fran\u00e7ois Pelletant","description":"Maire de Linas, pour toujours.","publisher":{"@id":"https:\/\/francois-pelletant.fr\/blog\/#organization"},"potentialAction":[{"@type":"SearchAction","target":{"@type":"EntryPoint","urlTemplate":"https:\/\/francois-pelletant.fr\/blog\/?s={search_term_string}"},"query-input":{"@type":"PropertyValueSpecification","valueRequired":true,"valueName":"search_term_string"}}],"inLanguage":"fr-FR"},{"@type":"Organization","@id":"https:\/\/francois-pelletant.fr\/blog\/#organization","name":"Fran\u00e7ois Pelletant","url":"https:\/\/francois-pelletant.fr\/blog\/","logo":{"@type":"ImageObject","inLanguage":"fr-FR","@id":"https:\/\/francois-pelletant.fr\/blog\/#\/schema\/logo\/image\/","url":"https:\/\/francois-pelletant.fr\/blog\/wp-content\/uploads\/2024\/07\/icone-francois-centre-500p.png","contentUrl":"https:\/\/francois-pelletant.fr\/blog\/wp-content\/uploads\/2024\/07\/icone-francois-centre-500p.png","width":559,"height":447,"caption":"Fran\u00e7ois Pelletant"},"image":{"@id":"https:\/\/francois-pelletant.fr\/blog\/#\/schema\/logo\/image\/"},"sameAs":["https:\/\/www.facebook.com\/francois.pelletant.7","https:\/\/x.com\/pelletant"]},{"@type":"Person","@id":"https:\/\/francois-pelletant.fr\/blog\/#\/schema\/person\/2be41acb171dff8f31aaed1f40cee9f3","name":"Francois"}]}},"_links":{"self":[{"href":"https:\/\/francois-pelletant.fr\/blog\/wp-json\/wp\/v2\/posts\/3981","targetHints":{"allow":["GET"]}}],"collection":[{"href":"https:\/\/francois-pelletant.fr\/blog\/wp-json\/wp\/v2\/posts"}],"about":[{"href":"https:\/\/francois-pelletant.fr\/blog\/wp-json\/wp\/v2\/types\/post"}],"author":[{"embeddable":true,"href":"https:\/\/francois-pelletant.fr\/blog\/wp-json\/wp\/v2\/users\/1"}],"replies":[{"embeddable":true,"href":"https:\/\/francois-pelletant.fr\/blog\/wp-json\/wp\/v2\/comments?post=3981"}],"version-history":[{"count":0,"href":"https:\/\/francois-pelletant.fr\/blog\/wp-json\/wp\/v2\/posts\/3981\/revisions"}],"wp:featuredmedia":[{"embeddable":true,"href":"https:\/\/francois-pelletant.fr\/blog\/wp-json\/wp\/v2\/media\/3982"}],"wp:attachment":[{"href":"https:\/\/francois-pelletant.fr\/blog\/wp-json\/wp\/v2\/media?parent=3981"}],"wp:term":[{"taxonomy":"category","embeddable":true,"href":"https:\/\/francois-pelletant.fr\/blog\/wp-json\/wp\/v2\/categories?post=3981"},{"taxonomy":"post_tag","embeddable":true,"href":"https:\/\/francois-pelletant.fr\/blog\/wp-json\/wp\/v2\/tags?post=3981"}],"curies":[{"name":"wp","href":"https:\/\/api.w.org\/{rel}","templated":true}]}}