{"id":4132,"date":"2014-03-03T18:18:14","date_gmt":"2014-03-03T16:18:14","guid":{"rendered":"https:\/\/francois-pelletant.fr\/blog\/?p=4132"},"modified":"2017-05-10T14:09:07","modified_gmt":"2017-05-10T14:09:07","slug":"linas-2014-cest-parti","status":"publish","type":"post","link":"https:\/\/francois-pelletant.fr\/blog\/linas-2014-cest-parti\/","title":{"rendered":"LINAS 2014 c&#8217;est parti&#8230;"},"content":{"rendered":"<p><a href=\"https:\/\/francois-pelletant.fr\/blog\/wp-content\/uploads\/2014\/03\/lnr-premier-doccument.jpg\"><img loading=\"lazy\" decoding=\"async\" class=\"alignleft wp-image-4174 size-full\" title=\"lnr-premier-doccument\" src=\"https:\/\/francois-pelletant.fr\/blog\/wp-content\/uploads\/2014\/03\/lnr-premier-doccument.png\" alt=\"image - Linas\" width=\"1203\" height=\"812\" srcset=\"https:\/\/francois-pelletant.fr\/blog\/wp-content\/uploads\/2014\/03\/lnr-premier-doccument.png 1203w, https:\/\/francois-pelletant.fr\/blog\/wp-content\/uploads\/2014\/03\/lnr-premier-doccument-300x202.png 300w, https:\/\/francois-pelletant.fr\/blog\/wp-content\/uploads\/2014\/03\/lnr-premier-doccument-1024x691.png 1024w, https:\/\/francois-pelletant.fr\/blog\/wp-content\/uploads\/2014\/03\/lnr-premier-doccument-768x518.png 768w, https:\/\/francois-pelletant.fr\/blog\/wp-content\/uploads\/2014\/03\/lnr-premier-doccument-600x405.png 600w\" sizes=\"auto, (max-width: 1203px) 100vw, 1203px\" \/><\/a><\/p>\n<h3>\u00a0Les \u00e9lections municipales de Linas<\/h3>\n<p>Vous le trouverez dans votre bo\u00eete aux lettres ou vous pourrez <a title=\"Pr\u00e9sentation de la liste\" href=\"https:\/\/francois-pelletant.fr\/blog\/wp-content\/uploads\/2014\/03\/Presentation_final_correction_ok2web.pdf\" target=\"_blank\">le t\u00e9l\u00e9charger\u00a0ici<\/a>.\u00a0Voici notre premier document de campagne pour les \u00e9lections municipales\u00a0linoises.<\/p>\n<p>La nouvelle municipalit\u00e9 que j&#8217;ai constitu\u00e9e pour ce mandat 2014 a \u00e9t\u00e9 consid\u00e9rablement renouvel\u00e9e. Sur 29 personnes, seulement 12 sont des sortants (Patricia\u00a0Brunel, \u00a0Jean-Yves Lusson, Pascal Waill, R\u00e9gis Desgats, Simone Onillon, Fran\u00e7ois-Xavier Macel, Bernard Juli\u00e9, Rui Manuel Matias, William Barsanti, Lise Morand, Jacqueline Cartalade). Effectivement, dans ce premier document, nous avons choisi de donner la parole aux 17 nouveaux\u00a0entrants afin que vous puissiez faire leur connaissance.<\/p>\n<p>Nous avons constitu\u00e9 une \u00e9quipe \u00e0 l&#8217;image des Linois, ayant pour\u00a0seul\u00a0but l&#8217;int\u00e9r\u00eat\u00a0de notre commune ; \u00a0c&#8217;est ce qui fait notre diff\u00e9rence. \u00a0Cette liste est la v\u00f4tre, elle est \u00e9galement \u00a0faite pour rassembler tous les Linois quelles que soient leur appartenance politique ou leur quartier&#8230; C&#8217;est pourquoi nous l&#8217;avons appel\u00e9e\u00a0&#8221;\u00a0Linas, nous rassemble&#8221;.<\/p>\n<div><em><a title=\"Mon \u00e9quipe 2014\" href=\"https:\/\/francois-pelletant.fr\/blog\/?page_id=4130\">La liste de l&#8217;\u00e9quipe 2014<\/a>.<\/em><\/div>\n","protected":false},"excerpt":{"rendered":"<p>\u00a0Les \u00e9lections municipales de Linas Vous le trouverez dans votre bo\u00eete aux lettres ou vous pourrez le t\u00e9l\u00e9charger\u00a0ici.\u00a0Voici notre premier document de campagne pour les \u00e9lections municipales\u00a0linoises. La nouvelle municipalit\u00e9 que j&#8217;ai constitu\u00e9e pour ce mandat 2014 a \u00e9t\u00e9 consid\u00e9rablement renouvel\u00e9e. Sur 29 personnes, seulement 12 sont des sortants (Patricia\u00a0Brunel, \u00a0Jean-Yves Lusson, Pascal Waill, R\u00e9gis [&hellip;]<\/p>\n","protected":false},"author":1,"featured_media":4175,"comment_status":"open","ping_status":"open","sticky":false,"template":"","format":"standard","meta":{"footnotes":""},"categories":[2,13],"tags":[],"class_list":["post-4132","post","type-post","status-publish","format-standard","has-post-thumbnail","hentry","category-a-la-une","category-municipales-2014"],"yoast_head":"<!-- This site is optimized with the Yoast SEO plugin v25.6 - https:\/\/yoast.com\/wordpress\/plugins\/seo\/ -->\n<title>Linas 2014 c&#039;est parti... - Fran\u00e7ois Pelletant<\/title>\n<meta name=\"description\" content=\"La nouvelle municipalit\u00e9 que j&#039;ai constitu\u00e9e \u00e0 Linas pour ce mandat 2014 a \u00e9t\u00e9 consid\u00e9rablement renouvel\u00e9e.\" \/>\n<meta name=\"robots\" content=\"index, follow, max-snippet:-1, max-image-preview:large, max-video-preview:-1\" \/>\n<link rel=\"canonical\" href=\"https:\/\/francois-pelletant.fr\/blog\/linas-2014-cest-parti\/\" \/>\n<meta property=\"og:locale\" content=\"fr_FR\" \/>\n<meta property=\"og:type\" content=\"article\" \/>\n<meta property=\"og:title\" content=\"Linas 2014 c&#039;est parti... - Fran\u00e7ois Pelletant\" \/>\n<meta property=\"og:description\" content=\"La nouvelle municipalit\u00e9 que j&#039;ai constitu\u00e9e \u00e0 Linas pour ce mandat 2014 a \u00e9t\u00e9 consid\u00e9rablement renouvel\u00e9e.\" \/>\n<meta property=\"og:url\" content=\"https:\/\/francois-pelletant.fr\/blog\/linas-2014-cest-parti\/\" \/>\n<meta property=\"og:site_name\" content=\"Fran\u00e7ois Pelletant\" \/>\n<meta property=\"article:publisher\" content=\"https:\/\/www.facebook.com\/francois.pelletant.7\" \/>\n<meta property=\"article:published_time\" content=\"2014-03-03T16:18:14+00:00\" \/>\n<meta property=\"article:modified_time\" content=\"2017-05-10T14:09:07+00:00\" \/>\n<meta property=\"og:image\" content=\"https:\/\/francois-pelletant.fr\/blog\/wp-content\/uploads\/2014\/03\/lnr-premier-doccument.jpg\" \/>\n\t<meta property=\"og:image:width\" content=\"250\" \/>\n\t<meta property=\"og:image:height\" content=\"169\" \/>\n\t<meta property=\"og:image:type\" content=\"image\/jpeg\" \/>\n<meta name=\"author\" content=\"Francois\" \/>\n<meta name=\"twitter:card\" content=\"summary_large_image\" \/>\n<meta name=\"twitter:creator\" content=\"@pelletant\" \/>\n<meta name=\"twitter:site\" content=\"@pelletant\" \/>\n<meta name=\"twitter:label1\" content=\"\u00c9crit par\" \/>\n\t<meta name=\"twitter:data1\" content=\"Francois\" \/>\n\t<meta name=\"twitter:label2\" content=\"Dur\u00e9e de lecture estim\u00e9e\" \/>\n\t<meta name=\"twitter:data2\" content=\"1 minute\" \/>\n<script type=\"application\/ld+json\" class=\"yoast-schema-graph\">{\"@context\":\"https:\/\/schema.org\",\"@graph\":[{\"@type\":\"Article\",\"@id\":\"https:\/\/francois-pelletant.fr\/blog\/linas-2014-cest-parti\/#article\",\"isPartOf\":{\"@id\":\"https:\/\/francois-pelletant.fr\/blog\/linas-2014-cest-parti\/\"},\"author\":{\"name\":\"Francois\",\"@id\":\"https:\/\/francois-pelletant.fr\/blog\/#\/schema\/person\/2be41acb171dff8f31aaed1f40cee9f3\"},\"headline\":\"LINAS 2014 c&#8217;est parti&#8230;\",\"datePublished\":\"2014-03-03T16:18:14+00:00\",\"dateModified\":\"2017-05-10T14:09:07+00:00\",\"mainEntityOfPage\":{\"@id\":\"https:\/\/francois-pelletant.fr\/blog\/linas-2014-cest-parti\/\"},\"wordCount\":175,\"commentCount\":0,\"publisher\":{\"@id\":\"https:\/\/francois-pelletant.fr\/blog\/#organization\"},\"image\":{\"@id\":\"https:\/\/francois-pelletant.fr\/blog\/linas-2014-cest-parti\/#primaryimage\"},\"thumbnailUrl\":\"https:\/\/francois-pelletant.fr\/blog\/wp-content\/uploads\/2014\/03\/lnr-premier-doccument.jpg\",\"articleSection\":[\"A la une\",\"Municipales 2014\"],\"inLanguage\":\"fr-FR\",\"potentialAction\":[{\"@type\":\"CommentAction\",\"name\":\"Comment\",\"target\":[\"https:\/\/francois-pelletant.fr\/blog\/linas-2014-cest-parti\/#respond\"]}]},{\"@type\":\"WebPage\",\"@id\":\"https:\/\/francois-pelletant.fr\/blog\/linas-2014-cest-parti\/\",\"url\":\"https:\/\/francois-pelletant.fr\/blog\/linas-2014-cest-parti\/\",\"name\":\"Linas 2014 c'est parti... - Fran\u00e7ois Pelletant\",\"isPartOf\":{\"@id\":\"https:\/\/francois-pelletant.fr\/blog\/#website\"},\"primaryImageOfPage\":{\"@id\":\"https:\/\/francois-pelletant.fr\/blog\/linas-2014-cest-parti\/#primaryimage\"},\"image\":{\"@id\":\"https:\/\/francois-pelletant.fr\/blog\/linas-2014-cest-parti\/#primaryimage\"},\"thumbnailUrl\":\"https:\/\/francois-pelletant.fr\/blog\/wp-content\/uploads\/2014\/03\/lnr-premier-doccument.jpg\",\"datePublished\":\"2014-03-03T16:18:14+00:00\",\"dateModified\":\"2017-05-10T14:09:07+00:00\",\"description\":\"La nouvelle municipalit\u00e9 que j'ai constitu\u00e9e \u00e0 Linas pour ce mandat 2014 a \u00e9t\u00e9 consid\u00e9rablement renouvel\u00e9e.\",\"breadcrumb\":{\"@id\":\"https:\/\/francois-pelletant.fr\/blog\/linas-2014-cest-parti\/#breadcrumb\"},\"inLanguage\":\"fr-FR\",\"potentialAction\":[{\"@type\":\"ReadAction\",\"target\":[\"https:\/\/francois-pelletant.fr\/blog\/linas-2014-cest-parti\/\"]}]},{\"@type\":\"ImageObject\",\"inLanguage\":\"fr-FR\",\"@id\":\"https:\/\/francois-pelletant.fr\/blog\/linas-2014-cest-parti\/#primaryimage\",\"url\":\"https:\/\/francois-pelletant.fr\/blog\/wp-content\/uploads\/2014\/03\/lnr-premier-doccument.jpg\",\"contentUrl\":\"https:\/\/francois-pelletant.fr\/blog\/wp-content\/uploads\/2014\/03\/lnr-premier-doccument.jpg\",\"width\":250,\"height\":169},{\"@type\":\"BreadcrumbList\",\"@id\":\"https:\/\/francois-pelletant.fr\/blog\/linas-2014-cest-parti\/#breadcrumb\",\"itemListElement\":[{\"@type\":\"ListItem\",\"position\":1,\"name\":\"Accueil\",\"item\":\"https:\/\/francois-pelletant.fr\/blog\/\"},{\"@type\":\"ListItem\",\"position\":2,\"name\":\"LINAS 2014 c&#8217;est parti&#8230;\"}]},{\"@type\":\"WebSite\",\"@id\":\"https:\/\/francois-pelletant.fr\/blog\/#website\",\"url\":\"https:\/\/francois-pelletant.fr\/blog\/\",\"name\":\"Fran\u00e7ois Pelletant\",\"description\":\"Maire de Linas, pour toujours.\",\"publisher\":{\"@id\":\"https:\/\/francois-pelletant.fr\/blog\/#organization\"},\"potentialAction\":[{\"@type\":\"SearchAction\",\"target\":{\"@type\":\"EntryPoint\",\"urlTemplate\":\"https:\/\/francois-pelletant.fr\/blog\/?s={search_term_string}\"},\"query-input\":{\"@type\":\"PropertyValueSpecification\",\"valueRequired\":true,\"valueName\":\"search_term_string\"}}],\"inLanguage\":\"fr-FR\"},{\"@type\":\"Organization\",\"@id\":\"https:\/\/francois-pelletant.fr\/blog\/#organization\",\"name\":\"Fran\u00e7ois Pelletant\",\"url\":\"https:\/\/francois-pelletant.fr\/blog\/\",\"logo\":{\"@type\":\"ImageObject\",\"inLanguage\":\"fr-FR\",\"@id\":\"https:\/\/francois-pelletant.fr\/blog\/#\/schema\/logo\/image\/\",\"url\":\"https:\/\/francois-pelletant.fr\/blog\/wp-content\/uploads\/2024\/07\/icone-francois-centre-500p.png\",\"contentUrl\":\"https:\/\/francois-pelletant.fr\/blog\/wp-content\/uploads\/2024\/07\/icone-francois-centre-500p.png\",\"width\":559,\"height\":447,\"caption\":\"Fran\u00e7ois Pelletant\"},\"image\":{\"@id\":\"https:\/\/francois-pelletant.fr\/blog\/#\/schema\/logo\/image\/\"},\"sameAs\":[\"https:\/\/www.facebook.com\/francois.pelletant.7\",\"https:\/\/x.com\/pelletant\"]},{\"@type\":\"Person\",\"@id\":\"https:\/\/francois-pelletant.fr\/blog\/#\/schema\/person\/2be41acb171dff8f31aaed1f40cee9f3\",\"name\":\"Francois\"}]}<\/script>\n<!-- \/ Yoast SEO plugin. -->","yoast_head_json":{"title":"Linas 2014 c'est parti... - Fran\u00e7ois Pelletant","description":"La nouvelle municipalit\u00e9 que j'ai constitu\u00e9e \u00e0 Linas pour ce mandat 2014 a \u00e9t\u00e9 consid\u00e9rablement renouvel\u00e9e.","robots":{"index":"index","follow":"follow","max-snippet":"max-snippet:-1","max-image-preview":"max-image-preview:large","max-video-preview":"max-video-preview:-1"},"canonical":"https:\/\/francois-pelletant.fr\/blog\/linas-2014-cest-parti\/","og_locale":"fr_FR","og_type":"article","og_title":"Linas 2014 c'est parti... - Fran\u00e7ois Pelletant","og_description":"La nouvelle municipalit\u00e9 que j'ai constitu\u00e9e \u00e0 Linas pour ce mandat 2014 a \u00e9t\u00e9 consid\u00e9rablement renouvel\u00e9e.","og_url":"https:\/\/francois-pelletant.fr\/blog\/linas-2014-cest-parti\/","og_site_name":"Fran\u00e7ois Pelletant","article_publisher":"https:\/\/www.facebook.com\/francois.pelletant.7","article_published_time":"2014-03-03T16:18:14+00:00","article_modified_time":"2017-05-10T14:09:07+00:00","og_image":[{"width":250,"height":169,"url":"https:\/\/francois-pelletant.fr\/blog\/wp-content\/uploads\/2014\/03\/lnr-premier-doccument.jpg","type":"image\/jpeg"}],"author":"Francois","twitter_card":"summary_large_image","twitter_creator":"@pelletant","twitter_site":"@pelletant","twitter_misc":{"\u00c9crit par":"Francois","Dur\u00e9e de lecture estim\u00e9e":"1 minute"},"schema":{"@context":"https:\/\/schema.org","@graph":[{"@type":"Article","@id":"https:\/\/francois-pelletant.fr\/blog\/linas-2014-cest-parti\/#article","isPartOf":{"@id":"https:\/\/francois-pelletant.fr\/blog\/linas-2014-cest-parti\/"},"author":{"name":"Francois","@id":"https:\/\/francois-pelletant.fr\/blog\/#\/schema\/person\/2be41acb171dff8f31aaed1f40cee9f3"},"headline":"LINAS 2014 c&#8217;est parti&#8230;","datePublished":"2014-03-03T16:18:14+00:00","dateModified":"2017-05-10T14:09:07+00:00","mainEntityOfPage":{"@id":"https:\/\/francois-pelletant.fr\/blog\/linas-2014-cest-parti\/"},"wordCount":175,"commentCount":0,"publisher":{"@id":"https:\/\/francois-pelletant.fr\/blog\/#organization"},"image":{"@id":"https:\/\/francois-pelletant.fr\/blog\/linas-2014-cest-parti\/#primaryimage"},"thumbnailUrl":"https:\/\/francois-pelletant.fr\/blog\/wp-content\/uploads\/2014\/03\/lnr-premier-doccument.jpg","articleSection":["A la une","Municipales 2014"],"inLanguage":"fr-FR","potentialAction":[{"@type":"CommentAction","name":"Comment","target":["https:\/\/francois-pelletant.fr\/blog\/linas-2014-cest-parti\/#respond"]}]},{"@type":"WebPage","@id":"https:\/\/francois-pelletant.fr\/blog\/linas-2014-cest-parti\/","url":"https:\/\/francois-pelletant.fr\/blog\/linas-2014-cest-parti\/","name":"Linas 2014 c'est parti... - Fran\u00e7ois Pelletant","isPartOf":{"@id":"https:\/\/francois-pelletant.fr\/blog\/#website"},"primaryImageOfPage":{"@id":"https:\/\/francois-pelletant.fr\/blog\/linas-2014-cest-parti\/#primaryimage"},"image":{"@id":"https:\/\/francois-pelletant.fr\/blog\/linas-2014-cest-parti\/#primaryimage"},"thumbnailUrl":"https:\/\/francois-pelletant.fr\/blog\/wp-content\/uploads\/2014\/03\/lnr-premier-doccument.jpg","datePublished":"2014-03-03T16:18:14+00:00","dateModified":"2017-05-10T14:09:07+00:00","description":"La nouvelle municipalit\u00e9 que j'ai constitu\u00e9e \u00e0 Linas pour ce mandat 2014 a \u00e9t\u00e9 consid\u00e9rablement renouvel\u00e9e.","breadcrumb":{"@id":"https:\/\/francois-pelletant.fr\/blog\/linas-2014-cest-parti\/#breadcrumb"},"inLanguage":"fr-FR","potentialAction":[{"@type":"ReadAction","target":["https:\/\/francois-pelletant.fr\/blog\/linas-2014-cest-parti\/"]}]},{"@type":"ImageObject","inLanguage":"fr-FR","@id":"https:\/\/francois-pelletant.fr\/blog\/linas-2014-cest-parti\/#primaryimage","url":"https:\/\/francois-pelletant.fr\/blog\/wp-content\/uploads\/2014\/03\/lnr-premier-doccument.jpg","contentUrl":"https:\/\/francois-pelletant.fr\/blog\/wp-content\/uploads\/2014\/03\/lnr-premier-doccument.jpg","width":250,"height":169},{"@type":"BreadcrumbList","@id":"https:\/\/francois-pelletant.fr\/blog\/linas-2014-cest-parti\/#breadcrumb","itemListElement":[{"@type":"ListItem","position":1,"name":"Accueil","item":"https:\/\/francois-pelletant.fr\/blog\/"},{"@type":"ListItem","position":2,"name":"LINAS 2014 c&#8217;est parti&#8230;"}]},{"@type":"WebSite","@id":"https:\/\/francois-pelletant.fr\/blog\/#website","url":"https:\/\/francois-pelletant.fr\/blog\/","name":"Fran\u00e7ois Pelletant","description":"Maire de Linas, pour toujours.","publisher":{"@id":"https:\/\/francois-pelletant.fr\/blog\/#organization"},"potentialAction":[{"@type":"SearchAction","target":{"@type":"EntryPoint","urlTemplate":"https:\/\/francois-pelletant.fr\/blog\/?s={search_term_string}"},"query-input":{"@type":"PropertyValueSpecification","valueRequired":true,"valueName":"search_term_string"}}],"inLanguage":"fr-FR"},{"@type":"Organization","@id":"https:\/\/francois-pelletant.fr\/blog\/#organization","name":"Fran\u00e7ois Pelletant","url":"https:\/\/francois-pelletant.fr\/blog\/","logo":{"@type":"ImageObject","inLanguage":"fr-FR","@id":"https:\/\/francois-pelletant.fr\/blog\/#\/schema\/logo\/image\/","url":"https:\/\/francois-pelletant.fr\/blog\/wp-content\/uploads\/2024\/07\/icone-francois-centre-500p.png","contentUrl":"https:\/\/francois-pelletant.fr\/blog\/wp-content\/uploads\/2024\/07\/icone-francois-centre-500p.png","width":559,"height":447,"caption":"Fran\u00e7ois Pelletant"},"image":{"@id":"https:\/\/francois-pelletant.fr\/blog\/#\/schema\/logo\/image\/"},"sameAs":["https:\/\/www.facebook.com\/francois.pelletant.7","https:\/\/x.com\/pelletant"]},{"@type":"Person","@id":"https:\/\/francois-pelletant.fr\/blog\/#\/schema\/person\/2be41acb171dff8f31aaed1f40cee9f3","name":"Francois"}]}},"_links":{"self":[{"href":"https:\/\/francois-pelletant.fr\/blog\/wp-json\/wp\/v2\/posts\/4132","targetHints":{"allow":["GET"]}}],"collection":[{"href":"https:\/\/francois-pelletant.fr\/blog\/wp-json\/wp\/v2\/posts"}],"about":[{"href":"https:\/\/francois-pelletant.fr\/blog\/wp-json\/wp\/v2\/types\/post"}],"author":[{"embeddable":true,"href":"https:\/\/francois-pelletant.fr\/blog\/wp-json\/wp\/v2\/users\/1"}],"replies":[{"embeddable":true,"href":"https:\/\/francois-pelletant.fr\/blog\/wp-json\/wp\/v2\/comments?post=4132"}],"version-history":[{"count":0,"href":"https:\/\/francois-pelletant.fr\/blog\/wp-json\/wp\/v2\/posts\/4132\/revisions"}],"wp:featuredmedia":[{"embeddable":true,"href":"https:\/\/francois-pelletant.fr\/blog\/wp-json\/wp\/v2\/media\/4175"}],"wp:attachment":[{"href":"https:\/\/francois-pelletant.fr\/blog\/wp-json\/wp\/v2\/media?parent=4132"}],"wp:term":[{"taxonomy":"category","embeddable":true,"href":"https:\/\/francois-pelletant.fr\/blog\/wp-json\/wp\/v2\/categories?post=4132"},{"taxonomy":"post_tag","embeddable":true,"href":"https:\/\/francois-pelletant.fr\/blog\/wp-json\/wp\/v2\/tags?post=4132"}],"curies":[{"name":"wp","href":"https:\/\/api.w.org\/{rel}","templated":true}]}}