{"id":4202,"date":"2014-03-11T12:49:04","date_gmt":"2014-03-11T10:49:04","guid":{"rendered":"https:\/\/francois-pelletant.fr\/blog\/?p=4202"},"modified":"2014-03-11T12:49:04","modified_gmt":"2014-03-11T10:49:04","slug":"une-mesure-contre-les-mauvais-stationnements-en-centre-ville","status":"publish","type":"post","link":"https:\/\/francois-pelletant.fr\/blog\/une-mesure-contre-les-mauvais-stationnements-en-centre-ville\/","title":{"rendered":"Une mesure contre les mauvais stationnements en centre-ville"},"content":{"rendered":"<p><a href=\"https:\/\/francois-pelletant.fr\/blog\/wp-content\/uploads\/2014\/03\/pv-electronique.jpg\"><img loading=\"lazy\" decoding=\"async\" class=\"alignleft size-medium wp-image-4203\" title=\"pv electronique\" src=\"https:\/\/francois-pelletant.fr\/blog\/wp-content\/uploads\/2014\/03\/pv-electronique-300x199.jpg\" alt=\"\" width=\"300\" height=\"199\" srcset=\"https:\/\/francois-pelletant.fr\/blog\/wp-content\/uploads\/2014\/03\/pv-electronique-300x199.jpg 300w, https:\/\/francois-pelletant.fr\/blog\/wp-content\/uploads\/2014\/03\/pv-electronique-1024x680.jpg 1024w, https:\/\/francois-pelletant.fr\/blog\/wp-content\/uploads\/2014\/03\/pv-electronique-768x510.jpg 768w, https:\/\/francois-pelletant.fr\/blog\/wp-content\/uploads\/2014\/03\/pv-electronique-600x399.jpg 600w, https:\/\/francois-pelletant.fr\/blog\/wp-content\/uploads\/2014\/03\/pv-electronique-1536x1020.jpg 1536w, https:\/\/francois-pelletant.fr\/blog\/wp-content\/uploads\/2014\/03\/pv-electronique-2048x1360.jpg 2048w\" sizes=\"auto, (max-width: 300px) 100vw, 300px\" \/><\/a>La Police Municipale de Linas vient d&#8217;\u00eatre \u00e9quip\u00e9e de terminaux de verbalisation \u00e9lectroniques. Ce mat\u00e9riel, qui remplace le anciens carnet \u00e0 souche, va permettre de verbaliser en temps r\u00e9el les mauvais stationnements et en particulier ceux que l&#8217;on d\u00e9plore sur la Place de Mairie.<\/p>\n<p>Cela va permettre \u00e9galement de verbaliser &#8220;\u00e0 la vol\u00e9e&#8221;, c&#8217;est dire sans laisser de papillon sur le parebrise. A terme, les deux cam\u00e9ras pr\u00e9vues pour balayer le centre-ville et la place Ernest Pillon permettront aux agents d&#8217;identifier \u00e0 distance les contrevenants.<\/p>\n","protected":false},"excerpt":{"rendered":"<p>La Police Municipale de Linas vient d&#8217;\u00eatre \u00e9quip\u00e9e de terminaux de verbalisation \u00e9lectroniques. Ce mat\u00e9riel, qui remplace le anciens carnet \u00e0 souche, va permettre de verbaliser en temps r\u00e9el les mauvais stationnements et en particulier ceux que l&#8217;on d\u00e9plore sur la Place de Mairie. Cela va permettre \u00e9galement de verbaliser &#8220;\u00e0 la vol\u00e9e&#8221;, c&#8217;est dire [&hellip;]<\/p>\n","protected":false},"author":1,"featured_media":4203,"comment_status":"open","ping_status":"open","sticky":false,"template":"","format":"standard","meta":{"footnotes":""},"categories":[10],"tags":[],"class_list":["post-4202","post","type-post","status-publish","format-standard","has-post-thumbnail","hentry","category-1pelletant"],"yoast_head":"<!-- This site is optimized with the Yoast SEO plugin v25.6 - https:\/\/yoast.com\/wordpress\/plugins\/seo\/ -->\n<title>Une mesure contre les mauvais stationnements en centre-ville - Fran\u00e7ois Pelletant<\/title>\n<meta name=\"robots\" content=\"index, follow, max-snippet:-1, max-image-preview:large, max-video-preview:-1\" \/>\n<link rel=\"canonical\" href=\"https:\/\/francois-pelletant.fr\/blog\/une-mesure-contre-les-mauvais-stationnements-en-centre-ville\/\" \/>\n<meta property=\"og:locale\" content=\"fr_FR\" \/>\n<meta property=\"og:type\" content=\"article\" \/>\n<meta property=\"og:title\" content=\"Une mesure contre les mauvais stationnements en centre-ville - Fran\u00e7ois Pelletant\" \/>\n<meta property=\"og:description\" content=\"La Police Municipale de Linas vient d&#8217;\u00eatre \u00e9quip\u00e9e de terminaux de verbalisation \u00e9lectroniques. Ce mat\u00e9riel, qui remplace le anciens carnet \u00e0 souche, va permettre de verbaliser en temps r\u00e9el les mauvais stationnements et en particulier ceux que l&#8217;on d\u00e9plore sur la Place de Mairie. Cela va permettre \u00e9galement de verbaliser &#8220;\u00e0 la vol\u00e9e&#8221;, c&#8217;est dire [&hellip;]\" \/>\n<meta property=\"og:url\" content=\"https:\/\/francois-pelletant.fr\/blog\/une-mesure-contre-les-mauvais-stationnements-en-centre-ville\/\" \/>\n<meta property=\"og:site_name\" content=\"Fran\u00e7ois Pelletant\" \/>\n<meta property=\"article:publisher\" content=\"https:\/\/www.facebook.com\/francois.pelletant.7\" \/>\n<meta property=\"article:published_time\" content=\"2014-03-11T10:49:04+00:00\" \/>\n<meta property=\"og:image\" content=\"https:\/\/francois-pelletant.fr\/blog\/wp-content\/uploads\/2014\/03\/pv-electronique-scaled.jpg\" \/>\n\t<meta property=\"og:image:width\" content=\"2560\" \/>\n\t<meta property=\"og:image:height\" content=\"1700\" \/>\n\t<meta property=\"og:image:type\" content=\"image\/jpeg\" \/>\n<meta name=\"author\" content=\"Francois\" \/>\n<meta name=\"twitter:card\" content=\"summary_large_image\" \/>\n<meta name=\"twitter:creator\" content=\"@pelletant\" \/>\n<meta name=\"twitter:site\" content=\"@pelletant\" \/>\n<meta name=\"twitter:label1\" content=\"\u00c9crit par\" \/>\n\t<meta name=\"twitter:data1\" content=\"Francois\" \/>\n<script type=\"application\/ld+json\" class=\"yoast-schema-graph\">{\"@context\":\"https:\/\/schema.org\",\"@graph\":[{\"@type\":\"Article\",\"@id\":\"https:\/\/francois-pelletant.fr\/blog\/une-mesure-contre-les-mauvais-stationnements-en-centre-ville\/#article\",\"isPartOf\":{\"@id\":\"https:\/\/francois-pelletant.fr\/blog\/une-mesure-contre-les-mauvais-stationnements-en-centre-ville\/\"},\"author\":{\"name\":\"Francois\",\"@id\":\"https:\/\/francois-pelletant.fr\/blog\/#\/schema\/person\/2be41acb171dff8f31aaed1f40cee9f3\"},\"headline\":\"Une mesure contre les mauvais stationnements en centre-ville\",\"datePublished\":\"2014-03-11T10:49:04+00:00\",\"mainEntityOfPage\":{\"@id\":\"https:\/\/francois-pelletant.fr\/blog\/une-mesure-contre-les-mauvais-stationnements-en-centre-ville\/\"},\"wordCount\":101,\"commentCount\":1,\"publisher\":{\"@id\":\"https:\/\/francois-pelletant.fr\/blog\/#organization\"},\"image\":{\"@id\":\"https:\/\/francois-pelletant.fr\/blog\/une-mesure-contre-les-mauvais-stationnements-en-centre-ville\/#primaryimage\"},\"thumbnailUrl\":\"https:\/\/francois-pelletant.fr\/blog\/wp-content\/uploads\/2014\/03\/pv-electronique-scaled.jpg\",\"articleSection\":[\"Infos\"],\"inLanguage\":\"fr-FR\",\"potentialAction\":[{\"@type\":\"CommentAction\",\"name\":\"Comment\",\"target\":[\"https:\/\/francois-pelletant.fr\/blog\/une-mesure-contre-les-mauvais-stationnements-en-centre-ville\/#respond\"]}]},{\"@type\":\"WebPage\",\"@id\":\"https:\/\/francois-pelletant.fr\/blog\/une-mesure-contre-les-mauvais-stationnements-en-centre-ville\/\",\"url\":\"https:\/\/francois-pelletant.fr\/blog\/une-mesure-contre-les-mauvais-stationnements-en-centre-ville\/\",\"name\":\"Une mesure contre les mauvais stationnements en centre-ville - Fran\u00e7ois Pelletant\",\"isPartOf\":{\"@id\":\"https:\/\/francois-pelletant.fr\/blog\/#website\"},\"primaryImageOfPage\":{\"@id\":\"https:\/\/francois-pelletant.fr\/blog\/une-mesure-contre-les-mauvais-stationnements-en-centre-ville\/#primaryimage\"},\"image\":{\"@id\":\"https:\/\/francois-pelletant.fr\/blog\/une-mesure-contre-les-mauvais-stationnements-en-centre-ville\/#primaryimage\"},\"thumbnailUrl\":\"https:\/\/francois-pelletant.fr\/blog\/wp-content\/uploads\/2014\/03\/pv-electronique-scaled.jpg\",\"datePublished\":\"2014-03-11T10:49:04+00:00\",\"breadcrumb\":{\"@id\":\"https:\/\/francois-pelletant.fr\/blog\/une-mesure-contre-les-mauvais-stationnements-en-centre-ville\/#breadcrumb\"},\"inLanguage\":\"fr-FR\",\"potentialAction\":[{\"@type\":\"ReadAction\",\"target\":[\"https:\/\/francois-pelletant.fr\/blog\/une-mesure-contre-les-mauvais-stationnements-en-centre-ville\/\"]}]},{\"@type\":\"ImageObject\",\"inLanguage\":\"fr-FR\",\"@id\":\"https:\/\/francois-pelletant.fr\/blog\/une-mesure-contre-les-mauvais-stationnements-en-centre-ville\/#primaryimage\",\"url\":\"https:\/\/francois-pelletant.fr\/blog\/wp-content\/uploads\/2014\/03\/pv-electronique-scaled.jpg\",\"contentUrl\":\"https:\/\/francois-pelletant.fr\/blog\/wp-content\/uploads\/2014\/03\/pv-electronique-scaled.jpg\",\"width\":2560,\"height\":1700},{\"@type\":\"BreadcrumbList\",\"@id\":\"https:\/\/francois-pelletant.fr\/blog\/une-mesure-contre-les-mauvais-stationnements-en-centre-ville\/#breadcrumb\",\"itemListElement\":[{\"@type\":\"ListItem\",\"position\":1,\"name\":\"Accueil\",\"item\":\"https:\/\/francois-pelletant.fr\/blog\/\"},{\"@type\":\"ListItem\",\"position\":2,\"name\":\"Une mesure contre les mauvais stationnements en centre-ville\"}]},{\"@type\":\"WebSite\",\"@id\":\"https:\/\/francois-pelletant.fr\/blog\/#website\",\"url\":\"https:\/\/francois-pelletant.fr\/blog\/\",\"name\":\"Fran\u00e7ois Pelletant\",\"description\":\"Maire de Linas, pour toujours.\",\"publisher\":{\"@id\":\"https:\/\/francois-pelletant.fr\/blog\/#organization\"},\"potentialAction\":[{\"@type\":\"SearchAction\",\"target\":{\"@type\":\"EntryPoint\",\"urlTemplate\":\"https:\/\/francois-pelletant.fr\/blog\/?s={search_term_string}\"},\"query-input\":{\"@type\":\"PropertyValueSpecification\",\"valueRequired\":true,\"valueName\":\"search_term_string\"}}],\"inLanguage\":\"fr-FR\"},{\"@type\":\"Organization\",\"@id\":\"https:\/\/francois-pelletant.fr\/blog\/#organization\",\"name\":\"Fran\u00e7ois Pelletant\",\"url\":\"https:\/\/francois-pelletant.fr\/blog\/\",\"logo\":{\"@type\":\"ImageObject\",\"inLanguage\":\"fr-FR\",\"@id\":\"https:\/\/francois-pelletant.fr\/blog\/#\/schema\/logo\/image\/\",\"url\":\"https:\/\/francois-pelletant.fr\/blog\/wp-content\/uploads\/2024\/07\/icone-francois-centre-500p.png\",\"contentUrl\":\"https:\/\/francois-pelletant.fr\/blog\/wp-content\/uploads\/2024\/07\/icone-francois-centre-500p.png\",\"width\":559,\"height\":447,\"caption\":\"Fran\u00e7ois Pelletant\"},\"image\":{\"@id\":\"https:\/\/francois-pelletant.fr\/blog\/#\/schema\/logo\/image\/\"},\"sameAs\":[\"https:\/\/www.facebook.com\/francois.pelletant.7\",\"https:\/\/x.com\/pelletant\"]},{\"@type\":\"Person\",\"@id\":\"https:\/\/francois-pelletant.fr\/blog\/#\/schema\/person\/2be41acb171dff8f31aaed1f40cee9f3\",\"name\":\"Francois\"}]}<\/script>\n<!-- \/ Yoast SEO plugin. -->","yoast_head_json":{"title":"Une mesure contre les mauvais stationnements en centre-ville - Fran\u00e7ois Pelletant","robots":{"index":"index","follow":"follow","max-snippet":"max-snippet:-1","max-image-preview":"max-image-preview:large","max-video-preview":"max-video-preview:-1"},"canonical":"https:\/\/francois-pelletant.fr\/blog\/une-mesure-contre-les-mauvais-stationnements-en-centre-ville\/","og_locale":"fr_FR","og_type":"article","og_title":"Une mesure contre les mauvais stationnements en centre-ville - Fran\u00e7ois Pelletant","og_description":"La Police Municipale de Linas vient d&#8217;\u00eatre \u00e9quip\u00e9e de terminaux de verbalisation \u00e9lectroniques. Ce mat\u00e9riel, qui remplace le anciens carnet \u00e0 souche, va permettre de verbaliser en temps r\u00e9el les mauvais stationnements et en particulier ceux que l&#8217;on d\u00e9plore sur la Place de Mairie. Cela va permettre \u00e9galement de verbaliser &#8220;\u00e0 la vol\u00e9e&#8221;, c&#8217;est dire [&hellip;]","og_url":"https:\/\/francois-pelletant.fr\/blog\/une-mesure-contre-les-mauvais-stationnements-en-centre-ville\/","og_site_name":"Fran\u00e7ois Pelletant","article_publisher":"https:\/\/www.facebook.com\/francois.pelletant.7","article_published_time":"2014-03-11T10:49:04+00:00","og_image":[{"width":2560,"height":1700,"url":"https:\/\/francois-pelletant.fr\/blog\/wp-content\/uploads\/2014\/03\/pv-electronique-scaled.jpg","type":"image\/jpeg"}],"author":"Francois","twitter_card":"summary_large_image","twitter_creator":"@pelletant","twitter_site":"@pelletant","twitter_misc":{"\u00c9crit par":"Francois"},"schema":{"@context":"https:\/\/schema.org","@graph":[{"@type":"Article","@id":"https:\/\/francois-pelletant.fr\/blog\/une-mesure-contre-les-mauvais-stationnements-en-centre-ville\/#article","isPartOf":{"@id":"https:\/\/francois-pelletant.fr\/blog\/une-mesure-contre-les-mauvais-stationnements-en-centre-ville\/"},"author":{"name":"Francois","@id":"https:\/\/francois-pelletant.fr\/blog\/#\/schema\/person\/2be41acb171dff8f31aaed1f40cee9f3"},"headline":"Une mesure contre les mauvais stationnements en centre-ville","datePublished":"2014-03-11T10:49:04+00:00","mainEntityOfPage":{"@id":"https:\/\/francois-pelletant.fr\/blog\/une-mesure-contre-les-mauvais-stationnements-en-centre-ville\/"},"wordCount":101,"commentCount":1,"publisher":{"@id":"https:\/\/francois-pelletant.fr\/blog\/#organization"},"image":{"@id":"https:\/\/francois-pelletant.fr\/blog\/une-mesure-contre-les-mauvais-stationnements-en-centre-ville\/#primaryimage"},"thumbnailUrl":"https:\/\/francois-pelletant.fr\/blog\/wp-content\/uploads\/2014\/03\/pv-electronique-scaled.jpg","articleSection":["Infos"],"inLanguage":"fr-FR","potentialAction":[{"@type":"CommentAction","name":"Comment","target":["https:\/\/francois-pelletant.fr\/blog\/une-mesure-contre-les-mauvais-stationnements-en-centre-ville\/#respond"]}]},{"@type":"WebPage","@id":"https:\/\/francois-pelletant.fr\/blog\/une-mesure-contre-les-mauvais-stationnements-en-centre-ville\/","url":"https:\/\/francois-pelletant.fr\/blog\/une-mesure-contre-les-mauvais-stationnements-en-centre-ville\/","name":"Une mesure contre les mauvais stationnements en centre-ville - Fran\u00e7ois Pelletant","isPartOf":{"@id":"https:\/\/francois-pelletant.fr\/blog\/#website"},"primaryImageOfPage":{"@id":"https:\/\/francois-pelletant.fr\/blog\/une-mesure-contre-les-mauvais-stationnements-en-centre-ville\/#primaryimage"},"image":{"@id":"https:\/\/francois-pelletant.fr\/blog\/une-mesure-contre-les-mauvais-stationnements-en-centre-ville\/#primaryimage"},"thumbnailUrl":"https:\/\/francois-pelletant.fr\/blog\/wp-content\/uploads\/2014\/03\/pv-electronique-scaled.jpg","datePublished":"2014-03-11T10:49:04+00:00","breadcrumb":{"@id":"https:\/\/francois-pelletant.fr\/blog\/une-mesure-contre-les-mauvais-stationnements-en-centre-ville\/#breadcrumb"},"inLanguage":"fr-FR","potentialAction":[{"@type":"ReadAction","target":["https:\/\/francois-pelletant.fr\/blog\/une-mesure-contre-les-mauvais-stationnements-en-centre-ville\/"]}]},{"@type":"ImageObject","inLanguage":"fr-FR","@id":"https:\/\/francois-pelletant.fr\/blog\/une-mesure-contre-les-mauvais-stationnements-en-centre-ville\/#primaryimage","url":"https:\/\/francois-pelletant.fr\/blog\/wp-content\/uploads\/2014\/03\/pv-electronique-scaled.jpg","contentUrl":"https:\/\/francois-pelletant.fr\/blog\/wp-content\/uploads\/2014\/03\/pv-electronique-scaled.jpg","width":2560,"height":1700},{"@type":"BreadcrumbList","@id":"https:\/\/francois-pelletant.fr\/blog\/une-mesure-contre-les-mauvais-stationnements-en-centre-ville\/#breadcrumb","itemListElement":[{"@type":"ListItem","position":1,"name":"Accueil","item":"https:\/\/francois-pelletant.fr\/blog\/"},{"@type":"ListItem","position":2,"name":"Une mesure contre les mauvais stationnements en centre-ville"}]},{"@type":"WebSite","@id":"https:\/\/francois-pelletant.fr\/blog\/#website","url":"https:\/\/francois-pelletant.fr\/blog\/","name":"Fran\u00e7ois Pelletant","description":"Maire de Linas, pour toujours.","publisher":{"@id":"https:\/\/francois-pelletant.fr\/blog\/#organization"},"potentialAction":[{"@type":"SearchAction","target":{"@type":"EntryPoint","urlTemplate":"https:\/\/francois-pelletant.fr\/blog\/?s={search_term_string}"},"query-input":{"@type":"PropertyValueSpecification","valueRequired":true,"valueName":"search_term_string"}}],"inLanguage":"fr-FR"},{"@type":"Organization","@id":"https:\/\/francois-pelletant.fr\/blog\/#organization","name":"Fran\u00e7ois Pelletant","url":"https:\/\/francois-pelletant.fr\/blog\/","logo":{"@type":"ImageObject","inLanguage":"fr-FR","@id":"https:\/\/francois-pelletant.fr\/blog\/#\/schema\/logo\/image\/","url":"https:\/\/francois-pelletant.fr\/blog\/wp-content\/uploads\/2024\/07\/icone-francois-centre-500p.png","contentUrl":"https:\/\/francois-pelletant.fr\/blog\/wp-content\/uploads\/2024\/07\/icone-francois-centre-500p.png","width":559,"height":447,"caption":"Fran\u00e7ois Pelletant"},"image":{"@id":"https:\/\/francois-pelletant.fr\/blog\/#\/schema\/logo\/image\/"},"sameAs":["https:\/\/www.facebook.com\/francois.pelletant.7","https:\/\/x.com\/pelletant"]},{"@type":"Person","@id":"https:\/\/francois-pelletant.fr\/blog\/#\/schema\/person\/2be41acb171dff8f31aaed1f40cee9f3","name":"Francois"}]}},"_links":{"self":[{"href":"https:\/\/francois-pelletant.fr\/blog\/wp-json\/wp\/v2\/posts\/4202","targetHints":{"allow":["GET"]}}],"collection":[{"href":"https:\/\/francois-pelletant.fr\/blog\/wp-json\/wp\/v2\/posts"}],"about":[{"href":"https:\/\/francois-pelletant.fr\/blog\/wp-json\/wp\/v2\/types\/post"}],"author":[{"embeddable":true,"href":"https:\/\/francois-pelletant.fr\/blog\/wp-json\/wp\/v2\/users\/1"}],"replies":[{"embeddable":true,"href":"https:\/\/francois-pelletant.fr\/blog\/wp-json\/wp\/v2\/comments?post=4202"}],"version-history":[{"count":0,"href":"https:\/\/francois-pelletant.fr\/blog\/wp-json\/wp\/v2\/posts\/4202\/revisions"}],"wp:featuredmedia":[{"embeddable":true,"href":"https:\/\/francois-pelletant.fr\/blog\/wp-json\/wp\/v2\/media\/4203"}],"wp:attachment":[{"href":"https:\/\/francois-pelletant.fr\/blog\/wp-json\/wp\/v2\/media?parent=4202"}],"wp:term":[{"taxonomy":"category","embeddable":true,"href":"https:\/\/francois-pelletant.fr\/blog\/wp-json\/wp\/v2\/categories?post=4202"},{"taxonomy":"post_tag","embeddable":true,"href":"https:\/\/francois-pelletant.fr\/blog\/wp-json\/wp\/v2\/tags?post=4202"}],"curies":[{"name":"wp","href":"https:\/\/api.w.org\/{rel}","templated":true}]}}