{"id":4248,"date":"2014-03-24T15:05:37","date_gmt":"2014-03-24T13:05:37","guid":{"rendered":"https:\/\/francois-pelletant.fr\/blog\/?p=4248"},"modified":"2014-03-24T15:05:37","modified_gmt":"2014-03-24T13:05:37","slug":"lavenir-de-linas-nous-tend-les-bras","status":"publish","type":"post","link":"https:\/\/francois-pelletant.fr\/blog\/lavenir-de-linas-nous-tend-les-bras\/","title":{"rendered":"L&#039;avenir de Linas nous tend les bras"},"content":{"rendered":"<p><a href=\"https:\/\/francois-pelletant.fr\/blog\/wp-content\/uploads\/2014\/03\/DOC-MERCI1.jpg\"><img loading=\"lazy\" decoding=\"async\" class=\"alignleft size-medium wp-image-4250\" title=\"DOC MERCI\" src=\"https:\/\/francois-pelletant.fr\/blog\/wp-content\/uploads\/2014\/03\/DOC-MERCI1-215x300.jpg\" alt=\"\" width=\"215\" height=\"300\" \/><\/a>Madame, Monsieur, mes chers concitoyens,<\/p>\n<p>Cette soir\u00e9e \u00e9lectorale est absolument fantastique ; contre toute attente, <span style=\"text-decoration: underline;\">vous venez de nous offrir une belle victoire, incontestable, d\u00e8s le premier tour<\/span>.<\/p>\n<p>Merci \u00e0 vous tous pour votre mobilisation et vos votes.<\/p>\n<p>Remporter l\u2019\u00e9lection, avec la majorit\u00e9 absolue, d\u00e8s le premier tour, dans une triangulaire, est tout simplement magnifique.<\/p>\n<p>Ni les tracts et les courriers anonymes, ni les promesses malhonn\u00eates n&#8217;auront r\u00e9ussi \u00e0 d\u00e9stabiliser les Linois unis.<\/p>\n<p>A tous ceux qui n&#8217;ont pas choisi notre candidature d\u00e8s le premier tour, je veux dire que notre liste &#8220;Linas Nous Rassemble&#8221; porte bien son nom. J&#8217;invite chacun d\u2019entre vous \u00e0 nous rejoindre et \u00e0 se faire conna\u00eetre pour participer \u00e0 l&#8217;essor de Linas ainsi qu\u2019aux futures commissions.<\/p>\n<p>D\u00e8s \u00e0 pr\u00e9sent notre \u00e9quipe est pr\u00eate, mobilis\u00e9e et motiv\u00e9e pour <span style=\"text-decoration: underline;\">mener \u00e0 bien le mandat que vous venez de nous confier jusqu&#8217;en 2020<\/span>. A la lumi\u00e8re de ce qu&#8217;a r\u00e9v\u00e9l\u00e9 cette \u00e9lection, je prendrai d\u00e8s cette semaine plusieurs d\u00e9cisions imm\u00e9diates. Par ailleurs, nous allons faire la synth\u00e8se des demandes exprim\u00e9es durant la campagne pour les satisfaire au plus vite.<\/p>\n<p>Le premier Conseil Municipal d&#8217;installation du Maire et des Adjoints se tiendra samedi 29 mars 2014 \u00e0 18h00 et sera suivi d&#8217;un cocktail de remerciement, sans alcool.<\/p>\n<p>Ensemble nous allons poursuivre cette formidable aventure de l&#8217;essor de Linas.<\/p>\n","protected":false},"excerpt":{"rendered":"<p>Madame, Monsieur, mes chers concitoyens, Cette soir\u00e9e \u00e9lectorale est absolument fantastique ; contre toute attente, vous venez de nous offrir une belle victoire, incontestable, d\u00e8s le premier tour. Merci \u00e0 vous tous pour votre mobilisation et vos votes. Remporter l\u2019\u00e9lection, avec la majorit\u00e9 absolue, d\u00e8s le premier tour, dans une triangulaire, est tout simplement magnifique. [&hellip;]<\/p>\n","protected":false},"author":1,"featured_media":4250,"comment_status":"open","ping_status":"open","sticky":false,"template":"","format":"standard","meta":{"footnotes":""},"categories":[13],"tags":[],"class_list":["post-4248","post","type-post","status-publish","format-standard","has-post-thumbnail","hentry","category-municipales-2014"],"yoast_head":"<!-- This site is optimized with the Yoast SEO plugin v25.6 - https:\/\/yoast.com\/wordpress\/plugins\/seo\/ -->\n<title>L&#039;avenir de Linas nous tend les bras - Fran\u00e7ois Pelletant<\/title>\n<meta name=\"robots\" content=\"index, follow, max-snippet:-1, max-image-preview:large, max-video-preview:-1\" \/>\n<link rel=\"canonical\" href=\"https:\/\/francois-pelletant.fr\/blog\/lavenir-de-linas-nous-tend-les-bras\/\" \/>\n<meta property=\"og:locale\" content=\"fr_FR\" \/>\n<meta property=\"og:type\" content=\"article\" \/>\n<meta property=\"og:title\" content=\"L&#039;avenir de Linas nous tend les bras - Fran\u00e7ois Pelletant\" \/>\n<meta property=\"og:description\" content=\"Madame, Monsieur, mes chers concitoyens, Cette soir\u00e9e \u00e9lectorale est absolument fantastique ; contre toute attente, vous venez de nous offrir une belle victoire, incontestable, d\u00e8s le premier tour. Merci \u00e0 vous tous pour votre mobilisation et vos votes. Remporter l\u2019\u00e9lection, avec la majorit\u00e9 absolue, d\u00e8s le premier tour, dans une triangulaire, est tout simplement magnifique. [&hellip;]\" \/>\n<meta property=\"og:url\" content=\"https:\/\/francois-pelletant.fr\/blog\/lavenir-de-linas-nous-tend-les-bras\/\" \/>\n<meta property=\"og:site_name\" content=\"Fran\u00e7ois Pelletant\" \/>\n<meta property=\"article:publisher\" content=\"https:\/\/www.facebook.com\/francois.pelletant.7\" \/>\n<meta property=\"article:published_time\" content=\"2014-03-24T13:05:37+00:00\" \/>\n<meta property=\"og:image\" content=\"https:\/\/francois-pelletant.fr\/blog\/wp-content\/uploads\/2014\/03\/DOC-MERCI1.jpg\" \/>\n\t<meta property=\"og:image:width\" content=\"460\" \/>\n\t<meta property=\"og:image:height\" content=\"640\" \/>\n\t<meta property=\"og:image:type\" content=\"image\/jpeg\" \/>\n<meta name=\"author\" content=\"Francois\" \/>\n<meta name=\"twitter:card\" content=\"summary_large_image\" \/>\n<meta name=\"twitter:creator\" content=\"@pelletant\" \/>\n<meta name=\"twitter:site\" content=\"@pelletant\" \/>\n<meta name=\"twitter:label1\" content=\"\u00c9crit par\" \/>\n\t<meta name=\"twitter:data1\" content=\"Francois\" \/>\n\t<meta name=\"twitter:label2\" content=\"Dur\u00e9e de lecture estim\u00e9e\" \/>\n\t<meta name=\"twitter:data2\" content=\"1 minute\" \/>\n<script type=\"application\/ld+json\" class=\"yoast-schema-graph\">{\"@context\":\"https:\/\/schema.org\",\"@graph\":[{\"@type\":\"Article\",\"@id\":\"https:\/\/francois-pelletant.fr\/blog\/lavenir-de-linas-nous-tend-les-bras\/#article\",\"isPartOf\":{\"@id\":\"https:\/\/francois-pelletant.fr\/blog\/lavenir-de-linas-nous-tend-les-bras\/\"},\"author\":{\"name\":\"Francois\",\"@id\":\"https:\/\/francois-pelletant.fr\/blog\/#\/schema\/person\/2be41acb171dff8f31aaed1f40cee9f3\"},\"headline\":\"L&#039;avenir de Linas nous tend les bras\",\"datePublished\":\"2014-03-24T13:05:37+00:00\",\"mainEntityOfPage\":{\"@id\":\"https:\/\/francois-pelletant.fr\/blog\/lavenir-de-linas-nous-tend-les-bras\/\"},\"wordCount\":248,\"commentCount\":2,\"publisher\":{\"@id\":\"https:\/\/francois-pelletant.fr\/blog\/#organization\"},\"image\":{\"@id\":\"https:\/\/francois-pelletant.fr\/blog\/lavenir-de-linas-nous-tend-les-bras\/#primaryimage\"},\"thumbnailUrl\":\"https:\/\/francois-pelletant.fr\/blog\/wp-content\/uploads\/2014\/03\/DOC-MERCI1.jpg\",\"articleSection\":[\"Municipales 2014\"],\"inLanguage\":\"fr-FR\",\"potentialAction\":[{\"@type\":\"CommentAction\",\"name\":\"Comment\",\"target\":[\"https:\/\/francois-pelletant.fr\/blog\/lavenir-de-linas-nous-tend-les-bras\/#respond\"]}]},{\"@type\":\"WebPage\",\"@id\":\"https:\/\/francois-pelletant.fr\/blog\/lavenir-de-linas-nous-tend-les-bras\/\",\"url\":\"https:\/\/francois-pelletant.fr\/blog\/lavenir-de-linas-nous-tend-les-bras\/\",\"name\":\"L&#039;avenir de Linas nous tend les bras - Fran\u00e7ois Pelletant\",\"isPartOf\":{\"@id\":\"https:\/\/francois-pelletant.fr\/blog\/#website\"},\"primaryImageOfPage\":{\"@id\":\"https:\/\/francois-pelletant.fr\/blog\/lavenir-de-linas-nous-tend-les-bras\/#primaryimage\"},\"image\":{\"@id\":\"https:\/\/francois-pelletant.fr\/blog\/lavenir-de-linas-nous-tend-les-bras\/#primaryimage\"},\"thumbnailUrl\":\"https:\/\/francois-pelletant.fr\/blog\/wp-content\/uploads\/2014\/03\/DOC-MERCI1.jpg\",\"datePublished\":\"2014-03-24T13:05:37+00:00\",\"breadcrumb\":{\"@id\":\"https:\/\/francois-pelletant.fr\/blog\/lavenir-de-linas-nous-tend-les-bras\/#breadcrumb\"},\"inLanguage\":\"fr-FR\",\"potentialAction\":[{\"@type\":\"ReadAction\",\"target\":[\"https:\/\/francois-pelletant.fr\/blog\/lavenir-de-linas-nous-tend-les-bras\/\"]}]},{\"@type\":\"ImageObject\",\"inLanguage\":\"fr-FR\",\"@id\":\"https:\/\/francois-pelletant.fr\/blog\/lavenir-de-linas-nous-tend-les-bras\/#primaryimage\",\"url\":\"https:\/\/francois-pelletant.fr\/blog\/wp-content\/uploads\/2014\/03\/DOC-MERCI1.jpg\",\"contentUrl\":\"https:\/\/francois-pelletant.fr\/blog\/wp-content\/uploads\/2014\/03\/DOC-MERCI1.jpg\",\"width\":460,\"height\":640},{\"@type\":\"BreadcrumbList\",\"@id\":\"https:\/\/francois-pelletant.fr\/blog\/lavenir-de-linas-nous-tend-les-bras\/#breadcrumb\",\"itemListElement\":[{\"@type\":\"ListItem\",\"position\":1,\"name\":\"Accueil\",\"item\":\"https:\/\/francois-pelletant.fr\/blog\/\"},{\"@type\":\"ListItem\",\"position\":2,\"name\":\"L&#039;avenir de Linas nous tend les bras\"}]},{\"@type\":\"WebSite\",\"@id\":\"https:\/\/francois-pelletant.fr\/blog\/#website\",\"url\":\"https:\/\/francois-pelletant.fr\/blog\/\",\"name\":\"Fran\u00e7ois Pelletant\",\"description\":\"Maire de Linas, pour toujours.\",\"publisher\":{\"@id\":\"https:\/\/francois-pelletant.fr\/blog\/#organization\"},\"potentialAction\":[{\"@type\":\"SearchAction\",\"target\":{\"@type\":\"EntryPoint\",\"urlTemplate\":\"https:\/\/francois-pelletant.fr\/blog\/?s={search_term_string}\"},\"query-input\":{\"@type\":\"PropertyValueSpecification\",\"valueRequired\":true,\"valueName\":\"search_term_string\"}}],\"inLanguage\":\"fr-FR\"},{\"@type\":\"Organization\",\"@id\":\"https:\/\/francois-pelletant.fr\/blog\/#organization\",\"name\":\"Fran\u00e7ois Pelletant\",\"url\":\"https:\/\/francois-pelletant.fr\/blog\/\",\"logo\":{\"@type\":\"ImageObject\",\"inLanguage\":\"fr-FR\",\"@id\":\"https:\/\/francois-pelletant.fr\/blog\/#\/schema\/logo\/image\/\",\"url\":\"https:\/\/francois-pelletant.fr\/blog\/wp-content\/uploads\/2024\/07\/icone-francois-centre-500p.png\",\"contentUrl\":\"https:\/\/francois-pelletant.fr\/blog\/wp-content\/uploads\/2024\/07\/icone-francois-centre-500p.png\",\"width\":559,\"height\":447,\"caption\":\"Fran\u00e7ois Pelletant\"},\"image\":{\"@id\":\"https:\/\/francois-pelletant.fr\/blog\/#\/schema\/logo\/image\/\"},\"sameAs\":[\"https:\/\/www.facebook.com\/francois.pelletant.7\",\"https:\/\/x.com\/pelletant\"]},{\"@type\":\"Person\",\"@id\":\"https:\/\/francois-pelletant.fr\/blog\/#\/schema\/person\/2be41acb171dff8f31aaed1f40cee9f3\",\"name\":\"Francois\"}]}<\/script>\n<!-- \/ Yoast SEO plugin. -->","yoast_head_json":{"title":"L&#039;avenir de Linas nous tend les bras - Fran\u00e7ois Pelletant","robots":{"index":"index","follow":"follow","max-snippet":"max-snippet:-1","max-image-preview":"max-image-preview:large","max-video-preview":"max-video-preview:-1"},"canonical":"https:\/\/francois-pelletant.fr\/blog\/lavenir-de-linas-nous-tend-les-bras\/","og_locale":"fr_FR","og_type":"article","og_title":"L&#039;avenir de Linas nous tend les bras - Fran\u00e7ois Pelletant","og_description":"Madame, Monsieur, mes chers concitoyens, Cette soir\u00e9e \u00e9lectorale est absolument fantastique ; contre toute attente, vous venez de nous offrir une belle victoire, incontestable, d\u00e8s le premier tour. Merci \u00e0 vous tous pour votre mobilisation et vos votes. Remporter l\u2019\u00e9lection, avec la majorit\u00e9 absolue, d\u00e8s le premier tour, dans une triangulaire, est tout simplement magnifique. [&hellip;]","og_url":"https:\/\/francois-pelletant.fr\/blog\/lavenir-de-linas-nous-tend-les-bras\/","og_site_name":"Fran\u00e7ois Pelletant","article_publisher":"https:\/\/www.facebook.com\/francois.pelletant.7","article_published_time":"2014-03-24T13:05:37+00:00","og_image":[{"width":460,"height":640,"url":"https:\/\/francois-pelletant.fr\/blog\/wp-content\/uploads\/2014\/03\/DOC-MERCI1.jpg","type":"image\/jpeg"}],"author":"Francois","twitter_card":"summary_large_image","twitter_creator":"@pelletant","twitter_site":"@pelletant","twitter_misc":{"\u00c9crit par":"Francois","Dur\u00e9e de lecture estim\u00e9e":"1 minute"},"schema":{"@context":"https:\/\/schema.org","@graph":[{"@type":"Article","@id":"https:\/\/francois-pelletant.fr\/blog\/lavenir-de-linas-nous-tend-les-bras\/#article","isPartOf":{"@id":"https:\/\/francois-pelletant.fr\/blog\/lavenir-de-linas-nous-tend-les-bras\/"},"author":{"name":"Francois","@id":"https:\/\/francois-pelletant.fr\/blog\/#\/schema\/person\/2be41acb171dff8f31aaed1f40cee9f3"},"headline":"L&#039;avenir de Linas nous tend les bras","datePublished":"2014-03-24T13:05:37+00:00","mainEntityOfPage":{"@id":"https:\/\/francois-pelletant.fr\/blog\/lavenir-de-linas-nous-tend-les-bras\/"},"wordCount":248,"commentCount":2,"publisher":{"@id":"https:\/\/francois-pelletant.fr\/blog\/#organization"},"image":{"@id":"https:\/\/francois-pelletant.fr\/blog\/lavenir-de-linas-nous-tend-les-bras\/#primaryimage"},"thumbnailUrl":"https:\/\/francois-pelletant.fr\/blog\/wp-content\/uploads\/2014\/03\/DOC-MERCI1.jpg","articleSection":["Municipales 2014"],"inLanguage":"fr-FR","potentialAction":[{"@type":"CommentAction","name":"Comment","target":["https:\/\/francois-pelletant.fr\/blog\/lavenir-de-linas-nous-tend-les-bras\/#respond"]}]},{"@type":"WebPage","@id":"https:\/\/francois-pelletant.fr\/blog\/lavenir-de-linas-nous-tend-les-bras\/","url":"https:\/\/francois-pelletant.fr\/blog\/lavenir-de-linas-nous-tend-les-bras\/","name":"L&#039;avenir de Linas nous tend les bras - Fran\u00e7ois Pelletant","isPartOf":{"@id":"https:\/\/francois-pelletant.fr\/blog\/#website"},"primaryImageOfPage":{"@id":"https:\/\/francois-pelletant.fr\/blog\/lavenir-de-linas-nous-tend-les-bras\/#primaryimage"},"image":{"@id":"https:\/\/francois-pelletant.fr\/blog\/lavenir-de-linas-nous-tend-les-bras\/#primaryimage"},"thumbnailUrl":"https:\/\/francois-pelletant.fr\/blog\/wp-content\/uploads\/2014\/03\/DOC-MERCI1.jpg","datePublished":"2014-03-24T13:05:37+00:00","breadcrumb":{"@id":"https:\/\/francois-pelletant.fr\/blog\/lavenir-de-linas-nous-tend-les-bras\/#breadcrumb"},"inLanguage":"fr-FR","potentialAction":[{"@type":"ReadAction","target":["https:\/\/francois-pelletant.fr\/blog\/lavenir-de-linas-nous-tend-les-bras\/"]}]},{"@type":"ImageObject","inLanguage":"fr-FR","@id":"https:\/\/francois-pelletant.fr\/blog\/lavenir-de-linas-nous-tend-les-bras\/#primaryimage","url":"https:\/\/francois-pelletant.fr\/blog\/wp-content\/uploads\/2014\/03\/DOC-MERCI1.jpg","contentUrl":"https:\/\/francois-pelletant.fr\/blog\/wp-content\/uploads\/2014\/03\/DOC-MERCI1.jpg","width":460,"height":640},{"@type":"BreadcrumbList","@id":"https:\/\/francois-pelletant.fr\/blog\/lavenir-de-linas-nous-tend-les-bras\/#breadcrumb","itemListElement":[{"@type":"ListItem","position":1,"name":"Accueil","item":"https:\/\/francois-pelletant.fr\/blog\/"},{"@type":"ListItem","position":2,"name":"L&#039;avenir de Linas nous tend les bras"}]},{"@type":"WebSite","@id":"https:\/\/francois-pelletant.fr\/blog\/#website","url":"https:\/\/francois-pelletant.fr\/blog\/","name":"Fran\u00e7ois Pelletant","description":"Maire de Linas, pour toujours.","publisher":{"@id":"https:\/\/francois-pelletant.fr\/blog\/#organization"},"potentialAction":[{"@type":"SearchAction","target":{"@type":"EntryPoint","urlTemplate":"https:\/\/francois-pelletant.fr\/blog\/?s={search_term_string}"},"query-input":{"@type":"PropertyValueSpecification","valueRequired":true,"valueName":"search_term_string"}}],"inLanguage":"fr-FR"},{"@type":"Organization","@id":"https:\/\/francois-pelletant.fr\/blog\/#organization","name":"Fran\u00e7ois Pelletant","url":"https:\/\/francois-pelletant.fr\/blog\/","logo":{"@type":"ImageObject","inLanguage":"fr-FR","@id":"https:\/\/francois-pelletant.fr\/blog\/#\/schema\/logo\/image\/","url":"https:\/\/francois-pelletant.fr\/blog\/wp-content\/uploads\/2024\/07\/icone-francois-centre-500p.png","contentUrl":"https:\/\/francois-pelletant.fr\/blog\/wp-content\/uploads\/2024\/07\/icone-francois-centre-500p.png","width":559,"height":447,"caption":"Fran\u00e7ois Pelletant"},"image":{"@id":"https:\/\/francois-pelletant.fr\/blog\/#\/schema\/logo\/image\/"},"sameAs":["https:\/\/www.facebook.com\/francois.pelletant.7","https:\/\/x.com\/pelletant"]},{"@type":"Person","@id":"https:\/\/francois-pelletant.fr\/blog\/#\/schema\/person\/2be41acb171dff8f31aaed1f40cee9f3","name":"Francois"}]}},"_links":{"self":[{"href":"https:\/\/francois-pelletant.fr\/blog\/wp-json\/wp\/v2\/posts\/4248","targetHints":{"allow":["GET"]}}],"collection":[{"href":"https:\/\/francois-pelletant.fr\/blog\/wp-json\/wp\/v2\/posts"}],"about":[{"href":"https:\/\/francois-pelletant.fr\/blog\/wp-json\/wp\/v2\/types\/post"}],"author":[{"embeddable":true,"href":"https:\/\/francois-pelletant.fr\/blog\/wp-json\/wp\/v2\/users\/1"}],"replies":[{"embeddable":true,"href":"https:\/\/francois-pelletant.fr\/blog\/wp-json\/wp\/v2\/comments?post=4248"}],"version-history":[{"count":0,"href":"https:\/\/francois-pelletant.fr\/blog\/wp-json\/wp\/v2\/posts\/4248\/revisions"}],"wp:featuredmedia":[{"embeddable":true,"href":"https:\/\/francois-pelletant.fr\/blog\/wp-json\/wp\/v2\/media\/4250"}],"wp:attachment":[{"href":"https:\/\/francois-pelletant.fr\/blog\/wp-json\/wp\/v2\/media?parent=4248"}],"wp:term":[{"taxonomy":"category","embeddable":true,"href":"https:\/\/francois-pelletant.fr\/blog\/wp-json\/wp\/v2\/categories?post=4248"},{"taxonomy":"post_tag","embeddable":true,"href":"https:\/\/francois-pelletant.fr\/blog\/wp-json\/wp\/v2\/tags?post=4248"}],"curies":[{"name":"wp","href":"https:\/\/api.w.org\/{rel}","templated":true}]}}