{"id":4290,"date":"2014-04-16T09:07:50","date_gmt":"2014-04-16T07:07:50","guid":{"rendered":"https:\/\/francois-pelletant.fr\/blog\/?p=4290"},"modified":"2017-05-09T13:27:14","modified_gmt":"2017-05-09T13:27:14","slug":"preparez-deja-la-rentree-2014-2015","status":"publish","type":"post","link":"https:\/\/francois-pelletant.fr\/blog\/preparez-deja-la-rentree-2014-2015\/","title":{"rendered":"Pr\u00e9parez d\u00e9j\u00e0 la rentr\u00e9e 2014-2015 !"},"content":{"rendered":"<p><a href=\"https:\/\/francois-pelletant.fr\/blog\/wp-content\/uploads\/2014\/04\/portail-famille.jpg\"><img loading=\"lazy\" decoding=\"async\" class=\"alignleft wp-image-4291 size-medium\" title=\"portail famille\" src=\"https:\/\/francois-pelletant.fr\/blog\/wp-content\/uploads\/2014\/04\/portail-famille-300x277.jpg\" alt=\"image - service scolaire- mairie-rentr\u00e9e\" width=\"300\" height=\"277\" srcset=\"https:\/\/francois-pelletant.fr\/blog\/wp-content\/uploads\/2014\/04\/portail-famille-300x277.jpg 300w, https:\/\/francois-pelletant.fr\/blog\/wp-content\/uploads\/2014\/04\/portail-famille-1024x946.jpg 1024w, https:\/\/francois-pelletant.fr\/blog\/wp-content\/uploads\/2014\/04\/portail-famille-768x709.jpg 768w, https:\/\/francois-pelletant.fr\/blog\/wp-content\/uploads\/2014\/04\/portail-famille-600x554.jpg 600w, https:\/\/francois-pelletant.fr\/blog\/wp-content\/uploads\/2014\/04\/portail-famille-1536x1419.jpg 1536w, https:\/\/francois-pelletant.fr\/blog\/wp-content\/uploads\/2014\/04\/portail-famille.jpg 1676w\" sizes=\"auto, (max-width: 300px) 100vw, 300px\" \/><\/a><\/p>\n<h3>Inscrivez votre enfant\u00a0pour la prochaine rentr\u00e9e scolaire<\/h3>\n<p>Si vous \u00eates parents d\u2019un enfant n\u00e9 en 2011, ou si vous venez d\u2019arriver sur Linas, il est temps de proc\u00e9der \u00e0 son inscription en 1<sup>\u00e8re<\/sup>\u00a0ann\u00e9e de maternelle.\u00a0 Le service scolaire est \u00e0 votre disposition en mairie, aux heures d\u2019ouverture habituelles.<\/p>\n<p>Pour toute inscription munissez vous des pi\u00e8ces suivantes :<\/p>\n<ul>\n<li>Votre livret de famille<\/li>\n<li>Votre carte d\u2019identit\u00e9<\/li>\n<li>Un justificatif de domicile de moins de 3 mois,<\/li>\n<li>Le carnet de sant\u00e9 de l\u2019enfant et du jugement de divorce s\u2019il y a lieu<\/li>\n<\/ul>\n<p>.<\/p>\n<p>Enfin, si votre enfant fr\u00e9quente d\u00e9j\u00e0 l\u2019\u00e9cole cette ann\u00e9e, inutile de le r\u00e9inscrire pour la prochaine rentr\u00e9e.<\/p>\n","protected":false},"excerpt":{"rendered":"<p>Inscrivez votre enfant\u00a0pour la prochaine rentr\u00e9e scolaire Si vous \u00eates parents d\u2019un enfant n\u00e9 en 2011, ou si vous venez d\u2019arriver sur Linas, il est temps de proc\u00e9der \u00e0 son inscription en 1\u00e8re\u00a0ann\u00e9e de maternelle.\u00a0 Le service scolaire est \u00e0 votre disposition en mairie, aux heures d\u2019ouverture habituelles. Pour toute inscription munissez vous des pi\u00e8ces [&hellip;]<\/p>\n","protected":false},"author":1,"featured_media":4291,"comment_status":"open","ping_status":"open","sticky":false,"template":"","format":"standard","meta":{"footnotes":""},"categories":[10],"tags":[],"class_list":["post-4290","post","type-post","status-publish","format-standard","has-post-thumbnail","hentry","category-1pelletant"],"yoast_head":"<!-- This site is optimized with the Yoast SEO plugin v25.6 - https:\/\/yoast.com\/wordpress\/plugins\/seo\/ -->\n<title>Pr\u00e9parez d\u00e9j\u00e0 la rentr\u00e9e 2014-2015 ! - Fran\u00e7ois Pelletant<\/title>\n<meta name=\"description\" content=\"Rentr\u00e9e Scolaire 2015-2016 : le service scolaire de la mairie est \u00e0 votre disposition pour l&#039;inscription de votre enfant en maternelle.\" \/>\n<meta name=\"robots\" content=\"index, follow, max-snippet:-1, max-image-preview:large, max-video-preview:-1\" \/>\n<link rel=\"canonical\" href=\"https:\/\/francois-pelletant.fr\/blog\/preparez-deja-la-rentree-2014-2015\/\" \/>\n<meta property=\"og:locale\" content=\"fr_FR\" \/>\n<meta property=\"og:type\" content=\"article\" \/>\n<meta property=\"og:title\" content=\"Pr\u00e9parez d\u00e9j\u00e0 la rentr\u00e9e 2014-2015 ! - Fran\u00e7ois Pelletant\" \/>\n<meta property=\"og:description\" content=\"Rentr\u00e9e Scolaire 2015-2016 : le service scolaire de la mairie est \u00e0 votre disposition pour l&#039;inscription de votre enfant en maternelle.\" \/>\n<meta property=\"og:url\" content=\"https:\/\/francois-pelletant.fr\/blog\/preparez-deja-la-rentree-2014-2015\/\" \/>\n<meta property=\"og:site_name\" content=\"Fran\u00e7ois Pelletant\" \/>\n<meta property=\"article:publisher\" content=\"https:\/\/www.facebook.com\/francois.pelletant.7\" \/>\n<meta property=\"article:published_time\" content=\"2014-04-16T07:07:50+00:00\" \/>\n<meta property=\"article:modified_time\" content=\"2017-05-09T13:27:14+00:00\" \/>\n<meta property=\"og:image\" content=\"https:\/\/francois-pelletant.fr\/blog\/wp-content\/uploads\/2014\/04\/portail-famille.jpg\" \/>\n\t<meta property=\"og:image:width\" content=\"1676\" \/>\n\t<meta property=\"og:image:height\" content=\"1548\" \/>\n\t<meta property=\"og:image:type\" content=\"image\/jpeg\" \/>\n<meta name=\"author\" content=\"Francois\" \/>\n<meta name=\"twitter:card\" content=\"summary_large_image\" \/>\n<meta name=\"twitter:creator\" content=\"@pelletant\" \/>\n<meta name=\"twitter:site\" content=\"@pelletant\" \/>\n<meta name=\"twitter:label1\" content=\"\u00c9crit par\" \/>\n\t<meta name=\"twitter:data1\" content=\"Francois\" \/>\n\t<meta name=\"twitter:label2\" content=\"Dur\u00e9e de lecture estim\u00e9e\" \/>\n\t<meta name=\"twitter:data2\" content=\"1 minute\" \/>\n<script type=\"application\/ld+json\" class=\"yoast-schema-graph\">{\"@context\":\"https:\/\/schema.org\",\"@graph\":[{\"@type\":\"Article\",\"@id\":\"https:\/\/francois-pelletant.fr\/blog\/preparez-deja-la-rentree-2014-2015\/#article\",\"isPartOf\":{\"@id\":\"https:\/\/francois-pelletant.fr\/blog\/preparez-deja-la-rentree-2014-2015\/\"},\"author\":{\"name\":\"Francois\",\"@id\":\"https:\/\/francois-pelletant.fr\/blog\/#\/schema\/person\/2be41acb171dff8f31aaed1f40cee9f3\"},\"headline\":\"Pr\u00e9parez d\u00e9j\u00e0 la rentr\u00e9e 2014-2015 !\",\"datePublished\":\"2014-04-16T07:07:50+00:00\",\"dateModified\":\"2017-05-09T13:27:14+00:00\",\"mainEntityOfPage\":{\"@id\":\"https:\/\/francois-pelletant.fr\/blog\/preparez-deja-la-rentree-2014-2015\/\"},\"wordCount\":126,\"commentCount\":0,\"publisher\":{\"@id\":\"https:\/\/francois-pelletant.fr\/blog\/#organization\"},\"image\":{\"@id\":\"https:\/\/francois-pelletant.fr\/blog\/preparez-deja-la-rentree-2014-2015\/#primaryimage\"},\"thumbnailUrl\":\"https:\/\/francois-pelletant.fr\/blog\/wp-content\/uploads\/2014\/04\/portail-famille.jpg\",\"articleSection\":[\"Infos\"],\"inLanguage\":\"fr-FR\",\"potentialAction\":[{\"@type\":\"CommentAction\",\"name\":\"Comment\",\"target\":[\"https:\/\/francois-pelletant.fr\/blog\/preparez-deja-la-rentree-2014-2015\/#respond\"]}]},{\"@type\":\"WebPage\",\"@id\":\"https:\/\/francois-pelletant.fr\/blog\/preparez-deja-la-rentree-2014-2015\/\",\"url\":\"https:\/\/francois-pelletant.fr\/blog\/preparez-deja-la-rentree-2014-2015\/\",\"name\":\"Pr\u00e9parez d\u00e9j\u00e0 la rentr\u00e9e 2014-2015 ! - Fran\u00e7ois Pelletant\",\"isPartOf\":{\"@id\":\"https:\/\/francois-pelletant.fr\/blog\/#website\"},\"primaryImageOfPage\":{\"@id\":\"https:\/\/francois-pelletant.fr\/blog\/preparez-deja-la-rentree-2014-2015\/#primaryimage\"},\"image\":{\"@id\":\"https:\/\/francois-pelletant.fr\/blog\/preparez-deja-la-rentree-2014-2015\/#primaryimage\"},\"thumbnailUrl\":\"https:\/\/francois-pelletant.fr\/blog\/wp-content\/uploads\/2014\/04\/portail-famille.jpg\",\"datePublished\":\"2014-04-16T07:07:50+00:00\",\"dateModified\":\"2017-05-09T13:27:14+00:00\",\"description\":\"Rentr\u00e9e Scolaire 2015-2016 : le service scolaire de la mairie est \u00e0 votre disposition pour l'inscription de votre enfant en maternelle.\",\"breadcrumb\":{\"@id\":\"https:\/\/francois-pelletant.fr\/blog\/preparez-deja-la-rentree-2014-2015\/#breadcrumb\"},\"inLanguage\":\"fr-FR\",\"potentialAction\":[{\"@type\":\"ReadAction\",\"target\":[\"https:\/\/francois-pelletant.fr\/blog\/preparez-deja-la-rentree-2014-2015\/\"]}]},{\"@type\":\"ImageObject\",\"inLanguage\":\"fr-FR\",\"@id\":\"https:\/\/francois-pelletant.fr\/blog\/preparez-deja-la-rentree-2014-2015\/#primaryimage\",\"url\":\"https:\/\/francois-pelletant.fr\/blog\/wp-content\/uploads\/2014\/04\/portail-famille.jpg\",\"contentUrl\":\"https:\/\/francois-pelletant.fr\/blog\/wp-content\/uploads\/2014\/04\/portail-famille.jpg\",\"width\":1676,\"height\":1548},{\"@type\":\"BreadcrumbList\",\"@id\":\"https:\/\/francois-pelletant.fr\/blog\/preparez-deja-la-rentree-2014-2015\/#breadcrumb\",\"itemListElement\":[{\"@type\":\"ListItem\",\"position\":1,\"name\":\"Accueil\",\"item\":\"https:\/\/francois-pelletant.fr\/blog\/\"},{\"@type\":\"ListItem\",\"position\":2,\"name\":\"Pr\u00e9parez d\u00e9j\u00e0 la rentr\u00e9e 2014-2015 !\"}]},{\"@type\":\"WebSite\",\"@id\":\"https:\/\/francois-pelletant.fr\/blog\/#website\",\"url\":\"https:\/\/francois-pelletant.fr\/blog\/\",\"name\":\"Fran\u00e7ois Pelletant\",\"description\":\"Maire de Linas, pour toujours.\",\"publisher\":{\"@id\":\"https:\/\/francois-pelletant.fr\/blog\/#organization\"},\"potentialAction\":[{\"@type\":\"SearchAction\",\"target\":{\"@type\":\"EntryPoint\",\"urlTemplate\":\"https:\/\/francois-pelletant.fr\/blog\/?s={search_term_string}\"},\"query-input\":{\"@type\":\"PropertyValueSpecification\",\"valueRequired\":true,\"valueName\":\"search_term_string\"}}],\"inLanguage\":\"fr-FR\"},{\"@type\":\"Organization\",\"@id\":\"https:\/\/francois-pelletant.fr\/blog\/#organization\",\"name\":\"Fran\u00e7ois Pelletant\",\"url\":\"https:\/\/francois-pelletant.fr\/blog\/\",\"logo\":{\"@type\":\"ImageObject\",\"inLanguage\":\"fr-FR\",\"@id\":\"https:\/\/francois-pelletant.fr\/blog\/#\/schema\/logo\/image\/\",\"url\":\"https:\/\/francois-pelletant.fr\/blog\/wp-content\/uploads\/2024\/07\/icone-francois-centre-500p.png\",\"contentUrl\":\"https:\/\/francois-pelletant.fr\/blog\/wp-content\/uploads\/2024\/07\/icone-francois-centre-500p.png\",\"width\":559,\"height\":447,\"caption\":\"Fran\u00e7ois Pelletant\"},\"image\":{\"@id\":\"https:\/\/francois-pelletant.fr\/blog\/#\/schema\/logo\/image\/\"},\"sameAs\":[\"https:\/\/www.facebook.com\/francois.pelletant.7\",\"https:\/\/x.com\/pelletant\"]},{\"@type\":\"Person\",\"@id\":\"https:\/\/francois-pelletant.fr\/blog\/#\/schema\/person\/2be41acb171dff8f31aaed1f40cee9f3\",\"name\":\"Francois\"}]}<\/script>\n<!-- \/ Yoast SEO plugin. -->","yoast_head_json":{"title":"Pr\u00e9parez d\u00e9j\u00e0 la rentr\u00e9e 2014-2015 ! - Fran\u00e7ois Pelletant","description":"Rentr\u00e9e Scolaire 2015-2016 : le service scolaire de la mairie est \u00e0 votre disposition pour l'inscription de votre enfant en maternelle.","robots":{"index":"index","follow":"follow","max-snippet":"max-snippet:-1","max-image-preview":"max-image-preview:large","max-video-preview":"max-video-preview:-1"},"canonical":"https:\/\/francois-pelletant.fr\/blog\/preparez-deja-la-rentree-2014-2015\/","og_locale":"fr_FR","og_type":"article","og_title":"Pr\u00e9parez d\u00e9j\u00e0 la rentr\u00e9e 2014-2015 ! - Fran\u00e7ois Pelletant","og_description":"Rentr\u00e9e Scolaire 2015-2016 : le service scolaire de la mairie est \u00e0 votre disposition pour l'inscription de votre enfant en maternelle.","og_url":"https:\/\/francois-pelletant.fr\/blog\/preparez-deja-la-rentree-2014-2015\/","og_site_name":"Fran\u00e7ois Pelletant","article_publisher":"https:\/\/www.facebook.com\/francois.pelletant.7","article_published_time":"2014-04-16T07:07:50+00:00","article_modified_time":"2017-05-09T13:27:14+00:00","og_image":[{"width":1676,"height":1548,"url":"https:\/\/francois-pelletant.fr\/blog\/wp-content\/uploads\/2014\/04\/portail-famille.jpg","type":"image\/jpeg"}],"author":"Francois","twitter_card":"summary_large_image","twitter_creator":"@pelletant","twitter_site":"@pelletant","twitter_misc":{"\u00c9crit par":"Francois","Dur\u00e9e de lecture estim\u00e9e":"1 minute"},"schema":{"@context":"https:\/\/schema.org","@graph":[{"@type":"Article","@id":"https:\/\/francois-pelletant.fr\/blog\/preparez-deja-la-rentree-2014-2015\/#article","isPartOf":{"@id":"https:\/\/francois-pelletant.fr\/blog\/preparez-deja-la-rentree-2014-2015\/"},"author":{"name":"Francois","@id":"https:\/\/francois-pelletant.fr\/blog\/#\/schema\/person\/2be41acb171dff8f31aaed1f40cee9f3"},"headline":"Pr\u00e9parez d\u00e9j\u00e0 la rentr\u00e9e 2014-2015 !","datePublished":"2014-04-16T07:07:50+00:00","dateModified":"2017-05-09T13:27:14+00:00","mainEntityOfPage":{"@id":"https:\/\/francois-pelletant.fr\/blog\/preparez-deja-la-rentree-2014-2015\/"},"wordCount":126,"commentCount":0,"publisher":{"@id":"https:\/\/francois-pelletant.fr\/blog\/#organization"},"image":{"@id":"https:\/\/francois-pelletant.fr\/blog\/preparez-deja-la-rentree-2014-2015\/#primaryimage"},"thumbnailUrl":"https:\/\/francois-pelletant.fr\/blog\/wp-content\/uploads\/2014\/04\/portail-famille.jpg","articleSection":["Infos"],"inLanguage":"fr-FR","potentialAction":[{"@type":"CommentAction","name":"Comment","target":["https:\/\/francois-pelletant.fr\/blog\/preparez-deja-la-rentree-2014-2015\/#respond"]}]},{"@type":"WebPage","@id":"https:\/\/francois-pelletant.fr\/blog\/preparez-deja-la-rentree-2014-2015\/","url":"https:\/\/francois-pelletant.fr\/blog\/preparez-deja-la-rentree-2014-2015\/","name":"Pr\u00e9parez d\u00e9j\u00e0 la rentr\u00e9e 2014-2015 ! - Fran\u00e7ois Pelletant","isPartOf":{"@id":"https:\/\/francois-pelletant.fr\/blog\/#website"},"primaryImageOfPage":{"@id":"https:\/\/francois-pelletant.fr\/blog\/preparez-deja-la-rentree-2014-2015\/#primaryimage"},"image":{"@id":"https:\/\/francois-pelletant.fr\/blog\/preparez-deja-la-rentree-2014-2015\/#primaryimage"},"thumbnailUrl":"https:\/\/francois-pelletant.fr\/blog\/wp-content\/uploads\/2014\/04\/portail-famille.jpg","datePublished":"2014-04-16T07:07:50+00:00","dateModified":"2017-05-09T13:27:14+00:00","description":"Rentr\u00e9e Scolaire 2015-2016 : le service scolaire de la mairie est \u00e0 votre disposition pour l'inscription de votre enfant en maternelle.","breadcrumb":{"@id":"https:\/\/francois-pelletant.fr\/blog\/preparez-deja-la-rentree-2014-2015\/#breadcrumb"},"inLanguage":"fr-FR","potentialAction":[{"@type":"ReadAction","target":["https:\/\/francois-pelletant.fr\/blog\/preparez-deja-la-rentree-2014-2015\/"]}]},{"@type":"ImageObject","inLanguage":"fr-FR","@id":"https:\/\/francois-pelletant.fr\/blog\/preparez-deja-la-rentree-2014-2015\/#primaryimage","url":"https:\/\/francois-pelletant.fr\/blog\/wp-content\/uploads\/2014\/04\/portail-famille.jpg","contentUrl":"https:\/\/francois-pelletant.fr\/blog\/wp-content\/uploads\/2014\/04\/portail-famille.jpg","width":1676,"height":1548},{"@type":"BreadcrumbList","@id":"https:\/\/francois-pelletant.fr\/blog\/preparez-deja-la-rentree-2014-2015\/#breadcrumb","itemListElement":[{"@type":"ListItem","position":1,"name":"Accueil","item":"https:\/\/francois-pelletant.fr\/blog\/"},{"@type":"ListItem","position":2,"name":"Pr\u00e9parez d\u00e9j\u00e0 la rentr\u00e9e 2014-2015 !"}]},{"@type":"WebSite","@id":"https:\/\/francois-pelletant.fr\/blog\/#website","url":"https:\/\/francois-pelletant.fr\/blog\/","name":"Fran\u00e7ois Pelletant","description":"Maire de Linas, pour toujours.","publisher":{"@id":"https:\/\/francois-pelletant.fr\/blog\/#organization"},"potentialAction":[{"@type":"SearchAction","target":{"@type":"EntryPoint","urlTemplate":"https:\/\/francois-pelletant.fr\/blog\/?s={search_term_string}"},"query-input":{"@type":"PropertyValueSpecification","valueRequired":true,"valueName":"search_term_string"}}],"inLanguage":"fr-FR"},{"@type":"Organization","@id":"https:\/\/francois-pelletant.fr\/blog\/#organization","name":"Fran\u00e7ois Pelletant","url":"https:\/\/francois-pelletant.fr\/blog\/","logo":{"@type":"ImageObject","inLanguage":"fr-FR","@id":"https:\/\/francois-pelletant.fr\/blog\/#\/schema\/logo\/image\/","url":"https:\/\/francois-pelletant.fr\/blog\/wp-content\/uploads\/2024\/07\/icone-francois-centre-500p.png","contentUrl":"https:\/\/francois-pelletant.fr\/blog\/wp-content\/uploads\/2024\/07\/icone-francois-centre-500p.png","width":559,"height":447,"caption":"Fran\u00e7ois Pelletant"},"image":{"@id":"https:\/\/francois-pelletant.fr\/blog\/#\/schema\/logo\/image\/"},"sameAs":["https:\/\/www.facebook.com\/francois.pelletant.7","https:\/\/x.com\/pelletant"]},{"@type":"Person","@id":"https:\/\/francois-pelletant.fr\/blog\/#\/schema\/person\/2be41acb171dff8f31aaed1f40cee9f3","name":"Francois"}]}},"_links":{"self":[{"href":"https:\/\/francois-pelletant.fr\/blog\/wp-json\/wp\/v2\/posts\/4290","targetHints":{"allow":["GET"]}}],"collection":[{"href":"https:\/\/francois-pelletant.fr\/blog\/wp-json\/wp\/v2\/posts"}],"about":[{"href":"https:\/\/francois-pelletant.fr\/blog\/wp-json\/wp\/v2\/types\/post"}],"author":[{"embeddable":true,"href":"https:\/\/francois-pelletant.fr\/blog\/wp-json\/wp\/v2\/users\/1"}],"replies":[{"embeddable":true,"href":"https:\/\/francois-pelletant.fr\/blog\/wp-json\/wp\/v2\/comments?post=4290"}],"version-history":[{"count":0,"href":"https:\/\/francois-pelletant.fr\/blog\/wp-json\/wp\/v2\/posts\/4290\/revisions"}],"wp:featuredmedia":[{"embeddable":true,"href":"https:\/\/francois-pelletant.fr\/blog\/wp-json\/wp\/v2\/media\/4291"}],"wp:attachment":[{"href":"https:\/\/francois-pelletant.fr\/blog\/wp-json\/wp\/v2\/media?parent=4290"}],"wp:term":[{"taxonomy":"category","embeddable":true,"href":"https:\/\/francois-pelletant.fr\/blog\/wp-json\/wp\/v2\/categories?post=4290"},{"taxonomy":"post_tag","embeddable":true,"href":"https:\/\/francois-pelletant.fr\/blog\/wp-json\/wp\/v2\/tags?post=4290"}],"curies":[{"name":"wp","href":"https:\/\/api.w.org\/{rel}","templated":true}]}}